{"id":4226,"date":"2017-01-16T08:55:58","date_gmt":"2017-01-16T07:55:58","guid":{"rendered":"http:\/\/www.naturparkmagazin.de\/schwaebisch-fraenkischer-wald\/?p=4226"},"modified":"2017-01-23T15:25:44","modified_gmt":"2017-01-23T14:25:44","slug":"liebe-leserin-lieber-leser-39","status":"publish","type":"post","link":"https:\/\/www.naturparkmagazin.de\/schwaebisch-fraenkischer-wald\/liebe-leserin-lieber-leser-39\/","title":{"rendered":"Liebe Leserin, lieber Leser,"},"content":{"rendered":"<p><strong>herzlich willkommen zum Februar-Newsletter des Naturparks Schw\u00e4bisch-Fr\u00e4nkischer Wald!<\/strong><\/p>\n<p>Im Februar gibt es vieles, was einem Herz h\u00f6her schlagen lassen kann: die Tagesstunden werden deutlich mehr, sie erh\u00f6hen sich von rund 9 auf knapp 11 Stunden. Au\u00dferdem freuen sich alle Verliebten auf den Valentinstag am 14. und die FastnachterInnen sind insbesondere um den Rosenmontag (27.) herum ganz in ihrem Element.<\/p>\n<p>Im Naturpark ist der Februar mit vielen sch\u00f6nen und sehr unterschiedlichen Terminen bef\u00fcllt und gleich am 1. Februar beginnt traditionell die neue Aktionszeit f\u00fcr den Naturparkteller. In der diesj\u00e4hrigen Brosch\u00fcre dreht sich alles um die flei\u00dfigen HerstellerInnen des Honigs, die Bienen! An den Sonntagen k\u00f6nnen Sie mit den Naturparkf\u00fchrern Geschichten und Geschichte in unserer herrlichen Natur erleben. Zahlreiche neue Brosch\u00fcren sind im Naturparkzentrum in Murrhardt zu erhalten oder im Internet zu bestellen und herunterzuladen.\nAm besten schm\u00f6kern Sie ganz gem\u00fctlich in diesem Newsletter und folgen so mancher Verlinkung f\u00fcr weitere Informationen.<\/p>\n<p>Wir w\u00fcnschen Ihnen viel Freunde beim Entdecken und Erleben des Naturparks <em>online<\/em> und <em>offline<\/em>!\n<strong>Bernhard Drixler und Meika Bakker<\/strong>\n<strong>Gesch\u00e4ftsf\u00fchrung Naturpark Schw\u00e4bisch-Fr\u00e4nkischer Wald<\/strong><\/p>\n","protected":false},"excerpt":{"rendered":"<p>herzlich willkommen zum Februar-Newsletter des Naturparks Schw\u00e4bisch-Fr\u00e4nkischer Wald! Im Februar gibt es vieles, was einem Herz h\u00f6her schlagen lassen kann: die Tagesstunden werden deutlich mehr, sie erh\u00f6hen sich von rund 9 auf knapp 11 Stunden. Au\u00dferdem freuen sich alle Verliebten auf den Valentinstag am 14. und die FastnachterInnen sind insbesondere um den Rosenmontag (27.) herum<\/p>\n","protected":false},"author":25,"featured_media":0,"comment_status":"open","ping_status":"open","sticky":false,"template":"","format":"standard","meta":[],"categories":[52],"tags":[686],"yoast_head":"<!-- This site is optimized with the Yoast SEO plugin v19.10 - https:\/\/yoast.com\/wordpress\/plugins\/seo\/ -->\n<title>Liebe Leserin, lieber Leser, - Naturpark Schw\u00e4bisch-Fr\u00e4nkischer Wald<\/title>\n<meta name=\"robots\" content=\"index, follow, max-snippet:-1, max-image-preview:large, max-video-preview:-1\" \/>\n<link rel=\"canonical\" href=\"https:\/\/www.naturparkmagazin.de\/schwaebisch-fraenkischer-wald\/liebe-leserin-lieber-leser-39\/\" \/>\n<meta property=\"og:locale\" content=\"de_DE\" \/>\n<meta property=\"og:type\" content=\"article\" \/>\n<meta property=\"og:title\" content=\"Liebe Leserin, lieber Leser, - Naturpark Schw\u00e4bisch-Fr\u00e4nkischer Wald\" \/>\n<meta property=\"og:description\" content=\"herzlich willkommen zum Februar-Newsletter des Naturparks Schw\u00e4bisch-Fr\u00e4nkischer Wald! Im Februar gibt es vieles, was einem Herz h\u00f6her schlagen lassen kann: die Tagesstunden werden deutlich mehr, sie erh\u00f6hen sich von rund 9 auf knapp 11 Stunden. Au\u00dferdem freuen sich alle Verliebten auf den Valentinstag am 14. und die FastnachterInnen sind insbesondere um den Rosenmontag (27.) herum\" \/>\n<meta property=\"og:url\" content=\"https:\/\/www.naturparkmagazin.de\/schwaebisch-fraenkischer-wald\/liebe-leserin-lieber-leser-39\/\" \/>\n<meta property=\"og:site_name\" content=\"Naturpark Schw\u00e4bisch-Fr\u00e4nkischer Wald\" \/>\n<meta property=\"article:author\" content=\"https:\/\/www.facebook.com\/naturparkSFW\" \/>\n<meta property=\"article:published_time\" content=\"2017-01-16T07:55:58+00:00\" \/>\n<meta property=\"article:modified_time\" content=\"2017-01-23T14:25:44+00:00\" \/>\n<meta name=\"author\" content=\"Naturpark-Team\" \/>\n<meta name=\"twitter:label1\" content=\"Verfasst von\" \/>\n\t<meta name=\"twitter:data1\" content=\"Naturpark-Team\" \/>\n\t<meta name=\"twitter:label2\" content=\"Gesch\u00e4tzte Lesezeit\" \/>\n\t<meta name=\"twitter:data2\" content=\"1\u00a0Minute\" \/>\n<script type=\"application\/ld+json\" class=\"yoast-schema-graph\">{\"@context\":\"https:\/\/schema.org\",\"@graph\":[{\"@type\":\"WebPage\",\"@id\":\"https:\/\/www.naturparkmagazin.de\/schwaebisch-fraenkischer-wald\/liebe-leserin-lieber-leser-39\/\",\"url\":\"https:\/\/www.naturparkmagazin.de\/schwaebisch-fraenkischer-wald\/liebe-leserin-lieber-leser-39\/\",\"name\":\"Liebe Leserin, lieber Leser, - Naturpark Schw\u00e4bisch-Fr\u00e4nkischer Wald\",\"isPartOf\":{\"@id\":\"https:\/\/www.naturparkmagazin.de\/schwaebisch-fraenkischer-wald\/#website\"},\"datePublished\":\"2017-01-16T07:55:58+00:00\",\"dateModified\":\"2017-01-23T14:25:44+00:00\",\"author\":{\"@id\":\"https:\/\/www.naturparkmagazin.de\/schwaebisch-fraenkischer-wald\/#\/schema\/person\/f047a3702ae747fd7830cf8ac95e6066\"},\"breadcrumb\":{\"@id\":\"https:\/\/www.naturparkmagazin.de\/schwaebisch-fraenkischer-wald\/liebe-leserin-lieber-leser-39\/#breadcrumb\"},\"inLanguage\":\"de\",\"potentialAction\":[{\"@type\":\"ReadAction\",\"target\":[\"https:\/\/www.naturparkmagazin.de\/schwaebisch-fraenkischer-wald\/liebe-leserin-lieber-leser-39\/\"]}]},{\"@type\":\"BreadcrumbList\",\"@id\":\"https:\/\/www.naturparkmagazin.de\/schwaebisch-fraenkischer-wald\/liebe-leserin-lieber-leser-39\/#breadcrumb\",\"itemListElement\":[{\"@type\":\"ListItem\",\"position\":1,\"name\":\"Home\",\"item\":\"https:\/\/www.naturparkmagazin.de\/schwaebisch-fraenkischer-wald\/\"},{\"@type\":\"ListItem\",\"position\":2,\"name\":\"Liebe Leserin, lieber Leser,\"}]},{\"@type\":\"WebSite\",\"@id\":\"https:\/\/www.naturparkmagazin.de\/schwaebisch-fraenkischer-wald\/#website\",\"url\":\"https:\/\/www.naturparkmagazin.de\/schwaebisch-fraenkischer-wald\/\",\"name\":\"Naturpark Schw\u00e4bisch-Fr\u00e4nkischer Wald\",\"description\":\"\",\"potentialAction\":[{\"@type\":\"SearchAction\",\"target\":{\"@type\":\"EntryPoint\",\"urlTemplate\":\"https:\/\/www.naturparkmagazin.de\/schwaebisch-fraenkischer-wald\/?s={search_term_string}\"},\"query-input\":\"required name=search_term_string\"}],\"inLanguage\":\"de\"},{\"@type\":\"Person\",\"@id\":\"https:\/\/www.naturparkmagazin.de\/schwaebisch-fraenkischer-wald\/#\/schema\/person\/f047a3702ae747fd7830cf8ac95e6066\",\"name\":\"Naturpark-Team\",\"sameAs\":[\"http:\/\/www.naturpark-sfw.de\",\"https:\/\/www.facebook.com\/naturparkSFW\"],\"url\":\"https:\/\/www.naturparkmagazin.de\/schwaebisch-fraenkischer-wald\/author\/bernharddrixler\/\"}]}<\/script>\n<!-- \/ Yoast SEO plugin. -->","yoast_head_json":{"title":"Liebe Leserin, lieber Leser, - Naturpark Schw\u00e4bisch-Fr\u00e4nkischer Wald","robots":{"index":"index","follow":"follow","max-snippet":"max-snippet:-1","max-image-preview":"max-image-preview:large","max-video-preview":"max-video-preview:-1"},"canonical":"https:\/\/www.naturparkmagazin.de\/schwaebisch-fraenkischer-wald\/liebe-leserin-lieber-leser-39\/","og_locale":"de_DE","og_type":"article","og_title":"Liebe Leserin, lieber Leser, - Naturpark Schw\u00e4bisch-Fr\u00e4nkischer Wald","og_description":"herzlich willkommen zum Februar-Newsletter des Naturparks Schw\u00e4bisch-Fr\u00e4nkischer Wald! Im Februar gibt es vieles, was einem Herz h\u00f6her schlagen lassen kann: die Tagesstunden werden deutlich mehr, sie erh\u00f6hen sich von rund 9 auf knapp 11 Stunden. Au\u00dferdem freuen sich alle Verliebten auf den Valentinstag am 14. und die FastnachterInnen sind insbesondere um den Rosenmontag (27.) herum","og_url":"https:\/\/www.naturparkmagazin.de\/schwaebisch-fraenkischer-wald\/liebe-leserin-lieber-leser-39\/","og_site_name":"Naturpark Schw\u00e4bisch-Fr\u00e4nkischer Wald","article_author":"https:\/\/www.facebook.com\/naturparkSFW","article_published_time":"2017-01-16T07:55:58+00:00","article_modified_time":"2017-01-23T14:25:44+00:00","author":"Naturpark-Team","twitter_misc":{"Verfasst von":"Naturpark-Team","Gesch\u00e4tzte Lesezeit":"1\u00a0Minute"},"schema":{"@context":"https:\/\/schema.org","@graph":[{"@type":"WebPage","@id":"https:\/\/www.naturparkmagazin.de\/schwaebisch-fraenkischer-wald\/liebe-leserin-lieber-leser-39\/","url":"https:\/\/www.naturparkmagazin.de\/schwaebisch-fraenkischer-wald\/liebe-leserin-lieber-leser-39\/","name":"Liebe Leserin, lieber Leser, - Naturpark Schw\u00e4bisch-Fr\u00e4nkischer Wald","isPartOf":{"@id":"https:\/\/www.naturparkmagazin.de\/schwaebisch-fraenkischer-wald\/#website"},"datePublished":"2017-01-16T07:55:58+00:00","dateModified":"2017-01-23T14:25:44+00:00","author":{"@id":"https:\/\/www.naturparkmagazin.de\/schwaebisch-fraenkischer-wald\/#\/schema\/person\/f047a3702ae747fd7830cf8ac95e6066"},"breadcrumb":{"@id":"https:\/\/www.naturparkmagazin.de\/schwaebisch-fraenkischer-wald\/liebe-leserin-lieber-leser-39\/#breadcrumb"},"inLanguage":"de","potentialAction":[{"@type":"ReadAction","target":["https:\/\/www.naturparkmagazin.de\/schwaebisch-fraenkischer-wald\/liebe-leserin-lieber-leser-39\/"]}]},{"@type":"BreadcrumbList","@id":"https:\/\/www.naturparkmagazin.de\/schwaebisch-fraenkischer-wald\/liebe-leserin-lieber-leser-39\/#breadcrumb","itemListElement":[{"@type":"ListItem","position":1,"name":"Home","item":"https:\/\/www.naturparkmagazin.de\/schwaebisch-fraenkischer-wald\/"},{"@type":"ListItem","position":2,"name":"Liebe Leserin, lieber Leser,"}]},{"@type":"WebSite","@id":"https:\/\/www.naturparkmagazin.de\/schwaebisch-fraenkischer-wald\/#website","url":"https:\/\/www.naturparkmagazin.de\/schwaebisch-fraenkischer-wald\/","name":"Naturpark Schw\u00e4bisch-Fr\u00e4nkischer Wald","description":"","potentialAction":[{"@type":"SearchAction","target":{"@type":"EntryPoint","urlTemplate":"https:\/\/www.naturparkmagazin.de\/schwaebisch-fraenkischer-wald\/?s={search_term_string}"},"query-input":"required name=search_term_string"}],"inLanguage":"de"},{"@type":"Person","@id":"https:\/\/www.naturparkmagazin.de\/schwaebisch-fraenkischer-wald\/#\/schema\/person\/f047a3702ae747fd7830cf8ac95e6066","name":"Naturpark-Team","sameAs":["http:\/\/www.naturpark-sfw.de","https:\/\/www.facebook.com\/naturparkSFW"],"url":"https:\/\/www.naturparkmagazin.de\/schwaebisch-fraenkischer-wald\/author\/bernharddrixler\/"}]}},"_links":{"self":[{"href":"https:\/\/www.naturparkmagazin.de\/schwaebisch-fraenkischer-wald\/wp-json\/wp\/v2\/posts\/4226"}],"collection":[{"href":"https:\/\/www.naturparkmagazin.de\/schwaebisch-fraenkischer-wald\/wp-json\/wp\/v2\/posts"}],"about":[{"href":"https:\/\/www.naturparkmagazin.de\/schwaebisch-fraenkischer-wald\/wp-json\/wp\/v2\/types\/post"}],"author":[{"embeddable":true,"href":"https:\/\/www.naturparkmagazin.de\/schwaebisch-fraenkischer-wald\/wp-json\/wp\/v2\/users\/25"}],"replies":[{"embeddable":true,"href":"https:\/\/www.naturparkmagazin.de\/schwaebisch-fraenkischer-wald\/wp-json\/wp\/v2\/comments?post=4226"}],"version-history":[{"count":3,"href":"https:\/\/www.naturparkmagazin.de\/schwaebisch-fraenkischer-wald\/wp-json\/wp\/v2\/posts\/4226\/revisions"}],"predecessor-version":[{"id":4275,"href":"https:\/\/www.naturparkmagazin.de\/schwaebisch-fraenkischer-wald\/wp-json\/wp\/v2\/posts\/4226\/revisions\/4275"}],"wp:attachment":[{"href":"https:\/\/www.naturparkmagazin.de\/schwaebisch-fraenkischer-wald\/wp-json\/wp\/v2\/media?parent=4226"}],"wp:term":[{"taxonomy":"category","embeddable":true,"href":"https:\/\/www.naturparkmagazin.de\/schwaebisch-fraenkischer-wald\/wp-json\/wp\/v2\/categories?post=4226"},{"taxonomy":"post_tag","embeddable":true,"href":"https:\/\/www.naturparkmagazin.de\/schwaebisch-fraenkischer-wald\/wp-json\/wp\/v2\/tags?post=4226"}],"curies":[{"name":"wp","href":"https:\/\/api.w.org\/{rel}","templated":true}]}}