{"id":4233,"date":"2017-01-16T09:34:12","date_gmt":"2017-01-16T08:34:12","guid":{"rendered":"http:\/\/www.naturparkmagazin.de\/schwaebisch-fraenkischer-wald\/?p=4233"},"modified":"2017-01-25T09:53:42","modified_gmt":"2017-01-25T08:53:42","slug":"verstaerkung-auf-der-naturparkgeschaeftsstelle-2","status":"publish","type":"post","link":"https:\/\/www.naturparkmagazin.de\/schwaebisch-fraenkischer-wald\/verstaerkung-auf-der-naturparkgeschaeftsstelle-2\/","title":{"rendered":"Fachkundige Verst\u00e4rkung der Naturparkgesch\u00e4ftsstelle"},"content":{"rendered":"<p>Wir freuen uns sehr, Ihnen unsere neue Mitarbeiterin vorstellen zu d\u00fcrfen:<\/p>\n<div id=\"attachment_4267\" style=\"width: 210px\" class=\"wp-caption alignright\"><a href=\"https:\/\/www.naturparkmagazin.de\/schwaebisch-fraenkischer-wald\/wp-content\/uploads\/sites\/34\/Lisa-Marie_Funke_cmt.jpg\"><img aria-describedby=\"caption-attachment-4267\" decoding=\"async\" loading=\"lazy\" class=\"size-full wp-image-4267\" src=\"https:\/\/www.naturparkmagazin.de\/schwaebisch-fraenkischer-wald\/wp-content\/uploads\/sites\/34\/Lisa-Marie_Funke_cmt.jpg\" alt=\"Lisa-Marie Funke, Projektmanagerin Regionalentwicklung (li.) mit Meika Bakker am Stand der Gro\u00dfschutzgebiete,  CMT 2017\" width=\"200\" height=\"200\" srcset=\"https:\/\/www.naturparkmagazin.de\/schwaebisch-fraenkischer-wald\/wp-content\/uploads\/sites\/34\/Lisa-Marie_Funke_cmt.jpg 200w, https:\/\/www.naturparkmagazin.de\/schwaebisch-fraenkischer-wald\/wp-content\/uploads\/sites\/34\/Lisa-Marie_Funke_cmt-30x30.jpg 30w\" sizes=\"(max-width: 200px) 100vw, 200px\" \/><\/a><p id=\"caption-attachment-4267\" class=\"wp-caption-text\">Lisa-Marie Funke, Projektmanagerin Regionalentwicklung (li.) mit Meika Bakker, stellv. Gesch\u00e4ftsf\u00fchrerin, bei der diesj\u00e4hrigen CMT in Stuttgart<\/p><\/div>\n<p>Lisa-Marie Funke verst\u00e4rkt seit Anfang 2017 das Team der Naturparkgesch\u00e4ftsstelle und ist dort als Projektmanagerin f\u00fcr die Regionalentwicklung zust\u00e4ndig.<\/p>\n<p>Frau Funke stammt aus Rudersberg und studierte in T\u00fcbingen Geographie. Da ihr die Heimat am Herzen liegt und sie gerne mitgestaltet, freut sie sich auf die Arbeit im Naturpark und die Zusammenarbeit mit den Naturpark-Akteuren. Mit ihren Schwerpunkten Direktvermarktung und dem Bienenjahr im Naturpark 2017, wird sie sowohl die im Naturpark lebenden Menschen als auch die Naturparkbesucher unterst\u00fctzen und informieren.<\/p>\n<p>Frau Funke ist unter den folgenden Kontaktdaten zu erreichen:<\/p>\n<p>Lisa-Marie Funke, Projektmanagerin Regionalentwicklung<\/p>\n<p>Marktplatz 8, 71540 Murrhardt<\/p>\n<p><a href=\"mailto:sandra.neubauer@naturpark-sfw.de\">lisa-marie.funke@naturpark-sfw.de<\/a><\/p>\n<p>Telefon: 07192-213-886<\/p>\n<p>Wir freuen uns auf die Zusammenarbeit und w\u00fcnschen Frau Funke einen guten Start bei uns im Naturpark!<\/p>\n","protected":false},"excerpt":{"rendered":"<p>Neue Mitarbeiterin Lisa-Marie Funke zust\u00e4ndig f\u00fcr Regionalentwicklung<\/p>\n","protected":false},"author":25,"featured_media":4267,"comment_status":"open","ping_status":"open","sticky":false,"template":"","format":"standard","meta":[],"categories":[8],"tags":[686],"yoast_head":"<!-- This site is optimized with the Yoast SEO plugin v19.10 - https:\/\/yoast.com\/wordpress\/plugins\/seo\/ -->\n<title>Fachkundige Verst\u00e4rkung der Naturparkgesch\u00e4ftsstelle - Naturpark Schw\u00e4bisch-Fr\u00e4nkischer Wald<\/title>\n<meta name=\"robots\" content=\"index, follow, max-snippet:-1, max-image-preview:large, max-video-preview:-1\" \/>\n<link rel=\"canonical\" href=\"https:\/\/www.naturparkmagazin.de\/schwaebisch-fraenkischer-wald\/verstaerkung-auf-der-naturparkgeschaeftsstelle-2\/\" \/>\n<meta property=\"og:locale\" content=\"de_DE\" \/>\n<meta property=\"og:type\" content=\"article\" \/>\n<meta property=\"og:title\" content=\"Fachkundige Verst\u00e4rkung der Naturparkgesch\u00e4ftsstelle - Naturpark Schw\u00e4bisch-Fr\u00e4nkischer Wald\" \/>\n<meta property=\"og:description\" content=\"Neue Mitarbeiterin Lisa-Marie Funke zust\u00e4ndig f\u00fcr Regionalentwicklung\" \/>\n<meta property=\"og:url\" content=\"https:\/\/www.naturparkmagazin.de\/schwaebisch-fraenkischer-wald\/verstaerkung-auf-der-naturparkgeschaeftsstelle-2\/\" \/>\n<meta property=\"og:site_name\" content=\"Naturpark Schw\u00e4bisch-Fr\u00e4nkischer Wald\" \/>\n<meta property=\"article:author\" content=\"https:\/\/www.facebook.com\/naturparkSFW\" \/>\n<meta property=\"article:published_time\" content=\"2017-01-16T08:34:12+00:00\" \/>\n<meta property=\"article:modified_time\" content=\"2017-01-25T08:53:42+00:00\" \/>\n<meta property=\"og:image\" content=\"https:\/\/www.naturparkmagazin.de\/schwaebisch-fraenkischer-wald\/wp-content\/uploads\/sites\/34\/Lisa-Marie_Funke_cmt.jpg\" \/>\n\t<meta property=\"og:image:width\" content=\"200\" \/>\n\t<meta property=\"og:image:height\" content=\"200\" \/>\n\t<meta property=\"og:image:type\" content=\"image\/jpeg\" \/>\n<meta name=\"author\" content=\"Naturpark-Team\" \/>\n<meta name=\"twitter:label1\" content=\"Verfasst von\" \/>\n\t<meta name=\"twitter:data1\" content=\"Naturpark-Team\" \/>\n\t<meta name=\"twitter:label2\" content=\"Gesch\u00e4tzte Lesezeit\" \/>\n\t<meta name=\"twitter:data2\" content=\"1\u00a0Minute\" \/>\n<script type=\"application\/ld+json\" class=\"yoast-schema-graph\">{\"@context\":\"https:\/\/schema.org\",\"@graph\":[{\"@type\":\"WebPage\",\"@id\":\"https:\/\/www.naturparkmagazin.de\/schwaebisch-fraenkischer-wald\/verstaerkung-auf-der-naturparkgeschaeftsstelle-2\/\",\"url\":\"https:\/\/www.naturparkmagazin.de\/schwaebisch-fraenkischer-wald\/verstaerkung-auf-der-naturparkgeschaeftsstelle-2\/\",\"name\":\"Fachkundige Verst\u00e4rkung der Naturparkgesch\u00e4ftsstelle - Naturpark Schw\u00e4bisch-Fr\u00e4nkischer Wald\",\"isPartOf\":{\"@id\":\"https:\/\/www.naturparkmagazin.de\/schwaebisch-fraenkischer-wald\/#website\"},\"datePublished\":\"2017-01-16T08:34:12+00:00\",\"dateModified\":\"2017-01-25T08:53:42+00:00\",\"author\":{\"@id\":\"https:\/\/www.naturparkmagazin.de\/schwaebisch-fraenkischer-wald\/#\/schema\/person\/f047a3702ae747fd7830cf8ac95e6066\"},\"breadcrumb\":{\"@id\":\"https:\/\/www.naturparkmagazin.de\/schwaebisch-fraenkischer-wald\/verstaerkung-auf-der-naturparkgeschaeftsstelle-2\/#breadcrumb\"},\"inLanguage\":\"de\",\"potentialAction\":[{\"@type\":\"ReadAction\",\"target\":[\"https:\/\/www.naturparkmagazin.de\/schwaebisch-fraenkischer-wald\/verstaerkung-auf-der-naturparkgeschaeftsstelle-2\/\"]}]},{\"@type\":\"BreadcrumbList\",\"@id\":\"https:\/\/www.naturparkmagazin.de\/schwaebisch-fraenkischer-wald\/verstaerkung-auf-der-naturparkgeschaeftsstelle-2\/#breadcrumb\",\"itemListElement\":[{\"@type\":\"ListItem\",\"position\":1,\"name\":\"Home\",\"item\":\"https:\/\/www.naturparkmagazin.de\/schwaebisch-fraenkischer-wald\/\"},{\"@type\":\"ListItem\",\"position\":2,\"name\":\"Fachkundige Verst\u00e4rkung der Naturparkgesch\u00e4ftsstelle\"}]},{\"@type\":\"WebSite\",\"@id\":\"https:\/\/www.naturparkmagazin.de\/schwaebisch-fraenkischer-wald\/#website\",\"url\":\"https:\/\/www.naturparkmagazin.de\/schwaebisch-fraenkischer-wald\/\",\"name\":\"Naturpark Schw\u00e4bisch-Fr\u00e4nkischer Wald\",\"description\":\"\",\"potentialAction\":[{\"@type\":\"SearchAction\",\"target\":{\"@type\":\"EntryPoint\",\"urlTemplate\":\"https:\/\/www.naturparkmagazin.de\/schwaebisch-fraenkischer-wald\/?s={search_term_string}\"},\"query-input\":\"required name=search_term_string\"}],\"inLanguage\":\"de\"},{\"@type\":\"Person\",\"@id\":\"https:\/\/www.naturparkmagazin.de\/schwaebisch-fraenkischer-wald\/#\/schema\/person\/f047a3702ae747fd7830cf8ac95e6066\",\"name\":\"Naturpark-Team\",\"sameAs\":[\"http:\/\/www.naturpark-sfw.de\",\"https:\/\/www.facebook.com\/naturparkSFW\"],\"url\":\"https:\/\/www.naturparkmagazin.de\/schwaebisch-fraenkischer-wald\/author\/bernharddrixler\/\"}]}<\/script>\n<!-- \/ Yoast SEO plugin. -->","yoast_head_json":{"title":"Fachkundige Verst\u00e4rkung der Naturparkgesch\u00e4ftsstelle - Naturpark Schw\u00e4bisch-Fr\u00e4nkischer Wald","robots":{"index":"index","follow":"follow","max-snippet":"max-snippet:-1","max-image-preview":"max-image-preview:large","max-video-preview":"max-video-preview:-1"},"canonical":"https:\/\/www.naturparkmagazin.de\/schwaebisch-fraenkischer-wald\/verstaerkung-auf-der-naturparkgeschaeftsstelle-2\/","og_locale":"de_DE","og_type":"article","og_title":"Fachkundige Verst\u00e4rkung der Naturparkgesch\u00e4ftsstelle - Naturpark Schw\u00e4bisch-Fr\u00e4nkischer Wald","og_description":"Neue Mitarbeiterin Lisa-Marie Funke zust\u00e4ndig f\u00fcr Regionalentwicklung","og_url":"https:\/\/www.naturparkmagazin.de\/schwaebisch-fraenkischer-wald\/verstaerkung-auf-der-naturparkgeschaeftsstelle-2\/","og_site_name":"Naturpark Schw\u00e4bisch-Fr\u00e4nkischer Wald","article_author":"https:\/\/www.facebook.com\/naturparkSFW","article_published_time":"2017-01-16T08:34:12+00:00","article_modified_time":"2017-01-25T08:53:42+00:00","og_image":[{"width":200,"height":200,"url":"https:\/\/www.naturparkmagazin.de\/schwaebisch-fraenkischer-wald\/wp-content\/uploads\/sites\/34\/Lisa-Marie_Funke_cmt.jpg","type":"image\/jpeg"}],"author":"Naturpark-Team","twitter_misc":{"Verfasst von":"Naturpark-Team","Gesch\u00e4tzte Lesezeit":"1\u00a0Minute"},"schema":{"@context":"https:\/\/schema.org","@graph":[{"@type":"WebPage","@id":"https:\/\/www.naturparkmagazin.de\/schwaebisch-fraenkischer-wald\/verstaerkung-auf-der-naturparkgeschaeftsstelle-2\/","url":"https:\/\/www.naturparkmagazin.de\/schwaebisch-fraenkischer-wald\/verstaerkung-auf-der-naturparkgeschaeftsstelle-2\/","name":"Fachkundige Verst\u00e4rkung der Naturparkgesch\u00e4ftsstelle - Naturpark Schw\u00e4bisch-Fr\u00e4nkischer Wald","isPartOf":{"@id":"https:\/\/www.naturparkmagazin.de\/schwaebisch-fraenkischer-wald\/#website"},"datePublished":"2017-01-16T08:34:12+00:00","dateModified":"2017-01-25T08:53:42+00:00","author":{"@id":"https:\/\/www.naturparkmagazin.de\/schwaebisch-fraenkischer-wald\/#\/schema\/person\/f047a3702ae747fd7830cf8ac95e6066"},"breadcrumb":{"@id":"https:\/\/www.naturparkmagazin.de\/schwaebisch-fraenkischer-wald\/verstaerkung-auf-der-naturparkgeschaeftsstelle-2\/#breadcrumb"},"inLanguage":"de","potentialAction":[{"@type":"ReadAction","target":["https:\/\/www.naturparkmagazin.de\/schwaebisch-fraenkischer-wald\/verstaerkung-auf-der-naturparkgeschaeftsstelle-2\/"]}]},{"@type":"BreadcrumbList","@id":"https:\/\/www.naturparkmagazin.de\/schwaebisch-fraenkischer-wald\/verstaerkung-auf-der-naturparkgeschaeftsstelle-2\/#breadcrumb","itemListElement":[{"@type":"ListItem","position":1,"name":"Home","item":"https:\/\/www.naturparkmagazin.de\/schwaebisch-fraenkischer-wald\/"},{"@type":"ListItem","position":2,"name":"Fachkundige Verst\u00e4rkung der Naturparkgesch\u00e4ftsstelle"}]},{"@type":"WebSite","@id":"https:\/\/www.naturparkmagazin.de\/schwaebisch-fraenkischer-wald\/#website","url":"https:\/\/www.naturparkmagazin.de\/schwaebisch-fraenkischer-wald\/","name":"Naturpark Schw\u00e4bisch-Fr\u00e4nkischer Wald","description":"","potentialAction":[{"@type":"SearchAction","target":{"@type":"EntryPoint","urlTemplate":"https:\/\/www.naturparkmagazin.de\/schwaebisch-fraenkischer-wald\/?s={search_term_string}"},"query-input":"required name=search_term_string"}],"inLanguage":"de"},{"@type":"Person","@id":"https:\/\/www.naturparkmagazin.de\/schwaebisch-fraenkischer-wald\/#\/schema\/person\/f047a3702ae747fd7830cf8ac95e6066","name":"Naturpark-Team","sameAs":["http:\/\/www.naturpark-sfw.de","https:\/\/www.facebook.com\/naturparkSFW"],"url":"https:\/\/www.naturparkmagazin.de\/schwaebisch-fraenkischer-wald\/author\/bernharddrixler\/"}]}},"_links":{"self":[{"href":"https:\/\/www.naturparkmagazin.de\/schwaebisch-fraenkischer-wald\/wp-json\/wp\/v2\/posts\/4233"}],"collection":[{"href":"https:\/\/www.naturparkmagazin.de\/schwaebisch-fraenkischer-wald\/wp-json\/wp\/v2\/posts"}],"about":[{"href":"https:\/\/www.naturparkmagazin.de\/schwaebisch-fraenkischer-wald\/wp-json\/wp\/v2\/types\/post"}],"author":[{"embeddable":true,"href":"https:\/\/www.naturparkmagazin.de\/schwaebisch-fraenkischer-wald\/wp-json\/wp\/v2\/users\/25"}],"replies":[{"embeddable":true,"href":"https:\/\/www.naturparkmagazin.de\/schwaebisch-fraenkischer-wald\/wp-json\/wp\/v2\/comments?post=4233"}],"version-history":[{"count":5,"href":"https:\/\/www.naturparkmagazin.de\/schwaebisch-fraenkischer-wald\/wp-json\/wp\/v2\/posts\/4233\/revisions"}],"predecessor-version":[{"id":4284,"href":"https:\/\/www.naturparkmagazin.de\/schwaebisch-fraenkischer-wald\/wp-json\/wp\/v2\/posts\/4233\/revisions\/4284"}],"wp:featuredmedia":[{"embeddable":true,"href":"https:\/\/www.naturparkmagazin.de\/schwaebisch-fraenkischer-wald\/wp-json\/wp\/v2\/media\/4267"}],"wp:attachment":[{"href":"https:\/\/www.naturparkmagazin.de\/schwaebisch-fraenkischer-wald\/wp-json\/wp\/v2\/media?parent=4233"}],"wp:term":[{"taxonomy":"category","embeddable":true,"href":"https:\/\/www.naturparkmagazin.de\/schwaebisch-fraenkischer-wald\/wp-json\/wp\/v2\/categories?post=4233"},{"taxonomy":"post_tag","embeddable":true,"href":"https:\/\/www.naturparkmagazin.de\/schwaebisch-fraenkischer-wald\/wp-json\/wp\/v2\/tags?post=4233"}],"curies":[{"name":"wp","href":"https:\/\/api.w.org\/{rel}","templated":true}]}}