{"id":4235,"date":"2017-01-16T09:35:23","date_gmt":"2017-01-16T08:35:23","guid":{"rendered":"http:\/\/www.naturparkmagazin.de\/schwaebisch-fraenkischer-wald\/?p=4235"},"modified":"2017-01-19T09:47:14","modified_gmt":"2017-01-19T08:47:14","slug":"schwaebische-waldbahn-stellt-die-weichen-fuer-die-neue-saison","status":"publish","type":"post","link":"https:\/\/www.naturparkmagazin.de\/schwaebisch-fraenkischer-wald\/schwaebische-waldbahn-stellt-die-weichen-fuer-die-neue-saison\/","title":{"rendered":"Schw\u00e4bische Waldbahn stellt die Weichen f\u00fcr die neue Saison"},"content":{"rendered":"<p>Der neue Fahrplan mit allen Fahrtagen ist ab sofort bei allen bekannten Vorverkaufsstellen sowie online unter <a href=\"http:\/\/www.schwaebische-waldbahn.de\" target=\"_blank\">www.schwaebische-waldbahn.de<\/a> erh\u00e4ltlich.<\/p>\n<div id=\"attachment_4236\" style=\"width: 210px\" class=\"wp-caption alignright\"><a href=\"https:\/\/www.naturparkmagazin.de\/schwaebisch-fraenkischer-wald\/wp-content\/uploads\/sites\/34\/SWbahn.jpg\"><img aria-describedby=\"caption-attachment-4236\" decoding=\"async\" loading=\"lazy\" class=\"size-full wp-image-4236\" src=\"https:\/\/www.naturparkmagazin.de\/schwaebisch-fraenkischer-wald\/wp-content\/uploads\/sites\/34\/SWbahn.jpg\" alt=\"Die Schw\u00e4bische Waldbahn\" width=\"200\" height=\"200\" srcset=\"https:\/\/www.naturparkmagazin.de\/schwaebisch-fraenkischer-wald\/wp-content\/uploads\/sites\/34\/SWbahn.jpg 200w, https:\/\/www.naturparkmagazin.de\/schwaebisch-fraenkischer-wald\/wp-content\/uploads\/sites\/34\/SWbahn-30x30.jpg 30w\" sizes=\"(max-width: 200px) 100vw, 200px\" \/><\/a><p id=\"caption-attachment-4236\" class=\"wp-caption-text\">Die Schw\u00e4bische Waldbahn<\/p><\/div>\n<p>Insgesamt wird es auf der Waldbahn in diesem Jahr 19 Dampf- und 15 Dieselfahrtage geben. Die Fahrradmitnahme ist kostenlos. Saisonstart ist am 30. April und den Abschluss der Fahrtage bilden die ersten beiden Adventssonntage. Die Sanierung des Laufenm\u00fchleviadukts l\u00e4sst sich dabei hautnah verfolgen.<\/p>\n<p>Mit dem Online-Buchungssystem l\u00e4sst sich ein j\u00e4hrliches Fahrgastaufkommen von bis zu 25.000 Personen bew\u00e4ltigen. Mit der Gutscheinfunktion des Online-Buchungssystems kann der Gast beispielsweise bequem von zu Hause aus ein erlebnisreiches Geschenk ausdrucken. Zudem kann bequem und sicher online \u00fcber PayPal bezahlt werden.<\/p>\n<p>Erstmals wird es in der neuen Saison einen sogenannten \u201eWhiskytrain\u201c der Waldbahn geben. Naturparkf\u00fchrer Walter Hieber wird bei dieser au\u00dfergew\u00f6hnlichen Erlebnisfahrt durch die schw\u00e4bischen Highlands am 3. Oktober neben der Verkostung von hochwertigen schottischen Single Malt Whiskys auch weitere Highlights im Programm haben. Ebenfalls findet die altbew\u00e4hrte Weinreise im Dampfzug der Remstalkellerei am 16. Juli statt.<\/p>\n<p>Neben dem Fahrplan der Waldbahn informiert die aktualisierte Brosch\u00fcre \u201eSteil Bergauf\u201c \u00fcber das umfangreiche Freizeitprogramm entlang der Waldbahn-Strecke. F\u00fcr Wanderfreunde gibt es seit Herbst letzten Jahres eine neue Wanderkarte mit dem Titel \u201eWanderlust in Welzheim, Alfdorf und Kaisersbach\u201c. Diese und zahlreiche weitere Brosch\u00fcren \u00fcber das umfangreiche Rad- und Wandernetz sowie die touristischen Attraktionen machen Lust auf eine Entdeckungstour in Welzheim und im Welzheimer Wald. F\u00fchrungen und Wanderungen mit den Limes-Cicerones, Naturparkf\u00fchrern oder auch den Welzheimer Stadtf\u00fchrern erg\u00e4nzen die umfangreiche Angebotspalette, die einen Aufenthalt im Schw\u00e4bischen Wald zum Erlebnis werden lassen.<\/p>\n","protected":false},"excerpt":{"rendered":"<p>Die Schw\u00e4bische Waldbahn macht sich f\u00fcr die kommende Fahrsaison bereit<\/p>\n","protected":false},"author":25,"featured_media":4236,"comment_status":"open","ping_status":"open","sticky":false,"template":"","format":"standard","meta":[],"categories":[7],"tags":[686],"yoast_head":"<!-- This site is optimized with the Yoast SEO plugin v19.10 - https:\/\/yoast.com\/wordpress\/plugins\/seo\/ -->\n<title>Schw\u00e4bische Waldbahn stellt die Weichen f\u00fcr die neue Saison - Naturpark Schw\u00e4bisch-Fr\u00e4nkischer Wald<\/title>\n<meta name=\"robots\" content=\"index, follow, max-snippet:-1, max-image-preview:large, max-video-preview:-1\" \/>\n<link rel=\"canonical\" href=\"https:\/\/www.naturparkmagazin.de\/schwaebisch-fraenkischer-wald\/schwaebische-waldbahn-stellt-die-weichen-fuer-die-neue-saison\/\" \/>\n<meta property=\"og:locale\" content=\"de_DE\" \/>\n<meta property=\"og:type\" content=\"article\" \/>\n<meta property=\"og:title\" content=\"Schw\u00e4bische Waldbahn stellt die Weichen f\u00fcr die neue Saison - Naturpark Schw\u00e4bisch-Fr\u00e4nkischer Wald\" \/>\n<meta property=\"og:description\" content=\"Die Schw\u00e4bische Waldbahn macht sich f\u00fcr die kommende Fahrsaison bereit\" \/>\n<meta property=\"og:url\" content=\"https:\/\/www.naturparkmagazin.de\/schwaebisch-fraenkischer-wald\/schwaebische-waldbahn-stellt-die-weichen-fuer-die-neue-saison\/\" \/>\n<meta property=\"og:site_name\" content=\"Naturpark Schw\u00e4bisch-Fr\u00e4nkischer Wald\" \/>\n<meta property=\"article:author\" content=\"https:\/\/www.facebook.com\/naturparkSFW\" \/>\n<meta property=\"article:published_time\" content=\"2017-01-16T08:35:23+00:00\" \/>\n<meta property=\"article:modified_time\" content=\"2017-01-19T08:47:14+00:00\" \/>\n<meta property=\"og:image\" content=\"https:\/\/www.naturparkmagazin.de\/schwaebisch-fraenkischer-wald\/wp-content\/uploads\/sites\/34\/SWbahn.jpg\" \/>\n\t<meta property=\"og:image:width\" content=\"200\" \/>\n\t<meta property=\"og:image:height\" content=\"200\" \/>\n\t<meta property=\"og:image:type\" content=\"image\/jpeg\" \/>\n<meta name=\"author\" content=\"Naturpark-Team\" \/>\n<meta name=\"twitter:label1\" content=\"Verfasst von\" \/>\n\t<meta name=\"twitter:data1\" content=\"Naturpark-Team\" \/>\n\t<meta name=\"twitter:label2\" content=\"Gesch\u00e4tzte Lesezeit\" \/>\n\t<meta name=\"twitter:data2\" content=\"1\u00a0Minute\" \/>\n<script type=\"application\/ld+json\" class=\"yoast-schema-graph\">{\"@context\":\"https:\/\/schema.org\",\"@graph\":[{\"@type\":\"WebPage\",\"@id\":\"https:\/\/www.naturparkmagazin.de\/schwaebisch-fraenkischer-wald\/schwaebische-waldbahn-stellt-die-weichen-fuer-die-neue-saison\/\",\"url\":\"https:\/\/www.naturparkmagazin.de\/schwaebisch-fraenkischer-wald\/schwaebische-waldbahn-stellt-die-weichen-fuer-die-neue-saison\/\",\"name\":\"Schw\u00e4bische Waldbahn stellt die Weichen f\u00fcr die neue Saison - Naturpark Schw\u00e4bisch-Fr\u00e4nkischer Wald\",\"isPartOf\":{\"@id\":\"https:\/\/www.naturparkmagazin.de\/schwaebisch-fraenkischer-wald\/#website\"},\"datePublished\":\"2017-01-16T08:35:23+00:00\",\"dateModified\":\"2017-01-19T08:47:14+00:00\",\"author\":{\"@id\":\"https:\/\/www.naturparkmagazin.de\/schwaebisch-fraenkischer-wald\/#\/schema\/person\/f047a3702ae747fd7830cf8ac95e6066\"},\"breadcrumb\":{\"@id\":\"https:\/\/www.naturparkmagazin.de\/schwaebisch-fraenkischer-wald\/schwaebische-waldbahn-stellt-die-weichen-fuer-die-neue-saison\/#breadcrumb\"},\"inLanguage\":\"de\",\"potentialAction\":[{\"@type\":\"ReadAction\",\"target\":[\"https:\/\/www.naturparkmagazin.de\/schwaebisch-fraenkischer-wald\/schwaebische-waldbahn-stellt-die-weichen-fuer-die-neue-saison\/\"]}]},{\"@type\":\"BreadcrumbList\",\"@id\":\"https:\/\/www.naturparkmagazin.de\/schwaebisch-fraenkischer-wald\/schwaebische-waldbahn-stellt-die-weichen-fuer-die-neue-saison\/#breadcrumb\",\"itemListElement\":[{\"@type\":\"ListItem\",\"position\":1,\"name\":\"Home\",\"item\":\"https:\/\/www.naturparkmagazin.de\/schwaebisch-fraenkischer-wald\/\"},{\"@type\":\"ListItem\",\"position\":2,\"name\":\"Schw\u00e4bische Waldbahn stellt die Weichen f\u00fcr die neue Saison\"}]},{\"@type\":\"WebSite\",\"@id\":\"https:\/\/www.naturparkmagazin.de\/schwaebisch-fraenkischer-wald\/#website\",\"url\":\"https:\/\/www.naturparkmagazin.de\/schwaebisch-fraenkischer-wald\/\",\"name\":\"Naturpark Schw\u00e4bisch-Fr\u00e4nkischer Wald\",\"description\":\"\",\"potentialAction\":[{\"@type\":\"SearchAction\",\"target\":{\"@type\":\"EntryPoint\",\"urlTemplate\":\"https:\/\/www.naturparkmagazin.de\/schwaebisch-fraenkischer-wald\/?s={search_term_string}\"},\"query-input\":\"required name=search_term_string\"}],\"inLanguage\":\"de\"},{\"@type\":\"Person\",\"@id\":\"https:\/\/www.naturparkmagazin.de\/schwaebisch-fraenkischer-wald\/#\/schema\/person\/f047a3702ae747fd7830cf8ac95e6066\",\"name\":\"Naturpark-Team\",\"sameAs\":[\"http:\/\/www.naturpark-sfw.de\",\"https:\/\/www.facebook.com\/naturparkSFW\"],\"url\":\"https:\/\/www.naturparkmagazin.de\/schwaebisch-fraenkischer-wald\/author\/bernharddrixler\/\"}]}<\/script>\n<!-- \/ Yoast SEO plugin. -->","yoast_head_json":{"title":"Schw\u00e4bische Waldbahn stellt die Weichen f\u00fcr die neue Saison - Naturpark Schw\u00e4bisch-Fr\u00e4nkischer Wald","robots":{"index":"index","follow":"follow","max-snippet":"max-snippet:-1","max-image-preview":"max-image-preview:large","max-video-preview":"max-video-preview:-1"},"canonical":"https:\/\/www.naturparkmagazin.de\/schwaebisch-fraenkischer-wald\/schwaebische-waldbahn-stellt-die-weichen-fuer-die-neue-saison\/","og_locale":"de_DE","og_type":"article","og_title":"Schw\u00e4bische Waldbahn stellt die Weichen f\u00fcr die neue Saison - Naturpark Schw\u00e4bisch-Fr\u00e4nkischer Wald","og_description":"Die Schw\u00e4bische Waldbahn macht sich f\u00fcr die kommende Fahrsaison bereit","og_url":"https:\/\/www.naturparkmagazin.de\/schwaebisch-fraenkischer-wald\/schwaebische-waldbahn-stellt-die-weichen-fuer-die-neue-saison\/","og_site_name":"Naturpark Schw\u00e4bisch-Fr\u00e4nkischer Wald","article_author":"https:\/\/www.facebook.com\/naturparkSFW","article_published_time":"2017-01-16T08:35:23+00:00","article_modified_time":"2017-01-19T08:47:14+00:00","og_image":[{"width":200,"height":200,"url":"https:\/\/www.naturparkmagazin.de\/schwaebisch-fraenkischer-wald\/wp-content\/uploads\/sites\/34\/SWbahn.jpg","type":"image\/jpeg"}],"author":"Naturpark-Team","twitter_misc":{"Verfasst von":"Naturpark-Team","Gesch\u00e4tzte Lesezeit":"1\u00a0Minute"},"schema":{"@context":"https:\/\/schema.org","@graph":[{"@type":"WebPage","@id":"https:\/\/www.naturparkmagazin.de\/schwaebisch-fraenkischer-wald\/schwaebische-waldbahn-stellt-die-weichen-fuer-die-neue-saison\/","url":"https:\/\/www.naturparkmagazin.de\/schwaebisch-fraenkischer-wald\/schwaebische-waldbahn-stellt-die-weichen-fuer-die-neue-saison\/","name":"Schw\u00e4bische Waldbahn stellt die Weichen f\u00fcr die neue Saison - Naturpark Schw\u00e4bisch-Fr\u00e4nkischer Wald","isPartOf":{"@id":"https:\/\/www.naturparkmagazin.de\/schwaebisch-fraenkischer-wald\/#website"},"datePublished":"2017-01-16T08:35:23+00:00","dateModified":"2017-01-19T08:47:14+00:00","author":{"@id":"https:\/\/www.naturparkmagazin.de\/schwaebisch-fraenkischer-wald\/#\/schema\/person\/f047a3702ae747fd7830cf8ac95e6066"},"breadcrumb":{"@id":"https:\/\/www.naturparkmagazin.de\/schwaebisch-fraenkischer-wald\/schwaebische-waldbahn-stellt-die-weichen-fuer-die-neue-saison\/#breadcrumb"},"inLanguage":"de","potentialAction":[{"@type":"ReadAction","target":["https:\/\/www.naturparkmagazin.de\/schwaebisch-fraenkischer-wald\/schwaebische-waldbahn-stellt-die-weichen-fuer-die-neue-saison\/"]}]},{"@type":"BreadcrumbList","@id":"https:\/\/www.naturparkmagazin.de\/schwaebisch-fraenkischer-wald\/schwaebische-waldbahn-stellt-die-weichen-fuer-die-neue-saison\/#breadcrumb","itemListElement":[{"@type":"ListItem","position":1,"name":"Home","item":"https:\/\/www.naturparkmagazin.de\/schwaebisch-fraenkischer-wald\/"},{"@type":"ListItem","position":2,"name":"Schw\u00e4bische Waldbahn stellt die Weichen f\u00fcr die neue Saison"}]},{"@type":"WebSite","@id":"https:\/\/www.naturparkmagazin.de\/schwaebisch-fraenkischer-wald\/#website","url":"https:\/\/www.naturparkmagazin.de\/schwaebisch-fraenkischer-wald\/","name":"Naturpark Schw\u00e4bisch-Fr\u00e4nkischer Wald","description":"","potentialAction":[{"@type":"SearchAction","target":{"@type":"EntryPoint","urlTemplate":"https:\/\/www.naturparkmagazin.de\/schwaebisch-fraenkischer-wald\/?s={search_term_string}"},"query-input":"required name=search_term_string"}],"inLanguage":"de"},{"@type":"Person","@id":"https:\/\/www.naturparkmagazin.de\/schwaebisch-fraenkischer-wald\/#\/schema\/person\/f047a3702ae747fd7830cf8ac95e6066","name":"Naturpark-Team","sameAs":["http:\/\/www.naturpark-sfw.de","https:\/\/www.facebook.com\/naturparkSFW"],"url":"https:\/\/www.naturparkmagazin.de\/schwaebisch-fraenkischer-wald\/author\/bernharddrixler\/"}]}},"_links":{"self":[{"href":"https:\/\/www.naturparkmagazin.de\/schwaebisch-fraenkischer-wald\/wp-json\/wp\/v2\/posts\/4235"}],"collection":[{"href":"https:\/\/www.naturparkmagazin.de\/schwaebisch-fraenkischer-wald\/wp-json\/wp\/v2\/posts"}],"about":[{"href":"https:\/\/www.naturparkmagazin.de\/schwaebisch-fraenkischer-wald\/wp-json\/wp\/v2\/types\/post"}],"author":[{"embeddable":true,"href":"https:\/\/www.naturparkmagazin.de\/schwaebisch-fraenkischer-wald\/wp-json\/wp\/v2\/users\/25"}],"replies":[{"embeddable":true,"href":"https:\/\/www.naturparkmagazin.de\/schwaebisch-fraenkischer-wald\/wp-json\/wp\/v2\/comments?post=4235"}],"version-history":[{"count":1,"href":"https:\/\/www.naturparkmagazin.de\/schwaebisch-fraenkischer-wald\/wp-json\/wp\/v2\/posts\/4235\/revisions"}],"predecessor-version":[{"id":4237,"href":"https:\/\/www.naturparkmagazin.de\/schwaebisch-fraenkischer-wald\/wp-json\/wp\/v2\/posts\/4235\/revisions\/4237"}],"wp:featuredmedia":[{"embeddable":true,"href":"https:\/\/www.naturparkmagazin.de\/schwaebisch-fraenkischer-wald\/wp-json\/wp\/v2\/media\/4236"}],"wp:attachment":[{"href":"https:\/\/www.naturparkmagazin.de\/schwaebisch-fraenkischer-wald\/wp-json\/wp\/v2\/media?parent=4235"}],"wp:term":[{"taxonomy":"category","embeddable":true,"href":"https:\/\/www.naturparkmagazin.de\/schwaebisch-fraenkischer-wald\/wp-json\/wp\/v2\/categories?post=4235"},{"taxonomy":"post_tag","embeddable":true,"href":"https:\/\/www.naturparkmagazin.de\/schwaebisch-fraenkischer-wald\/wp-json\/wp\/v2\/tags?post=4235"}],"curies":[{"name":"wp","href":"https:\/\/api.w.org\/{rel}","templated":true}]}}