{"id":4322,"date":"2017-04-18T17:00:40","date_gmt":"2017-04-18T15:00:40","guid":{"rendered":"http:\/\/www.naturparkmagazin.de\/schwaebisch-fraenkischer-wald\/?p=4322"},"modified":"2017-04-20T09:15:44","modified_gmt":"2017-04-20T07:15:44","slug":"naturpark-aktiv-maifloete-und-piepetze","status":"publish","type":"post","link":"https:\/\/www.naturparkmagazin.de\/schwaebisch-fraenkischer-wald\/naturpark-aktiv-maifloete-und-piepetze\/","title":{"rendered":"Naturpark aktiv: Maifl\u00f6te und Piepetze"},"content":{"rendered":"<p>14. Mai \u2013 Sonntag &#8211; Wildblumensommer Abtsgm\u00fcnd<\/p>\n<div id=\"attachment_4323\" style=\"width: 210px\" class=\"wp-caption alignright\"><a href=\"https:\/\/www.naturparkmagazin.de\/schwaebisch-fraenkischer-wald\/wp-content\/uploads\/sites\/34\/170514_nl_NPaktiv_Sinner.jpg\"><img aria-describedby=\"caption-attachment-4323\" decoding=\"async\" loading=\"lazy\" class=\"size-full wp-image-4323\" src=\"https:\/\/www.naturparkmagazin.de\/schwaebisch-fraenkischer-wald\/wp-content\/uploads\/sites\/34\/170514_nl_NPaktiv_Sinner.jpg\" alt=\"Maifl\u00f6te und Piepetze\" width=\"200\" height=\"200\" srcset=\"https:\/\/www.naturparkmagazin.de\/schwaebisch-fraenkischer-wald\/wp-content\/uploads\/sites\/34\/170514_nl_NPaktiv_Sinner.jpg 200w, https:\/\/www.naturparkmagazin.de\/schwaebisch-fraenkischer-wald\/wp-content\/uploads\/sites\/34\/170514_nl_NPaktiv_Sinner-30x30.jpg 30w\" sizes=\"(max-width: 200px) 100vw, 200px\" \/><\/a><p id=\"caption-attachment-4323\" class=\"wp-caption-text\">Maifl\u00f6te und Piepetze<\/p><\/div>\n<p>Fr\u00fcher brachte der Gro\u00dfvater seinen Enkeln das Pfeifenschnitzen bei. Damit diese Tradition nicht vergessen wird, schnitzen die Teilnehmer an diesem Tag mit Naturparkf\u00fchrerin Karin Sinner Pfeifen aus Holunder und Weiden. Von der einfachen Piepetze \u00fcber die klassische Weidenpfeife bis hin zum Rindenhorn. Heute tun dies \u00fcbrigens auch oft Gro\u00dfm\u00fctter.<\/p>\n<ul>\n<li>Start: 10 Uhr<\/li>\n<li>Treffpunkt: Abtsgm\u00fcnd-W\u00f6llstein, Parkplatz am Friedhof<\/li>\n<li>Dauer: Ca. 3,5 Stunden<\/li>\n<li>Kosten: 7 \u20ac\/Person, Kinder bis 18 Jahre 3,50 \u20ac<\/li>\n<li>Anmeldung bis 10. Mai<\/li>\n<li>Taschenmesser mitbringen<\/li>\n<li>0 73 66 \/ 96 49 99 3<\/li>\n<li>sinner@die-naturparkfuehrer.de<\/li>\n<\/ul>\n","protected":false},"excerpt":{"rendered":"<p>14.05.: Pfeifenschnitzen mit Naturparkf\u00fchrerin Karin Sinner <\/p>\n","protected":false},"author":25,"featured_media":4323,"comment_status":"open","ping_status":"open","sticky":false,"template":"","format":"standard","meta":[],"categories":[11],"tags":[686],"yoast_head":"<!-- This site is optimized with the Yoast SEO plugin v19.10 - https:\/\/yoast.com\/wordpress\/plugins\/seo\/ -->\n<title>Naturpark aktiv: Maifl\u00f6te und Piepetze - Naturpark Schw\u00e4bisch-Fr\u00e4nkischer Wald<\/title>\n<meta name=\"robots\" content=\"index, follow, max-snippet:-1, max-image-preview:large, max-video-preview:-1\" \/>\n<link rel=\"canonical\" href=\"https:\/\/www.naturparkmagazin.de\/schwaebisch-fraenkischer-wald\/naturpark-aktiv-maifloete-und-piepetze\/\" \/>\n<meta property=\"og:locale\" content=\"de_DE\" \/>\n<meta property=\"og:type\" content=\"article\" \/>\n<meta property=\"og:title\" content=\"Naturpark aktiv: Maifl\u00f6te und Piepetze - Naturpark Schw\u00e4bisch-Fr\u00e4nkischer Wald\" \/>\n<meta property=\"og:description\" content=\"14.05.: Pfeifenschnitzen mit Naturparkf\u00fchrerin Karin Sinner\" \/>\n<meta property=\"og:url\" content=\"https:\/\/www.naturparkmagazin.de\/schwaebisch-fraenkischer-wald\/naturpark-aktiv-maifloete-und-piepetze\/\" \/>\n<meta property=\"og:site_name\" content=\"Naturpark Schw\u00e4bisch-Fr\u00e4nkischer Wald\" \/>\n<meta property=\"article:author\" content=\"https:\/\/www.facebook.com\/naturparkSFW\" \/>\n<meta property=\"article:published_time\" content=\"2017-04-18T15:00:40+00:00\" \/>\n<meta property=\"article:modified_time\" content=\"2017-04-20T07:15:44+00:00\" \/>\n<meta property=\"og:image\" content=\"https:\/\/www.naturparkmagazin.de\/schwaebisch-fraenkischer-wald\/wp-content\/uploads\/sites\/34\/170514_nl_NPaktiv_Sinner.jpg\" \/>\n\t<meta property=\"og:image:width\" content=\"200\" \/>\n\t<meta property=\"og:image:height\" content=\"200\" \/>\n\t<meta property=\"og:image:type\" content=\"image\/jpeg\" \/>\n<meta name=\"author\" content=\"Naturpark-Team\" \/>\n<meta name=\"twitter:label1\" content=\"Verfasst von\" \/>\n\t<meta name=\"twitter:data1\" content=\"Naturpark-Team\" \/>\n<script type=\"application\/ld+json\" class=\"yoast-schema-graph\">{\"@context\":\"https:\/\/schema.org\",\"@graph\":[{\"@type\":\"WebPage\",\"@id\":\"https:\/\/www.naturparkmagazin.de\/schwaebisch-fraenkischer-wald\/naturpark-aktiv-maifloete-und-piepetze\/\",\"url\":\"https:\/\/www.naturparkmagazin.de\/schwaebisch-fraenkischer-wald\/naturpark-aktiv-maifloete-und-piepetze\/\",\"name\":\"Naturpark aktiv: Maifl\u00f6te und Piepetze - Naturpark Schw\u00e4bisch-Fr\u00e4nkischer Wald\",\"isPartOf\":{\"@id\":\"https:\/\/www.naturparkmagazin.de\/schwaebisch-fraenkischer-wald\/#website\"},\"datePublished\":\"2017-04-18T15:00:40+00:00\",\"dateModified\":\"2017-04-20T07:15:44+00:00\",\"author\":{\"@id\":\"https:\/\/www.naturparkmagazin.de\/schwaebisch-fraenkischer-wald\/#\/schema\/person\/f047a3702ae747fd7830cf8ac95e6066\"},\"breadcrumb\":{\"@id\":\"https:\/\/www.naturparkmagazin.de\/schwaebisch-fraenkischer-wald\/naturpark-aktiv-maifloete-und-piepetze\/#breadcrumb\"},\"inLanguage\":\"de\",\"potentialAction\":[{\"@type\":\"ReadAction\",\"target\":[\"https:\/\/www.naturparkmagazin.de\/schwaebisch-fraenkischer-wald\/naturpark-aktiv-maifloete-und-piepetze\/\"]}]},{\"@type\":\"BreadcrumbList\",\"@id\":\"https:\/\/www.naturparkmagazin.de\/schwaebisch-fraenkischer-wald\/naturpark-aktiv-maifloete-und-piepetze\/#breadcrumb\",\"itemListElement\":[{\"@type\":\"ListItem\",\"position\":1,\"name\":\"Home\",\"item\":\"https:\/\/www.naturparkmagazin.de\/schwaebisch-fraenkischer-wald\/\"},{\"@type\":\"ListItem\",\"position\":2,\"name\":\"Naturpark aktiv: Maifl\u00f6te und Piepetze\"}]},{\"@type\":\"WebSite\",\"@id\":\"https:\/\/www.naturparkmagazin.de\/schwaebisch-fraenkischer-wald\/#website\",\"url\":\"https:\/\/www.naturparkmagazin.de\/schwaebisch-fraenkischer-wald\/\",\"name\":\"Naturpark Schw\u00e4bisch-Fr\u00e4nkischer Wald\",\"description\":\"\",\"potentialAction\":[{\"@type\":\"SearchAction\",\"target\":{\"@type\":\"EntryPoint\",\"urlTemplate\":\"https:\/\/www.naturparkmagazin.de\/schwaebisch-fraenkischer-wald\/?s={search_term_string}\"},\"query-input\":\"required name=search_term_string\"}],\"inLanguage\":\"de\"},{\"@type\":\"Person\",\"@id\":\"https:\/\/www.naturparkmagazin.de\/schwaebisch-fraenkischer-wald\/#\/schema\/person\/f047a3702ae747fd7830cf8ac95e6066\",\"name\":\"Naturpark-Team\",\"sameAs\":[\"http:\/\/www.naturpark-sfw.de\",\"https:\/\/www.facebook.com\/naturparkSFW\"],\"url\":\"https:\/\/www.naturparkmagazin.de\/schwaebisch-fraenkischer-wald\/author\/bernharddrixler\/\"}]}<\/script>\n<!-- \/ Yoast SEO plugin. -->","yoast_head_json":{"title":"Naturpark aktiv: Maifl\u00f6te und Piepetze - Naturpark Schw\u00e4bisch-Fr\u00e4nkischer Wald","robots":{"index":"index","follow":"follow","max-snippet":"max-snippet:-1","max-image-preview":"max-image-preview:large","max-video-preview":"max-video-preview:-1"},"canonical":"https:\/\/www.naturparkmagazin.de\/schwaebisch-fraenkischer-wald\/naturpark-aktiv-maifloete-und-piepetze\/","og_locale":"de_DE","og_type":"article","og_title":"Naturpark aktiv: Maifl\u00f6te und Piepetze - Naturpark Schw\u00e4bisch-Fr\u00e4nkischer Wald","og_description":"14.05.: Pfeifenschnitzen mit Naturparkf\u00fchrerin Karin Sinner","og_url":"https:\/\/www.naturparkmagazin.de\/schwaebisch-fraenkischer-wald\/naturpark-aktiv-maifloete-und-piepetze\/","og_site_name":"Naturpark Schw\u00e4bisch-Fr\u00e4nkischer Wald","article_author":"https:\/\/www.facebook.com\/naturparkSFW","article_published_time":"2017-04-18T15:00:40+00:00","article_modified_time":"2017-04-20T07:15:44+00:00","og_image":[{"width":200,"height":200,"url":"https:\/\/www.naturparkmagazin.de\/schwaebisch-fraenkischer-wald\/wp-content\/uploads\/sites\/34\/170514_nl_NPaktiv_Sinner.jpg","type":"image\/jpeg"}],"author":"Naturpark-Team","twitter_misc":{"Verfasst von":"Naturpark-Team"},"schema":{"@context":"https:\/\/schema.org","@graph":[{"@type":"WebPage","@id":"https:\/\/www.naturparkmagazin.de\/schwaebisch-fraenkischer-wald\/naturpark-aktiv-maifloete-und-piepetze\/","url":"https:\/\/www.naturparkmagazin.de\/schwaebisch-fraenkischer-wald\/naturpark-aktiv-maifloete-und-piepetze\/","name":"Naturpark aktiv: Maifl\u00f6te und Piepetze - Naturpark Schw\u00e4bisch-Fr\u00e4nkischer Wald","isPartOf":{"@id":"https:\/\/www.naturparkmagazin.de\/schwaebisch-fraenkischer-wald\/#website"},"datePublished":"2017-04-18T15:00:40+00:00","dateModified":"2017-04-20T07:15:44+00:00","author":{"@id":"https:\/\/www.naturparkmagazin.de\/schwaebisch-fraenkischer-wald\/#\/schema\/person\/f047a3702ae747fd7830cf8ac95e6066"},"breadcrumb":{"@id":"https:\/\/www.naturparkmagazin.de\/schwaebisch-fraenkischer-wald\/naturpark-aktiv-maifloete-und-piepetze\/#breadcrumb"},"inLanguage":"de","potentialAction":[{"@type":"ReadAction","target":["https:\/\/www.naturparkmagazin.de\/schwaebisch-fraenkischer-wald\/naturpark-aktiv-maifloete-und-piepetze\/"]}]},{"@type":"BreadcrumbList","@id":"https:\/\/www.naturparkmagazin.de\/schwaebisch-fraenkischer-wald\/naturpark-aktiv-maifloete-und-piepetze\/#breadcrumb","itemListElement":[{"@type":"ListItem","position":1,"name":"Home","item":"https:\/\/www.naturparkmagazin.de\/schwaebisch-fraenkischer-wald\/"},{"@type":"ListItem","position":2,"name":"Naturpark aktiv: Maifl\u00f6te und Piepetze"}]},{"@type":"WebSite","@id":"https:\/\/www.naturparkmagazin.de\/schwaebisch-fraenkischer-wald\/#website","url":"https:\/\/www.naturparkmagazin.de\/schwaebisch-fraenkischer-wald\/","name":"Naturpark Schw\u00e4bisch-Fr\u00e4nkischer Wald","description":"","potentialAction":[{"@type":"SearchAction","target":{"@type":"EntryPoint","urlTemplate":"https:\/\/www.naturparkmagazin.de\/schwaebisch-fraenkischer-wald\/?s={search_term_string}"},"query-input":"required name=search_term_string"}],"inLanguage":"de"},{"@type":"Person","@id":"https:\/\/www.naturparkmagazin.de\/schwaebisch-fraenkischer-wald\/#\/schema\/person\/f047a3702ae747fd7830cf8ac95e6066","name":"Naturpark-Team","sameAs":["http:\/\/www.naturpark-sfw.de","https:\/\/www.facebook.com\/naturparkSFW"],"url":"https:\/\/www.naturparkmagazin.de\/schwaebisch-fraenkischer-wald\/author\/bernharddrixler\/"}]}},"_links":{"self":[{"href":"https:\/\/www.naturparkmagazin.de\/schwaebisch-fraenkischer-wald\/wp-json\/wp\/v2\/posts\/4322"}],"collection":[{"href":"https:\/\/www.naturparkmagazin.de\/schwaebisch-fraenkischer-wald\/wp-json\/wp\/v2\/posts"}],"about":[{"href":"https:\/\/www.naturparkmagazin.de\/schwaebisch-fraenkischer-wald\/wp-json\/wp\/v2\/types\/post"}],"author":[{"embeddable":true,"href":"https:\/\/www.naturparkmagazin.de\/schwaebisch-fraenkischer-wald\/wp-json\/wp\/v2\/users\/25"}],"replies":[{"embeddable":true,"href":"https:\/\/www.naturparkmagazin.de\/schwaebisch-fraenkischer-wald\/wp-json\/wp\/v2\/comments?post=4322"}],"version-history":[{"count":4,"href":"https:\/\/www.naturparkmagazin.de\/schwaebisch-fraenkischer-wald\/wp-json\/wp\/v2\/posts\/4322\/revisions"}],"predecessor-version":[{"id":4697,"href":"https:\/\/www.naturparkmagazin.de\/schwaebisch-fraenkischer-wald\/wp-json\/wp\/v2\/posts\/4322\/revisions\/4697"}],"wp:featuredmedia":[{"embeddable":true,"href":"https:\/\/www.naturparkmagazin.de\/schwaebisch-fraenkischer-wald\/wp-json\/wp\/v2\/media\/4323"}],"wp:attachment":[{"href":"https:\/\/www.naturparkmagazin.de\/schwaebisch-fraenkischer-wald\/wp-json\/wp\/v2\/media?parent=4322"}],"wp:term":[{"taxonomy":"category","embeddable":true,"href":"https:\/\/www.naturparkmagazin.de\/schwaebisch-fraenkischer-wald\/wp-json\/wp\/v2\/categories?post=4322"},{"taxonomy":"post_tag","embeddable":true,"href":"https:\/\/www.naturparkmagazin.de\/schwaebisch-fraenkischer-wald\/wp-json\/wp\/v2\/tags?post=4322"}],"curies":[{"name":"wp","href":"https:\/\/api.w.org\/{rel}","templated":true}]}}