{"id":4337,"date":"2017-02-13T13:50:18","date_gmt":"2017-02-13T12:50:18","guid":{"rendered":"http:\/\/www.naturparkmagazin.de\/schwaebisch-fraenkischer-wald\/?p=4337"},"modified":"2017-02-21T14:16:00","modified_gmt":"2017-02-21T13:16:00","slug":"wanted-der-luchs-sonderausstellung-im-naturparkzentrum","status":"publish","type":"post","link":"https:\/\/www.naturparkmagazin.de\/schwaebisch-fraenkischer-wald\/wanted-der-luchs-sonderausstellung-im-naturparkzentrum\/","title":{"rendered":"\u201eWanted: der Luchs\u201c \u2013 Sonderausstellung im Naturparkzentrum"},"content":{"rendered":"<p>Der Eurasische Luchs (<em>Lynx lynx<\/em>) \u2013 die gr\u00f6\u00dfte Raubkatze Europas \u2013 war einst auch in Baden-W\u00fcrttemberg heimisch, wurde dann intensiv bejagt und im Schwarzwald bereits Ende des 18. Jahrhunderts ausgerottet.<\/p>\n<div id=\"attachment_4338\" style=\"width: 210px\" class=\"wp-caption alignright\"><a href=\"https:\/\/www.naturparkmagazin.de\/schwaebisch-fraenkischer-wald\/wp-content\/uploads\/sites\/34\/Pressebild_Luchs_Christian-Schmalhofer.jpg\"><img aria-describedby=\"caption-attachment-4338\" decoding=\"async\" loading=\"lazy\" class=\"size-full wp-image-4338\" src=\"https:\/\/www.naturparkmagazin.de\/schwaebisch-fraenkischer-wald\/wp-content\/uploads\/sites\/34\/Pressebild_Luchs_Christian-Schmalhofer.jpg\" alt=\"Der Eurasische Luchs (Lynx lynx) \u2013 die gr\u00f6\u00dfte Raubkatze Europas \" width=\"200\" height=\"200\" srcset=\"https:\/\/www.naturparkmagazin.de\/schwaebisch-fraenkischer-wald\/wp-content\/uploads\/sites\/34\/Pressebild_Luchs_Christian-Schmalhofer.jpg 200w, https:\/\/www.naturparkmagazin.de\/schwaebisch-fraenkischer-wald\/wp-content\/uploads\/sites\/34\/Pressebild_Luchs_Christian-Schmalhofer-30x30.jpg 30w\" sizes=\"(max-width: 200px) 100vw, 200px\" \/><\/a><p id=\"caption-attachment-4338\" class=\"wp-caption-text\">Der Eurasische Luchs (Lynx lynx) \u2013 die gr\u00f6\u00dfte Raubkatze Europas<\/p><\/div>\n<p>Der allerletzte deutsche Luchs wurde 1846 bei Wiesensteig auf der Schw\u00e4bischen Alb erlegt. Mittlerweiler ist durch Auswilderungsprojekte der Luchs in die Schweiz, die Vogesen, den Harz oder bald den Pf\u00e4lzerwald zur\u00fcckgekehrt. Auch in Baden-W\u00fcrttemberg gibt es erste Luchs-Sichtungen, sodass eine Wiederansiedlung der gro\u00dfen Raubkatze in gro\u00dfen, unzerschnittenen Landschaftsr\u00e4umen m\u00f6glich erscheint.<\/p>\n<p>Der Luchs ist ein Bestandteil der nat\u00fcrlichen Artenvielfalt in Deutschland und steht f\u00fcr Wildnis und urw\u00fcchsige Natur. Um die Bev\u00f6lkerung die faszinierende Lebensweise des Luchses zu n\u00e4her zu bringen,\u00a0 zeigt der Naturpark Schw\u00e4bisch-Fr\u00e4nkischer Wald ab sofort im Naturparkzentrum in Murrhardt die Wanderausstellung \u201eWanted: der Luchs\u201c \u2013 Eine Ausstellung der Luchs-Initiative Baden-W\u00fcrttemberg e.V..<\/p>\n<p>Die informations- und fotoreiche Ausstellung kann bis Ende M\u00e4rz 2017 w\u00e4hrend der regul\u00e4ren \u00d6ffnungszeiten des Naturparkzentrums besucht werden:<\/p>\n<p>Naturparkzentrum<\/p>\n<p>Marktplatz 8, 71540 Murrhardt<\/p>\n<p>Mo: 10-12.30 und 14-17 Uhr<\/p>\n<p>Di: 10-12.30 und 14-17 Uhr<\/p>\n<p>Mi: geschlossen<\/p>\n<p>Do: 10-12.30 und 14-17 Uhr<\/p>\n<p>Fr: 10-12 und 13-16 Uhr<\/p>\n<p>Sa: 10-13 Uhr<\/p>\n<p>So. \/ Feiertag: 13-16 Uhr<\/p>\n<p>&nbsp;<\/p>\n","protected":false},"excerpt":{"rendered":"<p>Wanderausstellung \u201eWanted: der Luchs\u201c im Naturparkzentrum Murrhardt<\/p>\n","protected":false},"author":25,"featured_media":4338,"comment_status":"open","ping_status":"open","sticky":false,"template":"","format":"standard","meta":[],"categories":[7],"tags":[686],"yoast_head":"<!-- This site is optimized with the Yoast SEO plugin v19.10 - https:\/\/yoast.com\/wordpress\/plugins\/seo\/ -->\n<title>\u201eWanted: der Luchs\u201c \u2013 Sonderausstellung im Naturparkzentrum - Naturpark Schw\u00e4bisch-Fr\u00e4nkischer Wald<\/title>\n<meta name=\"robots\" content=\"index, follow, max-snippet:-1, max-image-preview:large, max-video-preview:-1\" \/>\n<link rel=\"canonical\" href=\"https:\/\/www.naturparkmagazin.de\/schwaebisch-fraenkischer-wald\/wanted-der-luchs-sonderausstellung-im-naturparkzentrum\/\" \/>\n<meta property=\"og:locale\" content=\"de_DE\" \/>\n<meta property=\"og:type\" content=\"article\" \/>\n<meta property=\"og:title\" content=\"\u201eWanted: der Luchs\u201c \u2013 Sonderausstellung im Naturparkzentrum - Naturpark Schw\u00e4bisch-Fr\u00e4nkischer Wald\" \/>\n<meta property=\"og:description\" content=\"Wanderausstellung \u201eWanted: der Luchs\u201c im Naturparkzentrum Murrhardt\" \/>\n<meta property=\"og:url\" content=\"https:\/\/www.naturparkmagazin.de\/schwaebisch-fraenkischer-wald\/wanted-der-luchs-sonderausstellung-im-naturparkzentrum\/\" \/>\n<meta property=\"og:site_name\" content=\"Naturpark Schw\u00e4bisch-Fr\u00e4nkischer Wald\" \/>\n<meta property=\"article:author\" content=\"https:\/\/www.facebook.com\/naturparkSFW\" \/>\n<meta property=\"article:published_time\" content=\"2017-02-13T12:50:18+00:00\" \/>\n<meta property=\"article:modified_time\" content=\"2017-02-21T13:16:00+00:00\" \/>\n<meta property=\"og:image\" content=\"https:\/\/www.naturparkmagazin.de\/schwaebisch-fraenkischer-wald\/wp-content\/uploads\/sites\/34\/Pressebild_Luchs_Christian-Schmalhofer.jpg\" \/>\n\t<meta property=\"og:image:width\" content=\"200\" \/>\n\t<meta property=\"og:image:height\" content=\"200\" \/>\n\t<meta property=\"og:image:type\" content=\"image\/jpeg\" \/>\n<meta name=\"author\" content=\"Naturpark-Team\" \/>\n<meta name=\"twitter:label1\" content=\"Verfasst von\" \/>\n\t<meta name=\"twitter:data1\" content=\"Naturpark-Team\" \/>\n\t<meta name=\"twitter:label2\" content=\"Gesch\u00e4tzte Lesezeit\" \/>\n\t<meta name=\"twitter:data2\" content=\"1\u00a0Minute\" \/>\n<script type=\"application\/ld+json\" class=\"yoast-schema-graph\">{\"@context\":\"https:\/\/schema.org\",\"@graph\":[{\"@type\":\"WebPage\",\"@id\":\"https:\/\/www.naturparkmagazin.de\/schwaebisch-fraenkischer-wald\/wanted-der-luchs-sonderausstellung-im-naturparkzentrum\/\",\"url\":\"https:\/\/www.naturparkmagazin.de\/schwaebisch-fraenkischer-wald\/wanted-der-luchs-sonderausstellung-im-naturparkzentrum\/\",\"name\":\"\u201eWanted: der Luchs\u201c \u2013 Sonderausstellung im Naturparkzentrum - Naturpark Schw\u00e4bisch-Fr\u00e4nkischer Wald\",\"isPartOf\":{\"@id\":\"https:\/\/www.naturparkmagazin.de\/schwaebisch-fraenkischer-wald\/#website\"},\"datePublished\":\"2017-02-13T12:50:18+00:00\",\"dateModified\":\"2017-02-21T13:16:00+00:00\",\"author\":{\"@id\":\"https:\/\/www.naturparkmagazin.de\/schwaebisch-fraenkischer-wald\/#\/schema\/person\/f047a3702ae747fd7830cf8ac95e6066\"},\"breadcrumb\":{\"@id\":\"https:\/\/www.naturparkmagazin.de\/schwaebisch-fraenkischer-wald\/wanted-der-luchs-sonderausstellung-im-naturparkzentrum\/#breadcrumb\"},\"inLanguage\":\"de\",\"potentialAction\":[{\"@type\":\"ReadAction\",\"target\":[\"https:\/\/www.naturparkmagazin.de\/schwaebisch-fraenkischer-wald\/wanted-der-luchs-sonderausstellung-im-naturparkzentrum\/\"]}]},{\"@type\":\"BreadcrumbList\",\"@id\":\"https:\/\/www.naturparkmagazin.de\/schwaebisch-fraenkischer-wald\/wanted-der-luchs-sonderausstellung-im-naturparkzentrum\/#breadcrumb\",\"itemListElement\":[{\"@type\":\"ListItem\",\"position\":1,\"name\":\"Home\",\"item\":\"https:\/\/www.naturparkmagazin.de\/schwaebisch-fraenkischer-wald\/\"},{\"@type\":\"ListItem\",\"position\":2,\"name\":\"\u201eWanted: der Luchs\u201c \u2013 Sonderausstellung im Naturparkzentrum\"}]},{\"@type\":\"WebSite\",\"@id\":\"https:\/\/www.naturparkmagazin.de\/schwaebisch-fraenkischer-wald\/#website\",\"url\":\"https:\/\/www.naturparkmagazin.de\/schwaebisch-fraenkischer-wald\/\",\"name\":\"Naturpark Schw\u00e4bisch-Fr\u00e4nkischer Wald\",\"description\":\"\",\"potentialAction\":[{\"@type\":\"SearchAction\",\"target\":{\"@type\":\"EntryPoint\",\"urlTemplate\":\"https:\/\/www.naturparkmagazin.de\/schwaebisch-fraenkischer-wald\/?s={search_term_string}\"},\"query-input\":\"required name=search_term_string\"}],\"inLanguage\":\"de\"},{\"@type\":\"Person\",\"@id\":\"https:\/\/www.naturparkmagazin.de\/schwaebisch-fraenkischer-wald\/#\/schema\/person\/f047a3702ae747fd7830cf8ac95e6066\",\"name\":\"Naturpark-Team\",\"sameAs\":[\"http:\/\/www.naturpark-sfw.de\",\"https:\/\/www.facebook.com\/naturparkSFW\"],\"url\":\"https:\/\/www.naturparkmagazin.de\/schwaebisch-fraenkischer-wald\/author\/bernharddrixler\/\"}]}<\/script>\n<!-- \/ Yoast SEO plugin. -->","yoast_head_json":{"title":"\u201eWanted: der Luchs\u201c \u2013 Sonderausstellung im Naturparkzentrum - Naturpark Schw\u00e4bisch-Fr\u00e4nkischer Wald","robots":{"index":"index","follow":"follow","max-snippet":"max-snippet:-1","max-image-preview":"max-image-preview:large","max-video-preview":"max-video-preview:-1"},"canonical":"https:\/\/www.naturparkmagazin.de\/schwaebisch-fraenkischer-wald\/wanted-der-luchs-sonderausstellung-im-naturparkzentrum\/","og_locale":"de_DE","og_type":"article","og_title":"\u201eWanted: der Luchs\u201c \u2013 Sonderausstellung im Naturparkzentrum - Naturpark Schw\u00e4bisch-Fr\u00e4nkischer Wald","og_description":"Wanderausstellung \u201eWanted: der Luchs\u201c im Naturparkzentrum Murrhardt","og_url":"https:\/\/www.naturparkmagazin.de\/schwaebisch-fraenkischer-wald\/wanted-der-luchs-sonderausstellung-im-naturparkzentrum\/","og_site_name":"Naturpark Schw\u00e4bisch-Fr\u00e4nkischer Wald","article_author":"https:\/\/www.facebook.com\/naturparkSFW","article_published_time":"2017-02-13T12:50:18+00:00","article_modified_time":"2017-02-21T13:16:00+00:00","og_image":[{"width":200,"height":200,"url":"https:\/\/www.naturparkmagazin.de\/schwaebisch-fraenkischer-wald\/wp-content\/uploads\/sites\/34\/Pressebild_Luchs_Christian-Schmalhofer.jpg","type":"image\/jpeg"}],"author":"Naturpark-Team","twitter_misc":{"Verfasst von":"Naturpark-Team","Gesch\u00e4tzte Lesezeit":"1\u00a0Minute"},"schema":{"@context":"https:\/\/schema.org","@graph":[{"@type":"WebPage","@id":"https:\/\/www.naturparkmagazin.de\/schwaebisch-fraenkischer-wald\/wanted-der-luchs-sonderausstellung-im-naturparkzentrum\/","url":"https:\/\/www.naturparkmagazin.de\/schwaebisch-fraenkischer-wald\/wanted-der-luchs-sonderausstellung-im-naturparkzentrum\/","name":"\u201eWanted: der Luchs\u201c \u2013 Sonderausstellung im Naturparkzentrum - Naturpark Schw\u00e4bisch-Fr\u00e4nkischer Wald","isPartOf":{"@id":"https:\/\/www.naturparkmagazin.de\/schwaebisch-fraenkischer-wald\/#website"},"datePublished":"2017-02-13T12:50:18+00:00","dateModified":"2017-02-21T13:16:00+00:00","author":{"@id":"https:\/\/www.naturparkmagazin.de\/schwaebisch-fraenkischer-wald\/#\/schema\/person\/f047a3702ae747fd7830cf8ac95e6066"},"breadcrumb":{"@id":"https:\/\/www.naturparkmagazin.de\/schwaebisch-fraenkischer-wald\/wanted-der-luchs-sonderausstellung-im-naturparkzentrum\/#breadcrumb"},"inLanguage":"de","potentialAction":[{"@type":"ReadAction","target":["https:\/\/www.naturparkmagazin.de\/schwaebisch-fraenkischer-wald\/wanted-der-luchs-sonderausstellung-im-naturparkzentrum\/"]}]},{"@type":"BreadcrumbList","@id":"https:\/\/www.naturparkmagazin.de\/schwaebisch-fraenkischer-wald\/wanted-der-luchs-sonderausstellung-im-naturparkzentrum\/#breadcrumb","itemListElement":[{"@type":"ListItem","position":1,"name":"Home","item":"https:\/\/www.naturparkmagazin.de\/schwaebisch-fraenkischer-wald\/"},{"@type":"ListItem","position":2,"name":"\u201eWanted: der Luchs\u201c \u2013 Sonderausstellung im Naturparkzentrum"}]},{"@type":"WebSite","@id":"https:\/\/www.naturparkmagazin.de\/schwaebisch-fraenkischer-wald\/#website","url":"https:\/\/www.naturparkmagazin.de\/schwaebisch-fraenkischer-wald\/","name":"Naturpark Schw\u00e4bisch-Fr\u00e4nkischer Wald","description":"","potentialAction":[{"@type":"SearchAction","target":{"@type":"EntryPoint","urlTemplate":"https:\/\/www.naturparkmagazin.de\/schwaebisch-fraenkischer-wald\/?s={search_term_string}"},"query-input":"required name=search_term_string"}],"inLanguage":"de"},{"@type":"Person","@id":"https:\/\/www.naturparkmagazin.de\/schwaebisch-fraenkischer-wald\/#\/schema\/person\/f047a3702ae747fd7830cf8ac95e6066","name":"Naturpark-Team","sameAs":["http:\/\/www.naturpark-sfw.de","https:\/\/www.facebook.com\/naturparkSFW"],"url":"https:\/\/www.naturparkmagazin.de\/schwaebisch-fraenkischer-wald\/author\/bernharddrixler\/"}]}},"_links":{"self":[{"href":"https:\/\/www.naturparkmagazin.de\/schwaebisch-fraenkischer-wald\/wp-json\/wp\/v2\/posts\/4337"}],"collection":[{"href":"https:\/\/www.naturparkmagazin.de\/schwaebisch-fraenkischer-wald\/wp-json\/wp\/v2\/posts"}],"about":[{"href":"https:\/\/www.naturparkmagazin.de\/schwaebisch-fraenkischer-wald\/wp-json\/wp\/v2\/types\/post"}],"author":[{"embeddable":true,"href":"https:\/\/www.naturparkmagazin.de\/schwaebisch-fraenkischer-wald\/wp-json\/wp\/v2\/users\/25"}],"replies":[{"embeddable":true,"href":"https:\/\/www.naturparkmagazin.de\/schwaebisch-fraenkischer-wald\/wp-json\/wp\/v2\/comments?post=4337"}],"version-history":[{"count":3,"href":"https:\/\/www.naturparkmagazin.de\/schwaebisch-fraenkischer-wald\/wp-json\/wp\/v2\/posts\/4337\/revisions"}],"predecessor-version":[{"id":4444,"href":"https:\/\/www.naturparkmagazin.de\/schwaebisch-fraenkischer-wald\/wp-json\/wp\/v2\/posts\/4337\/revisions\/4444"}],"wp:featuredmedia":[{"embeddable":true,"href":"https:\/\/www.naturparkmagazin.de\/schwaebisch-fraenkischer-wald\/wp-json\/wp\/v2\/media\/4338"}],"wp:attachment":[{"href":"https:\/\/www.naturparkmagazin.de\/schwaebisch-fraenkischer-wald\/wp-json\/wp\/v2\/media?parent=4337"}],"wp:term":[{"taxonomy":"category","embeddable":true,"href":"https:\/\/www.naturparkmagazin.de\/schwaebisch-fraenkischer-wald\/wp-json\/wp\/v2\/categories?post=4337"},{"taxonomy":"post_tag","embeddable":true,"href":"https:\/\/www.naturparkmagazin.de\/schwaebisch-fraenkischer-wald\/wp-json\/wp\/v2\/tags?post=4337"}],"curies":[{"name":"wp","href":"https:\/\/api.w.org\/{rel}","templated":true}]}}