{"id":4344,"date":"2017-02-13T14:05:22","date_gmt":"2017-02-13T13:05:22","guid":{"rendered":"http:\/\/www.naturparkmagazin.de\/schwaebisch-fraenkischer-wald\/?p=4344"},"modified":"2017-02-21T14:17:05","modified_gmt":"2017-02-21T13:17:05","slug":"neue-echtzeit-mit-bezaubernden-aussichten","status":"publish","type":"post","link":"https:\/\/www.naturparkmagazin.de\/schwaebisch-fraenkischer-wald\/neue-echtzeit-mit-bezaubernden-aussichten\/","title":{"rendered":"Neue EchtZeit mit bezaubernden Aussichten"},"content":{"rendered":"<p>Die neue Ausgabe des Erlebnismagazins der Gro\u00dfschutzgebiete Baden-W\u00fcrttembergs ECHTZEIT 2017 widmet sich unter anderem dem Thema Bienen. Dabei zeigt der Bl\u00fchende Naturpark S\u00fcdschwarzwald wie es bei ihnen summt und brummt. <a href=\"https:\/\/www.naturparkmagazin.de\/schwaebisch-fraenkischer-wald\/wp-content\/uploads\/sites\/34\/00013.jpg\"><img decoding=\"async\" loading=\"lazy\" class=\"alignright size-full wp-image-4345\" src=\"https:\/\/www.naturparkmagazin.de\/schwaebisch-fraenkischer-wald\/wp-content\/uploads\/sites\/34\/00013.jpg\" alt=\"0001\" width=\"200\" height=\"200\" srcset=\"https:\/\/www.naturparkmagazin.de\/schwaebisch-fraenkischer-wald\/wp-content\/uploads\/sites\/34\/00013.jpg 200w, https:\/\/www.naturparkmagazin.de\/schwaebisch-fraenkischer-wald\/wp-content\/uploads\/sites\/34\/00013-30x30.jpg 30w\" sizes=\"(max-width: 200px) 100vw, 200px\" \/><\/a><\/p>\n<p>Im Bericht \u00fcber den Naturpark Schw\u00e4bisch-Fr\u00e4nkischer Wald wird der Uhlbachhof der Familie J\u00e4ger vorgestellt. Ein Hof mit, f\u00fcr den Schw\u00e4bisch-Fr\u00e4nkischen Wald, typischer \u201eInsellage\u201c und viel Leidenschaft f\u00fcrs Landleben.<\/p>\n<p>Weitere Entdeckungsreisen bietet der Naturpark Schwarzwald Mitte\/Nord mit himmlischen Aussichten in vielf\u00e4ltige Landschaften, der Naturpark Obere Donau mit einer entspannten Familien-Reise entlang des Flusstales und der Naturpark Stromberg-Heuchelberg, in welchem sich die Wildkatze wieder angesiedelt hat. Auf und ab durch Wald und Flur geht es f\u00fcr Mountainbike-Begeisterte mit und ohne Handicap im Naturpark Neckartal-Odenwald. Im Naturpark Sch\u00f6nbuch wird in Form von fruchtigen Destillaten \u201ebrennende\u201c Leidenschaft entfacht. In der Reportage zum Biosph\u00e4rengebiet Schw\u00e4bische Alb werden nachhaltige Initiativen vorgestellt, die sich f\u00fcr das Wohl der Alblinsenschweine einsetzen. Auch das mosaikreiche Weideland im Biosph\u00e4rengebiet Schwarzwald bietet Mensch und Vieh einen au\u00dfergew\u00f6hnlichen Arten- und Strukturreichtum. Im Nationalpark Schwarzwald zeigen Nationalpark-Ranger und Wanderkoch in der ECHTZEIT die wilde W\u00fcrze der Wildnis.<\/p>\n<p>Wir w\u00fcnschen Ihnen eine ereignisreiche Reise durch die Gro\u00dfschutzgebiete Baden-W\u00fcrttembergs sowie einen gesunden Appetit bei der Unterst\u00fctzung des Naturparktellers im Naturpark Schw\u00e4bisch-Fr\u00e4nkischer Wald.<\/p>\n<p>Die Brosch\u00fcre ECHTZEIT 2017 ist im Naturparkzentrum in Murrhardt sowie auf den Rath\u00e4usern aller 48 Naturparkkommunen erh\u00e4ltlich und kann auf der Internetseite des Naturparks<a href=\"http:\/\/www.naturpark-sfw.de\" target=\"_blank\"> www.naturpark-sfw.de<\/a> bestellt und heruntergeladen werden.<\/p>\n<p>&nbsp;<\/p>\n","protected":false},"excerpt":{"rendered":"<p>Neue ECHTZEIT: Bildgewaltige und informative Berichte aus den baden-w\u00fcrttembergischen Gro\u00dfschutzgebieten<\/p>\n","protected":false},"author":25,"featured_media":4345,"comment_status":"open","ping_status":"open","sticky":false,"template":"","format":"standard","meta":[],"categories":[7],"tags":[686],"yoast_head":"<!-- This site is optimized with the Yoast SEO plugin v19.10 - https:\/\/yoast.com\/wordpress\/plugins\/seo\/ -->\n<title>Neue EchtZeit mit bezaubernden Aussichten - Naturpark Schw\u00e4bisch-Fr\u00e4nkischer Wald<\/title>\n<meta name=\"robots\" content=\"index, follow, max-snippet:-1, max-image-preview:large, max-video-preview:-1\" \/>\n<link rel=\"canonical\" href=\"https:\/\/www.naturparkmagazin.de\/schwaebisch-fraenkischer-wald\/neue-echtzeit-mit-bezaubernden-aussichten\/\" \/>\n<meta property=\"og:locale\" content=\"de_DE\" \/>\n<meta property=\"og:type\" content=\"article\" \/>\n<meta property=\"og:title\" content=\"Neue EchtZeit mit bezaubernden Aussichten - Naturpark Schw\u00e4bisch-Fr\u00e4nkischer Wald\" \/>\n<meta property=\"og:description\" content=\"Neue ECHTZEIT: Bildgewaltige und informative Berichte aus den baden-w\u00fcrttembergischen Gro\u00dfschutzgebieten\" \/>\n<meta property=\"og:url\" content=\"https:\/\/www.naturparkmagazin.de\/schwaebisch-fraenkischer-wald\/neue-echtzeit-mit-bezaubernden-aussichten\/\" \/>\n<meta property=\"og:site_name\" content=\"Naturpark Schw\u00e4bisch-Fr\u00e4nkischer Wald\" \/>\n<meta property=\"article:author\" content=\"https:\/\/www.facebook.com\/naturparkSFW\" \/>\n<meta property=\"article:published_time\" content=\"2017-02-13T13:05:22+00:00\" \/>\n<meta property=\"article:modified_time\" content=\"2017-02-21T13:17:05+00:00\" \/>\n<meta property=\"og:image\" content=\"https:\/\/www.naturparkmagazin.de\/schwaebisch-fraenkischer-wald\/wp-content\/uploads\/sites\/34\/00013.jpg\" \/>\n\t<meta property=\"og:image:width\" content=\"200\" \/>\n\t<meta property=\"og:image:height\" content=\"200\" \/>\n\t<meta property=\"og:image:type\" content=\"image\/jpeg\" \/>\n<meta name=\"author\" content=\"Naturpark-Team\" \/>\n<meta name=\"twitter:label1\" content=\"Verfasst von\" \/>\n\t<meta name=\"twitter:data1\" content=\"Naturpark-Team\" \/>\n\t<meta name=\"twitter:label2\" content=\"Gesch\u00e4tzte Lesezeit\" \/>\n\t<meta name=\"twitter:data2\" content=\"1\u00a0Minute\" \/>\n<script type=\"application\/ld+json\" class=\"yoast-schema-graph\">{\"@context\":\"https:\/\/schema.org\",\"@graph\":[{\"@type\":\"WebPage\",\"@id\":\"https:\/\/www.naturparkmagazin.de\/schwaebisch-fraenkischer-wald\/neue-echtzeit-mit-bezaubernden-aussichten\/\",\"url\":\"https:\/\/www.naturparkmagazin.de\/schwaebisch-fraenkischer-wald\/neue-echtzeit-mit-bezaubernden-aussichten\/\",\"name\":\"Neue EchtZeit mit bezaubernden Aussichten - Naturpark Schw\u00e4bisch-Fr\u00e4nkischer Wald\",\"isPartOf\":{\"@id\":\"https:\/\/www.naturparkmagazin.de\/schwaebisch-fraenkischer-wald\/#website\"},\"datePublished\":\"2017-02-13T13:05:22+00:00\",\"dateModified\":\"2017-02-21T13:17:05+00:00\",\"author\":{\"@id\":\"https:\/\/www.naturparkmagazin.de\/schwaebisch-fraenkischer-wald\/#\/schema\/person\/f047a3702ae747fd7830cf8ac95e6066\"},\"breadcrumb\":{\"@id\":\"https:\/\/www.naturparkmagazin.de\/schwaebisch-fraenkischer-wald\/neue-echtzeit-mit-bezaubernden-aussichten\/#breadcrumb\"},\"inLanguage\":\"de\",\"potentialAction\":[{\"@type\":\"ReadAction\",\"target\":[\"https:\/\/www.naturparkmagazin.de\/schwaebisch-fraenkischer-wald\/neue-echtzeit-mit-bezaubernden-aussichten\/\"]}]},{\"@type\":\"BreadcrumbList\",\"@id\":\"https:\/\/www.naturparkmagazin.de\/schwaebisch-fraenkischer-wald\/neue-echtzeit-mit-bezaubernden-aussichten\/#breadcrumb\",\"itemListElement\":[{\"@type\":\"ListItem\",\"position\":1,\"name\":\"Home\",\"item\":\"https:\/\/www.naturparkmagazin.de\/schwaebisch-fraenkischer-wald\/\"},{\"@type\":\"ListItem\",\"position\":2,\"name\":\"Neue EchtZeit mit bezaubernden Aussichten\"}]},{\"@type\":\"WebSite\",\"@id\":\"https:\/\/www.naturparkmagazin.de\/schwaebisch-fraenkischer-wald\/#website\",\"url\":\"https:\/\/www.naturparkmagazin.de\/schwaebisch-fraenkischer-wald\/\",\"name\":\"Naturpark Schw\u00e4bisch-Fr\u00e4nkischer Wald\",\"description\":\"\",\"potentialAction\":[{\"@type\":\"SearchAction\",\"target\":{\"@type\":\"EntryPoint\",\"urlTemplate\":\"https:\/\/www.naturparkmagazin.de\/schwaebisch-fraenkischer-wald\/?s={search_term_string}\"},\"query-input\":\"required name=search_term_string\"}],\"inLanguage\":\"de\"},{\"@type\":\"Person\",\"@id\":\"https:\/\/www.naturparkmagazin.de\/schwaebisch-fraenkischer-wald\/#\/schema\/person\/f047a3702ae747fd7830cf8ac95e6066\",\"name\":\"Naturpark-Team\",\"sameAs\":[\"http:\/\/www.naturpark-sfw.de\",\"https:\/\/www.facebook.com\/naturparkSFW\"],\"url\":\"https:\/\/www.naturparkmagazin.de\/schwaebisch-fraenkischer-wald\/author\/bernharddrixler\/\"}]}<\/script>\n<!-- \/ Yoast SEO plugin. -->","yoast_head_json":{"title":"Neue EchtZeit mit bezaubernden Aussichten - Naturpark Schw\u00e4bisch-Fr\u00e4nkischer Wald","robots":{"index":"index","follow":"follow","max-snippet":"max-snippet:-1","max-image-preview":"max-image-preview:large","max-video-preview":"max-video-preview:-1"},"canonical":"https:\/\/www.naturparkmagazin.de\/schwaebisch-fraenkischer-wald\/neue-echtzeit-mit-bezaubernden-aussichten\/","og_locale":"de_DE","og_type":"article","og_title":"Neue EchtZeit mit bezaubernden Aussichten - Naturpark Schw\u00e4bisch-Fr\u00e4nkischer Wald","og_description":"Neue ECHTZEIT: Bildgewaltige und informative Berichte aus den baden-w\u00fcrttembergischen Gro\u00dfschutzgebieten","og_url":"https:\/\/www.naturparkmagazin.de\/schwaebisch-fraenkischer-wald\/neue-echtzeit-mit-bezaubernden-aussichten\/","og_site_name":"Naturpark Schw\u00e4bisch-Fr\u00e4nkischer Wald","article_author":"https:\/\/www.facebook.com\/naturparkSFW","article_published_time":"2017-02-13T13:05:22+00:00","article_modified_time":"2017-02-21T13:17:05+00:00","og_image":[{"width":200,"height":200,"url":"https:\/\/www.naturparkmagazin.de\/schwaebisch-fraenkischer-wald\/wp-content\/uploads\/sites\/34\/00013.jpg","type":"image\/jpeg"}],"author":"Naturpark-Team","twitter_misc":{"Verfasst von":"Naturpark-Team","Gesch\u00e4tzte Lesezeit":"1\u00a0Minute"},"schema":{"@context":"https:\/\/schema.org","@graph":[{"@type":"WebPage","@id":"https:\/\/www.naturparkmagazin.de\/schwaebisch-fraenkischer-wald\/neue-echtzeit-mit-bezaubernden-aussichten\/","url":"https:\/\/www.naturparkmagazin.de\/schwaebisch-fraenkischer-wald\/neue-echtzeit-mit-bezaubernden-aussichten\/","name":"Neue EchtZeit mit bezaubernden Aussichten - Naturpark Schw\u00e4bisch-Fr\u00e4nkischer Wald","isPartOf":{"@id":"https:\/\/www.naturparkmagazin.de\/schwaebisch-fraenkischer-wald\/#website"},"datePublished":"2017-02-13T13:05:22+00:00","dateModified":"2017-02-21T13:17:05+00:00","author":{"@id":"https:\/\/www.naturparkmagazin.de\/schwaebisch-fraenkischer-wald\/#\/schema\/person\/f047a3702ae747fd7830cf8ac95e6066"},"breadcrumb":{"@id":"https:\/\/www.naturparkmagazin.de\/schwaebisch-fraenkischer-wald\/neue-echtzeit-mit-bezaubernden-aussichten\/#breadcrumb"},"inLanguage":"de","potentialAction":[{"@type":"ReadAction","target":["https:\/\/www.naturparkmagazin.de\/schwaebisch-fraenkischer-wald\/neue-echtzeit-mit-bezaubernden-aussichten\/"]}]},{"@type":"BreadcrumbList","@id":"https:\/\/www.naturparkmagazin.de\/schwaebisch-fraenkischer-wald\/neue-echtzeit-mit-bezaubernden-aussichten\/#breadcrumb","itemListElement":[{"@type":"ListItem","position":1,"name":"Home","item":"https:\/\/www.naturparkmagazin.de\/schwaebisch-fraenkischer-wald\/"},{"@type":"ListItem","position":2,"name":"Neue EchtZeit mit bezaubernden Aussichten"}]},{"@type":"WebSite","@id":"https:\/\/www.naturparkmagazin.de\/schwaebisch-fraenkischer-wald\/#website","url":"https:\/\/www.naturparkmagazin.de\/schwaebisch-fraenkischer-wald\/","name":"Naturpark Schw\u00e4bisch-Fr\u00e4nkischer Wald","description":"","potentialAction":[{"@type":"SearchAction","target":{"@type":"EntryPoint","urlTemplate":"https:\/\/www.naturparkmagazin.de\/schwaebisch-fraenkischer-wald\/?s={search_term_string}"},"query-input":"required name=search_term_string"}],"inLanguage":"de"},{"@type":"Person","@id":"https:\/\/www.naturparkmagazin.de\/schwaebisch-fraenkischer-wald\/#\/schema\/person\/f047a3702ae747fd7830cf8ac95e6066","name":"Naturpark-Team","sameAs":["http:\/\/www.naturpark-sfw.de","https:\/\/www.facebook.com\/naturparkSFW"],"url":"https:\/\/www.naturparkmagazin.de\/schwaebisch-fraenkischer-wald\/author\/bernharddrixler\/"}]}},"_links":{"self":[{"href":"https:\/\/www.naturparkmagazin.de\/schwaebisch-fraenkischer-wald\/wp-json\/wp\/v2\/posts\/4344"}],"collection":[{"href":"https:\/\/www.naturparkmagazin.de\/schwaebisch-fraenkischer-wald\/wp-json\/wp\/v2\/posts"}],"about":[{"href":"https:\/\/www.naturparkmagazin.de\/schwaebisch-fraenkischer-wald\/wp-json\/wp\/v2\/types\/post"}],"author":[{"embeddable":true,"href":"https:\/\/www.naturparkmagazin.de\/schwaebisch-fraenkischer-wald\/wp-json\/wp\/v2\/users\/25"}],"replies":[{"embeddable":true,"href":"https:\/\/www.naturparkmagazin.de\/schwaebisch-fraenkischer-wald\/wp-json\/wp\/v2\/comments?post=4344"}],"version-history":[{"count":2,"href":"https:\/\/www.naturparkmagazin.de\/schwaebisch-fraenkischer-wald\/wp-json\/wp\/v2\/posts\/4344\/revisions"}],"predecessor-version":[{"id":4445,"href":"https:\/\/www.naturparkmagazin.de\/schwaebisch-fraenkischer-wald\/wp-json\/wp\/v2\/posts\/4344\/revisions\/4445"}],"wp:featuredmedia":[{"embeddable":true,"href":"https:\/\/www.naturparkmagazin.de\/schwaebisch-fraenkischer-wald\/wp-json\/wp\/v2\/media\/4345"}],"wp:attachment":[{"href":"https:\/\/www.naturparkmagazin.de\/schwaebisch-fraenkischer-wald\/wp-json\/wp\/v2\/media?parent=4344"}],"wp:term":[{"taxonomy":"category","embeddable":true,"href":"https:\/\/www.naturparkmagazin.de\/schwaebisch-fraenkischer-wald\/wp-json\/wp\/v2\/categories?post=4344"},{"taxonomy":"post_tag","embeddable":true,"href":"https:\/\/www.naturparkmagazin.de\/schwaebisch-fraenkischer-wald\/wp-json\/wp\/v2\/tags?post=4344"}],"curies":[{"name":"wp","href":"https:\/\/api.w.org\/{rel}","templated":true}]}}