{"id":4362,"date":"2017-04-18T17:00:39","date_gmt":"2017-04-18T15:00:39","guid":{"rendered":"http:\/\/www.naturparkmagazin.de\/schwaebisch-fraenkischer-wald\/?p=4362"},"modified":"2017-04-20T09:14:45","modified_gmt":"2017-04-20T07:14:45","slug":"naturschutztag-im-naturpark","status":"publish","type":"post","link":"https:\/\/www.naturparkmagazin.de\/schwaebisch-fraenkischer-wald\/naturschutztag-im-naturpark\/","title":{"rendered":"Naturschutztag im Naturpark"},"content":{"rendered":"<p>14. Mai &#8211; Sonntag<\/p>\n<div id=\"attachment_4730\" style=\"width: 210px\" class=\"wp-caption alignright\"><a href=\"https:\/\/www.naturparkmagazin.de\/schwaebisch-fraenkischer-wald\/wp-content\/uploads\/sites\/34\/Naturschutztag.jpg\"><img aria-describedby=\"caption-attachment-4730\" decoding=\"async\" loading=\"lazy\" class=\"size-full wp-image-4730\" src=\"https:\/\/www.naturparkmagazin.de\/schwaebisch-fraenkischer-wald\/wp-content\/uploads\/sites\/34\/Naturschutztag.jpg\" alt=\"Naturschutztag im Naturpark\" width=\"200\" height=\"200\" srcset=\"https:\/\/www.naturparkmagazin.de\/schwaebisch-fraenkischer-wald\/wp-content\/uploads\/sites\/34\/Naturschutztag.jpg 200w, https:\/\/www.naturparkmagazin.de\/schwaebisch-fraenkischer-wald\/wp-content\/uploads\/sites\/34\/Naturschutztag-30x30.jpg 30w\" sizes=\"(max-width: 200px) 100vw, 200px\" \/><\/a><p id=\"caption-attachment-4730\" class=\"wp-caption-text\">Naturschutztag im Naturpark<\/p><\/div>\n<p>Beim Naturschutztag l\u00e4sst sich der Naturpark Schw\u00e4bisch-Fr\u00e4nkischer Wald aus der Sicht von flei\u00dfigen Pollensammlerinnen, Streuobstwiesenbewohnern und bl\u00fchenden Sch\u00f6nheiten am Wegesrand betrachten: der diesj\u00e4hrige Naturschutztag erm\u00f6glicht es zu verstehen, weshalb unsere Landschaften, Tier- und Pflanzenarten so sch\u00fctzenswert sind. Auf sieben kostenfreien Exkursionen, acht Mitmachangeboten und einem Vortrag k\u00f6nnen Sie die spannenden Aufgabenfelder des Naturschutzes kennenlernen.<\/p>\n<p>Ganz wilde und geheimnisvolle Flecken gibt in den Schutzgebieten des Naturparks zu entdecken, etwa das verwunschene Naturschutzgebiet Kupfermoor im Kreis Schw\u00e4bisch Hall, die Spiegelberger Bodenbachschlucht oder das FFH-Gebiet der Kocherwiesen in Michelbach an der Bilz. Die Brunnen- und H\u00e4gelesklinge in Kaisersbach und der Urbacher Bergrutsch am Kirchsteig sind altehrw\u00fcrdige Zeugen der Erdgeschichte; heute f\u00fchlt sich hier eine einzigartige Tier- und Pflanzenwelt wohl.<\/p>\n<p>In Pfedelbach k\u00f6nnen Sie zusammen mit dem H\u00fctehund vom Sch\u00e4fer Markus Basel wollige Landschaftspfleger auf ihrer Wiesentour begleiten. Wer wissen m\u00f6chte, welcher Vogel nebenbei in den bl\u00fchenden B\u00e4umen zwitschert, besucht am fr\u00fchen Morgen die \u201eStunde der Gartenv\u00f6gel\u201c beim NABU in Abtsgm\u00fcnd. Auf dem Erlebnisweg `s \u00c4pple wird die Bedeutung der Streuobstwiesen als Lebensraum erfahrbar und der Obst- und Gartenbauverein in Berglen-Bretzenacker l\u00e4dt dazu ein, das eigene Wissen \u00fcber die Vielfalt der hiesigen Obstsorten zu testen.<\/p>\n<p>Im Naturparkzentrum in Murrhardt wird es am Naturschutztag flattern und summen \u2013 hier k\u00f6nnen Sie spannende Geschichten und Informationen sowie Tipps zum Schutz von Flederm\u00e4usen und Bienen sammeln. \u00a0Rund um die Bedeutung und Bedrohungen der emsigen Best\u00e4uberinnen geht es auch auf einer Exkursion durchs bl\u00fctenreiche Berglen.<\/p>\n<p>F\u00fcr alle Bienenfreunde und solche die es noch werden wollen, findet in Welzheim im Rahmen des Bienenjahres im Naturpark der Vortrag \u201eHonigbienen die Best\u00e4uber der Welt\u201c statt: Prof. Dr. J\u00fcrgen Tautz von der Uni W\u00fcrzburg wird anschaulich \u00fcber die gestaltende und erhaltende Rolle der Honigbiene f\u00fcr unseren Naturhaushalt berichten.<\/p>\n<p>Kleine Naturforscher k\u00f6nnen sich auf einer \u201eBachf\u00fchlung\u201c an der Wieslauf bei Rudersberg mit Zuckm\u00fccken, Steinkrebsen und anderen Bachbewohnern anfreunden oder zusammen mit dem Team vom Umweltzentrum Schw\u00e4bisch Hall in Fichtenberg auf Insektensafari gehen. Um f\u00fcr den n\u00e4chsten Waldspaziergang ger\u00fcstet zu sein, wird im Erfahrungsfeld der Sinne Eins und Alles gelernt, wie sich Tiere anhand von Federn, Fra\u00dfspuren oder Pfotenabdr\u00fccke bestimmen lassen.<\/p>\n<p>Erstmalig wird in diesem Jahr auch ein Angebot speziell f\u00fcr Rollstuhlfahrerinnen und Rollstuhlfahrer dabei sein: Sie k\u00f6nnen am Naturschutztag auf einer Exkursion rund um den B\u00fchlhauweiher in Alth\u00fctte die Naturschutzarbeit der Gemeinde kennenlernen sowie botanische wie faunistische Besonderheiten am (rollstuhlgerechten) Wegesrand suchen und finden.<\/p>\n<p>In der Brosch\u00fcre zum Naturschutztag sind alle weiteren Informationen zu den Aktionen beschrieben. Diese ist sowohl im Naturparkzentrum in Murrhardt als auch auf der Homepage des Naturparks erh\u00e4ltlich: www.naturpark-sfw.de.<\/p>\n<p>Die Kooperationspartner des Naturschutztages, Naturparkf\u00fchrer, Schutzgemeinschaft Deutscher Wald, NABU, Umweltzentrum Schw\u00e4bisch Hall, Landschaftserhaltungsverband Hohenlohe sowie weitere Akteure werden Sie von der Vielfalt des Naturparks begeistern. Das Projekt wird durch den Naturpark Schw\u00e4bisch-Fr\u00e4nkischer Wald mit Mitteln des Landes Baden-W\u00fcrttemberg und der Lotterie Gl\u00fccksspirale gef\u00f6rdert.<\/p>\n<p>&nbsp;<\/p>\n","protected":false},"excerpt":{"rendered":"<p>14.05.: Exkursionen, Vortr\u00e4ge und spannende Mitmachaktionen am Naturschutztag<\/p>\n","protected":false},"author":25,"featured_media":4730,"comment_status":"open","ping_status":"open","sticky":false,"template":"","format":"standard","meta":[],"categories":[11],"tags":[686],"yoast_head":"<!-- This site is optimized with the Yoast SEO plugin v19.10 - https:\/\/yoast.com\/wordpress\/plugins\/seo\/ -->\n<title>Naturschutztag im Naturpark - Naturpark Schw\u00e4bisch-Fr\u00e4nkischer Wald<\/title>\n<meta name=\"robots\" content=\"index, follow, max-snippet:-1, max-image-preview:large, max-video-preview:-1\" \/>\n<link rel=\"canonical\" href=\"https:\/\/www.naturparkmagazin.de\/schwaebisch-fraenkischer-wald\/naturschutztag-im-naturpark\/\" \/>\n<meta property=\"og:locale\" content=\"de_DE\" \/>\n<meta property=\"og:type\" content=\"article\" \/>\n<meta property=\"og:title\" content=\"Naturschutztag im Naturpark - Naturpark Schw\u00e4bisch-Fr\u00e4nkischer Wald\" \/>\n<meta property=\"og:description\" content=\"14.05.: Exkursionen, Vortr\u00e4ge und spannende Mitmachaktionen am Naturschutztag\" \/>\n<meta property=\"og:url\" content=\"https:\/\/www.naturparkmagazin.de\/schwaebisch-fraenkischer-wald\/naturschutztag-im-naturpark\/\" \/>\n<meta property=\"og:site_name\" content=\"Naturpark Schw\u00e4bisch-Fr\u00e4nkischer Wald\" \/>\n<meta property=\"article:author\" content=\"https:\/\/www.facebook.com\/naturparkSFW\" \/>\n<meta property=\"article:published_time\" content=\"2017-04-18T15:00:39+00:00\" \/>\n<meta property=\"article:modified_time\" content=\"2017-04-20T07:14:45+00:00\" \/>\n<meta property=\"og:image\" content=\"https:\/\/www.naturparkmagazin.de\/schwaebisch-fraenkischer-wald\/wp-content\/uploads\/sites\/34\/Naturschutztag.jpg\" \/>\n\t<meta property=\"og:image:width\" content=\"200\" \/>\n\t<meta property=\"og:image:height\" content=\"200\" \/>\n\t<meta property=\"og:image:type\" content=\"image\/jpeg\" \/>\n<meta name=\"author\" content=\"Naturpark-Team\" \/>\n<meta name=\"twitter:label1\" content=\"Verfasst von\" \/>\n\t<meta name=\"twitter:data1\" content=\"Naturpark-Team\" \/>\n\t<meta name=\"twitter:label2\" content=\"Gesch\u00e4tzte Lesezeit\" \/>\n\t<meta name=\"twitter:data2\" content=\"3\u00a0Minuten\" \/>\n<script type=\"application\/ld+json\" class=\"yoast-schema-graph\">{\"@context\":\"https:\/\/schema.org\",\"@graph\":[{\"@type\":\"WebPage\",\"@id\":\"https:\/\/www.naturparkmagazin.de\/schwaebisch-fraenkischer-wald\/naturschutztag-im-naturpark\/\",\"url\":\"https:\/\/www.naturparkmagazin.de\/schwaebisch-fraenkischer-wald\/naturschutztag-im-naturpark\/\",\"name\":\"Naturschutztag im Naturpark - Naturpark Schw\u00e4bisch-Fr\u00e4nkischer Wald\",\"isPartOf\":{\"@id\":\"https:\/\/www.naturparkmagazin.de\/schwaebisch-fraenkischer-wald\/#website\"},\"datePublished\":\"2017-04-18T15:00:39+00:00\",\"dateModified\":\"2017-04-20T07:14:45+00:00\",\"author\":{\"@id\":\"https:\/\/www.naturparkmagazin.de\/schwaebisch-fraenkischer-wald\/#\/schema\/person\/f047a3702ae747fd7830cf8ac95e6066\"},\"breadcrumb\":{\"@id\":\"https:\/\/www.naturparkmagazin.de\/schwaebisch-fraenkischer-wald\/naturschutztag-im-naturpark\/#breadcrumb\"},\"inLanguage\":\"de\",\"potentialAction\":[{\"@type\":\"ReadAction\",\"target\":[\"https:\/\/www.naturparkmagazin.de\/schwaebisch-fraenkischer-wald\/naturschutztag-im-naturpark\/\"]}]},{\"@type\":\"BreadcrumbList\",\"@id\":\"https:\/\/www.naturparkmagazin.de\/schwaebisch-fraenkischer-wald\/naturschutztag-im-naturpark\/#breadcrumb\",\"itemListElement\":[{\"@type\":\"ListItem\",\"position\":1,\"name\":\"Home\",\"item\":\"https:\/\/www.naturparkmagazin.de\/schwaebisch-fraenkischer-wald\/\"},{\"@type\":\"ListItem\",\"position\":2,\"name\":\"Naturschutztag im Naturpark\"}]},{\"@type\":\"WebSite\",\"@id\":\"https:\/\/www.naturparkmagazin.de\/schwaebisch-fraenkischer-wald\/#website\",\"url\":\"https:\/\/www.naturparkmagazin.de\/schwaebisch-fraenkischer-wald\/\",\"name\":\"Naturpark Schw\u00e4bisch-Fr\u00e4nkischer Wald\",\"description\":\"\",\"potentialAction\":[{\"@type\":\"SearchAction\",\"target\":{\"@type\":\"EntryPoint\",\"urlTemplate\":\"https:\/\/www.naturparkmagazin.de\/schwaebisch-fraenkischer-wald\/?s={search_term_string}\"},\"query-input\":\"required name=search_term_string\"}],\"inLanguage\":\"de\"},{\"@type\":\"Person\",\"@id\":\"https:\/\/www.naturparkmagazin.de\/schwaebisch-fraenkischer-wald\/#\/schema\/person\/f047a3702ae747fd7830cf8ac95e6066\",\"name\":\"Naturpark-Team\",\"sameAs\":[\"http:\/\/www.naturpark-sfw.de\",\"https:\/\/www.facebook.com\/naturparkSFW\"],\"url\":\"https:\/\/www.naturparkmagazin.de\/schwaebisch-fraenkischer-wald\/author\/bernharddrixler\/\"}]}<\/script>\n<!-- \/ Yoast SEO plugin. -->","yoast_head_json":{"title":"Naturschutztag im Naturpark - Naturpark Schw\u00e4bisch-Fr\u00e4nkischer Wald","robots":{"index":"index","follow":"follow","max-snippet":"max-snippet:-1","max-image-preview":"max-image-preview:large","max-video-preview":"max-video-preview:-1"},"canonical":"https:\/\/www.naturparkmagazin.de\/schwaebisch-fraenkischer-wald\/naturschutztag-im-naturpark\/","og_locale":"de_DE","og_type":"article","og_title":"Naturschutztag im Naturpark - Naturpark Schw\u00e4bisch-Fr\u00e4nkischer Wald","og_description":"14.05.: Exkursionen, Vortr\u00e4ge und spannende Mitmachaktionen am Naturschutztag","og_url":"https:\/\/www.naturparkmagazin.de\/schwaebisch-fraenkischer-wald\/naturschutztag-im-naturpark\/","og_site_name":"Naturpark Schw\u00e4bisch-Fr\u00e4nkischer Wald","article_author":"https:\/\/www.facebook.com\/naturparkSFW","article_published_time":"2017-04-18T15:00:39+00:00","article_modified_time":"2017-04-20T07:14:45+00:00","og_image":[{"width":200,"height":200,"url":"https:\/\/www.naturparkmagazin.de\/schwaebisch-fraenkischer-wald\/wp-content\/uploads\/sites\/34\/Naturschutztag.jpg","type":"image\/jpeg"}],"author":"Naturpark-Team","twitter_misc":{"Verfasst von":"Naturpark-Team","Gesch\u00e4tzte Lesezeit":"3\u00a0Minuten"},"schema":{"@context":"https:\/\/schema.org","@graph":[{"@type":"WebPage","@id":"https:\/\/www.naturparkmagazin.de\/schwaebisch-fraenkischer-wald\/naturschutztag-im-naturpark\/","url":"https:\/\/www.naturparkmagazin.de\/schwaebisch-fraenkischer-wald\/naturschutztag-im-naturpark\/","name":"Naturschutztag im Naturpark - Naturpark Schw\u00e4bisch-Fr\u00e4nkischer Wald","isPartOf":{"@id":"https:\/\/www.naturparkmagazin.de\/schwaebisch-fraenkischer-wald\/#website"},"datePublished":"2017-04-18T15:00:39+00:00","dateModified":"2017-04-20T07:14:45+00:00","author":{"@id":"https:\/\/www.naturparkmagazin.de\/schwaebisch-fraenkischer-wald\/#\/schema\/person\/f047a3702ae747fd7830cf8ac95e6066"},"breadcrumb":{"@id":"https:\/\/www.naturparkmagazin.de\/schwaebisch-fraenkischer-wald\/naturschutztag-im-naturpark\/#breadcrumb"},"inLanguage":"de","potentialAction":[{"@type":"ReadAction","target":["https:\/\/www.naturparkmagazin.de\/schwaebisch-fraenkischer-wald\/naturschutztag-im-naturpark\/"]}]},{"@type":"BreadcrumbList","@id":"https:\/\/www.naturparkmagazin.de\/schwaebisch-fraenkischer-wald\/naturschutztag-im-naturpark\/#breadcrumb","itemListElement":[{"@type":"ListItem","position":1,"name":"Home","item":"https:\/\/www.naturparkmagazin.de\/schwaebisch-fraenkischer-wald\/"},{"@type":"ListItem","position":2,"name":"Naturschutztag im Naturpark"}]},{"@type":"WebSite","@id":"https:\/\/www.naturparkmagazin.de\/schwaebisch-fraenkischer-wald\/#website","url":"https:\/\/www.naturparkmagazin.de\/schwaebisch-fraenkischer-wald\/","name":"Naturpark Schw\u00e4bisch-Fr\u00e4nkischer Wald","description":"","potentialAction":[{"@type":"SearchAction","target":{"@type":"EntryPoint","urlTemplate":"https:\/\/www.naturparkmagazin.de\/schwaebisch-fraenkischer-wald\/?s={search_term_string}"},"query-input":"required name=search_term_string"}],"inLanguage":"de"},{"@type":"Person","@id":"https:\/\/www.naturparkmagazin.de\/schwaebisch-fraenkischer-wald\/#\/schema\/person\/f047a3702ae747fd7830cf8ac95e6066","name":"Naturpark-Team","sameAs":["http:\/\/www.naturpark-sfw.de","https:\/\/www.facebook.com\/naturparkSFW"],"url":"https:\/\/www.naturparkmagazin.de\/schwaebisch-fraenkischer-wald\/author\/bernharddrixler\/"}]}},"_links":{"self":[{"href":"https:\/\/www.naturparkmagazin.de\/schwaebisch-fraenkischer-wald\/wp-json\/wp\/v2\/posts\/4362"}],"collection":[{"href":"https:\/\/www.naturparkmagazin.de\/schwaebisch-fraenkischer-wald\/wp-json\/wp\/v2\/posts"}],"about":[{"href":"https:\/\/www.naturparkmagazin.de\/schwaebisch-fraenkischer-wald\/wp-json\/wp\/v2\/types\/post"}],"author":[{"embeddable":true,"href":"https:\/\/www.naturparkmagazin.de\/schwaebisch-fraenkischer-wald\/wp-json\/wp\/v2\/users\/25"}],"replies":[{"embeddable":true,"href":"https:\/\/www.naturparkmagazin.de\/schwaebisch-fraenkischer-wald\/wp-json\/wp\/v2\/comments?post=4362"}],"version-history":[{"count":3,"href":"https:\/\/www.naturparkmagazin.de\/schwaebisch-fraenkischer-wald\/wp-json\/wp\/v2\/posts\/4362\/revisions"}],"predecessor-version":[{"id":4732,"href":"https:\/\/www.naturparkmagazin.de\/schwaebisch-fraenkischer-wald\/wp-json\/wp\/v2\/posts\/4362\/revisions\/4732"}],"wp:featuredmedia":[{"embeddable":true,"href":"https:\/\/www.naturparkmagazin.de\/schwaebisch-fraenkischer-wald\/wp-json\/wp\/v2\/media\/4730"}],"wp:attachment":[{"href":"https:\/\/www.naturparkmagazin.de\/schwaebisch-fraenkischer-wald\/wp-json\/wp\/v2\/media?parent=4362"}],"wp:term":[{"taxonomy":"category","embeddable":true,"href":"https:\/\/www.naturparkmagazin.de\/schwaebisch-fraenkischer-wald\/wp-json\/wp\/v2\/categories?post=4362"},{"taxonomy":"post_tag","embeddable":true,"href":"https:\/\/www.naturparkmagazin.de\/schwaebisch-fraenkischer-wald\/wp-json\/wp\/v2\/tags?post=4362"}],"curies":[{"name":"wp","href":"https:\/\/api.w.org\/{rel}","templated":true}]}}