{"id":4386,"date":"2017-05-16T11:30:14","date_gmt":"2017-05-16T09:30:14","guid":{"rendered":"http:\/\/www.naturparkmagazin.de\/schwaebisch-fraenkischer-wald\/?p=4386"},"modified":"2017-05-11T10:35:35","modified_gmt":"2017-05-11T08:35:35","slug":"naturparkmarkt-in-waldenburg","status":"publish","type":"post","link":"https:\/\/www.naturparkmagazin.de\/schwaebisch-fraenkischer-wald\/naturparkmarkt-in-waldenburg\/","title":{"rendered":"Naturparkmarkt in Waldenburg \u2013 Treffpunkt der regionalen Vielfalt"},"content":{"rendered":"<p>25. Juni &#8211; Sonntag<\/p>\n<div id=\"attachment_5047\" style=\"width: 210px\" class=\"wp-caption alignright\"><a href=\"https:\/\/www.naturparkmagazin.de\/schwaebisch-fraenkischer-wald\/wp-content\/uploads\/sites\/34\/NPM_Waldenburg.jpg\"><img aria-describedby=\"caption-attachment-5047\" decoding=\"async\" loading=\"lazy\" class=\"size-full wp-image-5047\" src=\"https:\/\/www.naturparkmagazin.de\/schwaebisch-fraenkischer-wald\/wp-content\/uploads\/sites\/34\/NPM_Waldenburg.jpg\" alt=\"Naturparkmarkt in Waldenburg \u2013 Treffpunkt der regionalen Vielfalt\" width=\"200\" height=\"200\" srcset=\"https:\/\/www.naturparkmagazin.de\/schwaebisch-fraenkischer-wald\/wp-content\/uploads\/sites\/34\/NPM_Waldenburg.jpg 200w, https:\/\/www.naturparkmagazin.de\/schwaebisch-fraenkischer-wald\/wp-content\/uploads\/sites\/34\/NPM_Waldenburg-30x30.jpg 30w\" sizes=\"(max-width: 200px) 100vw, 200px\" \/><\/a><p id=\"caption-attachment-5047\" class=\"wp-caption-text\">Naturparkmarkt in Waldenburg \u2013 Treffpunkt der regionalen Vielfalt<\/p><\/div>\n<p>Am 25. Juni werden aromatische Erdbeeren, zart duftender Bl\u00fctenhonig oder Fruchtaufstriche aus alten Obstsorten die historische Altstadt von Waldenburg in einen Genusstreffpunkt verwandeln. Zwischen 11-18 Uhr l\u00e4dt der zweite Naturparkmarkt in diesem Jahr dazu ein, regional produzierte K\u00f6stlichkeiten und Handwerkskunst aus dem Naturpark Schw\u00e4bisch-Fr\u00e4nkischer Wald kennenzulernen.<\/p>\n<p>Anders als beim sonst anonymen Einkauf im Supermarkt bietet der Naturparkmarkt die M\u00f6glichkeit, mit den Direktvermarktern der regionalen Produkte ins pers\u00f6nliche Gespr\u00e4ch zu kommen. Bei einem gem\u00fctlichen Plausch am Marktstand k\u00f6nnen sich die Besucherinnen und Besucher z.B. informieren, wo die wolligen Landschaftspfleger weiden, welche die Milch f\u00fcr das Schafsmilcheis der Eismeisterei Kre\u00df aus Aspach produzieren. Und Gerhard Scholl aus Mainhardt kann erz\u00e4hlen, wie es zur Namensfindung der \u201eR\u00e4uberlinsen\u201c kam. Auch die Kunsthandwerker aus der Region werden gerne mehr \u00fcber die Entstehungsgeschichte der liebevoll gestalteten Gebrauchsgegenst\u00e4nde und Kunstobjekte aus Holz, Stein, Ton, Wolle oder Seife berichten.<\/p>\n<p>Neben den regionalen Produkten von \u00fcber 40 Direktvermarktern l\u00e4sst sich die Stadt Waldenburg an diesem Tag entdecken. Etwa beim Panoramaspaziergang mit Reinhard Messerschmidt, der um 14 Uhr am Infostand der Gemeinde Waldenburg beginnt. Auf einer gem\u00fctlichen Rundfahrt mit dem Planwagen zum Neum\u00fchlsee erz\u00e4hlt Naturparkf\u00fchrer Albrecht Block allerlei Anekdoten aus der Gegend. Die ca. 1,5 st\u00fcndigen Fahrten beginnen um 11.30, 13.30 und 15.30 Uhr an der Bushaltestelle am Marktplatz. Eine weitere Pause vom Marktrubel l\u00e4sst sich bei den St\u00e4nden der Naturparkf\u00fchrer einlegen, hier ist Waldwissen und Geschick in der Holzwerkstatt gefragt. Hilfreiche Tipps und Ideen zum Bienenschutz im eigenen Garten gibt es beim Infopavillon der Naturparkgesch\u00e4ftsstelle.<\/p>\n<p>Der Flyer zum Naturparkmarkt liegt im Naturparkzentrum in Murrhardt sowie im Waldenburger Rathaus aus oder kann auf der Naturparkhomepage angefordert oder heruntergeladen werden: <a href=\"http:\/\/www.naturpark-sfw.de\">www.naturpark-sfw.de<\/a>.<\/p>\n<p>Die f\u00fcnf Naturparkm\u00e4rkte 2017 sind ein Kooperationsprojekt des Naturparks mit den teilnehmenden Kommunen. Das Projekt wird durch den Naturpark Schw\u00e4bisch-Fr\u00e4nkischer Wald mit Mitteln des Landes Baden-W\u00fcrttemberg, der Lotterie Gl\u00fccksspirale und der Europ\u00e4ischen Union (ELER) gef\u00f6rdert.<\/p>\n<p>Die Naturparkmarkt-Termine 2017 in der \u00dcbersicht:<\/p>\n<ul>\n<li>Sonntag, 21. Mai: Welzheim<\/li>\n<li>Sonntag, 25. Juni: Waldenburg<\/li>\n<li>Sonntag, 16. Juli: Alfdorf<\/li>\n<li>Sonntag, 10. September: Sulzbach-Laufen<\/li>\n<li>Sonntag, 01. Oktober: Murrhardt<\/li>\n<\/ul>\n","protected":false},"excerpt":{"rendered":"<p>25.06.: Naturparkmarkt in Waldenburg<\/p>\n","protected":false},"author":25,"featured_media":5047,"comment_status":"open","ping_status":"open","sticky":false,"template":"","format":"standard","meta":[],"categories":[11],"tags":[686],"yoast_head":"<!-- This site is optimized with the Yoast SEO plugin v19.10 - https:\/\/yoast.com\/wordpress\/plugins\/seo\/ -->\n<title>Naturparkmarkt in Waldenburg \u2013 Treffpunkt der regionalen Vielfalt - Naturpark Schw\u00e4bisch-Fr\u00e4nkischer Wald<\/title>\n<meta name=\"robots\" content=\"index, follow, max-snippet:-1, max-image-preview:large, max-video-preview:-1\" \/>\n<link rel=\"canonical\" href=\"https:\/\/www.naturparkmagazin.de\/schwaebisch-fraenkischer-wald\/naturparkmarkt-in-waldenburg\/\" \/>\n<meta property=\"og:locale\" content=\"de_DE\" \/>\n<meta property=\"og:type\" content=\"article\" \/>\n<meta property=\"og:title\" content=\"Naturparkmarkt in Waldenburg \u2013 Treffpunkt der regionalen Vielfalt - Naturpark Schw\u00e4bisch-Fr\u00e4nkischer Wald\" \/>\n<meta property=\"og:description\" content=\"25.06.: Naturparkmarkt in Waldenburg\" \/>\n<meta property=\"og:url\" content=\"https:\/\/www.naturparkmagazin.de\/schwaebisch-fraenkischer-wald\/naturparkmarkt-in-waldenburg\/\" \/>\n<meta property=\"og:site_name\" content=\"Naturpark Schw\u00e4bisch-Fr\u00e4nkischer Wald\" \/>\n<meta property=\"article:author\" content=\"https:\/\/www.facebook.com\/naturparkSFW\" \/>\n<meta property=\"article:published_time\" content=\"2017-05-16T09:30:14+00:00\" \/>\n<meta property=\"article:modified_time\" content=\"2017-05-11T08:35:35+00:00\" \/>\n<meta property=\"og:image\" content=\"https:\/\/www.naturparkmagazin.de\/schwaebisch-fraenkischer-wald\/wp-content\/uploads\/sites\/34\/NPM_Waldenburg.jpg\" \/>\n\t<meta property=\"og:image:width\" content=\"200\" \/>\n\t<meta property=\"og:image:height\" content=\"200\" \/>\n\t<meta property=\"og:image:type\" content=\"image\/jpeg\" \/>\n<meta name=\"author\" content=\"Naturpark-Team\" \/>\n<meta name=\"twitter:label1\" content=\"Verfasst von\" \/>\n\t<meta name=\"twitter:data1\" content=\"Naturpark-Team\" \/>\n\t<meta name=\"twitter:label2\" content=\"Gesch\u00e4tzte Lesezeit\" \/>\n\t<meta name=\"twitter:data2\" content=\"2\u00a0Minuten\" \/>\n<script type=\"application\/ld+json\" class=\"yoast-schema-graph\">{\"@context\":\"https:\/\/schema.org\",\"@graph\":[{\"@type\":\"WebPage\",\"@id\":\"https:\/\/www.naturparkmagazin.de\/schwaebisch-fraenkischer-wald\/naturparkmarkt-in-waldenburg\/\",\"url\":\"https:\/\/www.naturparkmagazin.de\/schwaebisch-fraenkischer-wald\/naturparkmarkt-in-waldenburg\/\",\"name\":\"Naturparkmarkt in Waldenburg \u2013 Treffpunkt der regionalen Vielfalt - Naturpark Schw\u00e4bisch-Fr\u00e4nkischer Wald\",\"isPartOf\":{\"@id\":\"https:\/\/www.naturparkmagazin.de\/schwaebisch-fraenkischer-wald\/#website\"},\"datePublished\":\"2017-05-16T09:30:14+00:00\",\"dateModified\":\"2017-05-11T08:35:35+00:00\",\"author\":{\"@id\":\"https:\/\/www.naturparkmagazin.de\/schwaebisch-fraenkischer-wald\/#\/schema\/person\/f047a3702ae747fd7830cf8ac95e6066\"},\"breadcrumb\":{\"@id\":\"https:\/\/www.naturparkmagazin.de\/schwaebisch-fraenkischer-wald\/naturparkmarkt-in-waldenburg\/#breadcrumb\"},\"inLanguage\":\"de\",\"potentialAction\":[{\"@type\":\"ReadAction\",\"target\":[\"https:\/\/www.naturparkmagazin.de\/schwaebisch-fraenkischer-wald\/naturparkmarkt-in-waldenburg\/\"]}]},{\"@type\":\"BreadcrumbList\",\"@id\":\"https:\/\/www.naturparkmagazin.de\/schwaebisch-fraenkischer-wald\/naturparkmarkt-in-waldenburg\/#breadcrumb\",\"itemListElement\":[{\"@type\":\"ListItem\",\"position\":1,\"name\":\"Home\",\"item\":\"https:\/\/www.naturparkmagazin.de\/schwaebisch-fraenkischer-wald\/\"},{\"@type\":\"ListItem\",\"position\":2,\"name\":\"Naturparkmarkt in Waldenburg \u2013 Treffpunkt der regionalen Vielfalt\"}]},{\"@type\":\"WebSite\",\"@id\":\"https:\/\/www.naturparkmagazin.de\/schwaebisch-fraenkischer-wald\/#website\",\"url\":\"https:\/\/www.naturparkmagazin.de\/schwaebisch-fraenkischer-wald\/\",\"name\":\"Naturpark Schw\u00e4bisch-Fr\u00e4nkischer Wald\",\"description\":\"\",\"potentialAction\":[{\"@type\":\"SearchAction\",\"target\":{\"@type\":\"EntryPoint\",\"urlTemplate\":\"https:\/\/www.naturparkmagazin.de\/schwaebisch-fraenkischer-wald\/?s={search_term_string}\"},\"query-input\":\"required name=search_term_string\"}],\"inLanguage\":\"de\"},{\"@type\":\"Person\",\"@id\":\"https:\/\/www.naturparkmagazin.de\/schwaebisch-fraenkischer-wald\/#\/schema\/person\/f047a3702ae747fd7830cf8ac95e6066\",\"name\":\"Naturpark-Team\",\"sameAs\":[\"http:\/\/www.naturpark-sfw.de\",\"https:\/\/www.facebook.com\/naturparkSFW\"],\"url\":\"https:\/\/www.naturparkmagazin.de\/schwaebisch-fraenkischer-wald\/author\/bernharddrixler\/\"}]}<\/script>\n<!-- \/ Yoast SEO plugin. -->","yoast_head_json":{"title":"Naturparkmarkt in Waldenburg \u2013 Treffpunkt der regionalen Vielfalt - Naturpark Schw\u00e4bisch-Fr\u00e4nkischer Wald","robots":{"index":"index","follow":"follow","max-snippet":"max-snippet:-1","max-image-preview":"max-image-preview:large","max-video-preview":"max-video-preview:-1"},"canonical":"https:\/\/www.naturparkmagazin.de\/schwaebisch-fraenkischer-wald\/naturparkmarkt-in-waldenburg\/","og_locale":"de_DE","og_type":"article","og_title":"Naturparkmarkt in Waldenburg \u2013 Treffpunkt der regionalen Vielfalt - Naturpark Schw\u00e4bisch-Fr\u00e4nkischer Wald","og_description":"25.06.: Naturparkmarkt in Waldenburg","og_url":"https:\/\/www.naturparkmagazin.de\/schwaebisch-fraenkischer-wald\/naturparkmarkt-in-waldenburg\/","og_site_name":"Naturpark Schw\u00e4bisch-Fr\u00e4nkischer Wald","article_author":"https:\/\/www.facebook.com\/naturparkSFW","article_published_time":"2017-05-16T09:30:14+00:00","article_modified_time":"2017-05-11T08:35:35+00:00","og_image":[{"width":200,"height":200,"url":"https:\/\/www.naturparkmagazin.de\/schwaebisch-fraenkischer-wald\/wp-content\/uploads\/sites\/34\/NPM_Waldenburg.jpg","type":"image\/jpeg"}],"author":"Naturpark-Team","twitter_misc":{"Verfasst von":"Naturpark-Team","Gesch\u00e4tzte Lesezeit":"2\u00a0Minuten"},"schema":{"@context":"https:\/\/schema.org","@graph":[{"@type":"WebPage","@id":"https:\/\/www.naturparkmagazin.de\/schwaebisch-fraenkischer-wald\/naturparkmarkt-in-waldenburg\/","url":"https:\/\/www.naturparkmagazin.de\/schwaebisch-fraenkischer-wald\/naturparkmarkt-in-waldenburg\/","name":"Naturparkmarkt in Waldenburg \u2013 Treffpunkt der regionalen Vielfalt - Naturpark Schw\u00e4bisch-Fr\u00e4nkischer Wald","isPartOf":{"@id":"https:\/\/www.naturparkmagazin.de\/schwaebisch-fraenkischer-wald\/#website"},"datePublished":"2017-05-16T09:30:14+00:00","dateModified":"2017-05-11T08:35:35+00:00","author":{"@id":"https:\/\/www.naturparkmagazin.de\/schwaebisch-fraenkischer-wald\/#\/schema\/person\/f047a3702ae747fd7830cf8ac95e6066"},"breadcrumb":{"@id":"https:\/\/www.naturparkmagazin.de\/schwaebisch-fraenkischer-wald\/naturparkmarkt-in-waldenburg\/#breadcrumb"},"inLanguage":"de","potentialAction":[{"@type":"ReadAction","target":["https:\/\/www.naturparkmagazin.de\/schwaebisch-fraenkischer-wald\/naturparkmarkt-in-waldenburg\/"]}]},{"@type":"BreadcrumbList","@id":"https:\/\/www.naturparkmagazin.de\/schwaebisch-fraenkischer-wald\/naturparkmarkt-in-waldenburg\/#breadcrumb","itemListElement":[{"@type":"ListItem","position":1,"name":"Home","item":"https:\/\/www.naturparkmagazin.de\/schwaebisch-fraenkischer-wald\/"},{"@type":"ListItem","position":2,"name":"Naturparkmarkt in Waldenburg \u2013 Treffpunkt der regionalen Vielfalt"}]},{"@type":"WebSite","@id":"https:\/\/www.naturparkmagazin.de\/schwaebisch-fraenkischer-wald\/#website","url":"https:\/\/www.naturparkmagazin.de\/schwaebisch-fraenkischer-wald\/","name":"Naturpark Schw\u00e4bisch-Fr\u00e4nkischer Wald","description":"","potentialAction":[{"@type":"SearchAction","target":{"@type":"EntryPoint","urlTemplate":"https:\/\/www.naturparkmagazin.de\/schwaebisch-fraenkischer-wald\/?s={search_term_string}"},"query-input":"required name=search_term_string"}],"inLanguage":"de"},{"@type":"Person","@id":"https:\/\/www.naturparkmagazin.de\/schwaebisch-fraenkischer-wald\/#\/schema\/person\/f047a3702ae747fd7830cf8ac95e6066","name":"Naturpark-Team","sameAs":["http:\/\/www.naturpark-sfw.de","https:\/\/www.facebook.com\/naturparkSFW"],"url":"https:\/\/www.naturparkmagazin.de\/schwaebisch-fraenkischer-wald\/author\/bernharddrixler\/"}]}},"_links":{"self":[{"href":"https:\/\/www.naturparkmagazin.de\/schwaebisch-fraenkischer-wald\/wp-json\/wp\/v2\/posts\/4386"}],"collection":[{"href":"https:\/\/www.naturparkmagazin.de\/schwaebisch-fraenkischer-wald\/wp-json\/wp\/v2\/posts"}],"about":[{"href":"https:\/\/www.naturparkmagazin.de\/schwaebisch-fraenkischer-wald\/wp-json\/wp\/v2\/types\/post"}],"author":[{"embeddable":true,"href":"https:\/\/www.naturparkmagazin.de\/schwaebisch-fraenkischer-wald\/wp-json\/wp\/v2\/users\/25"}],"replies":[{"embeddable":true,"href":"https:\/\/www.naturparkmagazin.de\/schwaebisch-fraenkischer-wald\/wp-json\/wp\/v2\/comments?post=4386"}],"version-history":[{"count":6,"href":"https:\/\/www.naturparkmagazin.de\/schwaebisch-fraenkischer-wald\/wp-json\/wp\/v2\/posts\/4386\/revisions"}],"predecessor-version":[{"id":5048,"href":"https:\/\/www.naturparkmagazin.de\/schwaebisch-fraenkischer-wald\/wp-json\/wp\/v2\/posts\/4386\/revisions\/5048"}],"wp:featuredmedia":[{"embeddable":true,"href":"https:\/\/www.naturparkmagazin.de\/schwaebisch-fraenkischer-wald\/wp-json\/wp\/v2\/media\/5047"}],"wp:attachment":[{"href":"https:\/\/www.naturparkmagazin.de\/schwaebisch-fraenkischer-wald\/wp-json\/wp\/v2\/media?parent=4386"}],"wp:term":[{"taxonomy":"category","embeddable":true,"href":"https:\/\/www.naturparkmagazin.de\/schwaebisch-fraenkischer-wald\/wp-json\/wp\/v2\/categories?post=4386"},{"taxonomy":"post_tag","embeddable":true,"href":"https:\/\/www.naturparkmagazin.de\/schwaebisch-fraenkischer-wald\/wp-json\/wp\/v2\/tags?post=4386"}],"curies":[{"name":"wp","href":"https:\/\/api.w.org\/{rel}","templated":true}]}}