{"id":4484,"date":"2017-03-20T10:55:40","date_gmt":"2017-03-20T09:55:40","guid":{"rendered":"http:\/\/www.naturparkmagazin.de\/schwaebisch-fraenkischer-wald\/?p=4484"},"modified":"2017-03-23T12:19:07","modified_gmt":"2017-03-23T11:19:07","slug":"25-km-wanderung-mit-den-naturparkfuehrern-dr-manfred-krautter-und-walter-hieber","status":"publish","type":"post","link":"https:\/\/www.naturparkmagazin.de\/schwaebisch-fraenkischer-wald\/25-km-wanderung-mit-den-naturparkfuehrern-dr-manfred-krautter-und-walter-hieber\/","title":{"rendered":"25 km-Wanderung mit den Naturparkf\u00fchrern Dr.  Manfred Krautter und Walter Hieber"},"content":{"rendered":"<p>9. April, Sonntag<\/p>\n<div id=\"attachment_4485\" style=\"width: 210px\" class=\"wp-caption alignright\"><a href=\"https:\/\/www.naturparkmagazin.de\/schwaebisch-fraenkischer-wald\/wp-content\/uploads\/sites\/34\/1.Mai-Wanderung-062.jpg\"><img aria-describedby=\"caption-attachment-4485\" decoding=\"async\" loading=\"lazy\" class=\"size-full wp-image-4485\" src=\"https:\/\/www.naturparkmagazin.de\/schwaebisch-fraenkischer-wald\/wp-content\/uploads\/sites\/34\/1.Mai-Wanderung-062.jpg\" alt=\"25 km-Wanderung mit den Naturparkf\u00fchrern Dr.  Manfred Krautter und Walter Hieber\" width=\"200\" height=\"200\" srcset=\"https:\/\/www.naturparkmagazin.de\/schwaebisch-fraenkischer-wald\/wp-content\/uploads\/sites\/34\/1.Mai-Wanderung-062.jpg 200w, https:\/\/www.naturparkmagazin.de\/schwaebisch-fraenkischer-wald\/wp-content\/uploads\/sites\/34\/1.Mai-Wanderung-062-30x30.jpg 30w\" sizes=\"(max-width: 200px) 100vw, 200px\" \/><\/a><p id=\"caption-attachment-4485\" class=\"wp-caption-text\">25 km-Wanderung mit den Naturparkf\u00fchrern Dr. Manfred Krautter und Walter Hieber<\/p><\/div>\n<p>Diese etwa 25 km lange Rundtour f\u00fcr ge\u00fcbte Wanderer erschlie\u00dft faszinierende Gegens\u00e4tze der Landschaft des Schw\u00e4bischen Waldes: Urspr\u00fcngliche, tiefe Schluchten und grandiose Ausblicke werden ebenso erwandert, wie ein von Menschen geschaffener Fl\u00f6\u00dfersee. Dazu gibt es die Ruhe und Kraft des naturnahen Waldes, die historische Klingenm\u00fchle und den Obergermanischen Limes \u2013 in Szene gesetzt und kundig erkl\u00e4rt von den WaldMeistern. Mit \u201eGenuss von hier\u201c wird auch der Gaumen verw\u00f6hnt: Das Mittagsvesper f\u00fcr die Wanderer wird inmitten der Natur genossen.\u00a0 Diese Tour eignet sich hervorragend als Saisonauftakt f\u00fcr ge\u00fcbte Wanderer, die Wert auf echtes Naturerlebnis und das Erfahren wissenswerter Infos \u00fcber Landschaft und Kulturgeschichte legen.<\/p>\n<p>Start am 9.4. ist um 8.30 Uhr an der Infoh\u00fctte direkt am Ebnisee. Dauer: ca. 7 \u2013 8 Stunden. Die Kosten betragen inklusive Mittagsvesper 20 \u20ac. Wetterangepasste Wanderausr\u00fcstung, Vesper (au\u00dfer Mittgessen) und Getr\u00e4nke bitte mitbringen. F\u00fcr diese Tour, die bei jedem Wetter stattfindet, ist eine Anmeldung notwendig an: Naturparkf\u00fchrer Walter Hieber. E-Mail: info@waldentdecker.de, Telefon 07182\/935697.<\/p>\n<ul>\n<li>Start: 8.30 Uhr<\/li>\n<li>Treffpunkt: Kaisersbach-Ebnisee, Info-H\u00fctte bei der Bushaltestelle<\/li>\n<li>Dauer: Ca. 7,5 Stunden<\/li>\n<li>Kosten: 20 \u20ac\/Person, inkl. Mittagsvesper und Getr\u00e4nke<\/li>\n<li>Anmeldung bis 7. April<\/li>\n<li>0 71 82 \/ 93 56 97<\/li>\n<li>hieber@die-naturparkfuehrer.de<\/li>\n<\/ul>\n","protected":false},"excerpt":{"rendered":"<p>09.04.: Mit den \u201eWaldMeistern\u201c zu den Schluchten und Grotten rund um den Ebnisee<\/p>\n","protected":false},"author":25,"featured_media":4485,"comment_status":"open","ping_status":"open","sticky":false,"template":"","format":"standard","meta":[],"categories":[11],"tags":[686],"yoast_head":"<!-- This site is optimized with the Yoast SEO plugin v19.10 - https:\/\/yoast.com\/wordpress\/plugins\/seo\/ -->\n<title>25 km-Wanderung mit den Naturparkf\u00fchrern Dr. Manfred Krautter und Walter Hieber - Naturpark Schw\u00e4bisch-Fr\u00e4nkischer Wald<\/title>\n<meta name=\"robots\" content=\"index, follow, max-snippet:-1, max-image-preview:large, max-video-preview:-1\" \/>\n<link rel=\"canonical\" href=\"https:\/\/www.naturparkmagazin.de\/schwaebisch-fraenkischer-wald\/25-km-wanderung-mit-den-naturparkfuehrern-dr-manfred-krautter-und-walter-hieber\/\" \/>\n<meta property=\"og:locale\" content=\"de_DE\" \/>\n<meta property=\"og:type\" content=\"article\" \/>\n<meta property=\"og:title\" content=\"25 km-Wanderung mit den Naturparkf\u00fchrern Dr. Manfred Krautter und Walter Hieber - Naturpark Schw\u00e4bisch-Fr\u00e4nkischer Wald\" \/>\n<meta property=\"og:description\" content=\"09.04.: Mit den \u201eWaldMeistern\u201c zu den Schluchten und Grotten rund um den Ebnisee\" \/>\n<meta property=\"og:url\" content=\"https:\/\/www.naturparkmagazin.de\/schwaebisch-fraenkischer-wald\/25-km-wanderung-mit-den-naturparkfuehrern-dr-manfred-krautter-und-walter-hieber\/\" \/>\n<meta property=\"og:site_name\" content=\"Naturpark Schw\u00e4bisch-Fr\u00e4nkischer Wald\" \/>\n<meta property=\"article:author\" content=\"https:\/\/www.facebook.com\/naturparkSFW\" \/>\n<meta property=\"article:published_time\" content=\"2017-03-20T09:55:40+00:00\" \/>\n<meta property=\"article:modified_time\" content=\"2017-03-23T11:19:07+00:00\" \/>\n<meta property=\"og:image\" content=\"https:\/\/www.naturparkmagazin.de\/schwaebisch-fraenkischer-wald\/wp-content\/uploads\/sites\/34\/1.Mai-Wanderung-062.jpg\" \/>\n\t<meta property=\"og:image:width\" content=\"200\" \/>\n\t<meta property=\"og:image:height\" content=\"200\" \/>\n\t<meta property=\"og:image:type\" content=\"image\/jpeg\" \/>\n<meta name=\"author\" content=\"Naturpark-Team\" \/>\n<meta name=\"twitter:label1\" content=\"Verfasst von\" \/>\n\t<meta name=\"twitter:data1\" content=\"Naturpark-Team\" \/>\n\t<meta name=\"twitter:label2\" content=\"Gesch\u00e4tzte Lesezeit\" \/>\n\t<meta name=\"twitter:data2\" content=\"1\u00a0Minute\" \/>\n<script type=\"application\/ld+json\" class=\"yoast-schema-graph\">{\"@context\":\"https:\/\/schema.org\",\"@graph\":[{\"@type\":\"WebPage\",\"@id\":\"https:\/\/www.naturparkmagazin.de\/schwaebisch-fraenkischer-wald\/25-km-wanderung-mit-den-naturparkfuehrern-dr-manfred-krautter-und-walter-hieber\/\",\"url\":\"https:\/\/www.naturparkmagazin.de\/schwaebisch-fraenkischer-wald\/25-km-wanderung-mit-den-naturparkfuehrern-dr-manfred-krautter-und-walter-hieber\/\",\"name\":\"25 km-Wanderung mit den Naturparkf\u00fchrern Dr. Manfred Krautter und Walter Hieber - Naturpark Schw\u00e4bisch-Fr\u00e4nkischer Wald\",\"isPartOf\":{\"@id\":\"https:\/\/www.naturparkmagazin.de\/schwaebisch-fraenkischer-wald\/#website\"},\"datePublished\":\"2017-03-20T09:55:40+00:00\",\"dateModified\":\"2017-03-23T11:19:07+00:00\",\"author\":{\"@id\":\"https:\/\/www.naturparkmagazin.de\/schwaebisch-fraenkischer-wald\/#\/schema\/person\/f047a3702ae747fd7830cf8ac95e6066\"},\"breadcrumb\":{\"@id\":\"https:\/\/www.naturparkmagazin.de\/schwaebisch-fraenkischer-wald\/25-km-wanderung-mit-den-naturparkfuehrern-dr-manfred-krautter-und-walter-hieber\/#breadcrumb\"},\"inLanguage\":\"de\",\"potentialAction\":[{\"@type\":\"ReadAction\",\"target\":[\"https:\/\/www.naturparkmagazin.de\/schwaebisch-fraenkischer-wald\/25-km-wanderung-mit-den-naturparkfuehrern-dr-manfred-krautter-und-walter-hieber\/\"]}]},{\"@type\":\"BreadcrumbList\",\"@id\":\"https:\/\/www.naturparkmagazin.de\/schwaebisch-fraenkischer-wald\/25-km-wanderung-mit-den-naturparkfuehrern-dr-manfred-krautter-und-walter-hieber\/#breadcrumb\",\"itemListElement\":[{\"@type\":\"ListItem\",\"position\":1,\"name\":\"Home\",\"item\":\"https:\/\/www.naturparkmagazin.de\/schwaebisch-fraenkischer-wald\/\"},{\"@type\":\"ListItem\",\"position\":2,\"name\":\"25 km-Wanderung mit den Naturparkf\u00fchrern Dr. Manfred Krautter und Walter Hieber\"}]},{\"@type\":\"WebSite\",\"@id\":\"https:\/\/www.naturparkmagazin.de\/schwaebisch-fraenkischer-wald\/#website\",\"url\":\"https:\/\/www.naturparkmagazin.de\/schwaebisch-fraenkischer-wald\/\",\"name\":\"Naturpark Schw\u00e4bisch-Fr\u00e4nkischer Wald\",\"description\":\"\",\"potentialAction\":[{\"@type\":\"SearchAction\",\"target\":{\"@type\":\"EntryPoint\",\"urlTemplate\":\"https:\/\/www.naturparkmagazin.de\/schwaebisch-fraenkischer-wald\/?s={search_term_string}\"},\"query-input\":\"required name=search_term_string\"}],\"inLanguage\":\"de\"},{\"@type\":\"Person\",\"@id\":\"https:\/\/www.naturparkmagazin.de\/schwaebisch-fraenkischer-wald\/#\/schema\/person\/f047a3702ae747fd7830cf8ac95e6066\",\"name\":\"Naturpark-Team\",\"sameAs\":[\"http:\/\/www.naturpark-sfw.de\",\"https:\/\/www.facebook.com\/naturparkSFW\"],\"url\":\"https:\/\/www.naturparkmagazin.de\/schwaebisch-fraenkischer-wald\/author\/bernharddrixler\/\"}]}<\/script>\n<!-- \/ Yoast SEO plugin. -->","yoast_head_json":{"title":"25 km-Wanderung mit den Naturparkf\u00fchrern Dr. Manfred Krautter und Walter Hieber - Naturpark Schw\u00e4bisch-Fr\u00e4nkischer Wald","robots":{"index":"index","follow":"follow","max-snippet":"max-snippet:-1","max-image-preview":"max-image-preview:large","max-video-preview":"max-video-preview:-1"},"canonical":"https:\/\/www.naturparkmagazin.de\/schwaebisch-fraenkischer-wald\/25-km-wanderung-mit-den-naturparkfuehrern-dr-manfred-krautter-und-walter-hieber\/","og_locale":"de_DE","og_type":"article","og_title":"25 km-Wanderung mit den Naturparkf\u00fchrern Dr. Manfred Krautter und Walter Hieber - Naturpark Schw\u00e4bisch-Fr\u00e4nkischer Wald","og_description":"09.04.: Mit den \u201eWaldMeistern\u201c zu den Schluchten und Grotten rund um den Ebnisee","og_url":"https:\/\/www.naturparkmagazin.de\/schwaebisch-fraenkischer-wald\/25-km-wanderung-mit-den-naturparkfuehrern-dr-manfred-krautter-und-walter-hieber\/","og_site_name":"Naturpark Schw\u00e4bisch-Fr\u00e4nkischer Wald","article_author":"https:\/\/www.facebook.com\/naturparkSFW","article_published_time":"2017-03-20T09:55:40+00:00","article_modified_time":"2017-03-23T11:19:07+00:00","og_image":[{"width":200,"height":200,"url":"https:\/\/www.naturparkmagazin.de\/schwaebisch-fraenkischer-wald\/wp-content\/uploads\/sites\/34\/1.Mai-Wanderung-062.jpg","type":"image\/jpeg"}],"author":"Naturpark-Team","twitter_misc":{"Verfasst von":"Naturpark-Team","Gesch\u00e4tzte Lesezeit":"1\u00a0Minute"},"schema":{"@context":"https:\/\/schema.org","@graph":[{"@type":"WebPage","@id":"https:\/\/www.naturparkmagazin.de\/schwaebisch-fraenkischer-wald\/25-km-wanderung-mit-den-naturparkfuehrern-dr-manfred-krautter-und-walter-hieber\/","url":"https:\/\/www.naturparkmagazin.de\/schwaebisch-fraenkischer-wald\/25-km-wanderung-mit-den-naturparkfuehrern-dr-manfred-krautter-und-walter-hieber\/","name":"25 km-Wanderung mit den Naturparkf\u00fchrern Dr. Manfred Krautter und Walter Hieber - Naturpark Schw\u00e4bisch-Fr\u00e4nkischer Wald","isPartOf":{"@id":"https:\/\/www.naturparkmagazin.de\/schwaebisch-fraenkischer-wald\/#website"},"datePublished":"2017-03-20T09:55:40+00:00","dateModified":"2017-03-23T11:19:07+00:00","author":{"@id":"https:\/\/www.naturparkmagazin.de\/schwaebisch-fraenkischer-wald\/#\/schema\/person\/f047a3702ae747fd7830cf8ac95e6066"},"breadcrumb":{"@id":"https:\/\/www.naturparkmagazin.de\/schwaebisch-fraenkischer-wald\/25-km-wanderung-mit-den-naturparkfuehrern-dr-manfred-krautter-und-walter-hieber\/#breadcrumb"},"inLanguage":"de","potentialAction":[{"@type":"ReadAction","target":["https:\/\/www.naturparkmagazin.de\/schwaebisch-fraenkischer-wald\/25-km-wanderung-mit-den-naturparkfuehrern-dr-manfred-krautter-und-walter-hieber\/"]}]},{"@type":"BreadcrumbList","@id":"https:\/\/www.naturparkmagazin.de\/schwaebisch-fraenkischer-wald\/25-km-wanderung-mit-den-naturparkfuehrern-dr-manfred-krautter-und-walter-hieber\/#breadcrumb","itemListElement":[{"@type":"ListItem","position":1,"name":"Home","item":"https:\/\/www.naturparkmagazin.de\/schwaebisch-fraenkischer-wald\/"},{"@type":"ListItem","position":2,"name":"25 km-Wanderung mit den Naturparkf\u00fchrern Dr. Manfred Krautter und Walter Hieber"}]},{"@type":"WebSite","@id":"https:\/\/www.naturparkmagazin.de\/schwaebisch-fraenkischer-wald\/#website","url":"https:\/\/www.naturparkmagazin.de\/schwaebisch-fraenkischer-wald\/","name":"Naturpark Schw\u00e4bisch-Fr\u00e4nkischer Wald","description":"","potentialAction":[{"@type":"SearchAction","target":{"@type":"EntryPoint","urlTemplate":"https:\/\/www.naturparkmagazin.de\/schwaebisch-fraenkischer-wald\/?s={search_term_string}"},"query-input":"required name=search_term_string"}],"inLanguage":"de"},{"@type":"Person","@id":"https:\/\/www.naturparkmagazin.de\/schwaebisch-fraenkischer-wald\/#\/schema\/person\/f047a3702ae747fd7830cf8ac95e6066","name":"Naturpark-Team","sameAs":["http:\/\/www.naturpark-sfw.de","https:\/\/www.facebook.com\/naturparkSFW"],"url":"https:\/\/www.naturparkmagazin.de\/schwaebisch-fraenkischer-wald\/author\/bernharddrixler\/"}]}},"_links":{"self":[{"href":"https:\/\/www.naturparkmagazin.de\/schwaebisch-fraenkischer-wald\/wp-json\/wp\/v2\/posts\/4484"}],"collection":[{"href":"https:\/\/www.naturparkmagazin.de\/schwaebisch-fraenkischer-wald\/wp-json\/wp\/v2\/posts"}],"about":[{"href":"https:\/\/www.naturparkmagazin.de\/schwaebisch-fraenkischer-wald\/wp-json\/wp\/v2\/types\/post"}],"author":[{"embeddable":true,"href":"https:\/\/www.naturparkmagazin.de\/schwaebisch-fraenkischer-wald\/wp-json\/wp\/v2\/users\/25"}],"replies":[{"embeddable":true,"href":"https:\/\/www.naturparkmagazin.de\/schwaebisch-fraenkischer-wald\/wp-json\/wp\/v2\/comments?post=4484"}],"version-history":[{"count":2,"href":"https:\/\/www.naturparkmagazin.de\/schwaebisch-fraenkischer-wald\/wp-json\/wp\/v2\/posts\/4484\/revisions"}],"predecessor-version":[{"id":4552,"href":"https:\/\/www.naturparkmagazin.de\/schwaebisch-fraenkischer-wald\/wp-json\/wp\/v2\/posts\/4484\/revisions\/4552"}],"wp:featuredmedia":[{"embeddable":true,"href":"https:\/\/www.naturparkmagazin.de\/schwaebisch-fraenkischer-wald\/wp-json\/wp\/v2\/media\/4485"}],"wp:attachment":[{"href":"https:\/\/www.naturparkmagazin.de\/schwaebisch-fraenkischer-wald\/wp-json\/wp\/v2\/media?parent=4484"}],"wp:term":[{"taxonomy":"category","embeddable":true,"href":"https:\/\/www.naturparkmagazin.de\/schwaebisch-fraenkischer-wald\/wp-json\/wp\/v2\/categories?post=4484"},{"taxonomy":"post_tag","embeddable":true,"href":"https:\/\/www.naturparkmagazin.de\/schwaebisch-fraenkischer-wald\/wp-json\/wp\/v2\/tags?post=4484"}],"curies":[{"name":"wp","href":"https:\/\/api.w.org\/{rel}","templated":true}]}}