{"id":4497,"date":"2017-03-20T12:11:26","date_gmt":"2017-03-20T11:11:26","guid":{"rendered":"http:\/\/www.naturparkmagazin.de\/schwaebisch-fraenkischer-wald\/?p=4497"},"modified":"2017-03-20T12:18:00","modified_gmt":"2017-03-20T11:18:00","slug":"10-jahre-zauber-des-wahrnehmens-jubilaeumsjahr-im-erfahrungsfeld-beginnt","status":"publish","type":"post","link":"https:\/\/www.naturparkmagazin.de\/schwaebisch-fraenkischer-wald\/10-jahre-zauber-des-wahrnehmens-jubilaeumsjahr-im-erfahrungsfeld-beginnt\/","title":{"rendered":"10 Jahre Zauber des Wahrnehmens &#8211; Jubil\u00e4umsjahr im Erfahrungsfeld beginnt"},"content":{"rendered":"<p>Im M\u00e4rz \u00f6ffnet das Erfahrungsfeld der Sinne EINS+ALLES bei Stuttgart wieder seine Tore.<\/p>\n<div id=\"attachment_4499\" style=\"width: 210px\" class=\"wp-caption alignright\"><a href=\"https:\/\/www.naturparkmagazin.de\/schwaebisch-fraenkischer-wald\/wp-content\/uploads\/sites\/34\/1G1A9183aa_kleiner.jpg\"><img aria-describedby=\"caption-attachment-4499\" decoding=\"async\" loading=\"lazy\" class=\"size-full wp-image-4499\" src=\"https:\/\/www.naturparkmagazin.de\/schwaebisch-fraenkischer-wald\/wp-content\/uploads\/sites\/34\/1G1A9183aa_kleiner.jpg\" alt=\" Ob L\u00f6wenb\u00e4ndiger oder kleiner Entdecker. Willkommen im EINS+ALLES Fotografin: Charlotte Fischer \" width=\"200\" height=\"200\" srcset=\"https:\/\/www.naturparkmagazin.de\/schwaebisch-fraenkischer-wald\/wp-content\/uploads\/sites\/34\/1G1A9183aa_kleiner.jpg 200w, https:\/\/www.naturparkmagazin.de\/schwaebisch-fraenkischer-wald\/wp-content\/uploads\/sites\/34\/1G1A9183aa_kleiner-30x30.jpg 30w\" sizes=\"(max-width: 200px) 100vw, 200px\" \/><\/a><p id=\"caption-attachment-4499\" class=\"wp-caption-text\">Ob L\u00f6wenb\u00e4ndiger oder kleiner Entdecker. Willkommen im EINS+ALLESFotografin: Charlotte Fischer<\/p><\/div>\n<p>Dabei wartet ein Jahr \u201evoller Perlen\u201c auf seine G\u00e4ste, denn EINS+ALLES feiert mit vielf\u00e4ltigen Veranstaltungen sein 10j\u00e4hriges Jubil\u00e4um. Das Jahresthema \u201eGl\u00fcck\u201c erschlie\u00dft sich sofort: weil Gl\u00fccksempfinden nur aus der Wechselbeziehung zwischen unserem Inneren und der Au\u00dfenwelt entstehen kann, wird deutlich: Gl\u00fcck hat ganz unmittelbar mit sinnlicher Wahrnehmung zu tun. Und diese Wahrnehmung wird im Erfahrungsfeld immer wieder aufs Neue herausgefordert.<\/p>\n<p>Ein Blick ins neue Programmheft l\u00e4dt zur Wiederkehr ein: mit einem G\u00e4steKunstWerk, welches nach und nach durch die Besucher entstehen wird, mit einem Gl\u00fccks-Foto-Wettbewerb, bei dem die Besucher ihren pers\u00f6nlichen Gl\u00fccksmoment im EINS+ALLES einfangen k\u00f6nnen, oder auch mit Aktionen auf nackten Sohlen, denn auch vermeintlich einfache Erfahrungen machen gl\u00fccklich!\u00a0Ansprechend pr\u00e4sentieren sich auch die buchbaren Programme: mit Teambuilding-Seminaren f\u00fcr Unternehmen, mit Tandem-Tagen f\u00fcr Kind-Erwachsenen-Duos, mit Naturparf\u00fcm- oder NaturwerkstattWorkshops f\u00fcr Einzelpersonen oder Gruppen jeden Alters.<\/p>\n<p>F\u00fcr einen Besuch im EINS+ALLES \u2013 gleich ob auf eigene Faust oder oder vorab gebucht, gilt immer: \u201eDas Wichtigste ist, dass wir nicht aufh\u00f6ren, uns zu wundern.\u201c<\/p>\n<p>Dabei lebt der besondere Ort durch Innovation und Inspirationen: Bei einem \u00f6ffentlichen VernissageRundgang am 23. Juni erkunden junge K\u00fcnstler der ALANUS-Hochschule gemeinsam mit Besuchern die neuen Landart-Stationen auf dem WUNDERWEG.<\/p>\n<p>Unbedingt vormerken sollten sich Besucher das Jubil\u00e4umsfest am 9. Juli, denn dann wird einen ganzen Tag lang mit allen Freunden und G\u00e4sten gefeiert: mit Musik, die die Seele befl\u00fcgelt, zahlreichen offenen Programmen zum spontanen Mitmachen, verschiedenen hochkar\u00e4tigen Kleinkunstakteuren und kulturellen Kostbarkeiten.\u00a0Und im Herbst wartet ein weiterer H\u00f6hepunkt: das KunstSinnFestival am 14. und 15. Oktober, mit zwei Tagen voller liebevoller Kleinkunst-Stationen zum Lachen und Verweilen, zahlreichen Mitmach-Aktionen f\u00fcr Gro\u00df und Klein, vielf\u00e4ltigen Produkten der Christopherus- Werkst\u00e4tten und weiterer Kunsthandwerker.<\/p>\n<p>Selbstverst\u00e4ndlich wird es wieder das beliebte Sommerferien-WildnisCamp f\u00fcr Kinder und erstmals auch ein ScoutCamp mit \u00dcbernachtung f\u00fcr Jugendliche geben \u2013 jeweils in Kooperation mit WildnisWissen und der Schutzgemeinschaft Deutscher Wald.<\/p>\n<p>EINS+ALLES Erfahrungsfeld der Sinne \u2013 eine WfbM der Christopherus Lebens- und Arbeitsgemeinschaft Laufenm\u00fchle e.V. Laufenm\u00fchle 8 :: 73642 Welzheim <a href=\"http:\/\/www.eins-und-alles.de\" target=\"_blank\">www.eins-und-alles.de<\/a><\/p>\n<p>Auch das Caf\u00e9-Restaurant molina und die R\u00f6sterei el molinillo sind ab M\u00e4rz wieder ge\u00f6ffnet. So steht einer liebevoll zubereiteten St\u00e4rkung oder einem hauseigenen Kaffee oder Espresso nach vielen spielerischen Erfahrungen im EINS+ALLES nichts im Wege. Und ganz nebenbei formulieren die vielf\u00e4ltigen Landart- und Sinnes-Stationen im Jubil\u00e4umsjahr Fragen an ihre Besucher: Wie steht es um Deine Balance? Was bedeutet f\u00fcr Dich Gl\u00fcck? Wie lebendig ist Deine Neugierde?<\/p>\n<p>Info:<\/p>\n<p>EINS+ALLES wird von der Christopherus Lebens- und Arbeitsgemeinschaft Laufenm\u00fchle e.V. als Werkstatt f\u00fcr behinderte Menschen betrieben und versteht sich als Inklusionsprojekt. Ca. 85.000 G\u00e4ste p.a. lassen sich mit dem Besuch des Erfahrungsfeldes spielerisch darauf ein, zu erkunden, wozu die eigenen Sinne in der Lage sind. In den verschiedenen Bereichen des Erfahrungsfeldes konnten zahlreiche Arbeitspl\u00e4tze f\u00fcr behinderte Menschen entstehen: Im Caf\u00e9-Restaurant molina unterst\u00fctzen Bewohner tatkr\u00e4ftig das Servicepersonal, an der Kasse, in der TierOase helfen Sie bei der Betreuung der G\u00e4ste und pflegen in der Waldwerkstatt und im Gartenbau die Au\u00dfenanlagen und erg\u00e4nzen diese durch attraktive Stationen. Auch in der Kaffeer\u00f6sterei el molinillo lassen betreute Menschen die G\u00e4ste das schonende, handwerkliche R\u00f6sten hochwertiger BioArabica-Bohnen erleben und verraten Wissenswertes zu geschmacklichen Feinheiten der hier veredelten Bio-Kaffees. \u2026 weil Inklusion keine Einbahnstra\u00dfe ist.<\/p>\n","protected":false},"excerpt":{"rendered":"<p>Vielf\u00e4ltige Veranstaltungen im Jubil\u00e4umsjahr &#8222;Erfahrungsfeld der Sinne EINS+ALLES&#8220;<\/p>\n","protected":false},"author":25,"featured_media":4499,"comment_status":"open","ping_status":"open","sticky":false,"template":"","format":"standard","meta":[],"categories":[7],"tags":[686],"yoast_head":"<!-- This site is optimized with the Yoast SEO plugin v19.10 - https:\/\/yoast.com\/wordpress\/plugins\/seo\/ -->\n<title>10 Jahre Zauber des Wahrnehmens - Jubil\u00e4umsjahr im Erfahrungsfeld beginnt - Naturpark Schw\u00e4bisch-Fr\u00e4nkischer Wald<\/title>\n<meta name=\"robots\" content=\"index, follow, max-snippet:-1, max-image-preview:large, max-video-preview:-1\" \/>\n<link rel=\"canonical\" href=\"https:\/\/www.naturparkmagazin.de\/schwaebisch-fraenkischer-wald\/10-jahre-zauber-des-wahrnehmens-jubilaeumsjahr-im-erfahrungsfeld-beginnt\/\" \/>\n<meta property=\"og:locale\" content=\"de_DE\" \/>\n<meta property=\"og:type\" content=\"article\" \/>\n<meta property=\"og:title\" content=\"10 Jahre Zauber des Wahrnehmens - Jubil\u00e4umsjahr im Erfahrungsfeld beginnt - Naturpark Schw\u00e4bisch-Fr\u00e4nkischer Wald\" \/>\n<meta property=\"og:description\" content=\"Vielf\u00e4ltige Veranstaltungen im Jubil\u00e4umsjahr &quot;Erfahrungsfeld der Sinne EINS+ALLES&quot;\" \/>\n<meta property=\"og:url\" content=\"https:\/\/www.naturparkmagazin.de\/schwaebisch-fraenkischer-wald\/10-jahre-zauber-des-wahrnehmens-jubilaeumsjahr-im-erfahrungsfeld-beginnt\/\" \/>\n<meta property=\"og:site_name\" content=\"Naturpark Schw\u00e4bisch-Fr\u00e4nkischer Wald\" \/>\n<meta property=\"article:author\" content=\"https:\/\/www.facebook.com\/naturparkSFW\" \/>\n<meta property=\"article:published_time\" content=\"2017-03-20T11:11:26+00:00\" \/>\n<meta property=\"article:modified_time\" content=\"2017-03-20T11:18:00+00:00\" \/>\n<meta property=\"og:image\" content=\"https:\/\/www.naturparkmagazin.de\/schwaebisch-fraenkischer-wald\/wp-content\/uploads\/sites\/34\/1G1A9183aa_kleiner.jpg\" \/>\n\t<meta property=\"og:image:width\" content=\"200\" \/>\n\t<meta property=\"og:image:height\" content=\"200\" \/>\n\t<meta property=\"og:image:type\" content=\"image\/jpeg\" \/>\n<meta name=\"author\" content=\"Naturpark-Team\" \/>\n<meta name=\"twitter:label1\" content=\"Verfasst von\" \/>\n\t<meta name=\"twitter:data1\" content=\"Naturpark-Team\" \/>\n\t<meta name=\"twitter:label2\" content=\"Gesch\u00e4tzte Lesezeit\" \/>\n\t<meta name=\"twitter:data2\" content=\"3\u00a0Minuten\" \/>\n<script type=\"application\/ld+json\" class=\"yoast-schema-graph\">{\"@context\":\"https:\/\/schema.org\",\"@graph\":[{\"@type\":\"WebPage\",\"@id\":\"https:\/\/www.naturparkmagazin.de\/schwaebisch-fraenkischer-wald\/10-jahre-zauber-des-wahrnehmens-jubilaeumsjahr-im-erfahrungsfeld-beginnt\/\",\"url\":\"https:\/\/www.naturparkmagazin.de\/schwaebisch-fraenkischer-wald\/10-jahre-zauber-des-wahrnehmens-jubilaeumsjahr-im-erfahrungsfeld-beginnt\/\",\"name\":\"10 Jahre Zauber des Wahrnehmens - Jubil\u00e4umsjahr im Erfahrungsfeld beginnt - Naturpark Schw\u00e4bisch-Fr\u00e4nkischer Wald\",\"isPartOf\":{\"@id\":\"https:\/\/www.naturparkmagazin.de\/schwaebisch-fraenkischer-wald\/#website\"},\"datePublished\":\"2017-03-20T11:11:26+00:00\",\"dateModified\":\"2017-03-20T11:18:00+00:00\",\"author\":{\"@id\":\"https:\/\/www.naturparkmagazin.de\/schwaebisch-fraenkischer-wald\/#\/schema\/person\/f047a3702ae747fd7830cf8ac95e6066\"},\"breadcrumb\":{\"@id\":\"https:\/\/www.naturparkmagazin.de\/schwaebisch-fraenkischer-wald\/10-jahre-zauber-des-wahrnehmens-jubilaeumsjahr-im-erfahrungsfeld-beginnt\/#breadcrumb\"},\"inLanguage\":\"de\",\"potentialAction\":[{\"@type\":\"ReadAction\",\"target\":[\"https:\/\/www.naturparkmagazin.de\/schwaebisch-fraenkischer-wald\/10-jahre-zauber-des-wahrnehmens-jubilaeumsjahr-im-erfahrungsfeld-beginnt\/\"]}]},{\"@type\":\"BreadcrumbList\",\"@id\":\"https:\/\/www.naturparkmagazin.de\/schwaebisch-fraenkischer-wald\/10-jahre-zauber-des-wahrnehmens-jubilaeumsjahr-im-erfahrungsfeld-beginnt\/#breadcrumb\",\"itemListElement\":[{\"@type\":\"ListItem\",\"position\":1,\"name\":\"Home\",\"item\":\"https:\/\/www.naturparkmagazin.de\/schwaebisch-fraenkischer-wald\/\"},{\"@type\":\"ListItem\",\"position\":2,\"name\":\"10 Jahre Zauber des Wahrnehmens &#8211; Jubil\u00e4umsjahr im Erfahrungsfeld beginnt\"}]},{\"@type\":\"WebSite\",\"@id\":\"https:\/\/www.naturparkmagazin.de\/schwaebisch-fraenkischer-wald\/#website\",\"url\":\"https:\/\/www.naturparkmagazin.de\/schwaebisch-fraenkischer-wald\/\",\"name\":\"Naturpark Schw\u00e4bisch-Fr\u00e4nkischer Wald\",\"description\":\"\",\"potentialAction\":[{\"@type\":\"SearchAction\",\"target\":{\"@type\":\"EntryPoint\",\"urlTemplate\":\"https:\/\/www.naturparkmagazin.de\/schwaebisch-fraenkischer-wald\/?s={search_term_string}\"},\"query-input\":\"required name=search_term_string\"}],\"inLanguage\":\"de\"},{\"@type\":\"Person\",\"@id\":\"https:\/\/www.naturparkmagazin.de\/schwaebisch-fraenkischer-wald\/#\/schema\/person\/f047a3702ae747fd7830cf8ac95e6066\",\"name\":\"Naturpark-Team\",\"sameAs\":[\"http:\/\/www.naturpark-sfw.de\",\"https:\/\/www.facebook.com\/naturparkSFW\"],\"url\":\"https:\/\/www.naturparkmagazin.de\/schwaebisch-fraenkischer-wald\/author\/bernharddrixler\/\"}]}<\/script>\n<!-- \/ Yoast SEO plugin. -->","yoast_head_json":{"title":"10 Jahre Zauber des Wahrnehmens - Jubil\u00e4umsjahr im Erfahrungsfeld beginnt - Naturpark Schw\u00e4bisch-Fr\u00e4nkischer Wald","robots":{"index":"index","follow":"follow","max-snippet":"max-snippet:-1","max-image-preview":"max-image-preview:large","max-video-preview":"max-video-preview:-1"},"canonical":"https:\/\/www.naturparkmagazin.de\/schwaebisch-fraenkischer-wald\/10-jahre-zauber-des-wahrnehmens-jubilaeumsjahr-im-erfahrungsfeld-beginnt\/","og_locale":"de_DE","og_type":"article","og_title":"10 Jahre Zauber des Wahrnehmens - Jubil\u00e4umsjahr im Erfahrungsfeld beginnt - Naturpark Schw\u00e4bisch-Fr\u00e4nkischer Wald","og_description":"Vielf\u00e4ltige Veranstaltungen im Jubil\u00e4umsjahr \"Erfahrungsfeld der Sinne EINS+ALLES\"","og_url":"https:\/\/www.naturparkmagazin.de\/schwaebisch-fraenkischer-wald\/10-jahre-zauber-des-wahrnehmens-jubilaeumsjahr-im-erfahrungsfeld-beginnt\/","og_site_name":"Naturpark Schw\u00e4bisch-Fr\u00e4nkischer Wald","article_author":"https:\/\/www.facebook.com\/naturparkSFW","article_published_time":"2017-03-20T11:11:26+00:00","article_modified_time":"2017-03-20T11:18:00+00:00","og_image":[{"width":200,"height":200,"url":"https:\/\/www.naturparkmagazin.de\/schwaebisch-fraenkischer-wald\/wp-content\/uploads\/sites\/34\/1G1A9183aa_kleiner.jpg","type":"image\/jpeg"}],"author":"Naturpark-Team","twitter_misc":{"Verfasst von":"Naturpark-Team","Gesch\u00e4tzte Lesezeit":"3\u00a0Minuten"},"schema":{"@context":"https:\/\/schema.org","@graph":[{"@type":"WebPage","@id":"https:\/\/www.naturparkmagazin.de\/schwaebisch-fraenkischer-wald\/10-jahre-zauber-des-wahrnehmens-jubilaeumsjahr-im-erfahrungsfeld-beginnt\/","url":"https:\/\/www.naturparkmagazin.de\/schwaebisch-fraenkischer-wald\/10-jahre-zauber-des-wahrnehmens-jubilaeumsjahr-im-erfahrungsfeld-beginnt\/","name":"10 Jahre Zauber des Wahrnehmens - Jubil\u00e4umsjahr im Erfahrungsfeld beginnt - Naturpark Schw\u00e4bisch-Fr\u00e4nkischer Wald","isPartOf":{"@id":"https:\/\/www.naturparkmagazin.de\/schwaebisch-fraenkischer-wald\/#website"},"datePublished":"2017-03-20T11:11:26+00:00","dateModified":"2017-03-20T11:18:00+00:00","author":{"@id":"https:\/\/www.naturparkmagazin.de\/schwaebisch-fraenkischer-wald\/#\/schema\/person\/f047a3702ae747fd7830cf8ac95e6066"},"breadcrumb":{"@id":"https:\/\/www.naturparkmagazin.de\/schwaebisch-fraenkischer-wald\/10-jahre-zauber-des-wahrnehmens-jubilaeumsjahr-im-erfahrungsfeld-beginnt\/#breadcrumb"},"inLanguage":"de","potentialAction":[{"@type":"ReadAction","target":["https:\/\/www.naturparkmagazin.de\/schwaebisch-fraenkischer-wald\/10-jahre-zauber-des-wahrnehmens-jubilaeumsjahr-im-erfahrungsfeld-beginnt\/"]}]},{"@type":"BreadcrumbList","@id":"https:\/\/www.naturparkmagazin.de\/schwaebisch-fraenkischer-wald\/10-jahre-zauber-des-wahrnehmens-jubilaeumsjahr-im-erfahrungsfeld-beginnt\/#breadcrumb","itemListElement":[{"@type":"ListItem","position":1,"name":"Home","item":"https:\/\/www.naturparkmagazin.de\/schwaebisch-fraenkischer-wald\/"},{"@type":"ListItem","position":2,"name":"10 Jahre Zauber des Wahrnehmens &#8211; Jubil\u00e4umsjahr im Erfahrungsfeld beginnt"}]},{"@type":"WebSite","@id":"https:\/\/www.naturparkmagazin.de\/schwaebisch-fraenkischer-wald\/#website","url":"https:\/\/www.naturparkmagazin.de\/schwaebisch-fraenkischer-wald\/","name":"Naturpark Schw\u00e4bisch-Fr\u00e4nkischer Wald","description":"","potentialAction":[{"@type":"SearchAction","target":{"@type":"EntryPoint","urlTemplate":"https:\/\/www.naturparkmagazin.de\/schwaebisch-fraenkischer-wald\/?s={search_term_string}"},"query-input":"required name=search_term_string"}],"inLanguage":"de"},{"@type":"Person","@id":"https:\/\/www.naturparkmagazin.de\/schwaebisch-fraenkischer-wald\/#\/schema\/person\/f047a3702ae747fd7830cf8ac95e6066","name":"Naturpark-Team","sameAs":["http:\/\/www.naturpark-sfw.de","https:\/\/www.facebook.com\/naturparkSFW"],"url":"https:\/\/www.naturparkmagazin.de\/schwaebisch-fraenkischer-wald\/author\/bernharddrixler\/"}]}},"_links":{"self":[{"href":"https:\/\/www.naturparkmagazin.de\/schwaebisch-fraenkischer-wald\/wp-json\/wp\/v2\/posts\/4497"}],"collection":[{"href":"https:\/\/www.naturparkmagazin.de\/schwaebisch-fraenkischer-wald\/wp-json\/wp\/v2\/posts"}],"about":[{"href":"https:\/\/www.naturparkmagazin.de\/schwaebisch-fraenkischer-wald\/wp-json\/wp\/v2\/types\/post"}],"author":[{"embeddable":true,"href":"https:\/\/www.naturparkmagazin.de\/schwaebisch-fraenkischer-wald\/wp-json\/wp\/v2\/users\/25"}],"replies":[{"embeddable":true,"href":"https:\/\/www.naturparkmagazin.de\/schwaebisch-fraenkischer-wald\/wp-json\/wp\/v2\/comments?post=4497"}],"version-history":[{"count":3,"href":"https:\/\/www.naturparkmagazin.de\/schwaebisch-fraenkischer-wald\/wp-json\/wp\/v2\/posts\/4497\/revisions"}],"predecessor-version":[{"id":4501,"href":"https:\/\/www.naturparkmagazin.de\/schwaebisch-fraenkischer-wald\/wp-json\/wp\/v2\/posts\/4497\/revisions\/4501"}],"wp:featuredmedia":[{"embeddable":true,"href":"https:\/\/www.naturparkmagazin.de\/schwaebisch-fraenkischer-wald\/wp-json\/wp\/v2\/media\/4499"}],"wp:attachment":[{"href":"https:\/\/www.naturparkmagazin.de\/schwaebisch-fraenkischer-wald\/wp-json\/wp\/v2\/media?parent=4497"}],"wp:term":[{"taxonomy":"category","embeddable":true,"href":"https:\/\/www.naturparkmagazin.de\/schwaebisch-fraenkischer-wald\/wp-json\/wp\/v2\/categories?post=4497"},{"taxonomy":"post_tag","embeddable":true,"href":"https:\/\/www.naturparkmagazin.de\/schwaebisch-fraenkischer-wald\/wp-json\/wp\/v2\/tags?post=4497"}],"curies":[{"name":"wp","href":"https:\/\/api.w.org\/{rel}","templated":true}]}}