{"id":4536,"date":"2017-03-20T10:46:16","date_gmt":"2017-03-20T09:46:16","guid":{"rendered":"http:\/\/www.naturparkmagazin.de\/schwaebisch-fraenkischer-wald\/?p=4536"},"modified":"2017-03-23T11:56:13","modified_gmt":"2017-03-23T10:56:13","slug":"in-den-osterferien-drei-tage-wildnisabenteuer-im-wieslaufcamp","status":"publish","type":"post","link":"https:\/\/www.naturparkmagazin.de\/schwaebisch-fraenkischer-wald\/in-den-osterferien-drei-tage-wildnisabenteuer-im-wieslaufcamp\/","title":{"rendered":"In den Osterferien drei Tage Wildnisabenteuer im WieslaufCamp"},"content":{"rendered":"<p>Die Naturparkf\u00fchrer Walter Hieber und Sabine R\u00fccker bieten am 11, 12. und 13. April ein AbenteuerWildnisCamp f\u00fcr sieben bis zw\u00f6lfj\u00e4hrige M\u00e4dchen und Jungen an.<a href=\"https:\/\/www.naturparkmagazin.de\/schwaebisch-fraenkischer-wald\/wp-content\/uploads\/sites\/34\/Wildniscamp.jpg\"><img decoding=\"async\" loading=\"lazy\" class=\"alignright size-full wp-image-4546\" src=\"https:\/\/www.naturparkmagazin.de\/schwaebisch-fraenkischer-wald\/wp-content\/uploads\/sites\/34\/Wildniscamp.jpg\" alt=\"Wildniscamp\" width=\"200\" height=\"200\" srcset=\"https:\/\/www.naturparkmagazin.de\/schwaebisch-fraenkischer-wald\/wp-content\/uploads\/sites\/34\/Wildniscamp.jpg 200w, https:\/\/www.naturparkmagazin.de\/schwaebisch-fraenkischer-wald\/wp-content\/uploads\/sites\/34\/Wildniscamp-30x30.jpg 30w\" sizes=\"(max-width: 200px) 100vw, 200px\" \/><\/a><\/p>\n<p>Das Camp findet jeweils von 9 bis 17 Uhr \u2013 ohne \u00dcbernachtung \u2013 im WieslaufCamp bei Rudersberg-Burgh\u00f6fle statt.<\/p>\n<p>Im AbenteuerWildnisCamp warten ganz besondere Erlebnisse auf die Kinder: Eintauchen in das wilde Leben in der Natur, gestalten des Lagerplatzes, Spannende Dinge erleben: Den Wald erforschen, Spuren suchen, Klettern, Orientierung, Spiel, Spa\u00df, H\u00fctten bauen,\u00a0 und vieles mehr. Den Mittelpunkt des\u00a0 Lagers bildet die Feuerstelle: Hier spielt sich ein gro\u00dfer Teil des Wildnislebens ab: Erz\u00e4hlen, Feuer machen, kochen, schnitzen oder einfach in die Flammen schauen und tr\u00e4umen &#8211; keine Chance f\u00fcr Langeweile! Die drei Tage Wildnisabenteuer kosten 75 \u20ac pro Person f\u00fcr Betreuung und Programm durch die beiden Wildnisp\u00e4dagogen, Material und komplette Verpflegung.<\/p>\n<p>Eine schriftliche\/elektronische Anmeldung ist erforderlich bei Naturparkf\u00fchrer Walter Hieber:<\/p>\n<p>Internet:<a href=\"http:\/\/www.waldentdecker.de\" target=\"_blank\"> www.waldentdecker.de<\/a>\u00a0|\u00a0E-Mail: <a href=\"mailto:info@waldentdecker.de\" target=\"_blank\">info@waldentdecker.de<\/a><\/p>\n<p>Telefon f\u00fcr R\u00fcckfragen: 07182\/935697<\/p>\n","protected":false},"excerpt":{"rendered":"<p>11. bis 13.04.: AbenteuerWildnisCamp f\u00fcr M\u00e4dchen und Jungen<\/p>\n","protected":false},"author":25,"featured_media":4546,"comment_status":"open","ping_status":"open","sticky":false,"template":"","format":"standard","meta":[],"categories":[11],"tags":[686],"yoast_head":"<!-- This site is optimized with the Yoast SEO plugin v19.10 - https:\/\/yoast.com\/wordpress\/plugins\/seo\/ -->\n<title>In den Osterferien drei Tage Wildnisabenteuer im WieslaufCamp - Naturpark Schw\u00e4bisch-Fr\u00e4nkischer Wald<\/title>\n<meta name=\"robots\" content=\"index, follow, max-snippet:-1, max-image-preview:large, max-video-preview:-1\" \/>\n<link rel=\"canonical\" href=\"https:\/\/www.naturparkmagazin.de\/schwaebisch-fraenkischer-wald\/in-den-osterferien-drei-tage-wildnisabenteuer-im-wieslaufcamp\/\" \/>\n<meta property=\"og:locale\" content=\"de_DE\" \/>\n<meta property=\"og:type\" content=\"article\" \/>\n<meta property=\"og:title\" content=\"In den Osterferien drei Tage Wildnisabenteuer im WieslaufCamp - Naturpark Schw\u00e4bisch-Fr\u00e4nkischer Wald\" \/>\n<meta property=\"og:description\" content=\"11. bis 13.04.: AbenteuerWildnisCamp f\u00fcr M\u00e4dchen und Jungen\" \/>\n<meta property=\"og:url\" content=\"https:\/\/www.naturparkmagazin.de\/schwaebisch-fraenkischer-wald\/in-den-osterferien-drei-tage-wildnisabenteuer-im-wieslaufcamp\/\" \/>\n<meta property=\"og:site_name\" content=\"Naturpark Schw\u00e4bisch-Fr\u00e4nkischer Wald\" \/>\n<meta property=\"article:author\" content=\"https:\/\/www.facebook.com\/naturparkSFW\" \/>\n<meta property=\"article:published_time\" content=\"2017-03-20T09:46:16+00:00\" \/>\n<meta property=\"article:modified_time\" content=\"2017-03-23T10:56:13+00:00\" \/>\n<meta property=\"og:image\" content=\"https:\/\/www.naturparkmagazin.de\/schwaebisch-fraenkischer-wald\/wp-content\/uploads\/sites\/34\/Wildniscamp.jpg\" \/>\n\t<meta property=\"og:image:width\" content=\"200\" \/>\n\t<meta property=\"og:image:height\" content=\"200\" \/>\n\t<meta property=\"og:image:type\" content=\"image\/jpeg\" \/>\n<meta name=\"author\" content=\"Naturpark-Team\" \/>\n<meta name=\"twitter:label1\" content=\"Verfasst von\" \/>\n\t<meta name=\"twitter:data1\" content=\"Naturpark-Team\" \/>\n\t<meta name=\"twitter:label2\" content=\"Gesch\u00e4tzte Lesezeit\" \/>\n\t<meta name=\"twitter:data2\" content=\"1\u00a0Minute\" \/>\n<script type=\"application\/ld+json\" class=\"yoast-schema-graph\">{\"@context\":\"https:\/\/schema.org\",\"@graph\":[{\"@type\":\"WebPage\",\"@id\":\"https:\/\/www.naturparkmagazin.de\/schwaebisch-fraenkischer-wald\/in-den-osterferien-drei-tage-wildnisabenteuer-im-wieslaufcamp\/\",\"url\":\"https:\/\/www.naturparkmagazin.de\/schwaebisch-fraenkischer-wald\/in-den-osterferien-drei-tage-wildnisabenteuer-im-wieslaufcamp\/\",\"name\":\"In den Osterferien drei Tage Wildnisabenteuer im WieslaufCamp - Naturpark Schw\u00e4bisch-Fr\u00e4nkischer Wald\",\"isPartOf\":{\"@id\":\"https:\/\/www.naturparkmagazin.de\/schwaebisch-fraenkischer-wald\/#website\"},\"datePublished\":\"2017-03-20T09:46:16+00:00\",\"dateModified\":\"2017-03-23T10:56:13+00:00\",\"author\":{\"@id\":\"https:\/\/www.naturparkmagazin.de\/schwaebisch-fraenkischer-wald\/#\/schema\/person\/f047a3702ae747fd7830cf8ac95e6066\"},\"breadcrumb\":{\"@id\":\"https:\/\/www.naturparkmagazin.de\/schwaebisch-fraenkischer-wald\/in-den-osterferien-drei-tage-wildnisabenteuer-im-wieslaufcamp\/#breadcrumb\"},\"inLanguage\":\"de\",\"potentialAction\":[{\"@type\":\"ReadAction\",\"target\":[\"https:\/\/www.naturparkmagazin.de\/schwaebisch-fraenkischer-wald\/in-den-osterferien-drei-tage-wildnisabenteuer-im-wieslaufcamp\/\"]}]},{\"@type\":\"BreadcrumbList\",\"@id\":\"https:\/\/www.naturparkmagazin.de\/schwaebisch-fraenkischer-wald\/in-den-osterferien-drei-tage-wildnisabenteuer-im-wieslaufcamp\/#breadcrumb\",\"itemListElement\":[{\"@type\":\"ListItem\",\"position\":1,\"name\":\"Home\",\"item\":\"https:\/\/www.naturparkmagazin.de\/schwaebisch-fraenkischer-wald\/\"},{\"@type\":\"ListItem\",\"position\":2,\"name\":\"In den Osterferien drei Tage Wildnisabenteuer im WieslaufCamp\"}]},{\"@type\":\"WebSite\",\"@id\":\"https:\/\/www.naturparkmagazin.de\/schwaebisch-fraenkischer-wald\/#website\",\"url\":\"https:\/\/www.naturparkmagazin.de\/schwaebisch-fraenkischer-wald\/\",\"name\":\"Naturpark Schw\u00e4bisch-Fr\u00e4nkischer Wald\",\"description\":\"\",\"potentialAction\":[{\"@type\":\"SearchAction\",\"target\":{\"@type\":\"EntryPoint\",\"urlTemplate\":\"https:\/\/www.naturparkmagazin.de\/schwaebisch-fraenkischer-wald\/?s={search_term_string}\"},\"query-input\":\"required name=search_term_string\"}],\"inLanguage\":\"de\"},{\"@type\":\"Person\",\"@id\":\"https:\/\/www.naturparkmagazin.de\/schwaebisch-fraenkischer-wald\/#\/schema\/person\/f047a3702ae747fd7830cf8ac95e6066\",\"name\":\"Naturpark-Team\",\"sameAs\":[\"http:\/\/www.naturpark-sfw.de\",\"https:\/\/www.facebook.com\/naturparkSFW\"],\"url\":\"https:\/\/www.naturparkmagazin.de\/schwaebisch-fraenkischer-wald\/author\/bernharddrixler\/\"}]}<\/script>\n<!-- \/ Yoast SEO plugin. -->","yoast_head_json":{"title":"In den Osterferien drei Tage Wildnisabenteuer im WieslaufCamp - Naturpark Schw\u00e4bisch-Fr\u00e4nkischer Wald","robots":{"index":"index","follow":"follow","max-snippet":"max-snippet:-1","max-image-preview":"max-image-preview:large","max-video-preview":"max-video-preview:-1"},"canonical":"https:\/\/www.naturparkmagazin.de\/schwaebisch-fraenkischer-wald\/in-den-osterferien-drei-tage-wildnisabenteuer-im-wieslaufcamp\/","og_locale":"de_DE","og_type":"article","og_title":"In den Osterferien drei Tage Wildnisabenteuer im WieslaufCamp - Naturpark Schw\u00e4bisch-Fr\u00e4nkischer Wald","og_description":"11. bis 13.04.: AbenteuerWildnisCamp f\u00fcr M\u00e4dchen und Jungen","og_url":"https:\/\/www.naturparkmagazin.de\/schwaebisch-fraenkischer-wald\/in-den-osterferien-drei-tage-wildnisabenteuer-im-wieslaufcamp\/","og_site_name":"Naturpark Schw\u00e4bisch-Fr\u00e4nkischer Wald","article_author":"https:\/\/www.facebook.com\/naturparkSFW","article_published_time":"2017-03-20T09:46:16+00:00","article_modified_time":"2017-03-23T10:56:13+00:00","og_image":[{"width":200,"height":200,"url":"https:\/\/www.naturparkmagazin.de\/schwaebisch-fraenkischer-wald\/wp-content\/uploads\/sites\/34\/Wildniscamp.jpg","type":"image\/jpeg"}],"author":"Naturpark-Team","twitter_misc":{"Verfasst von":"Naturpark-Team","Gesch\u00e4tzte Lesezeit":"1\u00a0Minute"},"schema":{"@context":"https:\/\/schema.org","@graph":[{"@type":"WebPage","@id":"https:\/\/www.naturparkmagazin.de\/schwaebisch-fraenkischer-wald\/in-den-osterferien-drei-tage-wildnisabenteuer-im-wieslaufcamp\/","url":"https:\/\/www.naturparkmagazin.de\/schwaebisch-fraenkischer-wald\/in-den-osterferien-drei-tage-wildnisabenteuer-im-wieslaufcamp\/","name":"In den Osterferien drei Tage Wildnisabenteuer im WieslaufCamp - Naturpark Schw\u00e4bisch-Fr\u00e4nkischer Wald","isPartOf":{"@id":"https:\/\/www.naturparkmagazin.de\/schwaebisch-fraenkischer-wald\/#website"},"datePublished":"2017-03-20T09:46:16+00:00","dateModified":"2017-03-23T10:56:13+00:00","author":{"@id":"https:\/\/www.naturparkmagazin.de\/schwaebisch-fraenkischer-wald\/#\/schema\/person\/f047a3702ae747fd7830cf8ac95e6066"},"breadcrumb":{"@id":"https:\/\/www.naturparkmagazin.de\/schwaebisch-fraenkischer-wald\/in-den-osterferien-drei-tage-wildnisabenteuer-im-wieslaufcamp\/#breadcrumb"},"inLanguage":"de","potentialAction":[{"@type":"ReadAction","target":["https:\/\/www.naturparkmagazin.de\/schwaebisch-fraenkischer-wald\/in-den-osterferien-drei-tage-wildnisabenteuer-im-wieslaufcamp\/"]}]},{"@type":"BreadcrumbList","@id":"https:\/\/www.naturparkmagazin.de\/schwaebisch-fraenkischer-wald\/in-den-osterferien-drei-tage-wildnisabenteuer-im-wieslaufcamp\/#breadcrumb","itemListElement":[{"@type":"ListItem","position":1,"name":"Home","item":"https:\/\/www.naturparkmagazin.de\/schwaebisch-fraenkischer-wald\/"},{"@type":"ListItem","position":2,"name":"In den Osterferien drei Tage Wildnisabenteuer im WieslaufCamp"}]},{"@type":"WebSite","@id":"https:\/\/www.naturparkmagazin.de\/schwaebisch-fraenkischer-wald\/#website","url":"https:\/\/www.naturparkmagazin.de\/schwaebisch-fraenkischer-wald\/","name":"Naturpark Schw\u00e4bisch-Fr\u00e4nkischer Wald","description":"","potentialAction":[{"@type":"SearchAction","target":{"@type":"EntryPoint","urlTemplate":"https:\/\/www.naturparkmagazin.de\/schwaebisch-fraenkischer-wald\/?s={search_term_string}"},"query-input":"required name=search_term_string"}],"inLanguage":"de"},{"@type":"Person","@id":"https:\/\/www.naturparkmagazin.de\/schwaebisch-fraenkischer-wald\/#\/schema\/person\/f047a3702ae747fd7830cf8ac95e6066","name":"Naturpark-Team","sameAs":["http:\/\/www.naturpark-sfw.de","https:\/\/www.facebook.com\/naturparkSFW"],"url":"https:\/\/www.naturparkmagazin.de\/schwaebisch-fraenkischer-wald\/author\/bernharddrixler\/"}]}},"_links":{"self":[{"href":"https:\/\/www.naturparkmagazin.de\/schwaebisch-fraenkischer-wald\/wp-json\/wp\/v2\/posts\/4536"}],"collection":[{"href":"https:\/\/www.naturparkmagazin.de\/schwaebisch-fraenkischer-wald\/wp-json\/wp\/v2\/posts"}],"about":[{"href":"https:\/\/www.naturparkmagazin.de\/schwaebisch-fraenkischer-wald\/wp-json\/wp\/v2\/types\/post"}],"author":[{"embeddable":true,"href":"https:\/\/www.naturparkmagazin.de\/schwaebisch-fraenkischer-wald\/wp-json\/wp\/v2\/users\/25"}],"replies":[{"embeddable":true,"href":"https:\/\/www.naturparkmagazin.de\/schwaebisch-fraenkischer-wald\/wp-json\/wp\/v2\/comments?post=4536"}],"version-history":[{"count":5,"href":"https:\/\/www.naturparkmagazin.de\/schwaebisch-fraenkischer-wald\/wp-json\/wp\/v2\/posts\/4536\/revisions"}],"predecessor-version":[{"id":4548,"href":"https:\/\/www.naturparkmagazin.de\/schwaebisch-fraenkischer-wald\/wp-json\/wp\/v2\/posts\/4536\/revisions\/4548"}],"wp:featuredmedia":[{"embeddable":true,"href":"https:\/\/www.naturparkmagazin.de\/schwaebisch-fraenkischer-wald\/wp-json\/wp\/v2\/media\/4546"}],"wp:attachment":[{"href":"https:\/\/www.naturparkmagazin.de\/schwaebisch-fraenkischer-wald\/wp-json\/wp\/v2\/media?parent=4536"}],"wp:term":[{"taxonomy":"category","embeddable":true,"href":"https:\/\/www.naturparkmagazin.de\/schwaebisch-fraenkischer-wald\/wp-json\/wp\/v2\/categories?post=4536"},{"taxonomy":"post_tag","embeddable":true,"href":"https:\/\/www.naturparkmagazin.de\/schwaebisch-fraenkischer-wald\/wp-json\/wp\/v2\/tags?post=4536"}],"curies":[{"name":"wp","href":"https:\/\/api.w.org\/{rel}","templated":true}]}}