{"id":460,"date":"2013-11-29T15:30:11","date_gmt":"2013-11-29T13:30:11","guid":{"rendered":"http:\/\/www.naturparkmagazin.de\/schwaebisch-fraenkischer-wald\/?p=460"},"modified":"2013-12-16T13:28:48","modified_gmt":"2013-12-16T11:28:48","slug":"unser-naturpark-wird-groesser","status":"publish","type":"post","link":"https:\/\/www.naturparkmagazin.de\/schwaebisch-fraenkischer-wald\/unser-naturpark-wird-groesser\/","title":{"rendered":"Unser Naturpark wird gr\u00f6\u00dfer!"},"content":{"rendered":"<p>Der Naturpark Schw\u00e4bisch-Fr\u00e4nkischer Wald bekommt offiziell ab den 1. Januar 2014 Zuwachs. Damit d\u00fcrfen wir elf neue Kommunen und neue Gebiete in sechs bestehende Mitgliedskommunen herzlich willkommen hei\u00dfen.<\/p>\n<div id=\"attachment_291\" style=\"width: 510px\" class=\"wp-caption aligncenter\"><a href=\"https:\/\/www.naturparkmagazin.de\/schwaebisch-fraenkischer-wald\/wp-content\/uploads\/sites\/34\/070623_UG054_klein.jpg\"><img aria-describedby=\"caption-attachment-291\" decoding=\"async\" loading=\"lazy\" class=\"size-full wp-image-291 \" title=\"(c) Naturpark Schw\u00e4bisch-Fr\u00e4nkischer Wald\" alt=\"(c) Naturpark Schw\u00e4bisch-Fr\u00e4nkischer Wald\" src=\"https:\/\/www.naturparkmagazin.de\/schwaebisch-fraenkischer-wald\/wp-content\/uploads\/sites\/34\/070623_UG054_klein.jpg\" width=\"500\" height=\"333\" srcset=\"https:\/\/www.naturparkmagazin.de\/schwaebisch-fraenkischer-wald\/wp-content\/uploads\/sites\/34\/070623_UG054_klein.jpg 500w, https:\/\/www.naturparkmagazin.de\/schwaebisch-fraenkischer-wald\/wp-content\/uploads\/sites\/34\/070623_UG054_klein-300x200.jpg 300w, https:\/\/www.naturparkmagazin.de\/schwaebisch-fraenkischer-wald\/wp-content\/uploads\/sites\/34\/070623_UG054_klein-200x133.jpg 200w\" sizes=\"(max-width: 500px) 100vw, 500px\" \/><\/a><p id=\"caption-attachment-291\" class=\"wp-caption-text\">(c) Naturpark Schw\u00e4bisch-Fr\u00e4nkischer Wald<\/p><\/div>\n<p>Schon im Jahr 2011 wurde die Erweiterung des Naturparks Schw\u00e4bisch-Fr\u00e4nkischer Wald diskutiert. Wenn man die Landschaft im und um den Naturpark betrachtet, ist diese \u00dcberlegung vollkommen richtig. Die \u00f6stliche angrenzenden Limpurger Berge sowie die Region Berglen s\u00fcdwestlich der bisherigen Grenze sind in Geologie, Klima und Vegetation sehr \u00e4hnlich zur bestehenden Gebietskulisse und passen damit gut in den Naturpark. Die Mitglieder des Naturparkvereins haben das auch so gesehen und haben daher die Erweiterung des Naturparks im Fr\u00fchjahr 2013 beschlossen. Ab dem 1.1.2014 geh\u00f6ren nun die elf weiteren Kommunen zur Gebietskulisse und sechs Kommunen, die bereits Mitglied im Naturpark sind, kommen mit ihrer gesamten Gemarkungsfl\u00e4che hinzu. Mit diesem Beschluss vergr\u00f6\u00dfert sich der Naturpark Schw\u00e4bisch-Fr\u00e4nkischer Wald um knapp 40 % von bisher 916 auf nun 1281 km\u00b2. Die \u201eneue\u201c und gr\u00f6\u00dfere Gebietskulisse tr\u00e4gt erheblich zur St\u00e4rkung und gemeinsamen Entwicklung unserer Region bei. Der Naturpark Schw\u00e4bisch-Fr\u00e4nkischer Wald fungiert als eine verbindende Plattform f\u00fcr Kommunen, Landkreise, Organisationen und Akteure. Mit einer vergr\u00f6\u00dferten Fl\u00e4che kann der Naturpark Zusammenschl\u00fcsse und Kooperationen verst\u00e4rkt ansto\u00dfen und seine Aufgabe als Regionalentwicklungsmotor besser erf\u00fcllen. Zudem gewinnt der Naturpark an Bedeutung und Schlagkraft als Gro\u00dfschutzgebiet und kann die Natur damit besser sch\u00fctzen.<\/p>\n<p>&nbsp;<\/p>\n<p>Wir wollen unsere neue Gebiete hier kurz vorstellen: Die Berglen sind reich zertalt, ihre Landschaft von einem kleinr\u00e4umigen Mosaik unterschiedlicher (Kultur-) Landschaftselemente gepr\u00e4gt. Charakteristisch sind die traditionellen Streuobstwiesen, die oftmals den \u00dcbergang zwischen den bewaldeten H\u00f6henz\u00fcgen und den Ortschaften in Tallagen darstellen. Die zahlreichen Keuperklingen, Quellaustritte, Rutschungen und Steilw\u00e4nde sind Zeugnis der interessanten Geologie der Region und eine Besonderheit des Naturparks Schw\u00e4bisch-Fr\u00e4nkischer Wald. Die vielen B\u00e4che zerschneiden die Waldfl\u00e4chen sodass \u00fcberall rauchendes Wasser zu h\u00f6ren ist. Durch ihre sch\u00f6ne, intakte Natur nehmen die Berglen eine bedeutende Rolle f\u00fcr die Naherholung ein, insbesondere durch die N\u00e4he zum Ballungsraum Stuttgart. So k\u00f6nnen die Berglen als k\u00fcnftiges \u201eTor nach Stuttgart\u201c des Naturparks verstanden werden.<\/p>\n<p>Die Limpurger Berge und das Kochertal \u00f6stlich des Murrhardter- bzw. Welzheimer Waldes f\u00fcgen sich mit ihren gro\u00dfen zusammenh\u00e4ngenden Waldfl\u00e4chen und dem Kochertal ideal in die Schwerpunktthemen des Naturparks \u201eWald und Wasser\u201c ein. Das Kochertal erg\u00e4nzt den Naturpark Schw\u00e4bisch-Fr\u00e4nkischer Wald um ein weiteres naturnahes Flusstal und bringt das gr\u00f6\u00dfte (221 ha) Naturschutzgebiet in den Naturpark ein. Au\u00dferdem kann der Naturpark sich \u00fcber den etablierten und \u00fcberregional bekannten Kocher-Jagst-Radweg und die damit verbundene Infrastruktur freuen. So k\u00f6nnen die Rad- und Wanderwegenetze weiter ausgebaut werden und der Naturpark kann sein Profil als Wander- und Radregion sch\u00e4rfen. Des Weiteren stellen die Limpurger Berge mit ihren zahlreichen kulturhistorischen Zeugen (Schl\u00f6sser und Residenzen) und dem Kulturprogramm der Kommunen Abtsgm\u00fcnd und Gaildorf im Bereich der Kunst und Kultur eine gro\u00dfe Bereicherung f\u00fcr den Naturpark Schw\u00e4bisch-Fr\u00e4nkischer Wald dar.<\/p>\n<div id=\"attachment_477\" style=\"width: 331px\" class=\"wp-caption aligncenter\"><a href=\"https:\/\/www.naturparkmagazin.de\/schwaebisch-fraenkischer-wald\/wp-content\/uploads\/sites\/34\/130815_NPSFW_Erweiterung-komp.jpg\"><img aria-describedby=\"caption-attachment-477\" decoding=\"async\" loading=\"lazy\" class=\"size-thumbnail wp-image-477 \" title=\"Alte und neue Gebietskulisse des Naturparks\" alt=\"\" src=\"https:\/\/www.naturparkmagazin.de\/schwaebisch-fraenkischer-wald\/wp-content\/uploads\/sites\/34\/130815_NPSFW_Erweiterung-komp-300x282.jpg\" width=\"321\" height=\"300\" \/><\/a><p id=\"caption-attachment-477\" class=\"wp-caption-text\">Alte und neue Gebietskulisse des Naturparks<\/p><\/div>\n","protected":false},"excerpt":{"rendered":"<p>Der Naturpark Schw\u00e4bisch-Fr\u00e4nkischer Wald bekommt offiziell ab den 1. Januar 2014 Zuwachs. Damit d\u00fcrfen wir elf neue Kommunen und neue Gebiete in sechs bestehende Mitgliedskommunen herzlich willkommen hei\u00dfen.<\/p>\n","protected":false},"author":25,"featured_media":291,"comment_status":"open","ping_status":"open","sticky":false,"template":"","format":"standard","meta":[],"categories":[7],"tags":[3149],"yoast_head":"<!-- This site is optimized with the Yoast SEO plugin v19.10 - https:\/\/yoast.com\/wordpress\/plugins\/seo\/ -->\n<title>Unser Naturpark wird gr\u00f6\u00dfer! - Naturpark Schw\u00e4bisch-Fr\u00e4nkischer Wald<\/title>\n<meta name=\"robots\" content=\"index, follow, max-snippet:-1, max-image-preview:large, max-video-preview:-1\" \/>\n<link rel=\"canonical\" href=\"https:\/\/www.naturparkmagazin.de\/schwaebisch-fraenkischer-wald\/unser-naturpark-wird-groesser\/\" \/>\n<meta property=\"og:locale\" content=\"de_DE\" \/>\n<meta property=\"og:type\" content=\"article\" \/>\n<meta property=\"og:title\" content=\"Unser Naturpark wird gr\u00f6\u00dfer! - Naturpark Schw\u00e4bisch-Fr\u00e4nkischer Wald\" \/>\n<meta property=\"og:description\" content=\"Der Naturpark Schw\u00e4bisch-Fr\u00e4nkischer Wald bekommt offiziell ab den 1. Januar 2014 Zuwachs. Damit d\u00fcrfen wir elf neue Kommunen und neue Gebiete in sechs bestehende Mitgliedskommunen herzlich willkommen hei\u00dfen.\" \/>\n<meta property=\"og:url\" content=\"https:\/\/www.naturparkmagazin.de\/schwaebisch-fraenkischer-wald\/unser-naturpark-wird-groesser\/\" \/>\n<meta property=\"og:site_name\" content=\"Naturpark Schw\u00e4bisch-Fr\u00e4nkischer Wald\" \/>\n<meta property=\"article:author\" content=\"https:\/\/www.facebook.com\/naturparkSFW\" \/>\n<meta property=\"article:published_time\" content=\"2013-11-29T13:30:11+00:00\" \/>\n<meta property=\"article:modified_time\" content=\"2013-12-16T11:28:48+00:00\" \/>\n<meta property=\"og:image\" content=\"https:\/\/www.naturparkmagazin.de\/schwaebisch-fraenkischer-wald\/wp-content\/uploads\/sites\/34\/070623_UG054_klein.jpg\" \/>\n\t<meta property=\"og:image:width\" content=\"500\" \/>\n\t<meta property=\"og:image:height\" content=\"333\" \/>\n\t<meta property=\"og:image:type\" content=\"image\/jpeg\" \/>\n<meta name=\"author\" content=\"Naturpark-Team\" \/>\n<meta name=\"twitter:label1\" content=\"Verfasst von\" \/>\n\t<meta name=\"twitter:data1\" content=\"Naturpark-Team\" \/>\n\t<meta name=\"twitter:label2\" content=\"Gesch\u00e4tzte Lesezeit\" \/>\n\t<meta name=\"twitter:data2\" content=\"3\u00a0Minuten\" \/>\n<script type=\"application\/ld+json\" class=\"yoast-schema-graph\">{\"@context\":\"https:\/\/schema.org\",\"@graph\":[{\"@type\":\"WebPage\",\"@id\":\"https:\/\/www.naturparkmagazin.de\/schwaebisch-fraenkischer-wald\/unser-naturpark-wird-groesser\/\",\"url\":\"https:\/\/www.naturparkmagazin.de\/schwaebisch-fraenkischer-wald\/unser-naturpark-wird-groesser\/\",\"name\":\"Unser Naturpark wird gr\u00f6\u00dfer! - Naturpark Schw\u00e4bisch-Fr\u00e4nkischer Wald\",\"isPartOf\":{\"@id\":\"https:\/\/www.naturparkmagazin.de\/schwaebisch-fraenkischer-wald\/#website\"},\"datePublished\":\"2013-11-29T13:30:11+00:00\",\"dateModified\":\"2013-12-16T11:28:48+00:00\",\"author\":{\"@id\":\"https:\/\/www.naturparkmagazin.de\/schwaebisch-fraenkischer-wald\/#\/schema\/person\/f047a3702ae747fd7830cf8ac95e6066\"},\"breadcrumb\":{\"@id\":\"https:\/\/www.naturparkmagazin.de\/schwaebisch-fraenkischer-wald\/unser-naturpark-wird-groesser\/#breadcrumb\"},\"inLanguage\":\"de\",\"potentialAction\":[{\"@type\":\"ReadAction\",\"target\":[\"https:\/\/www.naturparkmagazin.de\/schwaebisch-fraenkischer-wald\/unser-naturpark-wird-groesser\/\"]}]},{\"@type\":\"BreadcrumbList\",\"@id\":\"https:\/\/www.naturparkmagazin.de\/schwaebisch-fraenkischer-wald\/unser-naturpark-wird-groesser\/#breadcrumb\",\"itemListElement\":[{\"@type\":\"ListItem\",\"position\":1,\"name\":\"Home\",\"item\":\"https:\/\/www.naturparkmagazin.de\/schwaebisch-fraenkischer-wald\/\"},{\"@type\":\"ListItem\",\"position\":2,\"name\":\"Unser Naturpark wird gr\u00f6\u00dfer!\"}]},{\"@type\":\"WebSite\",\"@id\":\"https:\/\/www.naturparkmagazin.de\/schwaebisch-fraenkischer-wald\/#website\",\"url\":\"https:\/\/www.naturparkmagazin.de\/schwaebisch-fraenkischer-wald\/\",\"name\":\"Naturpark Schw\u00e4bisch-Fr\u00e4nkischer Wald\",\"description\":\"\",\"potentialAction\":[{\"@type\":\"SearchAction\",\"target\":{\"@type\":\"EntryPoint\",\"urlTemplate\":\"https:\/\/www.naturparkmagazin.de\/schwaebisch-fraenkischer-wald\/?s={search_term_string}\"},\"query-input\":\"required name=search_term_string\"}],\"inLanguage\":\"de\"},{\"@type\":\"Person\",\"@id\":\"https:\/\/www.naturparkmagazin.de\/schwaebisch-fraenkischer-wald\/#\/schema\/person\/f047a3702ae747fd7830cf8ac95e6066\",\"name\":\"Naturpark-Team\",\"sameAs\":[\"http:\/\/www.naturpark-sfw.de\",\"https:\/\/www.facebook.com\/naturparkSFW\"],\"url\":\"https:\/\/www.naturparkmagazin.de\/schwaebisch-fraenkischer-wald\/author\/bernharddrixler\/\"}]}<\/script>\n<!-- \/ Yoast SEO plugin. -->","yoast_head_json":{"title":"Unser Naturpark wird gr\u00f6\u00dfer! - Naturpark Schw\u00e4bisch-Fr\u00e4nkischer Wald","robots":{"index":"index","follow":"follow","max-snippet":"max-snippet:-1","max-image-preview":"max-image-preview:large","max-video-preview":"max-video-preview:-1"},"canonical":"https:\/\/www.naturparkmagazin.de\/schwaebisch-fraenkischer-wald\/unser-naturpark-wird-groesser\/","og_locale":"de_DE","og_type":"article","og_title":"Unser Naturpark wird gr\u00f6\u00dfer! - Naturpark Schw\u00e4bisch-Fr\u00e4nkischer Wald","og_description":"Der Naturpark Schw\u00e4bisch-Fr\u00e4nkischer Wald bekommt offiziell ab den 1. Januar 2014 Zuwachs. Damit d\u00fcrfen wir elf neue Kommunen und neue Gebiete in sechs bestehende Mitgliedskommunen herzlich willkommen hei\u00dfen.","og_url":"https:\/\/www.naturparkmagazin.de\/schwaebisch-fraenkischer-wald\/unser-naturpark-wird-groesser\/","og_site_name":"Naturpark Schw\u00e4bisch-Fr\u00e4nkischer Wald","article_author":"https:\/\/www.facebook.com\/naturparkSFW","article_published_time":"2013-11-29T13:30:11+00:00","article_modified_time":"2013-12-16T11:28:48+00:00","og_image":[{"width":500,"height":333,"url":"https:\/\/www.naturparkmagazin.de\/schwaebisch-fraenkischer-wald\/wp-content\/uploads\/sites\/34\/070623_UG054_klein.jpg","type":"image\/jpeg"}],"author":"Naturpark-Team","twitter_misc":{"Verfasst von":"Naturpark-Team","Gesch\u00e4tzte Lesezeit":"3\u00a0Minuten"},"schema":{"@context":"https:\/\/schema.org","@graph":[{"@type":"WebPage","@id":"https:\/\/www.naturparkmagazin.de\/schwaebisch-fraenkischer-wald\/unser-naturpark-wird-groesser\/","url":"https:\/\/www.naturparkmagazin.de\/schwaebisch-fraenkischer-wald\/unser-naturpark-wird-groesser\/","name":"Unser Naturpark wird gr\u00f6\u00dfer! - Naturpark Schw\u00e4bisch-Fr\u00e4nkischer Wald","isPartOf":{"@id":"https:\/\/www.naturparkmagazin.de\/schwaebisch-fraenkischer-wald\/#website"},"datePublished":"2013-11-29T13:30:11+00:00","dateModified":"2013-12-16T11:28:48+00:00","author":{"@id":"https:\/\/www.naturparkmagazin.de\/schwaebisch-fraenkischer-wald\/#\/schema\/person\/f047a3702ae747fd7830cf8ac95e6066"},"breadcrumb":{"@id":"https:\/\/www.naturparkmagazin.de\/schwaebisch-fraenkischer-wald\/unser-naturpark-wird-groesser\/#breadcrumb"},"inLanguage":"de","potentialAction":[{"@type":"ReadAction","target":["https:\/\/www.naturparkmagazin.de\/schwaebisch-fraenkischer-wald\/unser-naturpark-wird-groesser\/"]}]},{"@type":"BreadcrumbList","@id":"https:\/\/www.naturparkmagazin.de\/schwaebisch-fraenkischer-wald\/unser-naturpark-wird-groesser\/#breadcrumb","itemListElement":[{"@type":"ListItem","position":1,"name":"Home","item":"https:\/\/www.naturparkmagazin.de\/schwaebisch-fraenkischer-wald\/"},{"@type":"ListItem","position":2,"name":"Unser Naturpark wird gr\u00f6\u00dfer!"}]},{"@type":"WebSite","@id":"https:\/\/www.naturparkmagazin.de\/schwaebisch-fraenkischer-wald\/#website","url":"https:\/\/www.naturparkmagazin.de\/schwaebisch-fraenkischer-wald\/","name":"Naturpark Schw\u00e4bisch-Fr\u00e4nkischer Wald","description":"","potentialAction":[{"@type":"SearchAction","target":{"@type":"EntryPoint","urlTemplate":"https:\/\/www.naturparkmagazin.de\/schwaebisch-fraenkischer-wald\/?s={search_term_string}"},"query-input":"required name=search_term_string"}],"inLanguage":"de"},{"@type":"Person","@id":"https:\/\/www.naturparkmagazin.de\/schwaebisch-fraenkischer-wald\/#\/schema\/person\/f047a3702ae747fd7830cf8ac95e6066","name":"Naturpark-Team","sameAs":["http:\/\/www.naturpark-sfw.de","https:\/\/www.facebook.com\/naturparkSFW"],"url":"https:\/\/www.naturparkmagazin.de\/schwaebisch-fraenkischer-wald\/author\/bernharddrixler\/"}]}},"_links":{"self":[{"href":"https:\/\/www.naturparkmagazin.de\/schwaebisch-fraenkischer-wald\/wp-json\/wp\/v2\/posts\/460"}],"collection":[{"href":"https:\/\/www.naturparkmagazin.de\/schwaebisch-fraenkischer-wald\/wp-json\/wp\/v2\/posts"}],"about":[{"href":"https:\/\/www.naturparkmagazin.de\/schwaebisch-fraenkischer-wald\/wp-json\/wp\/v2\/types\/post"}],"author":[{"embeddable":true,"href":"https:\/\/www.naturparkmagazin.de\/schwaebisch-fraenkischer-wald\/wp-json\/wp\/v2\/users\/25"}],"replies":[{"embeddable":true,"href":"https:\/\/www.naturparkmagazin.de\/schwaebisch-fraenkischer-wald\/wp-json\/wp\/v2\/comments?post=460"}],"version-history":[{"count":10,"href":"https:\/\/www.naturparkmagazin.de\/schwaebisch-fraenkischer-wald\/wp-json\/wp\/v2\/posts\/460\/revisions"}],"predecessor-version":[{"id":566,"href":"https:\/\/www.naturparkmagazin.de\/schwaebisch-fraenkischer-wald\/wp-json\/wp\/v2\/posts\/460\/revisions\/566"}],"wp:featuredmedia":[{"embeddable":true,"href":"https:\/\/www.naturparkmagazin.de\/schwaebisch-fraenkischer-wald\/wp-json\/wp\/v2\/media\/291"}],"wp:attachment":[{"href":"https:\/\/www.naturparkmagazin.de\/schwaebisch-fraenkischer-wald\/wp-json\/wp\/v2\/media?parent=460"}],"wp:term":[{"taxonomy":"category","embeddable":true,"href":"https:\/\/www.naturparkmagazin.de\/schwaebisch-fraenkischer-wald\/wp-json\/wp\/v2\/categories?post=460"},{"taxonomy":"post_tag","embeddable":true,"href":"https:\/\/www.naturparkmagazin.de\/schwaebisch-fraenkischer-wald\/wp-json\/wp\/v2\/tags?post=460"}],"curies":[{"name":"wp","href":"https:\/\/api.w.org\/{rel}","templated":true}]}}