{"id":466,"date":"2013-11-29T15:49:34","date_gmt":"2013-11-29T13:49:34","guid":{"rendered":"http:\/\/www.naturparkmagazin.de\/schwaebisch-fraenkischer-wald\/?p=466"},"modified":"2013-12-04T12:55:37","modified_gmt":"2013-12-04T10:55:37","slug":"unterwegs-mit-den-naturparkfuehrern-im-dezember","status":"publish","type":"post","link":"https:\/\/www.naturparkmagazin.de\/schwaebisch-fraenkischer-wald\/unterwegs-mit-den-naturparkfuehrern-im-dezember\/","title":{"rendered":"Unterwegs mit den Naturparkf\u00fchrern im Dezember"},"content":{"rendered":"<p>Die Kerzen am Adventskranz brennen schon, Pl\u00e4tzchenduft h\u00e4ngt in der Luft, die Weihnachtslichter leuchten: die Adventszeit beginnt! Jetzt ist die Zeit, mit Familie und Freunden etwas Besonderes zu unternehmen. Ob Schneeschuhabendteuer, Fackelwanderung oder Spa\u00df im Winterwald, die Veranstaltungen unserer Naturparkf\u00fchrer versprechen diesen Monat sch\u00f6ne Stunden mit Ihren Lieben.<\/p>\n<p><b>Sonntag, 1. Dezember<\/b><\/p>\n<p><b>Auf alten Pfaden zum Kloster Lichtenstern<\/b><\/p>\n<p>L\u00f6wensteiner Bergtouren: Vorweihnachtliche Wanderung \u00fcber das Naturdenkmal\u00a0 Lumpenloch und den Hausberg L\u00f6wensteins, den Wohlfartsberg, zum ehemaligen Zisterzienserinnen-Kloster Lichtenstern. Dort gibt es eine kleine Klosterf\u00fchrung. Unterwegs w\u00e4rmt ein hei\u00dfer Punsch die kalten Glieder. Um 14 Uhr beim Parkplatz der Evangelischen Stadtkirche in L\u00f6wenstein geht die Wanderung los uns dauert ca. drei Stunden. Die Kosten betragen 7,50 \u20ac pro Person inklusive eines Umtrunks unterwegs. Eine Anmeldung ist nicht erforderlich.<\/p>\n<p>Weitere Infos unter:<\/p>\n<p>Telefon 0 71 30 \u2013 40 11 20<\/p>\n<p>ruecker@die-naturparkfuehrer.de<\/p>\n<p><b>Sonntag, 8. Dezember<\/b><\/p>\n<p><b>Nikolauswanderung<\/b><b><\/b><\/p>\n<p>\u201eDann stell\u2019 ich den Teller auf, Niklas legt gewiss was drauf&#8230;\u201c. Vorweihnachtliche Wanderung entlang des Limes durch das Tal der Fichtenberger Rot (FFH-Gebiet) und zur\u00fcck. Wir singen weihnachtliche Lieder und bringen den Tieren Futtergeschenke. Wer m\u00f6chte, kann N\u00fcsse, \u00c4pfel, Kastanien und Eicheln mitbringen. Die ca. vierst\u00fcndige Wanderung startet um 13 Uhr in Bubenorbis in der Ortsmitte. Die Kosten betragen 8 \u20ac f\u00fcr Erwachsene und 2 \u20ac f\u00fcr Kinder. Jeder soll eine Tasse mitbringen und nach Bedarf auch Wanderst\u00f6cke. Diese familien-freundliche Wanderung ist jedoch nicht f\u00fcr Kinderwagen geeignet. Eine Anmeldung ist bis 6. Dezember noch m\u00f6glich.<\/p>\n<p>Weitere Infos unter:<\/p>\n<p>Telefon 01 60-3 55 78 31<\/p>\n<p>koehler@die-naturparkfuehrer.de<\/p>\n<p><b>Sonntag, 15. Dezember<\/b><\/p>\n<p><b>Schneeschuhwanderung \u00fcber dem Wieslauftal<a href=\"https:\/\/www.naturparkmagazin.de\/schwaebisch-fraenkischer-wald\/wp-content\/uploads\/sites\/34\/120129_Hieber.jpg\"><img decoding=\"async\" loading=\"lazy\" class=\"alignright size-thumbnail wp-image-469\" title=\"Schneeschuh Abendteuer im Naturpark\" alt=\"\" src=\"https:\/\/www.naturparkmagazin.de\/schwaebisch-fraenkischer-wald\/wp-content\/uploads\/sites\/34\/120129_Hieber-300x261.jpg\" width=\"300\" height=\"261\" srcset=\"https:\/\/www.naturparkmagazin.de\/schwaebisch-fraenkischer-wald\/wp-content\/uploads\/sites\/34\/120129_Hieber-300x261.jpg 300w, https:\/\/www.naturparkmagazin.de\/schwaebisch-fraenkischer-wald\/wp-content\/uploads\/sites\/34\/120129_Hieber-620x540.jpg 620w, https:\/\/www.naturparkmagazin.de\/schwaebisch-fraenkischer-wald\/wp-content\/uploads\/sites\/34\/120129_Hieber-940x818.jpg 940w, https:\/\/www.naturparkmagazin.de\/schwaebisch-fraenkischer-wald\/wp-content\/uploads\/sites\/34\/120129_Hieber-670x583.jpg 670w, https:\/\/www.naturparkmagazin.de\/schwaebisch-fraenkischer-wald\/wp-content\/uploads\/sites\/34\/120129_Hieber-200x174.jpg 200w, https:\/\/www.naturparkmagazin.de\/schwaebisch-fraenkischer-wald\/wp-content\/uploads\/sites\/34\/120129_Hieber.jpg 1511w\" sizes=\"(max-width: 300px) 100vw, 300px\" \/><\/a><\/b><\/p>\n<p>Mit den Schneeschuhen geht es bergauf und bergab, \u00fcber Wiesen, Felder und durch den Wald Richtung Burg Waldenstein. Unterwegs halten wir Ausschau nach Tierspuren, genie\u00dfen die wei\u00dfe Pracht, st\u00e4rken uns mit einem kleinen Handvesper und w\u00e4rmen uns mit dampfendem Gl\u00fchwein und Punsch. Die Wanderung beginnt um 14 Uhr, dauert ungef\u00e4hr zwei und eine halbe Stunden und ist f\u00fcr Kinder ab 8 geeignet. Der Treffpunkt ist in Rudersberg-Oberndorf an der Regionalbushaltestelle Grauhaldenhof (Parkm\u00f6glichkeiten sind vorhanden). Die F\u00fchrung kostet 12 \u20ac f\u00fcr Erwachsene und 8 \u20ac f\u00fcr Kinder, inklusive ein kleines Vesper und Gl\u00fchwein oder Punsch. Schneeschuhe k\u00f6nnen f\u00fcr zus\u00e4tzliche 5 \u20ac ausgeliehen werden. Bis 13. Dezember ist eine Anmeldung noch m\u00f6glich.<\/p>\n<p>Weitere Infos unter:<\/p>\n<p>Telefon 0 71 82-93 56 97<\/p>\n<p>hieber@die-naturparkfuehrer.de<\/p>\n<p><b>Sonntag, 22. Dezember<\/b><\/p>\n<p><b>Weihnachtswald<\/b><\/p>\n<p>\u00dcbermorgen ist Heilig Abend. Wir warten gespannt auf das Christkind. Auch im Wald h\u00f6rt man Tiere und B\u00e4ume aufgeregt fl\u00fcstern, sieht man Lichter, h\u00f6rt Lieder und erz\u00e4hlt sich die sch\u00f6nen alten Geschichten von der Ankunft des Heilands bei den Menschen. Lassen wir uns verzaubern von der stillen Weihnachtsstimmung im Wald. Los geht\u2019s in Murrhardt am Parkplatz beim Freibad um 17 Uhr. Die zweist\u00fcndige Wandung kostet 7 \u20ac f\u00fcr Erwachsene und 4 \u20ac f\u00fcr Kinder. Mitzubringen ist eine Kerze und ein Becher. Eine Anmeldung ist bis 20. Dezember m\u00f6glich.<\/p>\n<p>Weitere Infos unter:<\/p>\n<p>Telefon 0 71 82-93 56 97<\/p>\n<p>hieber@die-naturparkfuehrer.de<\/p>\n<p><b>Sonntag, 22. Dezember<\/b><b><\/b><\/p>\n<p><b>Wintersonnwende und Raun\u00e4chte im Schw\u00e4bisch-Fr\u00e4nkischen Wald <\/b><\/p>\n<p>Mit Fackeln geht es rund um den Lindelberg mit einer fantastischen Aussicht auf den Naturpark und die Hohenloher Ebene rundherum.\u00a0Um die 12 geheimnisvollen N\u00e4chte zwischen Weihnachten und Heilige Drei K\u00f6nige ranken sich vielerlei Brauchtum, Aberglaube, Magie und Orakel. Dazu gibt es Wissenswertes \u00fcber die Wintersonnwende als ein bedeutendes Fest im Altertum. Die Wanderung startet am Wanderparkplatz vor Pfedelbach-Lindenberg um 16 Uhr und dauert ca. eineinhalb Stunden. Erwachsene zahlen 5 \u20ac und Kinder 2 \u20ac. Fackeln k\u00f6nnen Sie vor Ort f\u00fcr 2 \u20ac erwerben. Bis 20. Dezember ist eine Anmeldung m\u00f6glich.<\/p>\n<p>Weitere Infos unter:<\/p>\n<p>kuch@die-naturparkfuehrer.de<\/p>\n<p><b>Dienstag, 25. Dezember \u2013 1. Weihnachtstag<\/b><\/p>\n<p><b>Am Weihnachtsbaume die Lichter brennen\u2026<\/b><\/p>\n<p>Wir machen eine besinnliche Wanderung rund um Bubenorbis. Dabei singen wir weihnachtliche Lieder und w\u00e4rmen uns bei Geschichten und Punsch. Unterwegs verstecken wir kleine Futtergeschenke f\u00fcr die Tiere. Wer m\u00f6chte kann daf\u00fcr N\u00fcsse, Obst oder Kastanien mitbringen. Den Abschluss machen wir gem\u00fctlich in einer Waldh\u00fctte bei Pl\u00e4tzchen, Punsch und Stollen. Los geht\u2019s auf die zweiundeinhalbst\u00fcndige Wanderung um 15 Uhr. Der Treffpunkt ist in Mainhardt-Bubenorbis am Wanderparkplatz beim B\u00fcrgerhaus Bubenorbis. Die Kosten betragen 10 \u20ac f\u00fcr Erwachsene und 5 \u20ac f\u00fcr Kinder inklusive Verk\u00f6stigung. Die Tasse nicht vergessen! Eine Anmeldung ist bis 22. Dezember m\u00f6glich.<\/p>\n<p>Infos unter:<\/p>\n<p>Telefon 01 60 &#8211; 3 55 78 31<\/p>\n<p>koehler@die-naturparkfuehrer.de<a href=\"https:\/\/www.naturparkmagazin.de\/schwaebisch-fraenkischer-wald\/wp-content\/uploads\/sites\/34\/121209_Koehler.jpg\"><img decoding=\"async\" loading=\"lazy\" class=\"alignright size-thumbnail wp-image-462\" title=\"Winterliche Aussichten\" alt=\"\" src=\"https:\/\/www.naturparkmagazin.de\/schwaebisch-fraenkischer-wald\/wp-content\/uploads\/sites\/34\/121209_Koehler-300x400.jpg\" width=\"300\" height=\"400\" srcset=\"https:\/\/www.naturparkmagazin.de\/schwaebisch-fraenkischer-wald\/wp-content\/uploads\/sites\/34\/121209_Koehler-300x400.jpg 300w, https:\/\/www.naturparkmagazin.de\/schwaebisch-fraenkischer-wald\/wp-content\/uploads\/sites\/34\/121209_Koehler-500x667.jpg 500w, https:\/\/www.naturparkmagazin.de\/schwaebisch-fraenkischer-wald\/wp-content\/uploads\/sites\/34\/121209_Koehler-420x560.jpg 420w, https:\/\/www.naturparkmagazin.de\/schwaebisch-fraenkischer-wald\/wp-content\/uploads\/sites\/34\/121209_Koehler-135x180.jpg 135w, https:\/\/www.naturparkmagazin.de\/schwaebisch-fraenkischer-wald\/wp-content\/uploads\/sites\/34\/121209_Koehler-53x71.jpg 53w, https:\/\/www.naturparkmagazin.de\/schwaebisch-fraenkischer-wald\/wp-content\/uploads\/sites\/34\/121209_Koehler-200x267.jpg 200w, https:\/\/www.naturparkmagazin.de\/schwaebisch-fraenkischer-wald\/wp-content\/uploads\/sites\/34\/121209_Koehler.jpg 600w\" sizes=\"(max-width: 300px) 100vw, 300px\" \/><\/a><\/p>\n<p><b>Dienstag, 26. Dezember \u2013 2. Weihnachtstag<\/b><\/p>\n<p><b>Waldweihnacht<\/b><b><\/b><\/p>\n<p>Mit Gro\u00df und Klein machen wir im Fackelschein eine Wanderung durch den winterlichen Wald. Eine Wald-Weihnacht mit Naturerlebnissen, Liedern und besinnlichen Geschichten erwartet die Teilnehmer. Zum Abschluss gibt es am Feuer einen hei\u00dfen Punsch und Apfelbrot. Um 16 Uhr startet die etwa dreist\u00fcndige Tour. Der Treffpunkt ist in L\u00f6wenstein-Hirrweiler auf dem Wanderparkplatz Enzwiese, welcher an der B39 Richtung W\u00fcstenrot liegt. Die Wanderung ist kinderwagentauglich und kostet 7,50 \u20ac f\u00fcr Erwachsene und 2,50 f\u00fcr Kinder inklusive Verk\u00f6stigung und Fackeln. Mitzubringen ist eine Tasse und eine Taschenlampe f\u00fcr den R\u00fcckweg. Eine Anmeldung ist bis 23. Dezember m\u00f6glich.<\/p>\n<p>Weitere Infos unter:<\/p>\n<p>Telefon 0 71 30 \u2013 40 11 20<\/p>\n<p>ruecker@die-naturparkfuehrer.de<\/p>\n<p><b>Sonntag, 29. Dezember<\/b><\/p>\n<p><b>Rauhn\u00e4chte-Fackelwanderung<\/b><\/p>\n<p>Wanderbares Obersulm: Um die Rauhn\u00e4chte ranken sich vielf\u00e4ltiges Brauchtum und Aberglaube. Rund um Weiler machen wir uns auf die Suche nach Geistern und Seelen. Die Nachtwanderung beginnt um 17 Uhr in Obersulm-Weiler beim Schlosseingang in der Herrengasse. Erwachsene zahlen 5 \u20ac, Kinder 2,50 \u20ac. Zus\u00e4tzlich k\u00f6nnen Fackeln vor Ort f\u00fcr 2 \u20ac pro St\u00fcck erworben werden. Eine Anmeldung ist nicht erforderlich.<\/p>\n<p>Weitere Infos unter:<\/p>\n<p>Telefon 0 71 30 \u2013 40 11 20<\/p>\n<p>ruecker@die-naturparkfuehrer.de<\/p>\n<p><b>Sonntag, 29. Dezember<\/b><\/p>\n<p><b>Raun\u00e4chte im Schw\u00e4bisch-Fr\u00e4nkischen Wald<\/b><\/p>\n<p>Vielf\u00e4ltiges Brauchtum, Aberglaube, Magie und Orakel ranken sich um diese 12\u00a0geheimnisvollen N\u00e4chte zwischen Weihnachten und Heilige Drei K\u00f6nige. Mit Fackeln geht es durch die engen Gassen von Maienfels und die Teilnehmer lauschen den sch\u00f6nsten Sagen und Geschichten des Mainhardter Waldes und der L\u00f6wensteiner Berge. Los geht\u2019s in W\u00fcstenrot-Maienfels bei der Bushaltestelle an der Burg um 17 Uhr. Die Tour ist kinderwagentauglich und kostet 5 \u20ac f\u00fcr Erwachsene und 2 \u20ac f\u00fcr Kinder. Fackeln k\u00f6nnen Sie vor Ort f\u00fcr 2 \u20ac kaufen. Bis 27. Dezember ist eine Anmeldung m\u00f6glich.<\/p>\n<p>Weitere Infos unter:<\/p>\n<p>kuch@die-naturparkfuehrer.de<b><\/b><\/p>\n","protected":false},"excerpt":{"rendered":"<p>Die Kerzen am Adventskranz brennen schon, Pl\u00e4tzchenduft h\u00e4ngt in der Luft, die Weihnachtslichter leuchten: die Adventszeit beginnt! Jetzt ist die Zeit, mit Familie und Freunden etwas Besonderes zu unternehmen. Ob Schneeschuhabendteuer, Fackelwanderung oder Spa\u00df im Winterwald, die Veranstaltungen unserer Naturparkf\u00fchrer versprechen diesen Monat sch\u00f6ne Stunden mit Ihren Lieben.<\/p>\n","protected":false},"author":25,"featured_media":464,"comment_status":"open","ping_status":"open","sticky":false,"template":"","format":"standard","meta":[],"categories":[11],"tags":[28,95,170],"yoast_head":"<!-- This site is optimized with the Yoast SEO plugin v19.10 - https:\/\/yoast.com\/wordpress\/plugins\/seo\/ -->\n<title>Unterwegs mit den Naturparkf\u00fchrern im Dezember - Naturpark Schw\u00e4bisch-Fr\u00e4nkischer Wald<\/title>\n<meta name=\"robots\" content=\"index, follow, max-snippet:-1, max-image-preview:large, max-video-preview:-1\" \/>\n<link rel=\"canonical\" href=\"https:\/\/www.naturparkmagazin.de\/schwaebisch-fraenkischer-wald\/unterwegs-mit-den-naturparkfuehrern-im-dezember\/\" \/>\n<meta property=\"og:locale\" content=\"de_DE\" \/>\n<meta property=\"og:type\" content=\"article\" \/>\n<meta property=\"og:title\" content=\"Unterwegs mit den Naturparkf\u00fchrern im Dezember - Naturpark Schw\u00e4bisch-Fr\u00e4nkischer Wald\" \/>\n<meta property=\"og:description\" content=\"Die Kerzen am Adventskranz brennen schon, Pl\u00e4tzchenduft h\u00e4ngt in der Luft, die Weihnachtslichter leuchten: die Adventszeit beginnt! Jetzt ist die Zeit, mit Familie und Freunden etwas Besonderes zu unternehmen. Ob Schneeschuhabendteuer, Fackelwanderung oder Spa\u00df im Winterwald, die Veranstaltungen unserer Naturparkf\u00fchrer versprechen diesen Monat sch\u00f6ne Stunden mit Ihren Lieben.\" \/>\n<meta property=\"og:url\" content=\"https:\/\/www.naturparkmagazin.de\/schwaebisch-fraenkischer-wald\/unterwegs-mit-den-naturparkfuehrern-im-dezember\/\" \/>\n<meta property=\"og:site_name\" content=\"Naturpark Schw\u00e4bisch-Fr\u00e4nkischer Wald\" \/>\n<meta property=\"article:author\" content=\"https:\/\/www.facebook.com\/naturparkSFW\" \/>\n<meta property=\"article:published_time\" content=\"2013-11-29T13:49:34+00:00\" \/>\n<meta property=\"article:modified_time\" content=\"2013-12-04T10:55:37+00:00\" \/>\n<meta property=\"og:image\" content=\"https:\/\/www.naturparkmagazin.de\/schwaebisch-fraenkischer-wald\/wp-content\/uploads\/sites\/34\/Naturparkf\u00fchrer2.jpg\" \/>\n\t<meta property=\"og:image:width\" content=\"1569\" \/>\n\t<meta property=\"og:image:height\" content=\"1257\" \/>\n\t<meta property=\"og:image:type\" content=\"image\/jpeg\" \/>\n<meta name=\"author\" content=\"Naturpark-Team\" \/>\n<meta name=\"twitter:label1\" content=\"Verfasst von\" \/>\n\t<meta name=\"twitter:data1\" content=\"Naturpark-Team\" \/>\n\t<meta name=\"twitter:label2\" content=\"Gesch\u00e4tzte Lesezeit\" \/>\n\t<meta name=\"twitter:data2\" content=\"5\u00a0Minuten\" \/>\n<script type=\"application\/ld+json\" class=\"yoast-schema-graph\">{\"@context\":\"https:\/\/schema.org\",\"@graph\":[{\"@type\":\"WebPage\",\"@id\":\"https:\/\/www.naturparkmagazin.de\/schwaebisch-fraenkischer-wald\/unterwegs-mit-den-naturparkfuehrern-im-dezember\/\",\"url\":\"https:\/\/www.naturparkmagazin.de\/schwaebisch-fraenkischer-wald\/unterwegs-mit-den-naturparkfuehrern-im-dezember\/\",\"name\":\"Unterwegs mit den Naturparkf\u00fchrern im Dezember - Naturpark Schw\u00e4bisch-Fr\u00e4nkischer Wald\",\"isPartOf\":{\"@id\":\"https:\/\/www.naturparkmagazin.de\/schwaebisch-fraenkischer-wald\/#website\"},\"datePublished\":\"2013-11-29T13:49:34+00:00\",\"dateModified\":\"2013-12-04T10:55:37+00:00\",\"author\":{\"@id\":\"https:\/\/www.naturparkmagazin.de\/schwaebisch-fraenkischer-wald\/#\/schema\/person\/f047a3702ae747fd7830cf8ac95e6066\"},\"breadcrumb\":{\"@id\":\"https:\/\/www.naturparkmagazin.de\/schwaebisch-fraenkischer-wald\/unterwegs-mit-den-naturparkfuehrern-im-dezember\/#breadcrumb\"},\"inLanguage\":\"de\",\"potentialAction\":[{\"@type\":\"ReadAction\",\"target\":[\"https:\/\/www.naturparkmagazin.de\/schwaebisch-fraenkischer-wald\/unterwegs-mit-den-naturparkfuehrern-im-dezember\/\"]}]},{\"@type\":\"BreadcrumbList\",\"@id\":\"https:\/\/www.naturparkmagazin.de\/schwaebisch-fraenkischer-wald\/unterwegs-mit-den-naturparkfuehrern-im-dezember\/#breadcrumb\",\"itemListElement\":[{\"@type\":\"ListItem\",\"position\":1,\"name\":\"Home\",\"item\":\"https:\/\/www.naturparkmagazin.de\/schwaebisch-fraenkischer-wald\/\"},{\"@type\":\"ListItem\",\"position\":2,\"name\":\"Unterwegs mit den Naturparkf\u00fchrern im Dezember\"}]},{\"@type\":\"WebSite\",\"@id\":\"https:\/\/www.naturparkmagazin.de\/schwaebisch-fraenkischer-wald\/#website\",\"url\":\"https:\/\/www.naturparkmagazin.de\/schwaebisch-fraenkischer-wald\/\",\"name\":\"Naturpark Schw\u00e4bisch-Fr\u00e4nkischer Wald\",\"description\":\"\",\"potentialAction\":[{\"@type\":\"SearchAction\",\"target\":{\"@type\":\"EntryPoint\",\"urlTemplate\":\"https:\/\/www.naturparkmagazin.de\/schwaebisch-fraenkischer-wald\/?s={search_term_string}\"},\"query-input\":\"required name=search_term_string\"}],\"inLanguage\":\"de\"},{\"@type\":\"Person\",\"@id\":\"https:\/\/www.naturparkmagazin.de\/schwaebisch-fraenkischer-wald\/#\/schema\/person\/f047a3702ae747fd7830cf8ac95e6066\",\"name\":\"Naturpark-Team\",\"sameAs\":[\"http:\/\/www.naturpark-sfw.de\",\"https:\/\/www.facebook.com\/naturparkSFW\"],\"url\":\"https:\/\/www.naturparkmagazin.de\/schwaebisch-fraenkischer-wald\/author\/bernharddrixler\/\"}]}<\/script>\n<!-- \/ Yoast SEO plugin. -->","yoast_head_json":{"title":"Unterwegs mit den Naturparkf\u00fchrern im Dezember - Naturpark Schw\u00e4bisch-Fr\u00e4nkischer Wald","robots":{"index":"index","follow":"follow","max-snippet":"max-snippet:-1","max-image-preview":"max-image-preview:large","max-video-preview":"max-video-preview:-1"},"canonical":"https:\/\/www.naturparkmagazin.de\/schwaebisch-fraenkischer-wald\/unterwegs-mit-den-naturparkfuehrern-im-dezember\/","og_locale":"de_DE","og_type":"article","og_title":"Unterwegs mit den Naturparkf\u00fchrern im Dezember - Naturpark Schw\u00e4bisch-Fr\u00e4nkischer Wald","og_description":"Die Kerzen am Adventskranz brennen schon, Pl\u00e4tzchenduft h\u00e4ngt in der Luft, die Weihnachtslichter leuchten: die Adventszeit beginnt! Jetzt ist die Zeit, mit Familie und Freunden etwas Besonderes zu unternehmen. Ob Schneeschuhabendteuer, Fackelwanderung oder Spa\u00df im Winterwald, die Veranstaltungen unserer Naturparkf\u00fchrer versprechen diesen Monat sch\u00f6ne Stunden mit Ihren Lieben.","og_url":"https:\/\/www.naturparkmagazin.de\/schwaebisch-fraenkischer-wald\/unterwegs-mit-den-naturparkfuehrern-im-dezember\/","og_site_name":"Naturpark Schw\u00e4bisch-Fr\u00e4nkischer Wald","article_author":"https:\/\/www.facebook.com\/naturparkSFW","article_published_time":"2013-11-29T13:49:34+00:00","article_modified_time":"2013-12-04T10:55:37+00:00","og_image":[{"width":1569,"height":1257,"url":"https:\/\/www.naturparkmagazin.de\/schwaebisch-fraenkischer-wald\/wp-content\/uploads\/sites\/34\/Naturparkf\u00fchrer2.jpg","type":"image\/jpeg"}],"author":"Naturpark-Team","twitter_misc":{"Verfasst von":"Naturpark-Team","Gesch\u00e4tzte Lesezeit":"5\u00a0Minuten"},"schema":{"@context":"https:\/\/schema.org","@graph":[{"@type":"WebPage","@id":"https:\/\/www.naturparkmagazin.de\/schwaebisch-fraenkischer-wald\/unterwegs-mit-den-naturparkfuehrern-im-dezember\/","url":"https:\/\/www.naturparkmagazin.de\/schwaebisch-fraenkischer-wald\/unterwegs-mit-den-naturparkfuehrern-im-dezember\/","name":"Unterwegs mit den Naturparkf\u00fchrern im Dezember - Naturpark Schw\u00e4bisch-Fr\u00e4nkischer Wald","isPartOf":{"@id":"https:\/\/www.naturparkmagazin.de\/schwaebisch-fraenkischer-wald\/#website"},"datePublished":"2013-11-29T13:49:34+00:00","dateModified":"2013-12-04T10:55:37+00:00","author":{"@id":"https:\/\/www.naturparkmagazin.de\/schwaebisch-fraenkischer-wald\/#\/schema\/person\/f047a3702ae747fd7830cf8ac95e6066"},"breadcrumb":{"@id":"https:\/\/www.naturparkmagazin.de\/schwaebisch-fraenkischer-wald\/unterwegs-mit-den-naturparkfuehrern-im-dezember\/#breadcrumb"},"inLanguage":"de","potentialAction":[{"@type":"ReadAction","target":["https:\/\/www.naturparkmagazin.de\/schwaebisch-fraenkischer-wald\/unterwegs-mit-den-naturparkfuehrern-im-dezember\/"]}]},{"@type":"BreadcrumbList","@id":"https:\/\/www.naturparkmagazin.de\/schwaebisch-fraenkischer-wald\/unterwegs-mit-den-naturparkfuehrern-im-dezember\/#breadcrumb","itemListElement":[{"@type":"ListItem","position":1,"name":"Home","item":"https:\/\/www.naturparkmagazin.de\/schwaebisch-fraenkischer-wald\/"},{"@type":"ListItem","position":2,"name":"Unterwegs mit den Naturparkf\u00fchrern im Dezember"}]},{"@type":"WebSite","@id":"https:\/\/www.naturparkmagazin.de\/schwaebisch-fraenkischer-wald\/#website","url":"https:\/\/www.naturparkmagazin.de\/schwaebisch-fraenkischer-wald\/","name":"Naturpark Schw\u00e4bisch-Fr\u00e4nkischer Wald","description":"","potentialAction":[{"@type":"SearchAction","target":{"@type":"EntryPoint","urlTemplate":"https:\/\/www.naturparkmagazin.de\/schwaebisch-fraenkischer-wald\/?s={search_term_string}"},"query-input":"required name=search_term_string"}],"inLanguage":"de"},{"@type":"Person","@id":"https:\/\/www.naturparkmagazin.de\/schwaebisch-fraenkischer-wald\/#\/schema\/person\/f047a3702ae747fd7830cf8ac95e6066","name":"Naturpark-Team","sameAs":["http:\/\/www.naturpark-sfw.de","https:\/\/www.facebook.com\/naturparkSFW"],"url":"https:\/\/www.naturparkmagazin.de\/schwaebisch-fraenkischer-wald\/author\/bernharddrixler\/"}]}},"_links":{"self":[{"href":"https:\/\/www.naturparkmagazin.de\/schwaebisch-fraenkischer-wald\/wp-json\/wp\/v2\/posts\/466"}],"collection":[{"href":"https:\/\/www.naturparkmagazin.de\/schwaebisch-fraenkischer-wald\/wp-json\/wp\/v2\/posts"}],"about":[{"href":"https:\/\/www.naturparkmagazin.de\/schwaebisch-fraenkischer-wald\/wp-json\/wp\/v2\/types\/post"}],"author":[{"embeddable":true,"href":"https:\/\/www.naturparkmagazin.de\/schwaebisch-fraenkischer-wald\/wp-json\/wp\/v2\/users\/25"}],"replies":[{"embeddable":true,"href":"https:\/\/www.naturparkmagazin.de\/schwaebisch-fraenkischer-wald\/wp-json\/wp\/v2\/comments?post=466"}],"version-history":[{"count":9,"href":"https:\/\/www.naturparkmagazin.de\/schwaebisch-fraenkischer-wald\/wp-json\/wp\/v2\/posts\/466\/revisions"}],"predecessor-version":[{"id":503,"href":"https:\/\/www.naturparkmagazin.de\/schwaebisch-fraenkischer-wald\/wp-json\/wp\/v2\/posts\/466\/revisions\/503"}],"wp:featuredmedia":[{"embeddable":true,"href":"https:\/\/www.naturparkmagazin.de\/schwaebisch-fraenkischer-wald\/wp-json\/wp\/v2\/media\/464"}],"wp:attachment":[{"href":"https:\/\/www.naturparkmagazin.de\/schwaebisch-fraenkischer-wald\/wp-json\/wp\/v2\/media?parent=466"}],"wp:term":[{"taxonomy":"category","embeddable":true,"href":"https:\/\/www.naturparkmagazin.de\/schwaebisch-fraenkischer-wald\/wp-json\/wp\/v2\/categories?post=466"},{"taxonomy":"post_tag","embeddable":true,"href":"https:\/\/www.naturparkmagazin.de\/schwaebisch-fraenkischer-wald\/wp-json\/wp\/v2\/tags?post=466"}],"curies":[{"name":"wp","href":"https:\/\/api.w.org\/{rel}","templated":true}]}}