{"id":4691,"date":"2017-04-18T11:30:17","date_gmt":"2017-04-18T09:30:17","guid":{"rendered":"http:\/\/www.naturparkmagazin.de\/schwaebisch-fraenkischer-wald\/?p=4691"},"modified":"2017-04-20T09:25:28","modified_gmt":"2017-04-20T07:25:28","slug":"wildblumensommer-abtsgmuend-naturschaetze-im-tal-der-blinden-rot","status":"publish","type":"post","link":"https:\/\/www.naturparkmagazin.de\/schwaebisch-fraenkischer-wald\/wildblumensommer-abtsgmuend-naturschaetze-im-tal-der-blinden-rot\/","title":{"rendered":"Wildblumensommer Abtsgm\u00fcnd: Natursch\u00e4tze im Tal der Blinden Rot"},"content":{"rendered":"<p>25. Mai &#8211; Donnerstag, 13.00 &#8211; 16.00 Uhr<\/p>\n<div id=\"attachment_4656\" style=\"width: 210px\" class=\"wp-caption alignright\"><a href=\"https:\/\/www.naturparkmagazin.de\/schwaebisch-fraenkischer-wald\/wp-content\/uploads\/sites\/34\/NL_Wildblumensommer-II-2016.jpg\"><img aria-describedby=\"caption-attachment-4656\" decoding=\"async\" loading=\"lazy\" class=\"size-full wp-image-4656\" src=\"https:\/\/www.naturparkmagazin.de\/schwaebisch-fraenkischer-wald\/wp-content\/uploads\/sites\/34\/NL_Wildblumensommer-II-2016.jpg\" alt=\"Wildblumensommer Abtsgm\u00fcnd 2017\" width=\"200\" height=\"200\" srcset=\"https:\/\/www.naturparkmagazin.de\/schwaebisch-fraenkischer-wald\/wp-content\/uploads\/sites\/34\/NL_Wildblumensommer-II-2016.jpg 200w, https:\/\/www.naturparkmagazin.de\/schwaebisch-fraenkischer-wald\/wp-content\/uploads\/sites\/34\/NL_Wildblumensommer-II-2016-30x30.jpg 30w\" sizes=\"(max-width: 200px) 100vw, 200px\" \/><\/a><p id=\"caption-attachment-4656\" class=\"wp-caption-text\">Wildblumensommer Abtsgm\u00fcnd 2017<\/p><\/div>\n<p>Eisvogel und Wasseramsel, M\u00fchlkoppe und Bachneunauge, Trollblumen und heimische Orchideen. Dies sind einige der Natursch\u00e4tze die in diesem Naturschutzgebiet noch vorkommen. Lassen Sie sich gemeinsam mit Naturparkf\u00fchrer Rolf Angstenberger von diesem weitgehend noch urspr\u00fcnglichen Tal mit seinen sch\u00fctzenswerten Biotopen verzaubern und erfahren Sie Wissenswertes zu Fauna und Flora.<\/p>\n<ul>\n<li>Ohne Anmeldung<\/li>\n<li>Geb\u00fchr: Erwachsene 6,00 \u20ac, Kinder bis 16 Jahre frei<\/li>\n<li>Treff: Abtsgm\u00fcnd-Sch\u00e4ufele, Parkplatz Naturschutzgebiet Tal der Blinden Rot an der L1073<\/li>\n<\/ul>\n","protected":false},"excerpt":{"rendered":"<p>25.05.: Mit Naturparkf\u00fchrer Rolf Angstenberger zu Eisvogel &amp; Co.<\/p>\n","protected":false},"author":25,"featured_media":4656,"comment_status":"open","ping_status":"open","sticky":false,"template":"","format":"standard","meta":[],"categories":[11],"tags":[686],"yoast_head":"<!-- This site is optimized with the Yoast SEO plugin v19.10 - https:\/\/yoast.com\/wordpress\/plugins\/seo\/ -->\n<title>Wildblumensommer Abtsgm\u00fcnd: Natursch\u00e4tze im Tal der Blinden Rot - Naturpark Schw\u00e4bisch-Fr\u00e4nkischer Wald<\/title>\n<meta name=\"robots\" content=\"index, follow, max-snippet:-1, max-image-preview:large, max-video-preview:-1\" \/>\n<link rel=\"canonical\" href=\"https:\/\/www.naturparkmagazin.de\/schwaebisch-fraenkischer-wald\/wildblumensommer-abtsgmuend-naturschaetze-im-tal-der-blinden-rot\/\" \/>\n<meta property=\"og:locale\" content=\"de_DE\" \/>\n<meta property=\"og:type\" content=\"article\" \/>\n<meta property=\"og:title\" content=\"Wildblumensommer Abtsgm\u00fcnd: Natursch\u00e4tze im Tal der Blinden Rot - Naturpark Schw\u00e4bisch-Fr\u00e4nkischer Wald\" \/>\n<meta property=\"og:description\" content=\"25.05.: Mit Naturparkf\u00fchrer Rolf Angstenberger zu Eisvogel &amp; Co.\" \/>\n<meta property=\"og:url\" content=\"https:\/\/www.naturparkmagazin.de\/schwaebisch-fraenkischer-wald\/wildblumensommer-abtsgmuend-naturschaetze-im-tal-der-blinden-rot\/\" \/>\n<meta property=\"og:site_name\" content=\"Naturpark Schw\u00e4bisch-Fr\u00e4nkischer Wald\" \/>\n<meta property=\"article:author\" content=\"https:\/\/www.facebook.com\/naturparkSFW\" \/>\n<meta property=\"article:published_time\" content=\"2017-04-18T09:30:17+00:00\" \/>\n<meta property=\"article:modified_time\" content=\"2017-04-20T07:25:28+00:00\" \/>\n<meta property=\"og:image\" content=\"https:\/\/www.naturparkmagazin.de\/schwaebisch-fraenkischer-wald\/wp-content\/uploads\/sites\/34\/NL_Wildblumensommer-II-2016.jpg\" \/>\n\t<meta property=\"og:image:width\" content=\"200\" \/>\n\t<meta property=\"og:image:height\" content=\"200\" \/>\n\t<meta property=\"og:image:type\" content=\"image\/jpeg\" \/>\n<meta name=\"author\" content=\"Naturpark-Team\" \/>\n<meta name=\"twitter:label1\" content=\"Verfasst von\" \/>\n\t<meta name=\"twitter:data1\" content=\"Naturpark-Team\" \/>\n<script type=\"application\/ld+json\" class=\"yoast-schema-graph\">{\"@context\":\"https:\/\/schema.org\",\"@graph\":[{\"@type\":\"WebPage\",\"@id\":\"https:\/\/www.naturparkmagazin.de\/schwaebisch-fraenkischer-wald\/wildblumensommer-abtsgmuend-naturschaetze-im-tal-der-blinden-rot\/\",\"url\":\"https:\/\/www.naturparkmagazin.de\/schwaebisch-fraenkischer-wald\/wildblumensommer-abtsgmuend-naturschaetze-im-tal-der-blinden-rot\/\",\"name\":\"Wildblumensommer Abtsgm\u00fcnd: Natursch\u00e4tze im Tal der Blinden Rot - Naturpark Schw\u00e4bisch-Fr\u00e4nkischer Wald\",\"isPartOf\":{\"@id\":\"https:\/\/www.naturparkmagazin.de\/schwaebisch-fraenkischer-wald\/#website\"},\"datePublished\":\"2017-04-18T09:30:17+00:00\",\"dateModified\":\"2017-04-20T07:25:28+00:00\",\"author\":{\"@id\":\"https:\/\/www.naturparkmagazin.de\/schwaebisch-fraenkischer-wald\/#\/schema\/person\/f047a3702ae747fd7830cf8ac95e6066\"},\"breadcrumb\":{\"@id\":\"https:\/\/www.naturparkmagazin.de\/schwaebisch-fraenkischer-wald\/wildblumensommer-abtsgmuend-naturschaetze-im-tal-der-blinden-rot\/#breadcrumb\"},\"inLanguage\":\"de\",\"potentialAction\":[{\"@type\":\"ReadAction\",\"target\":[\"https:\/\/www.naturparkmagazin.de\/schwaebisch-fraenkischer-wald\/wildblumensommer-abtsgmuend-naturschaetze-im-tal-der-blinden-rot\/\"]}]},{\"@type\":\"BreadcrumbList\",\"@id\":\"https:\/\/www.naturparkmagazin.de\/schwaebisch-fraenkischer-wald\/wildblumensommer-abtsgmuend-naturschaetze-im-tal-der-blinden-rot\/#breadcrumb\",\"itemListElement\":[{\"@type\":\"ListItem\",\"position\":1,\"name\":\"Home\",\"item\":\"https:\/\/www.naturparkmagazin.de\/schwaebisch-fraenkischer-wald\/\"},{\"@type\":\"ListItem\",\"position\":2,\"name\":\"Wildblumensommer Abtsgm\u00fcnd: Natursch\u00e4tze im Tal der Blinden Rot\"}]},{\"@type\":\"WebSite\",\"@id\":\"https:\/\/www.naturparkmagazin.de\/schwaebisch-fraenkischer-wald\/#website\",\"url\":\"https:\/\/www.naturparkmagazin.de\/schwaebisch-fraenkischer-wald\/\",\"name\":\"Naturpark Schw\u00e4bisch-Fr\u00e4nkischer Wald\",\"description\":\"\",\"potentialAction\":[{\"@type\":\"SearchAction\",\"target\":{\"@type\":\"EntryPoint\",\"urlTemplate\":\"https:\/\/www.naturparkmagazin.de\/schwaebisch-fraenkischer-wald\/?s={search_term_string}\"},\"query-input\":\"required name=search_term_string\"}],\"inLanguage\":\"de\"},{\"@type\":\"Person\",\"@id\":\"https:\/\/www.naturparkmagazin.de\/schwaebisch-fraenkischer-wald\/#\/schema\/person\/f047a3702ae747fd7830cf8ac95e6066\",\"name\":\"Naturpark-Team\",\"sameAs\":[\"http:\/\/www.naturpark-sfw.de\",\"https:\/\/www.facebook.com\/naturparkSFW\"],\"url\":\"https:\/\/www.naturparkmagazin.de\/schwaebisch-fraenkischer-wald\/author\/bernharddrixler\/\"}]}<\/script>\n<!-- \/ Yoast SEO plugin. -->","yoast_head_json":{"title":"Wildblumensommer Abtsgm\u00fcnd: Natursch\u00e4tze im Tal der Blinden Rot - Naturpark Schw\u00e4bisch-Fr\u00e4nkischer Wald","robots":{"index":"index","follow":"follow","max-snippet":"max-snippet:-1","max-image-preview":"max-image-preview:large","max-video-preview":"max-video-preview:-1"},"canonical":"https:\/\/www.naturparkmagazin.de\/schwaebisch-fraenkischer-wald\/wildblumensommer-abtsgmuend-naturschaetze-im-tal-der-blinden-rot\/","og_locale":"de_DE","og_type":"article","og_title":"Wildblumensommer Abtsgm\u00fcnd: Natursch\u00e4tze im Tal der Blinden Rot - Naturpark Schw\u00e4bisch-Fr\u00e4nkischer Wald","og_description":"25.05.: Mit Naturparkf\u00fchrer Rolf Angstenberger zu Eisvogel &amp; Co.","og_url":"https:\/\/www.naturparkmagazin.de\/schwaebisch-fraenkischer-wald\/wildblumensommer-abtsgmuend-naturschaetze-im-tal-der-blinden-rot\/","og_site_name":"Naturpark Schw\u00e4bisch-Fr\u00e4nkischer Wald","article_author":"https:\/\/www.facebook.com\/naturparkSFW","article_published_time":"2017-04-18T09:30:17+00:00","article_modified_time":"2017-04-20T07:25:28+00:00","og_image":[{"width":200,"height":200,"url":"https:\/\/www.naturparkmagazin.de\/schwaebisch-fraenkischer-wald\/wp-content\/uploads\/sites\/34\/NL_Wildblumensommer-II-2016.jpg","type":"image\/jpeg"}],"author":"Naturpark-Team","twitter_misc":{"Verfasst von":"Naturpark-Team"},"schema":{"@context":"https:\/\/schema.org","@graph":[{"@type":"WebPage","@id":"https:\/\/www.naturparkmagazin.de\/schwaebisch-fraenkischer-wald\/wildblumensommer-abtsgmuend-naturschaetze-im-tal-der-blinden-rot\/","url":"https:\/\/www.naturparkmagazin.de\/schwaebisch-fraenkischer-wald\/wildblumensommer-abtsgmuend-naturschaetze-im-tal-der-blinden-rot\/","name":"Wildblumensommer Abtsgm\u00fcnd: Natursch\u00e4tze im Tal der Blinden Rot - Naturpark Schw\u00e4bisch-Fr\u00e4nkischer Wald","isPartOf":{"@id":"https:\/\/www.naturparkmagazin.de\/schwaebisch-fraenkischer-wald\/#website"},"datePublished":"2017-04-18T09:30:17+00:00","dateModified":"2017-04-20T07:25:28+00:00","author":{"@id":"https:\/\/www.naturparkmagazin.de\/schwaebisch-fraenkischer-wald\/#\/schema\/person\/f047a3702ae747fd7830cf8ac95e6066"},"breadcrumb":{"@id":"https:\/\/www.naturparkmagazin.de\/schwaebisch-fraenkischer-wald\/wildblumensommer-abtsgmuend-naturschaetze-im-tal-der-blinden-rot\/#breadcrumb"},"inLanguage":"de","potentialAction":[{"@type":"ReadAction","target":["https:\/\/www.naturparkmagazin.de\/schwaebisch-fraenkischer-wald\/wildblumensommer-abtsgmuend-naturschaetze-im-tal-der-blinden-rot\/"]}]},{"@type":"BreadcrumbList","@id":"https:\/\/www.naturparkmagazin.de\/schwaebisch-fraenkischer-wald\/wildblumensommer-abtsgmuend-naturschaetze-im-tal-der-blinden-rot\/#breadcrumb","itemListElement":[{"@type":"ListItem","position":1,"name":"Home","item":"https:\/\/www.naturparkmagazin.de\/schwaebisch-fraenkischer-wald\/"},{"@type":"ListItem","position":2,"name":"Wildblumensommer Abtsgm\u00fcnd: Natursch\u00e4tze im Tal der Blinden Rot"}]},{"@type":"WebSite","@id":"https:\/\/www.naturparkmagazin.de\/schwaebisch-fraenkischer-wald\/#website","url":"https:\/\/www.naturparkmagazin.de\/schwaebisch-fraenkischer-wald\/","name":"Naturpark Schw\u00e4bisch-Fr\u00e4nkischer Wald","description":"","potentialAction":[{"@type":"SearchAction","target":{"@type":"EntryPoint","urlTemplate":"https:\/\/www.naturparkmagazin.de\/schwaebisch-fraenkischer-wald\/?s={search_term_string}"},"query-input":"required name=search_term_string"}],"inLanguage":"de"},{"@type":"Person","@id":"https:\/\/www.naturparkmagazin.de\/schwaebisch-fraenkischer-wald\/#\/schema\/person\/f047a3702ae747fd7830cf8ac95e6066","name":"Naturpark-Team","sameAs":["http:\/\/www.naturpark-sfw.de","https:\/\/www.facebook.com\/naturparkSFW"],"url":"https:\/\/www.naturparkmagazin.de\/schwaebisch-fraenkischer-wald\/author\/bernharddrixler\/"}]}},"_links":{"self":[{"href":"https:\/\/www.naturparkmagazin.de\/schwaebisch-fraenkischer-wald\/wp-json\/wp\/v2\/posts\/4691"}],"collection":[{"href":"https:\/\/www.naturparkmagazin.de\/schwaebisch-fraenkischer-wald\/wp-json\/wp\/v2\/posts"}],"about":[{"href":"https:\/\/www.naturparkmagazin.de\/schwaebisch-fraenkischer-wald\/wp-json\/wp\/v2\/types\/post"}],"author":[{"embeddable":true,"href":"https:\/\/www.naturparkmagazin.de\/schwaebisch-fraenkischer-wald\/wp-json\/wp\/v2\/users\/25"}],"replies":[{"embeddable":true,"href":"https:\/\/www.naturparkmagazin.de\/schwaebisch-fraenkischer-wald\/wp-json\/wp\/v2\/comments?post=4691"}],"version-history":[{"count":3,"href":"https:\/\/www.naturparkmagazin.de\/schwaebisch-fraenkischer-wald\/wp-json\/wp\/v2\/posts\/4691\/revisions"}],"predecessor-version":[{"id":4814,"href":"https:\/\/www.naturparkmagazin.de\/schwaebisch-fraenkischer-wald\/wp-json\/wp\/v2\/posts\/4691\/revisions\/4814"}],"wp:featuredmedia":[{"embeddable":true,"href":"https:\/\/www.naturparkmagazin.de\/schwaebisch-fraenkischer-wald\/wp-json\/wp\/v2\/media\/4656"}],"wp:attachment":[{"href":"https:\/\/www.naturparkmagazin.de\/schwaebisch-fraenkischer-wald\/wp-json\/wp\/v2\/media?parent=4691"}],"wp:term":[{"taxonomy":"category","embeddable":true,"href":"https:\/\/www.naturparkmagazin.de\/schwaebisch-fraenkischer-wald\/wp-json\/wp\/v2\/categories?post=4691"},{"taxonomy":"post_tag","embeddable":true,"href":"https:\/\/www.naturparkmagazin.de\/schwaebisch-fraenkischer-wald\/wp-json\/wp\/v2\/tags?post=4691"}],"curies":[{"name":"wp","href":"https:\/\/api.w.org\/{rel}","templated":true}]}}