{"id":4705,"date":"2017-04-18T15:38:45","date_gmt":"2017-04-18T13:38:45","guid":{"rendered":"http:\/\/www.naturparkmagazin.de\/schwaebisch-fraenkischer-wald\/?p=4705"},"modified":"2017-04-13T15:45:50","modified_gmt":"2017-04-13T13:45:50","slug":"mit-zwei-ps-zur-uebergabe-des-feen-mobils","status":"publish","type":"post","link":"https:\/\/www.naturparkmagazin.de\/schwaebisch-fraenkischer-wald\/mit-zwei-ps-zur-uebergabe-des-feen-mobils\/","title":{"rendered":"Mit zwei PS zur \u00dcbergabe des Feen-Mobils"},"content":{"rendered":"<p>Die Schw\u00e4bische WaldFee Sonja Bischoff<\/p>\n<div id=\"attachment_4707\" style=\"width: 210px\" class=\"wp-caption alignright\"><a href=\"https:\/\/www.naturparkmagazin.de\/schwaebisch-fraenkischer-wald\/wp-content\/uploads\/sites\/34\/Bild-2-Mit-zwei-PS-zur-\u00dcbergabe.jpg\"><img aria-describedby=\"caption-attachment-4707\" decoding=\"async\" loading=\"lazy\" class=\"size-full wp-image-4707\" src=\"https:\/\/www.naturparkmagazin.de\/schwaebisch-fraenkischer-wald\/wp-content\/uploads\/sites\/34\/Bild-2-Mit-zwei-PS-zur-\u00dcbergabe.jpg\" alt=\"\u201eMit zwei PS zur \u00dcbergabe\u201c: Simone Schif (vorne links) und Andrea Schif (vorne rechts) kutschieren die Schw\u00e4bische WaldFee Sonja Bischof und Landrat Dr. Richard Sigel zur \u00dcbergabe des Feen-Mobils.\" width=\"200\" height=\"200\" srcset=\"https:\/\/www.naturparkmagazin.de\/schwaebisch-fraenkischer-wald\/wp-content\/uploads\/sites\/34\/Bild-2-Mit-zwei-PS-zur-\u00dcbergabe.jpg 200w, https:\/\/www.naturparkmagazin.de\/schwaebisch-fraenkischer-wald\/wp-content\/uploads\/sites\/34\/Bild-2-Mit-zwei-PS-zur-\u00dcbergabe-30x30.jpg 30w\" sizes=\"(max-width: 200px) 100vw, 200px\" \/><\/a><p id=\"caption-attachment-4707\" class=\"wp-caption-text\">\u201eMit zwei PS zur \u00dcbergabe\u201c: Simone Schif (vorne links) und \u201eMit zwei PS zur \u00dcbergabe\u201c: Simone Schif (vorne links) und Andrea Schif (vorne rechts) kutschieren die Schw\u00e4bische WaldFee Sonja Bischof und Landrat Dr. Richard Sigel zur \u00dcbergabe des Feen-Mobils.<\/p><\/div>\n<p>kam zur \u00dcbergabe ihres neuen Feen-Mobils mit Landrat Dr. Richard Sigel und der Gesch\u00e4ftsf\u00fchrerin der Fremdenverkehrsgemeinschaft Schw\u00e4bischer Wald, Barbara Schunter, in einer Kutsche angereist.<\/p>\n<p>Gro\u00dferlachs B\u00fcrgermeister Christoph J\u00e4ger hatte die Spritztour organisiert und Simone Schif, eine der WaldFee-Kandidatinnen 2017, deren Hobby Kutsche fahren ist, gebeten, f\u00fcr die Schw\u00e4bische WaldFee auf den Kutschbock zu steigen. Vor der herrlichen Kulisse des Weltkulturerbes Limes mit dem r\u00f6mischen Wachtturm in Gro\u00dferlach-Grab stieg die Schw\u00e4bische WaldFee um in das nagelneue MINI Cabrio, das ihr k\u00fcnftig als Feen-Mobil zur Verf\u00fcgung steht.<\/p>\n<p>Landrat Dr. Sigel, der Vorsitzende der Fremdenverkehrsgemeinschaft Schw\u00e4bischer Wald, hatte die Idee, die Schw\u00e4bische WaldFee k\u00fcnftig mit einem \u201eFeen-Dienstwagen\u201c auszustatten. In die Tat umgesetzt werden konnte dies dank der Unterst\u00fctzung des Autohauses Mulfinger in Backnang und der Kreissparkasse Waiblingen, Filialdirektion Schw\u00e4bischer Wald.<\/p>\n<p>Bei wahrhaftigem Cabrio-Feen-Wetter \u00fcbergaben Landrat Dr. Richard Sigel, B\u00fcrgermeister Christoph J\u00e4ger, Markus Mulfinger vom Autohaus Mulfinger und Filialdirektor Rolf B\u00e4uerle von der Kreissparkasse Waiblingen, Filialdirektion<\/p>\n<div id=\"attachment_4706\" style=\"width: 210px\" class=\"wp-caption alignright\"><a href=\"https:\/\/www.naturparkmagazin.de\/schwaebisch-fraenkischer-wald\/wp-content\/uploads\/sites\/34\/Bild-1-\u00dcbergabe-des-Feen-Mobils.jpg\"><img aria-describedby=\"caption-attachment-4706\" decoding=\"async\" loading=\"lazy\" class=\"size-full wp-image-4706\" src=\"https:\/\/www.naturparkmagazin.de\/schwaebisch-fraenkischer-wald\/wp-content\/uploads\/sites\/34\/Bild-1-\u00dcbergabe-des-Feen-Mobils.jpg\" alt=\"\u201e\u00dcbergabe des Feen-Mobils\u201c v.l.n.r.: Rolf B\u00e4uerle, Filialdirektor Kreissparkasse Waiblingen, Markus Mulfinger vom Autohaus Mulfinger, Landrat Dr. Richard Sigel, WaldFee Sonja Bischof und B\u00fcrgermeister Christoph J\u00e4ger\" width=\"200\" height=\"200\" srcset=\"https:\/\/www.naturparkmagazin.de\/schwaebisch-fraenkischer-wald\/wp-content\/uploads\/sites\/34\/Bild-1-\u00dcbergabe-des-Feen-Mobils.jpg 200w, https:\/\/www.naturparkmagazin.de\/schwaebisch-fraenkischer-wald\/wp-content\/uploads\/sites\/34\/Bild-1-\u00dcbergabe-des-Feen-Mobils-30x30.jpg 30w\" sizes=\"(max-width: 200px) 100vw, 200px\" \/><\/a><p id=\"caption-attachment-4706\" class=\"wp-caption-text\">\u201e\u00dcbergabe des Feen-Mobils\u201c v.l.n.r.: Rolf B\u00e4uerle, Filialdirektor Kreissparkasse Waiblingen, Markus Mulfinger vom Autohaus Mulfinger, Landrat Dr. Richard Sigel, WaldFee Sonja Bischof und B\u00fcrgermeister Christoph J\u00e4ger<\/p><\/div>\n<p>Schw\u00e4bischer Wald den schicken Flitzer an eine strahlende Schw\u00e4bische WaldFee Sonja Bischof. Sie ist noch bis zum 1. Mai im Amt, bis ihre Nachfolgerin, Sara Zaiss, auf dem gro\u00dfen Kinderfest in Spiegelberg Gro\u00dfh\u00f6chberg im Rahmen der Saisoner\u00f6ffnung im Schw\u00e4bischen Wald inthronisiert wird.<\/p>\n<p>(Fotograf: Gerhard Neusser)<\/p>\n<p>&nbsp;<\/p>\n","protected":false},"excerpt":{"rendered":"<p>Schw\u00e4bische Waldfee mit neuem Feen-Dienstwagen<\/p>\n","protected":false},"author":25,"featured_media":4706,"comment_status":"open","ping_status":"open","sticky":false,"template":"","format":"standard","meta":[],"categories":[7],"tags":[686],"yoast_head":"<!-- This site is optimized with the Yoast SEO plugin v19.10 - https:\/\/yoast.com\/wordpress\/plugins\/seo\/ -->\n<title>Mit zwei PS zur \u00dcbergabe des Feen-Mobils - Naturpark Schw\u00e4bisch-Fr\u00e4nkischer Wald<\/title>\n<meta name=\"robots\" content=\"index, follow, max-snippet:-1, max-image-preview:large, max-video-preview:-1\" \/>\n<link rel=\"canonical\" href=\"https:\/\/www.naturparkmagazin.de\/schwaebisch-fraenkischer-wald\/mit-zwei-ps-zur-uebergabe-des-feen-mobils\/\" \/>\n<meta property=\"og:locale\" content=\"de_DE\" \/>\n<meta property=\"og:type\" content=\"article\" \/>\n<meta property=\"og:title\" content=\"Mit zwei PS zur \u00dcbergabe des Feen-Mobils - Naturpark Schw\u00e4bisch-Fr\u00e4nkischer Wald\" \/>\n<meta property=\"og:description\" content=\"Schw\u00e4bische Waldfee mit neuem Feen-Dienstwagen\" \/>\n<meta property=\"og:url\" content=\"https:\/\/www.naturparkmagazin.de\/schwaebisch-fraenkischer-wald\/mit-zwei-ps-zur-uebergabe-des-feen-mobils\/\" \/>\n<meta property=\"og:site_name\" content=\"Naturpark Schw\u00e4bisch-Fr\u00e4nkischer Wald\" \/>\n<meta property=\"article:author\" content=\"https:\/\/www.facebook.com\/naturparkSFW\" \/>\n<meta property=\"article:published_time\" content=\"2017-04-18T13:38:45+00:00\" \/>\n<meta property=\"article:modified_time\" content=\"2017-04-13T13:45:50+00:00\" \/>\n<meta property=\"og:image\" content=\"https:\/\/www.naturparkmagazin.de\/schwaebisch-fraenkischer-wald\/wp-content\/uploads\/sites\/34\/Bild-1-\u00dcbergabe-des-Feen-Mobils.jpg\" \/>\n\t<meta property=\"og:image:width\" content=\"200\" \/>\n\t<meta property=\"og:image:height\" content=\"200\" \/>\n\t<meta property=\"og:image:type\" content=\"image\/jpeg\" \/>\n<meta name=\"author\" content=\"Naturpark-Team\" \/>\n<meta name=\"twitter:label1\" content=\"Verfasst von\" \/>\n\t<meta name=\"twitter:data1\" content=\"Naturpark-Team\" \/>\n\t<meta name=\"twitter:label2\" content=\"Gesch\u00e4tzte Lesezeit\" \/>\n\t<meta name=\"twitter:data2\" content=\"2\u00a0Minuten\" \/>\n<script type=\"application\/ld+json\" class=\"yoast-schema-graph\">{\"@context\":\"https:\/\/schema.org\",\"@graph\":[{\"@type\":\"WebPage\",\"@id\":\"https:\/\/www.naturparkmagazin.de\/schwaebisch-fraenkischer-wald\/mit-zwei-ps-zur-uebergabe-des-feen-mobils\/\",\"url\":\"https:\/\/www.naturparkmagazin.de\/schwaebisch-fraenkischer-wald\/mit-zwei-ps-zur-uebergabe-des-feen-mobils\/\",\"name\":\"Mit zwei PS zur \u00dcbergabe des Feen-Mobils - Naturpark Schw\u00e4bisch-Fr\u00e4nkischer Wald\",\"isPartOf\":{\"@id\":\"https:\/\/www.naturparkmagazin.de\/schwaebisch-fraenkischer-wald\/#website\"},\"datePublished\":\"2017-04-18T13:38:45+00:00\",\"dateModified\":\"2017-04-13T13:45:50+00:00\",\"author\":{\"@id\":\"https:\/\/www.naturparkmagazin.de\/schwaebisch-fraenkischer-wald\/#\/schema\/person\/f047a3702ae747fd7830cf8ac95e6066\"},\"breadcrumb\":{\"@id\":\"https:\/\/www.naturparkmagazin.de\/schwaebisch-fraenkischer-wald\/mit-zwei-ps-zur-uebergabe-des-feen-mobils\/#breadcrumb\"},\"inLanguage\":\"de\",\"potentialAction\":[{\"@type\":\"ReadAction\",\"target\":[\"https:\/\/www.naturparkmagazin.de\/schwaebisch-fraenkischer-wald\/mit-zwei-ps-zur-uebergabe-des-feen-mobils\/\"]}]},{\"@type\":\"BreadcrumbList\",\"@id\":\"https:\/\/www.naturparkmagazin.de\/schwaebisch-fraenkischer-wald\/mit-zwei-ps-zur-uebergabe-des-feen-mobils\/#breadcrumb\",\"itemListElement\":[{\"@type\":\"ListItem\",\"position\":1,\"name\":\"Home\",\"item\":\"https:\/\/www.naturparkmagazin.de\/schwaebisch-fraenkischer-wald\/\"},{\"@type\":\"ListItem\",\"position\":2,\"name\":\"Mit zwei PS zur \u00dcbergabe des Feen-Mobils\"}]},{\"@type\":\"WebSite\",\"@id\":\"https:\/\/www.naturparkmagazin.de\/schwaebisch-fraenkischer-wald\/#website\",\"url\":\"https:\/\/www.naturparkmagazin.de\/schwaebisch-fraenkischer-wald\/\",\"name\":\"Naturpark Schw\u00e4bisch-Fr\u00e4nkischer Wald\",\"description\":\"\",\"potentialAction\":[{\"@type\":\"SearchAction\",\"target\":{\"@type\":\"EntryPoint\",\"urlTemplate\":\"https:\/\/www.naturparkmagazin.de\/schwaebisch-fraenkischer-wald\/?s={search_term_string}\"},\"query-input\":\"required name=search_term_string\"}],\"inLanguage\":\"de\"},{\"@type\":\"Person\",\"@id\":\"https:\/\/www.naturparkmagazin.de\/schwaebisch-fraenkischer-wald\/#\/schema\/person\/f047a3702ae747fd7830cf8ac95e6066\",\"name\":\"Naturpark-Team\",\"sameAs\":[\"http:\/\/www.naturpark-sfw.de\",\"https:\/\/www.facebook.com\/naturparkSFW\"],\"url\":\"https:\/\/www.naturparkmagazin.de\/schwaebisch-fraenkischer-wald\/author\/bernharddrixler\/\"}]}<\/script>\n<!-- \/ Yoast SEO plugin. -->","yoast_head_json":{"title":"Mit zwei PS zur \u00dcbergabe des Feen-Mobils - Naturpark Schw\u00e4bisch-Fr\u00e4nkischer Wald","robots":{"index":"index","follow":"follow","max-snippet":"max-snippet:-1","max-image-preview":"max-image-preview:large","max-video-preview":"max-video-preview:-1"},"canonical":"https:\/\/www.naturparkmagazin.de\/schwaebisch-fraenkischer-wald\/mit-zwei-ps-zur-uebergabe-des-feen-mobils\/","og_locale":"de_DE","og_type":"article","og_title":"Mit zwei PS zur \u00dcbergabe des Feen-Mobils - Naturpark Schw\u00e4bisch-Fr\u00e4nkischer Wald","og_description":"Schw\u00e4bische Waldfee mit neuem Feen-Dienstwagen","og_url":"https:\/\/www.naturparkmagazin.de\/schwaebisch-fraenkischer-wald\/mit-zwei-ps-zur-uebergabe-des-feen-mobils\/","og_site_name":"Naturpark Schw\u00e4bisch-Fr\u00e4nkischer Wald","article_author":"https:\/\/www.facebook.com\/naturparkSFW","article_published_time":"2017-04-18T13:38:45+00:00","article_modified_time":"2017-04-13T13:45:50+00:00","og_image":[{"width":200,"height":200,"url":"https:\/\/www.naturparkmagazin.de\/schwaebisch-fraenkischer-wald\/wp-content\/uploads\/sites\/34\/Bild-1-\u00dcbergabe-des-Feen-Mobils.jpg","type":"image\/jpeg"}],"author":"Naturpark-Team","twitter_misc":{"Verfasst von":"Naturpark-Team","Gesch\u00e4tzte Lesezeit":"2\u00a0Minuten"},"schema":{"@context":"https:\/\/schema.org","@graph":[{"@type":"WebPage","@id":"https:\/\/www.naturparkmagazin.de\/schwaebisch-fraenkischer-wald\/mit-zwei-ps-zur-uebergabe-des-feen-mobils\/","url":"https:\/\/www.naturparkmagazin.de\/schwaebisch-fraenkischer-wald\/mit-zwei-ps-zur-uebergabe-des-feen-mobils\/","name":"Mit zwei PS zur \u00dcbergabe des Feen-Mobils - Naturpark Schw\u00e4bisch-Fr\u00e4nkischer Wald","isPartOf":{"@id":"https:\/\/www.naturparkmagazin.de\/schwaebisch-fraenkischer-wald\/#website"},"datePublished":"2017-04-18T13:38:45+00:00","dateModified":"2017-04-13T13:45:50+00:00","author":{"@id":"https:\/\/www.naturparkmagazin.de\/schwaebisch-fraenkischer-wald\/#\/schema\/person\/f047a3702ae747fd7830cf8ac95e6066"},"breadcrumb":{"@id":"https:\/\/www.naturparkmagazin.de\/schwaebisch-fraenkischer-wald\/mit-zwei-ps-zur-uebergabe-des-feen-mobils\/#breadcrumb"},"inLanguage":"de","potentialAction":[{"@type":"ReadAction","target":["https:\/\/www.naturparkmagazin.de\/schwaebisch-fraenkischer-wald\/mit-zwei-ps-zur-uebergabe-des-feen-mobils\/"]}]},{"@type":"BreadcrumbList","@id":"https:\/\/www.naturparkmagazin.de\/schwaebisch-fraenkischer-wald\/mit-zwei-ps-zur-uebergabe-des-feen-mobils\/#breadcrumb","itemListElement":[{"@type":"ListItem","position":1,"name":"Home","item":"https:\/\/www.naturparkmagazin.de\/schwaebisch-fraenkischer-wald\/"},{"@type":"ListItem","position":2,"name":"Mit zwei PS zur \u00dcbergabe des Feen-Mobils"}]},{"@type":"WebSite","@id":"https:\/\/www.naturparkmagazin.de\/schwaebisch-fraenkischer-wald\/#website","url":"https:\/\/www.naturparkmagazin.de\/schwaebisch-fraenkischer-wald\/","name":"Naturpark Schw\u00e4bisch-Fr\u00e4nkischer Wald","description":"","potentialAction":[{"@type":"SearchAction","target":{"@type":"EntryPoint","urlTemplate":"https:\/\/www.naturparkmagazin.de\/schwaebisch-fraenkischer-wald\/?s={search_term_string}"},"query-input":"required name=search_term_string"}],"inLanguage":"de"},{"@type":"Person","@id":"https:\/\/www.naturparkmagazin.de\/schwaebisch-fraenkischer-wald\/#\/schema\/person\/f047a3702ae747fd7830cf8ac95e6066","name":"Naturpark-Team","sameAs":["http:\/\/www.naturpark-sfw.de","https:\/\/www.facebook.com\/naturparkSFW"],"url":"https:\/\/www.naturparkmagazin.de\/schwaebisch-fraenkischer-wald\/author\/bernharddrixler\/"}]}},"_links":{"self":[{"href":"https:\/\/www.naturparkmagazin.de\/schwaebisch-fraenkischer-wald\/wp-json\/wp\/v2\/posts\/4705"}],"collection":[{"href":"https:\/\/www.naturparkmagazin.de\/schwaebisch-fraenkischer-wald\/wp-json\/wp\/v2\/posts"}],"about":[{"href":"https:\/\/www.naturparkmagazin.de\/schwaebisch-fraenkischer-wald\/wp-json\/wp\/v2\/types\/post"}],"author":[{"embeddable":true,"href":"https:\/\/www.naturparkmagazin.de\/schwaebisch-fraenkischer-wald\/wp-json\/wp\/v2\/users\/25"}],"replies":[{"embeddable":true,"href":"https:\/\/www.naturparkmagazin.de\/schwaebisch-fraenkischer-wald\/wp-json\/wp\/v2\/comments?post=4705"}],"version-history":[{"count":1,"href":"https:\/\/www.naturparkmagazin.de\/schwaebisch-fraenkischer-wald\/wp-json\/wp\/v2\/posts\/4705\/revisions"}],"predecessor-version":[{"id":4708,"href":"https:\/\/www.naturparkmagazin.de\/schwaebisch-fraenkischer-wald\/wp-json\/wp\/v2\/posts\/4705\/revisions\/4708"}],"wp:featuredmedia":[{"embeddable":true,"href":"https:\/\/www.naturparkmagazin.de\/schwaebisch-fraenkischer-wald\/wp-json\/wp\/v2\/media\/4706"}],"wp:attachment":[{"href":"https:\/\/www.naturparkmagazin.de\/schwaebisch-fraenkischer-wald\/wp-json\/wp\/v2\/media?parent=4705"}],"wp:term":[{"taxonomy":"category","embeddable":true,"href":"https:\/\/www.naturparkmagazin.de\/schwaebisch-fraenkischer-wald\/wp-json\/wp\/v2\/categories?post=4705"},{"taxonomy":"post_tag","embeddable":true,"href":"https:\/\/www.naturparkmagazin.de\/schwaebisch-fraenkischer-wald\/wp-json\/wp\/v2\/tags?post=4705"}],"curies":[{"name":"wp","href":"https:\/\/api.w.org\/{rel}","templated":true}]}}