{"id":4743,"date":"2017-04-18T10:08:16","date_gmt":"2017-04-18T08:08:16","guid":{"rendered":"http:\/\/www.naturparkmagazin.de\/schwaebisch-fraenkischer-wald\/?p=4743"},"modified":"2017-04-18T10:09:52","modified_gmt":"2017-04-18T08:09:52","slug":"der-wilde-blumensommer-in-abtsgmuend","status":"publish","type":"post","link":"https:\/\/www.naturparkmagazin.de\/schwaebisch-fraenkischer-wald\/der-wilde-blumensommer-in-abtsgmuend\/","title":{"rendered":"Der wilde Blumensommer in Abtsgm\u00fcnd"},"content":{"rendered":"<p>Der Wildblumensommer in Abtsgm\u00fcnd geht in die n\u00e4chste Runde.<\/p>\n<div id=\"attachment_4672\" style=\"width: 210px\" class=\"wp-caption alignright\"><a href=\"https:\/\/www.naturparkmagazin.de\/schwaebisch-fraenkischer-wald\/wp-content\/uploads\/sites\/34\/NL_Wildblumensommer-I-2016.jpg\"><img aria-describedby=\"caption-attachment-4672\" decoding=\"async\" loading=\"lazy\" class=\"size-full wp-image-4672\" src=\"https:\/\/www.naturparkmagazin.de\/schwaebisch-fraenkischer-wald\/wp-content\/uploads\/sites\/34\/NL_Wildblumensommer-I-2016.jpg\" alt=\"Wildblumensommer Abtsgm\u00fcnd 2017\" width=\"200\" height=\"200\" srcset=\"https:\/\/www.naturparkmagazin.de\/schwaebisch-fraenkischer-wald\/wp-content\/uploads\/sites\/34\/NL_Wildblumensommer-I-2016.jpg 200w, https:\/\/www.naturparkmagazin.de\/schwaebisch-fraenkischer-wald\/wp-content\/uploads\/sites\/34\/NL_Wildblumensommer-I-2016-30x30.jpg 30w\" sizes=\"(max-width: 200px) 100vw, 200px\" \/><\/a><p id=\"caption-attachment-4672\" class=\"wp-caption-text\">Wildblumensommer Abtsgm\u00fcnd 2017<\/p><\/div>\n<p>Rund 70 Wiesen bl\u00fchen in diesem Sommer auf fast 50.000 qm in der Gesamtgemeinde. Machen Sie sich auf die Suche! Die einj\u00e4hrigen Mischungen, die wir vor allem innerorts ges\u00e4t haben, bieten neben Nahrung f\u00fcr Insekten auch einen prachtvollen Anblick. Die Bl\u00fcten der \u201emehrj\u00e4hrigen\u201c Wiesen in den Au\u00dfenbereichen sind oft unauff\u00e4lliger. Doch sie waren Jahrhunderte lang die typischen Wiesenpflanzen unserer Heimat und bildeten wichtigen Lebensraum f\u00fcr Insekten, V\u00f6gel und Wiesenbewohner. Jede dieser \u201emehrj\u00e4hrigen\u201c Wiesen bekommt \u00fcber die Jahre ihr ganz \u00a0eigenes Gesicht. Tier- und Pflanzenarten gehen immer weiter zur\u00fcck. Rund 80 % unserer Schmetterlinge sind vom Aussterben bedroht; es gab in diesem Jahr so wenig Singv\u00f6gel wie noch nie. Jeder Einzelne kann dazu beitragen, dass die Natur nicht g\u00e4nzlich verschwindet.<\/p>\n<p>Wir wollen zeigen, wie sch\u00f6n Artenvielfalt sein kann und geben deshalb in 54 Begleitveranstaltungen jede Menge n\u00fctzlicher Tipps. Auch f\u00fcr all jene, die ihren Garten zuhause wieder zu einem St\u00fcck Natur werden lassen wollen, in dem sich Tiere und Pflanzen wohl f\u00fchlen. Viele Menschen engagieren sich ehrenamtlich, um Ihnen Wissen rund um Wildblumen und \u00d6kologie weiterzugeben. Machen Sie bitte regen Gebrauch von diesen Angeboten.<\/p>\n<p>Abtsgm\u00fcnd geht hier mit gutem Beispiel voran und findet mehr und mehr Nachahmer. Das Begleitprogramm finden Sie in ausf\u00fchrlicher unter <a href=\"http:\/\/www.abtsgmuend.de\" target=\"_blank\">www.abtsgmuend.de<\/a> oder in der App als \u201eWildblumen-Wiesenweg\u201c mit allen Infos. Daneben haben wir in diesem Jahr erstmals drei \u201eErfahrungs- und Begegnungswiesen\u201c angelegt. Auf diesen werden spezielle Pflanz- und M\u00e4haktionen stattfinden. Dort k\u00f6nnen sich alle \u201eWildblumenwiesen\u201c-Interessierten einfinden und austauschen. Au\u00dferdem wurden von den Naturschutzverb\u00e4nden zahlreiche Unterschlupfe f\u00fcr V\u00f6gel, Flederm\u00e4use, Wildbienen und Amphibien eingerichtet. Auch diese werden Sie auf Ihrem Weg entlang der Wildblumenwiesen entdecken. Lassen Sie sich begeistern, lassen Sie sich inspirieren, machen Sie mit und genie\u00dfen Sie den wilden Blumensommer in Abtsgm\u00fcnd!<\/p>\n","protected":false},"excerpt":{"rendered":"<p>So sch\u00f6n kann Artenvielfalt sein!<\/p>\n","protected":false},"author":25,"featured_media":4672,"comment_status":"open","ping_status":"open","sticky":false,"template":"","format":"standard","meta":[],"categories":[7],"tags":[686],"yoast_head":"<!-- This site is optimized with the Yoast SEO plugin v19.10 - https:\/\/yoast.com\/wordpress\/plugins\/seo\/ -->\n<title>Der wilde Blumensommer in Abtsgm\u00fcnd - Naturpark Schw\u00e4bisch-Fr\u00e4nkischer Wald<\/title>\n<meta name=\"robots\" content=\"index, follow, max-snippet:-1, max-image-preview:large, max-video-preview:-1\" \/>\n<link rel=\"canonical\" href=\"https:\/\/www.naturparkmagazin.de\/schwaebisch-fraenkischer-wald\/der-wilde-blumensommer-in-abtsgmuend\/\" \/>\n<meta property=\"og:locale\" content=\"de_DE\" \/>\n<meta property=\"og:type\" content=\"article\" \/>\n<meta property=\"og:title\" content=\"Der wilde Blumensommer in Abtsgm\u00fcnd - Naturpark Schw\u00e4bisch-Fr\u00e4nkischer Wald\" \/>\n<meta property=\"og:description\" content=\"So sch\u00f6n kann Artenvielfalt sein!\" \/>\n<meta property=\"og:url\" content=\"https:\/\/www.naturparkmagazin.de\/schwaebisch-fraenkischer-wald\/der-wilde-blumensommer-in-abtsgmuend\/\" \/>\n<meta property=\"og:site_name\" content=\"Naturpark Schw\u00e4bisch-Fr\u00e4nkischer Wald\" \/>\n<meta property=\"article:author\" content=\"https:\/\/www.facebook.com\/naturparkSFW\" \/>\n<meta property=\"article:published_time\" content=\"2017-04-18T08:08:16+00:00\" \/>\n<meta property=\"article:modified_time\" content=\"2017-04-18T08:09:52+00:00\" \/>\n<meta property=\"og:image\" content=\"https:\/\/www.naturparkmagazin.de\/schwaebisch-fraenkischer-wald\/wp-content\/uploads\/sites\/34\/NL_Wildblumensommer-I-2016.jpg\" \/>\n\t<meta property=\"og:image:width\" content=\"200\" \/>\n\t<meta property=\"og:image:height\" content=\"200\" \/>\n\t<meta property=\"og:image:type\" content=\"image\/jpeg\" \/>\n<meta name=\"author\" content=\"Naturpark-Team\" \/>\n<meta name=\"twitter:label1\" content=\"Verfasst von\" \/>\n\t<meta name=\"twitter:data1\" content=\"Naturpark-Team\" \/>\n\t<meta name=\"twitter:label2\" content=\"Gesch\u00e4tzte Lesezeit\" \/>\n\t<meta name=\"twitter:data2\" content=\"2\u00a0Minuten\" \/>\n<script type=\"application\/ld+json\" class=\"yoast-schema-graph\">{\"@context\":\"https:\/\/schema.org\",\"@graph\":[{\"@type\":\"WebPage\",\"@id\":\"https:\/\/www.naturparkmagazin.de\/schwaebisch-fraenkischer-wald\/der-wilde-blumensommer-in-abtsgmuend\/\",\"url\":\"https:\/\/www.naturparkmagazin.de\/schwaebisch-fraenkischer-wald\/der-wilde-blumensommer-in-abtsgmuend\/\",\"name\":\"Der wilde Blumensommer in Abtsgm\u00fcnd - Naturpark Schw\u00e4bisch-Fr\u00e4nkischer Wald\",\"isPartOf\":{\"@id\":\"https:\/\/www.naturparkmagazin.de\/schwaebisch-fraenkischer-wald\/#website\"},\"datePublished\":\"2017-04-18T08:08:16+00:00\",\"dateModified\":\"2017-04-18T08:09:52+00:00\",\"author\":{\"@id\":\"https:\/\/www.naturparkmagazin.de\/schwaebisch-fraenkischer-wald\/#\/schema\/person\/f047a3702ae747fd7830cf8ac95e6066\"},\"breadcrumb\":{\"@id\":\"https:\/\/www.naturparkmagazin.de\/schwaebisch-fraenkischer-wald\/der-wilde-blumensommer-in-abtsgmuend\/#breadcrumb\"},\"inLanguage\":\"de\",\"potentialAction\":[{\"@type\":\"ReadAction\",\"target\":[\"https:\/\/www.naturparkmagazin.de\/schwaebisch-fraenkischer-wald\/der-wilde-blumensommer-in-abtsgmuend\/\"]}]},{\"@type\":\"BreadcrumbList\",\"@id\":\"https:\/\/www.naturparkmagazin.de\/schwaebisch-fraenkischer-wald\/der-wilde-blumensommer-in-abtsgmuend\/#breadcrumb\",\"itemListElement\":[{\"@type\":\"ListItem\",\"position\":1,\"name\":\"Home\",\"item\":\"https:\/\/www.naturparkmagazin.de\/schwaebisch-fraenkischer-wald\/\"},{\"@type\":\"ListItem\",\"position\":2,\"name\":\"Der wilde Blumensommer in Abtsgm\u00fcnd\"}]},{\"@type\":\"WebSite\",\"@id\":\"https:\/\/www.naturparkmagazin.de\/schwaebisch-fraenkischer-wald\/#website\",\"url\":\"https:\/\/www.naturparkmagazin.de\/schwaebisch-fraenkischer-wald\/\",\"name\":\"Naturpark Schw\u00e4bisch-Fr\u00e4nkischer Wald\",\"description\":\"\",\"potentialAction\":[{\"@type\":\"SearchAction\",\"target\":{\"@type\":\"EntryPoint\",\"urlTemplate\":\"https:\/\/www.naturparkmagazin.de\/schwaebisch-fraenkischer-wald\/?s={search_term_string}\"},\"query-input\":\"required name=search_term_string\"}],\"inLanguage\":\"de\"},{\"@type\":\"Person\",\"@id\":\"https:\/\/www.naturparkmagazin.de\/schwaebisch-fraenkischer-wald\/#\/schema\/person\/f047a3702ae747fd7830cf8ac95e6066\",\"name\":\"Naturpark-Team\",\"sameAs\":[\"http:\/\/www.naturpark-sfw.de\",\"https:\/\/www.facebook.com\/naturparkSFW\"],\"url\":\"https:\/\/www.naturparkmagazin.de\/schwaebisch-fraenkischer-wald\/author\/bernharddrixler\/\"}]}<\/script>\n<!-- \/ Yoast SEO plugin. -->","yoast_head_json":{"title":"Der wilde Blumensommer in Abtsgm\u00fcnd - Naturpark Schw\u00e4bisch-Fr\u00e4nkischer Wald","robots":{"index":"index","follow":"follow","max-snippet":"max-snippet:-1","max-image-preview":"max-image-preview:large","max-video-preview":"max-video-preview:-1"},"canonical":"https:\/\/www.naturparkmagazin.de\/schwaebisch-fraenkischer-wald\/der-wilde-blumensommer-in-abtsgmuend\/","og_locale":"de_DE","og_type":"article","og_title":"Der wilde Blumensommer in Abtsgm\u00fcnd - Naturpark Schw\u00e4bisch-Fr\u00e4nkischer Wald","og_description":"So sch\u00f6n kann Artenvielfalt sein!","og_url":"https:\/\/www.naturparkmagazin.de\/schwaebisch-fraenkischer-wald\/der-wilde-blumensommer-in-abtsgmuend\/","og_site_name":"Naturpark Schw\u00e4bisch-Fr\u00e4nkischer Wald","article_author":"https:\/\/www.facebook.com\/naturparkSFW","article_published_time":"2017-04-18T08:08:16+00:00","article_modified_time":"2017-04-18T08:09:52+00:00","og_image":[{"width":200,"height":200,"url":"https:\/\/www.naturparkmagazin.de\/schwaebisch-fraenkischer-wald\/wp-content\/uploads\/sites\/34\/NL_Wildblumensommer-I-2016.jpg","type":"image\/jpeg"}],"author":"Naturpark-Team","twitter_misc":{"Verfasst von":"Naturpark-Team","Gesch\u00e4tzte Lesezeit":"2\u00a0Minuten"},"schema":{"@context":"https:\/\/schema.org","@graph":[{"@type":"WebPage","@id":"https:\/\/www.naturparkmagazin.de\/schwaebisch-fraenkischer-wald\/der-wilde-blumensommer-in-abtsgmuend\/","url":"https:\/\/www.naturparkmagazin.de\/schwaebisch-fraenkischer-wald\/der-wilde-blumensommer-in-abtsgmuend\/","name":"Der wilde Blumensommer in Abtsgm\u00fcnd - Naturpark Schw\u00e4bisch-Fr\u00e4nkischer Wald","isPartOf":{"@id":"https:\/\/www.naturparkmagazin.de\/schwaebisch-fraenkischer-wald\/#website"},"datePublished":"2017-04-18T08:08:16+00:00","dateModified":"2017-04-18T08:09:52+00:00","author":{"@id":"https:\/\/www.naturparkmagazin.de\/schwaebisch-fraenkischer-wald\/#\/schema\/person\/f047a3702ae747fd7830cf8ac95e6066"},"breadcrumb":{"@id":"https:\/\/www.naturparkmagazin.de\/schwaebisch-fraenkischer-wald\/der-wilde-blumensommer-in-abtsgmuend\/#breadcrumb"},"inLanguage":"de","potentialAction":[{"@type":"ReadAction","target":["https:\/\/www.naturparkmagazin.de\/schwaebisch-fraenkischer-wald\/der-wilde-blumensommer-in-abtsgmuend\/"]}]},{"@type":"BreadcrumbList","@id":"https:\/\/www.naturparkmagazin.de\/schwaebisch-fraenkischer-wald\/der-wilde-blumensommer-in-abtsgmuend\/#breadcrumb","itemListElement":[{"@type":"ListItem","position":1,"name":"Home","item":"https:\/\/www.naturparkmagazin.de\/schwaebisch-fraenkischer-wald\/"},{"@type":"ListItem","position":2,"name":"Der wilde Blumensommer in Abtsgm\u00fcnd"}]},{"@type":"WebSite","@id":"https:\/\/www.naturparkmagazin.de\/schwaebisch-fraenkischer-wald\/#website","url":"https:\/\/www.naturparkmagazin.de\/schwaebisch-fraenkischer-wald\/","name":"Naturpark Schw\u00e4bisch-Fr\u00e4nkischer Wald","description":"","potentialAction":[{"@type":"SearchAction","target":{"@type":"EntryPoint","urlTemplate":"https:\/\/www.naturparkmagazin.de\/schwaebisch-fraenkischer-wald\/?s={search_term_string}"},"query-input":"required name=search_term_string"}],"inLanguage":"de"},{"@type":"Person","@id":"https:\/\/www.naturparkmagazin.de\/schwaebisch-fraenkischer-wald\/#\/schema\/person\/f047a3702ae747fd7830cf8ac95e6066","name":"Naturpark-Team","sameAs":["http:\/\/www.naturpark-sfw.de","https:\/\/www.facebook.com\/naturparkSFW"],"url":"https:\/\/www.naturparkmagazin.de\/schwaebisch-fraenkischer-wald\/author\/bernharddrixler\/"}]}},"_links":{"self":[{"href":"https:\/\/www.naturparkmagazin.de\/schwaebisch-fraenkischer-wald\/wp-json\/wp\/v2\/posts\/4743"}],"collection":[{"href":"https:\/\/www.naturparkmagazin.de\/schwaebisch-fraenkischer-wald\/wp-json\/wp\/v2\/posts"}],"about":[{"href":"https:\/\/www.naturparkmagazin.de\/schwaebisch-fraenkischer-wald\/wp-json\/wp\/v2\/types\/post"}],"author":[{"embeddable":true,"href":"https:\/\/www.naturparkmagazin.de\/schwaebisch-fraenkischer-wald\/wp-json\/wp\/v2\/users\/25"}],"replies":[{"embeddable":true,"href":"https:\/\/www.naturparkmagazin.de\/schwaebisch-fraenkischer-wald\/wp-json\/wp\/v2\/comments?post=4743"}],"version-history":[{"count":1,"href":"https:\/\/www.naturparkmagazin.de\/schwaebisch-fraenkischer-wald\/wp-json\/wp\/v2\/posts\/4743\/revisions"}],"predecessor-version":[{"id":4744,"href":"https:\/\/www.naturparkmagazin.de\/schwaebisch-fraenkischer-wald\/wp-json\/wp\/v2\/posts\/4743\/revisions\/4744"}],"wp:featuredmedia":[{"embeddable":true,"href":"https:\/\/www.naturparkmagazin.de\/schwaebisch-fraenkischer-wald\/wp-json\/wp\/v2\/media\/4672"}],"wp:attachment":[{"href":"https:\/\/www.naturparkmagazin.de\/schwaebisch-fraenkischer-wald\/wp-json\/wp\/v2\/media?parent=4743"}],"wp:term":[{"taxonomy":"category","embeddable":true,"href":"https:\/\/www.naturparkmagazin.de\/schwaebisch-fraenkischer-wald\/wp-json\/wp\/v2\/categories?post=4743"},{"taxonomy":"post_tag","embeddable":true,"href":"https:\/\/www.naturparkmagazin.de\/schwaebisch-fraenkischer-wald\/wp-json\/wp\/v2\/tags?post=4743"}],"curies":[{"name":"wp","href":"https:\/\/api.w.org\/{rel}","templated":true}]}}