{"id":4749,"date":"2017-04-18T10:35:13","date_gmt":"2017-04-18T08:35:13","guid":{"rendered":"http:\/\/www.naturparkmagazin.de\/schwaebisch-fraenkischer-wald\/?p=4749"},"modified":"2017-04-18T10:38:13","modified_gmt":"2017-04-18T08:38:13","slug":"naturparkfuehrer-feiern-10-jaehriges-jubilaeum","status":"publish","type":"post","link":"https:\/\/www.naturparkmagazin.de\/schwaebisch-fraenkischer-wald\/naturparkfuehrer-feiern-10-jaehriges-jubilaeum\/","title":{"rendered":"Naturparkf\u00fchrer feiern 10-j\u00e4hriges Jubil\u00e4um"},"content":{"rendered":"<p>Die Naturparkf\u00fchrer des Schw\u00e4bisch-Fr\u00e4nkischen Walds haben Geburtstag: seit 10 Jahren sind sie im Naturpark unterwegs. Dies ist ein Grund zum Feiern!<\/p>\n<p>Die ersten 24 Naturparkf\u00fchrer im Naturpark Schw\u00e4bisch-Fr\u00e4nkischer Wald wurden am 22. M\u00e4rz 2007 zertifiziert. Kurz danach erfolgte am 28. April 2007 die Vereinsgr\u00fcndung. Schon in den ersten beiden Jahren nach der Zertifizierung wurden Natur-Erlebnistage durch die Naturparkf\u00fchrer organisiert, welche auch heute noch Bestand haben: z.B. das Natur-Erlebniscamp, Ebnisee f\u00fcr alle oder die Naturpark-Schule der Naturparkf\u00fchrer. Am 17. April 2015 erhielten 21 weitere Naturparkf\u00fchrer ihr Zertifikat. Anlass f\u00fcr die neue Ausbildungsrunde war vor allem die Gebietserweiterung des Naturparks. Aktuell sind es 38 zertifizierte Naturparkf\u00fchrer.<\/p>\n<div id=\"attachment_4750\" style=\"width: 210px\" class=\"wp-caption alignleft\"><a href=\"https:\/\/www.naturparkmagazin.de\/schwaebisch-fraenkischer-wald\/wp-content\/uploads\/sites\/34\/170403_BILD_Gruppenbild-Naturparkfuehrer_Angstenberger_1.jpg\"><img aria-describedby=\"caption-attachment-4750\" decoding=\"async\" loading=\"lazy\" class=\"size-full wp-image-4750\" src=\"https:\/\/www.naturparkmagazin.de\/schwaebisch-fraenkischer-wald\/wp-content\/uploads\/sites\/34\/170403_BILD_Gruppenbild-Naturparkfuehrer_Angstenberger_1.jpg\" alt=\"Ein Grund zum Feiern: 10-j\u00e4hriges Jubil\u00e4um bei den Naturparkf\u00fchrern\" width=\"200\" height=\"200\" srcset=\"https:\/\/www.naturparkmagazin.de\/schwaebisch-fraenkischer-wald\/wp-content\/uploads\/sites\/34\/170403_BILD_Gruppenbild-Naturparkfuehrer_Angstenberger_1.jpg 200w, https:\/\/www.naturparkmagazin.de\/schwaebisch-fraenkischer-wald\/wp-content\/uploads\/sites\/34\/170403_BILD_Gruppenbild-Naturparkfuehrer_Angstenberger_1-30x30.jpg 30w\" sizes=\"(max-width: 200px) 100vw, 200px\" \/><\/a><p id=\"caption-attachment-4750\" class=\"wp-caption-text\">Ein Grund zum Feiern: 10-j\u00e4hriges Jubil\u00e4um bei den Naturparkf\u00fchrern<\/p><\/div>\n<div id=\"attachment_4751\" style=\"width: 210px\" class=\"wp-caption alignleft\"><a href=\"https:\/\/www.naturparkmagazin.de\/schwaebisch-fraenkischer-wald\/wp-content\/uploads\/sites\/34\/170403_BILD_Gruppenbild-Naturparkfuehrer_Angstenberger_2.jpg\"><img aria-describedby=\"caption-attachment-4751\" decoding=\"async\" loading=\"lazy\" class=\"wp-image-4751 size-full\" src=\"https:\/\/www.naturparkmagazin.de\/schwaebisch-fraenkischer-wald\/wp-content\/uploads\/sites\/34\/170403_BILD_Gruppenbild-Naturparkfuehrer_Angstenberger_2.jpg\" alt=\"Ein Grund zum Feiern: 10-j\u00e4hriges Jubil\u00e4um bei den Naturparkf\u00fchrern\" width=\"200\" height=\"200\" srcset=\"https:\/\/www.naturparkmagazin.de\/schwaebisch-fraenkischer-wald\/wp-content\/uploads\/sites\/34\/170403_BILD_Gruppenbild-Naturparkfuehrer_Angstenberger_2.jpg 200w, https:\/\/www.naturparkmagazin.de\/schwaebisch-fraenkischer-wald\/wp-content\/uploads\/sites\/34\/170403_BILD_Gruppenbild-Naturparkfuehrer_Angstenberger_2-30x30.jpg 30w\" sizes=\"(max-width: 200px) 100vw, 200px\" \/><\/a><p id=\"caption-attachment-4751\" class=\"wp-caption-text\">Ein Grund zum Feiern: 10-j\u00e4hriges Jubil\u00e4um bei den Naturparkf\u00fchrern<\/p><\/div>\n<div id=\"attachment_4752\" style=\"width: 210px\" class=\"wp-caption alignleft\"><a href=\"https:\/\/www.naturparkmagazin.de\/schwaebisch-fraenkischer-wald\/wp-content\/uploads\/sites\/34\/170403_BILD_Gruppenbild-Naturparkfuehrer_Angstenberger_3.jpg\"><img aria-describedby=\"caption-attachment-4752\" decoding=\"async\" loading=\"lazy\" class=\"size-full wp-image-4752\" src=\"https:\/\/www.naturparkmagazin.de\/schwaebisch-fraenkischer-wald\/wp-content\/uploads\/sites\/34\/170403_BILD_Gruppenbild-Naturparkfuehrer_Angstenberger_3.jpg\" alt=\"Ein Grund zum Feiern: 10-j\u00e4hriges Jubil\u00e4um bei den Naturparkf\u00fchrern\" width=\"200\" height=\"200\" srcset=\"https:\/\/www.naturparkmagazin.de\/schwaebisch-fraenkischer-wald\/wp-content\/uploads\/sites\/34\/170403_BILD_Gruppenbild-Naturparkfuehrer_Angstenberger_3.jpg 200w, https:\/\/www.naturparkmagazin.de\/schwaebisch-fraenkischer-wald\/wp-content\/uploads\/sites\/34\/170403_BILD_Gruppenbild-Naturparkfuehrer_Angstenberger_3-30x30.jpg 30w\" sizes=\"(max-width: 200px) 100vw, 200px\" \/><\/a><p id=\"caption-attachment-4752\" class=\"wp-caption-text\">Ein Grund zum Feiern: 10-j\u00e4hriges Jubil\u00e4um bei den Naturparkf\u00fchrern<\/p><\/div>\n<p>&nbsp;<\/p>\n<p>&nbsp;<\/p>\n<p>&nbsp;<\/p>\n<p>&nbsp;<\/p>\n<p>&nbsp;<\/p>\n<p>&nbsp;<\/p>\n<p>&nbsp;<\/p>\n<p>Vergangenes Jahr konnte mit \u00fcber 27.800 Besuchern bei 935 Veranstaltungen ein Teilnehmerrekord erzielt werden. Zu den anf\u00e4nglichen Erlebnistagen der Naturparkf\u00fchrer sind mit der Zeit noch viele weitere Projekte hinzugekommen: z.B. die Mainhardter Kostbarkeiten, die 24-Stunden-Wanderung, die gro\u00dfe Pilzausstellung oder die M\u00fchlenweihnacht. Au\u00dferdem werden an allen Sonn- und Feiertagen Wanderungen durch den Naturpark Schw\u00e4bisch-Fr\u00e4nkischer Wald angeboten. An neuen Ideen mangelt es den Naturparkf\u00fchrern nicht. Und Dank dem Sponsor-Partner Haller L\u00f6wenbr\u00e4u k\u00f6nnen diese nun auch schneller umgesetzt werden. Man darf also gespannt sein, was im Naturpark in Zukunft noch alles zu erleben sein wird.<\/p>\n<p>Zu den Jubil\u00e4umsfeierlichkeiten laden die Naturparkf\u00fchrer Gro\u00df und Klein aus Nah und Fern ganz herzlich ein:<\/p>\n<p>Den Auftakt bildet die Er\u00f6ffnung der Ausstellung \u201eGanz bsondere Fleckla \u2013 Lieblingspl\u00e4tze der Naturparkf\u00fchrer\u201c im Naturparkzentrum in Murrhardt am 28. April 2017 \u2013 auf den Tag genau 10 Jahre nach der Vereinsgr\u00fcndung der Naturparkf\u00fchrer.<\/p>\n<p>Am 17. und 18. Juni steigt unter dem Motto &#8222;Ebbes ganz Bsonders&#8220; die gro\u00dfe Jubil\u00e4umsfeier im Murrhardter Stadtpark. Von Mitmach-Aktionen und Sternwanderungen, \u00fcber ein Naturparkf\u00fchrer-M\u00e4rktle und kulinarische Leckereien aus dem Naturpark bis hin zu einem Konzert der Schwabenrock-Band \u201eWendrsonn\u201c wird an diesem Wochenende vieles geboten.<\/p>\n<p>Karten f\u00fcr das Konzert sind ab sofort bei der Tourist-Info in Murrhardt erh\u00e4ltlich (<a href=\"mailto:touristik@murrhardt.de\" target=\"_blank\">touristik@murrhardt.de<\/a>, Tel. 07192\/213-777). N\u00e4here Informationen zu diesen und vielen weiteren Terminen finden sich in der \u201eNaturpark aktiv\u201c-Brosch\u00fcre und auf <a href=\"http:\/\/www.die-naturparkfuehrer.de\/\" target=\"_blank\">www.die-naturparkfuehrer.de<\/a>.<\/p>\n","protected":false},"excerpt":{"rendered":"<p>10 Jahre Naturparkf\u00fchrer &#8222;Ebbes ganz Bsonders&#8220;!<\/p>\n","protected":false},"author":25,"featured_media":4751,"comment_status":"open","ping_status":"open","sticky":false,"template":"","format":"standard","meta":[],"categories":[7],"tags":[],"yoast_head":"<!-- This site is optimized with the Yoast SEO plugin v19.10 - https:\/\/yoast.com\/wordpress\/plugins\/seo\/ -->\n<title>Naturparkf\u00fchrer feiern 10-j\u00e4hriges Jubil\u00e4um - Naturpark Schw\u00e4bisch-Fr\u00e4nkischer Wald<\/title>\n<meta name=\"robots\" content=\"index, follow, max-snippet:-1, max-image-preview:large, max-video-preview:-1\" \/>\n<link rel=\"canonical\" href=\"https:\/\/www.naturparkmagazin.de\/schwaebisch-fraenkischer-wald\/naturparkfuehrer-feiern-10-jaehriges-jubilaeum\/\" \/>\n<meta property=\"og:locale\" content=\"de_DE\" \/>\n<meta property=\"og:type\" content=\"article\" \/>\n<meta property=\"og:title\" content=\"Naturparkf\u00fchrer feiern 10-j\u00e4hriges Jubil\u00e4um - Naturpark Schw\u00e4bisch-Fr\u00e4nkischer Wald\" \/>\n<meta property=\"og:description\" content=\"10 Jahre Naturparkf\u00fchrer &quot;Ebbes ganz Bsonders&quot;!\" \/>\n<meta property=\"og:url\" content=\"https:\/\/www.naturparkmagazin.de\/schwaebisch-fraenkischer-wald\/naturparkfuehrer-feiern-10-jaehriges-jubilaeum\/\" \/>\n<meta property=\"og:site_name\" content=\"Naturpark Schw\u00e4bisch-Fr\u00e4nkischer Wald\" \/>\n<meta property=\"article:author\" content=\"https:\/\/www.facebook.com\/naturparkSFW\" \/>\n<meta property=\"article:published_time\" content=\"2017-04-18T08:35:13+00:00\" \/>\n<meta property=\"article:modified_time\" content=\"2017-04-18T08:38:13+00:00\" \/>\n<meta property=\"og:image\" content=\"https:\/\/www.naturparkmagazin.de\/schwaebisch-fraenkischer-wald\/wp-content\/uploads\/sites\/34\/170403_BILD_Gruppenbild-Naturparkfuehrer_Angstenberger_2.jpg\" \/>\n\t<meta property=\"og:image:width\" content=\"200\" \/>\n\t<meta property=\"og:image:height\" content=\"200\" \/>\n\t<meta property=\"og:image:type\" content=\"image\/jpeg\" \/>\n<meta name=\"author\" content=\"Naturpark-Team\" \/>\n<meta name=\"twitter:label1\" content=\"Verfasst von\" \/>\n\t<meta name=\"twitter:data1\" content=\"Naturpark-Team\" \/>\n\t<meta name=\"twitter:label2\" content=\"Gesch\u00e4tzte Lesezeit\" \/>\n\t<meta name=\"twitter:data2\" content=\"2\u00a0Minuten\" \/>\n<script type=\"application\/ld+json\" class=\"yoast-schema-graph\">{\"@context\":\"https:\/\/schema.org\",\"@graph\":[{\"@type\":\"WebPage\",\"@id\":\"https:\/\/www.naturparkmagazin.de\/schwaebisch-fraenkischer-wald\/naturparkfuehrer-feiern-10-jaehriges-jubilaeum\/\",\"url\":\"https:\/\/www.naturparkmagazin.de\/schwaebisch-fraenkischer-wald\/naturparkfuehrer-feiern-10-jaehriges-jubilaeum\/\",\"name\":\"Naturparkf\u00fchrer feiern 10-j\u00e4hriges Jubil\u00e4um - Naturpark Schw\u00e4bisch-Fr\u00e4nkischer Wald\",\"isPartOf\":{\"@id\":\"https:\/\/www.naturparkmagazin.de\/schwaebisch-fraenkischer-wald\/#website\"},\"datePublished\":\"2017-04-18T08:35:13+00:00\",\"dateModified\":\"2017-04-18T08:38:13+00:00\",\"author\":{\"@id\":\"https:\/\/www.naturparkmagazin.de\/schwaebisch-fraenkischer-wald\/#\/schema\/person\/f047a3702ae747fd7830cf8ac95e6066\"},\"breadcrumb\":{\"@id\":\"https:\/\/www.naturparkmagazin.de\/schwaebisch-fraenkischer-wald\/naturparkfuehrer-feiern-10-jaehriges-jubilaeum\/#breadcrumb\"},\"inLanguage\":\"de\",\"potentialAction\":[{\"@type\":\"ReadAction\",\"target\":[\"https:\/\/www.naturparkmagazin.de\/schwaebisch-fraenkischer-wald\/naturparkfuehrer-feiern-10-jaehriges-jubilaeum\/\"]}]},{\"@type\":\"BreadcrumbList\",\"@id\":\"https:\/\/www.naturparkmagazin.de\/schwaebisch-fraenkischer-wald\/naturparkfuehrer-feiern-10-jaehriges-jubilaeum\/#breadcrumb\",\"itemListElement\":[{\"@type\":\"ListItem\",\"position\":1,\"name\":\"Home\",\"item\":\"https:\/\/www.naturparkmagazin.de\/schwaebisch-fraenkischer-wald\/\"},{\"@type\":\"ListItem\",\"position\":2,\"name\":\"Naturparkf\u00fchrer feiern 10-j\u00e4hriges Jubil\u00e4um\"}]},{\"@type\":\"WebSite\",\"@id\":\"https:\/\/www.naturparkmagazin.de\/schwaebisch-fraenkischer-wald\/#website\",\"url\":\"https:\/\/www.naturparkmagazin.de\/schwaebisch-fraenkischer-wald\/\",\"name\":\"Naturpark Schw\u00e4bisch-Fr\u00e4nkischer Wald\",\"description\":\"\",\"potentialAction\":[{\"@type\":\"SearchAction\",\"target\":{\"@type\":\"EntryPoint\",\"urlTemplate\":\"https:\/\/www.naturparkmagazin.de\/schwaebisch-fraenkischer-wald\/?s={search_term_string}\"},\"query-input\":\"required name=search_term_string\"}],\"inLanguage\":\"de\"},{\"@type\":\"Person\",\"@id\":\"https:\/\/www.naturparkmagazin.de\/schwaebisch-fraenkischer-wald\/#\/schema\/person\/f047a3702ae747fd7830cf8ac95e6066\",\"name\":\"Naturpark-Team\",\"sameAs\":[\"http:\/\/www.naturpark-sfw.de\",\"https:\/\/www.facebook.com\/naturparkSFW\"],\"url\":\"https:\/\/www.naturparkmagazin.de\/schwaebisch-fraenkischer-wald\/author\/bernharddrixler\/\"}]}<\/script>\n<!-- \/ Yoast SEO plugin. -->","yoast_head_json":{"title":"Naturparkf\u00fchrer feiern 10-j\u00e4hriges Jubil\u00e4um - Naturpark Schw\u00e4bisch-Fr\u00e4nkischer Wald","robots":{"index":"index","follow":"follow","max-snippet":"max-snippet:-1","max-image-preview":"max-image-preview:large","max-video-preview":"max-video-preview:-1"},"canonical":"https:\/\/www.naturparkmagazin.de\/schwaebisch-fraenkischer-wald\/naturparkfuehrer-feiern-10-jaehriges-jubilaeum\/","og_locale":"de_DE","og_type":"article","og_title":"Naturparkf\u00fchrer feiern 10-j\u00e4hriges Jubil\u00e4um - Naturpark Schw\u00e4bisch-Fr\u00e4nkischer Wald","og_description":"10 Jahre Naturparkf\u00fchrer \"Ebbes ganz Bsonders\"!","og_url":"https:\/\/www.naturparkmagazin.de\/schwaebisch-fraenkischer-wald\/naturparkfuehrer-feiern-10-jaehriges-jubilaeum\/","og_site_name":"Naturpark Schw\u00e4bisch-Fr\u00e4nkischer Wald","article_author":"https:\/\/www.facebook.com\/naturparkSFW","article_published_time":"2017-04-18T08:35:13+00:00","article_modified_time":"2017-04-18T08:38:13+00:00","og_image":[{"width":200,"height":200,"url":"https:\/\/www.naturparkmagazin.de\/schwaebisch-fraenkischer-wald\/wp-content\/uploads\/sites\/34\/170403_BILD_Gruppenbild-Naturparkfuehrer_Angstenberger_2.jpg","type":"image\/jpeg"}],"author":"Naturpark-Team","twitter_misc":{"Verfasst von":"Naturpark-Team","Gesch\u00e4tzte Lesezeit":"2\u00a0Minuten"},"schema":{"@context":"https:\/\/schema.org","@graph":[{"@type":"WebPage","@id":"https:\/\/www.naturparkmagazin.de\/schwaebisch-fraenkischer-wald\/naturparkfuehrer-feiern-10-jaehriges-jubilaeum\/","url":"https:\/\/www.naturparkmagazin.de\/schwaebisch-fraenkischer-wald\/naturparkfuehrer-feiern-10-jaehriges-jubilaeum\/","name":"Naturparkf\u00fchrer feiern 10-j\u00e4hriges Jubil\u00e4um - Naturpark Schw\u00e4bisch-Fr\u00e4nkischer Wald","isPartOf":{"@id":"https:\/\/www.naturparkmagazin.de\/schwaebisch-fraenkischer-wald\/#website"},"datePublished":"2017-04-18T08:35:13+00:00","dateModified":"2017-04-18T08:38:13+00:00","author":{"@id":"https:\/\/www.naturparkmagazin.de\/schwaebisch-fraenkischer-wald\/#\/schema\/person\/f047a3702ae747fd7830cf8ac95e6066"},"breadcrumb":{"@id":"https:\/\/www.naturparkmagazin.de\/schwaebisch-fraenkischer-wald\/naturparkfuehrer-feiern-10-jaehriges-jubilaeum\/#breadcrumb"},"inLanguage":"de","potentialAction":[{"@type":"ReadAction","target":["https:\/\/www.naturparkmagazin.de\/schwaebisch-fraenkischer-wald\/naturparkfuehrer-feiern-10-jaehriges-jubilaeum\/"]}]},{"@type":"BreadcrumbList","@id":"https:\/\/www.naturparkmagazin.de\/schwaebisch-fraenkischer-wald\/naturparkfuehrer-feiern-10-jaehriges-jubilaeum\/#breadcrumb","itemListElement":[{"@type":"ListItem","position":1,"name":"Home","item":"https:\/\/www.naturparkmagazin.de\/schwaebisch-fraenkischer-wald\/"},{"@type":"ListItem","position":2,"name":"Naturparkf\u00fchrer feiern 10-j\u00e4hriges Jubil\u00e4um"}]},{"@type":"WebSite","@id":"https:\/\/www.naturparkmagazin.de\/schwaebisch-fraenkischer-wald\/#website","url":"https:\/\/www.naturparkmagazin.de\/schwaebisch-fraenkischer-wald\/","name":"Naturpark Schw\u00e4bisch-Fr\u00e4nkischer Wald","description":"","potentialAction":[{"@type":"SearchAction","target":{"@type":"EntryPoint","urlTemplate":"https:\/\/www.naturparkmagazin.de\/schwaebisch-fraenkischer-wald\/?s={search_term_string}"},"query-input":"required name=search_term_string"}],"inLanguage":"de"},{"@type":"Person","@id":"https:\/\/www.naturparkmagazin.de\/schwaebisch-fraenkischer-wald\/#\/schema\/person\/f047a3702ae747fd7830cf8ac95e6066","name":"Naturpark-Team","sameAs":["http:\/\/www.naturpark-sfw.de","https:\/\/www.facebook.com\/naturparkSFW"],"url":"https:\/\/www.naturparkmagazin.de\/schwaebisch-fraenkischer-wald\/author\/bernharddrixler\/"}]}},"_links":{"self":[{"href":"https:\/\/www.naturparkmagazin.de\/schwaebisch-fraenkischer-wald\/wp-json\/wp\/v2\/posts\/4749"}],"collection":[{"href":"https:\/\/www.naturparkmagazin.de\/schwaebisch-fraenkischer-wald\/wp-json\/wp\/v2\/posts"}],"about":[{"href":"https:\/\/www.naturparkmagazin.de\/schwaebisch-fraenkischer-wald\/wp-json\/wp\/v2\/types\/post"}],"author":[{"embeddable":true,"href":"https:\/\/www.naturparkmagazin.de\/schwaebisch-fraenkischer-wald\/wp-json\/wp\/v2\/users\/25"}],"replies":[{"embeddable":true,"href":"https:\/\/www.naturparkmagazin.de\/schwaebisch-fraenkischer-wald\/wp-json\/wp\/v2\/comments?post=4749"}],"version-history":[{"count":2,"href":"https:\/\/www.naturparkmagazin.de\/schwaebisch-fraenkischer-wald\/wp-json\/wp\/v2\/posts\/4749\/revisions"}],"predecessor-version":[{"id":4754,"href":"https:\/\/www.naturparkmagazin.de\/schwaebisch-fraenkischer-wald\/wp-json\/wp\/v2\/posts\/4749\/revisions\/4754"}],"wp:featuredmedia":[{"embeddable":true,"href":"https:\/\/www.naturparkmagazin.de\/schwaebisch-fraenkischer-wald\/wp-json\/wp\/v2\/media\/4751"}],"wp:attachment":[{"href":"https:\/\/www.naturparkmagazin.de\/schwaebisch-fraenkischer-wald\/wp-json\/wp\/v2\/media?parent=4749"}],"wp:term":[{"taxonomy":"category","embeddable":true,"href":"https:\/\/www.naturparkmagazin.de\/schwaebisch-fraenkischer-wald\/wp-json\/wp\/v2\/categories?post=4749"},{"taxonomy":"post_tag","embeddable":true,"href":"https:\/\/www.naturparkmagazin.de\/schwaebisch-fraenkischer-wald\/wp-json\/wp\/v2\/tags?post=4749"}],"curies":[{"name":"wp","href":"https:\/\/api.w.org\/{rel}","templated":true}]}}