{"id":4755,"date":"2017-04-18T10:46:55","date_gmt":"2017-04-18T08:46:55","guid":{"rendered":"http:\/\/www.naturparkmagazin.de\/schwaebisch-fraenkischer-wald\/?p=4755"},"modified":"2017-04-24T09:25:28","modified_gmt":"2017-04-24T07:25:28","slug":"hofgut-kieselberg-in-gaildorf","status":"publish","type":"post","link":"https:\/\/www.naturparkmagazin.de\/schwaebisch-fraenkischer-wald\/hofgut-kieselberg-in-gaildorf\/","title":{"rendered":"Hofgut Kieselberg in Gaildorf"},"content":{"rendered":"<p>Die \u00d6ffnungszeiten unseres nachhaltigen Partnerbetriebes und Naturparkteller-Gastronomen &#8222;Hofgut Kieselberg&#8220; haben sich ge\u00e4ndert.<\/p>\n<div id=\"attachment_4932\" style=\"width: 223px\" class=\"wp-caption alignright\"><a href=\"https:\/\/www.naturparkmagazin.de\/schwaebisch-fraenkischer-wald\/wp-content\/uploads\/sites\/34\/Kieselhof_2.jpg\"><img aria-describedby=\"caption-attachment-4932\" decoding=\"async\" loading=\"lazy\" class=\"size-full wp-image-4932\" src=\"https:\/\/www.naturparkmagazin.de\/schwaebisch-fraenkischer-wald\/wp-content\/uploads\/sites\/34\/Kieselhof_2.jpg\" alt=\"Hofgut Kieselberg im Fr\u00fchling\" width=\"213\" height=\"213\" srcset=\"https:\/\/www.naturparkmagazin.de\/schwaebisch-fraenkischer-wald\/wp-content\/uploads\/sites\/34\/Kieselhof_2.jpg 213w, https:\/\/www.naturparkmagazin.de\/schwaebisch-fraenkischer-wald\/wp-content\/uploads\/sites\/34\/Kieselhof_2-200x200.jpg 200w, https:\/\/www.naturparkmagazin.de\/schwaebisch-fraenkischer-wald\/wp-content\/uploads\/sites\/34\/Kieselhof_2-30x30.jpg 30w\" sizes=\"(max-width: 213px) 100vw, 213px\" \/><\/a><p id=\"caption-attachment-4932\" class=\"wp-caption-text\">Hofgut Kieselberg im Fr\u00fchling<\/p><\/div>\n<p>Alle\u00a0 Informationen und Veranstaltungshinweise finden Sie immer aktuell auf der Homepage unter: <a href=\"http:\/\/www.hofgut-kieselberg.de\" target=\"_blank\">www.hofgut-kieselberg.de<\/a><\/p>\n<p>Wissenswertes:<\/p>\n<p>Das Hofgut auf dem Kieselberg ist \u00fcber 500 Jahre alt und war urspr\u00fcnglich ein Jagdhaus der Schenken von Limpurg. Um 1980 wurde das Anwesen von Walter B\u00f6lz gekauft. Zu diesem Zeitpunkt waren die Geb\u00e4ude bauf\u00e4llig und das Gel\u00e4nde \u00fcberwuchert. Der alte Hof, der mit seinen drei Geb\u00e4udeteilen und dem gro\u00dfz\u00fcgigen Innenhof ein Carr\u00e9 bildet, wurde vom Fundament bis unters Dach stilecht renoviert. Die Gartenlandschaft mit altem Backh\u00e4uschen, Teich, Brunnen, Ziegen und Eselweide wurde mit etlichen Blumen- und Baum-Arrangements gestaltet.\nSeit 2007 \u00f6ffnete Sabine B\u00f6lz ihr kleines Caf\u00e9 jeden Sonntag und bot regionale Produkte, selbstgebackenen Kuchen und Torten, sowie Fairtrade-Produkte an. Seit 2012 steht die eigens daf\u00fcr ausgebaute Festhalle f\u00fcr Veranstaltungen wie Geburtstage, Hochzeiten, Firmen- und Vereinsfeierlichkeiten und f\u00fcr private Vermietungen mit bis zu 80 Personen zur Verf\u00fcgung.<\/p>\n<div id=\"attachment_4935\" style=\"width: 210px\" class=\"wp-caption alignright\"><a href=\"https:\/\/www.naturparkmagazin.de\/schwaebisch-fraenkischer-wald\/wp-content\/uploads\/sites\/34\/Kieselhof_41.jpg\"><img aria-describedby=\"caption-attachment-4935\" decoding=\"async\" loading=\"lazy\" class=\"wp-image-4935\" src=\"https:\/\/www.naturparkmagazin.de\/schwaebisch-fraenkischer-wald\/wp-content\/uploads\/sites\/34\/Kieselhof_41.jpg\" alt=\"Potpourri aus den Elementen, die mit dem heutigen Hofgut Kieselberg assoziiert werden: Musik, LIteratur, Kunst und Caf\u00e9\" width=\"200\" height=\"200\" srcset=\"https:\/\/www.naturparkmagazin.de\/schwaebisch-fraenkischer-wald\/wp-content\/uploads\/sites\/34\/Kieselhof_41.jpg 320w, https:\/\/www.naturparkmagazin.de\/schwaebisch-fraenkischer-wald\/wp-content\/uploads\/sites\/34\/Kieselhof_41-300x300.jpg 300w, https:\/\/www.naturparkmagazin.de\/schwaebisch-fraenkischer-wald\/wp-content\/uploads\/sites\/34\/Kieselhof_41-200x200.jpg 200w, https:\/\/www.naturparkmagazin.de\/schwaebisch-fraenkischer-wald\/wp-content\/uploads\/sites\/34\/Kieselhof_41-30x30.jpg 30w\" sizes=\"(max-width: 200px) 100vw, 200px\" \/><\/a><p id=\"caption-attachment-4935\" class=\"wp-caption-text\">Potpourri aus Elementen, die mit dem heutigen Hofgut Kieselberg assoziiert werden: Musik, Literatur, Kunst &amp; Caf\u00e9<\/p><\/div>\n<p>Au\u00dferdem veranstaltet das Hofgut Kieselberg seit 2013 einmal im Monat die Kulturreihe &#8222;Caf\u00e9 Soir\u00e9e&#8220; mit dem Ziel, Kultur im l\u00e4ndlichen Raum zu f\u00f6rdern. Der im Januar 2015 gegr\u00fcndete Kulturverein Klassik \u2013 Limpurger Land betreibt die Caf\u00e9-Soir\u00e9e-Reihe und das Sonntagscaf\u00e9 an einem Samstag im Monat.<\/p>\n<p>(Foto: Frau Astrid B\u00fcdenbender-Horst)<\/p>\n","protected":false},"excerpt":{"rendered":"<p>Ge\u00e4nderte \u00d6ffnungszeiten des Naturparkteller-Betriebs Hofgut Kieselberg<\/p>\n","protected":false},"author":25,"featured_media":4932,"comment_status":"open","ping_status":"open","sticky":false,"template":"","format":"standard","meta":[],"categories":[7],"tags":[686],"yoast_head":"<!-- This site is optimized with the Yoast SEO plugin v19.10 - https:\/\/yoast.com\/wordpress\/plugins\/seo\/ -->\n<title>Hofgut Kieselberg in Gaildorf - Naturpark Schw\u00e4bisch-Fr\u00e4nkischer Wald<\/title>\n<meta name=\"robots\" content=\"index, follow, max-snippet:-1, max-image-preview:large, max-video-preview:-1\" \/>\n<link rel=\"canonical\" href=\"https:\/\/www.naturparkmagazin.de\/schwaebisch-fraenkischer-wald\/hofgut-kieselberg-in-gaildorf\/\" \/>\n<meta property=\"og:locale\" content=\"de_DE\" \/>\n<meta property=\"og:type\" content=\"article\" \/>\n<meta property=\"og:title\" content=\"Hofgut Kieselberg in Gaildorf - Naturpark Schw\u00e4bisch-Fr\u00e4nkischer Wald\" \/>\n<meta property=\"og:description\" content=\"Ge\u00e4nderte \u00d6ffnungszeiten des Naturparkteller-Betriebs Hofgut Kieselberg\" \/>\n<meta property=\"og:url\" content=\"https:\/\/www.naturparkmagazin.de\/schwaebisch-fraenkischer-wald\/hofgut-kieselberg-in-gaildorf\/\" \/>\n<meta property=\"og:site_name\" content=\"Naturpark Schw\u00e4bisch-Fr\u00e4nkischer Wald\" \/>\n<meta property=\"article:author\" content=\"https:\/\/www.facebook.com\/naturparkSFW\" \/>\n<meta property=\"article:published_time\" content=\"2017-04-18T08:46:55+00:00\" \/>\n<meta property=\"article:modified_time\" content=\"2017-04-24T07:25:28+00:00\" \/>\n<meta property=\"og:image\" content=\"https:\/\/www.naturparkmagazin.de\/schwaebisch-fraenkischer-wald\/wp-content\/uploads\/sites\/34\/Kieselhof_2.jpg\" \/>\n\t<meta property=\"og:image:width\" content=\"213\" \/>\n\t<meta property=\"og:image:height\" content=\"213\" \/>\n\t<meta property=\"og:image:type\" content=\"image\/jpeg\" \/>\n<meta name=\"author\" content=\"Naturpark-Team\" \/>\n<meta name=\"twitter:label1\" content=\"Verfasst von\" \/>\n\t<meta name=\"twitter:data1\" content=\"Naturpark-Team\" \/>\n\t<meta name=\"twitter:label2\" content=\"Gesch\u00e4tzte Lesezeit\" \/>\n\t<meta name=\"twitter:data2\" content=\"1\u00a0Minute\" \/>\n<script type=\"application\/ld+json\" class=\"yoast-schema-graph\">{\"@context\":\"https:\/\/schema.org\",\"@graph\":[{\"@type\":\"WebPage\",\"@id\":\"https:\/\/www.naturparkmagazin.de\/schwaebisch-fraenkischer-wald\/hofgut-kieselberg-in-gaildorf\/\",\"url\":\"https:\/\/www.naturparkmagazin.de\/schwaebisch-fraenkischer-wald\/hofgut-kieselberg-in-gaildorf\/\",\"name\":\"Hofgut Kieselberg in Gaildorf - Naturpark Schw\u00e4bisch-Fr\u00e4nkischer Wald\",\"isPartOf\":{\"@id\":\"https:\/\/www.naturparkmagazin.de\/schwaebisch-fraenkischer-wald\/#website\"},\"datePublished\":\"2017-04-18T08:46:55+00:00\",\"dateModified\":\"2017-04-24T07:25:28+00:00\",\"author\":{\"@id\":\"https:\/\/www.naturparkmagazin.de\/schwaebisch-fraenkischer-wald\/#\/schema\/person\/f047a3702ae747fd7830cf8ac95e6066\"},\"breadcrumb\":{\"@id\":\"https:\/\/www.naturparkmagazin.de\/schwaebisch-fraenkischer-wald\/hofgut-kieselberg-in-gaildorf\/#breadcrumb\"},\"inLanguage\":\"de\",\"potentialAction\":[{\"@type\":\"ReadAction\",\"target\":[\"https:\/\/www.naturparkmagazin.de\/schwaebisch-fraenkischer-wald\/hofgut-kieselberg-in-gaildorf\/\"]}]},{\"@type\":\"BreadcrumbList\",\"@id\":\"https:\/\/www.naturparkmagazin.de\/schwaebisch-fraenkischer-wald\/hofgut-kieselberg-in-gaildorf\/#breadcrumb\",\"itemListElement\":[{\"@type\":\"ListItem\",\"position\":1,\"name\":\"Home\",\"item\":\"https:\/\/www.naturparkmagazin.de\/schwaebisch-fraenkischer-wald\/\"},{\"@type\":\"ListItem\",\"position\":2,\"name\":\"Hofgut Kieselberg in Gaildorf\"}]},{\"@type\":\"WebSite\",\"@id\":\"https:\/\/www.naturparkmagazin.de\/schwaebisch-fraenkischer-wald\/#website\",\"url\":\"https:\/\/www.naturparkmagazin.de\/schwaebisch-fraenkischer-wald\/\",\"name\":\"Naturpark Schw\u00e4bisch-Fr\u00e4nkischer Wald\",\"description\":\"\",\"potentialAction\":[{\"@type\":\"SearchAction\",\"target\":{\"@type\":\"EntryPoint\",\"urlTemplate\":\"https:\/\/www.naturparkmagazin.de\/schwaebisch-fraenkischer-wald\/?s={search_term_string}\"},\"query-input\":\"required name=search_term_string\"}],\"inLanguage\":\"de\"},{\"@type\":\"Person\",\"@id\":\"https:\/\/www.naturparkmagazin.de\/schwaebisch-fraenkischer-wald\/#\/schema\/person\/f047a3702ae747fd7830cf8ac95e6066\",\"name\":\"Naturpark-Team\",\"sameAs\":[\"http:\/\/www.naturpark-sfw.de\",\"https:\/\/www.facebook.com\/naturparkSFW\"],\"url\":\"https:\/\/www.naturparkmagazin.de\/schwaebisch-fraenkischer-wald\/author\/bernharddrixler\/\"}]}<\/script>\n<!-- \/ Yoast SEO plugin. -->","yoast_head_json":{"title":"Hofgut Kieselberg in Gaildorf - Naturpark Schw\u00e4bisch-Fr\u00e4nkischer Wald","robots":{"index":"index","follow":"follow","max-snippet":"max-snippet:-1","max-image-preview":"max-image-preview:large","max-video-preview":"max-video-preview:-1"},"canonical":"https:\/\/www.naturparkmagazin.de\/schwaebisch-fraenkischer-wald\/hofgut-kieselberg-in-gaildorf\/","og_locale":"de_DE","og_type":"article","og_title":"Hofgut Kieselberg in Gaildorf - Naturpark Schw\u00e4bisch-Fr\u00e4nkischer Wald","og_description":"Ge\u00e4nderte \u00d6ffnungszeiten des Naturparkteller-Betriebs Hofgut Kieselberg","og_url":"https:\/\/www.naturparkmagazin.de\/schwaebisch-fraenkischer-wald\/hofgut-kieselberg-in-gaildorf\/","og_site_name":"Naturpark Schw\u00e4bisch-Fr\u00e4nkischer Wald","article_author":"https:\/\/www.facebook.com\/naturparkSFW","article_published_time":"2017-04-18T08:46:55+00:00","article_modified_time":"2017-04-24T07:25:28+00:00","og_image":[{"width":213,"height":213,"url":"https:\/\/www.naturparkmagazin.de\/schwaebisch-fraenkischer-wald\/wp-content\/uploads\/sites\/34\/Kieselhof_2.jpg","type":"image\/jpeg"}],"author":"Naturpark-Team","twitter_misc":{"Verfasst von":"Naturpark-Team","Gesch\u00e4tzte Lesezeit":"1\u00a0Minute"},"schema":{"@context":"https:\/\/schema.org","@graph":[{"@type":"WebPage","@id":"https:\/\/www.naturparkmagazin.de\/schwaebisch-fraenkischer-wald\/hofgut-kieselberg-in-gaildorf\/","url":"https:\/\/www.naturparkmagazin.de\/schwaebisch-fraenkischer-wald\/hofgut-kieselberg-in-gaildorf\/","name":"Hofgut Kieselberg in Gaildorf - Naturpark Schw\u00e4bisch-Fr\u00e4nkischer Wald","isPartOf":{"@id":"https:\/\/www.naturparkmagazin.de\/schwaebisch-fraenkischer-wald\/#website"},"datePublished":"2017-04-18T08:46:55+00:00","dateModified":"2017-04-24T07:25:28+00:00","author":{"@id":"https:\/\/www.naturparkmagazin.de\/schwaebisch-fraenkischer-wald\/#\/schema\/person\/f047a3702ae747fd7830cf8ac95e6066"},"breadcrumb":{"@id":"https:\/\/www.naturparkmagazin.de\/schwaebisch-fraenkischer-wald\/hofgut-kieselberg-in-gaildorf\/#breadcrumb"},"inLanguage":"de","potentialAction":[{"@type":"ReadAction","target":["https:\/\/www.naturparkmagazin.de\/schwaebisch-fraenkischer-wald\/hofgut-kieselberg-in-gaildorf\/"]}]},{"@type":"BreadcrumbList","@id":"https:\/\/www.naturparkmagazin.de\/schwaebisch-fraenkischer-wald\/hofgut-kieselberg-in-gaildorf\/#breadcrumb","itemListElement":[{"@type":"ListItem","position":1,"name":"Home","item":"https:\/\/www.naturparkmagazin.de\/schwaebisch-fraenkischer-wald\/"},{"@type":"ListItem","position":2,"name":"Hofgut Kieselberg in Gaildorf"}]},{"@type":"WebSite","@id":"https:\/\/www.naturparkmagazin.de\/schwaebisch-fraenkischer-wald\/#website","url":"https:\/\/www.naturparkmagazin.de\/schwaebisch-fraenkischer-wald\/","name":"Naturpark Schw\u00e4bisch-Fr\u00e4nkischer Wald","description":"","potentialAction":[{"@type":"SearchAction","target":{"@type":"EntryPoint","urlTemplate":"https:\/\/www.naturparkmagazin.de\/schwaebisch-fraenkischer-wald\/?s={search_term_string}"},"query-input":"required name=search_term_string"}],"inLanguage":"de"},{"@type":"Person","@id":"https:\/\/www.naturparkmagazin.de\/schwaebisch-fraenkischer-wald\/#\/schema\/person\/f047a3702ae747fd7830cf8ac95e6066","name":"Naturpark-Team","sameAs":["http:\/\/www.naturpark-sfw.de","https:\/\/www.facebook.com\/naturparkSFW"],"url":"https:\/\/www.naturparkmagazin.de\/schwaebisch-fraenkischer-wald\/author\/bernharddrixler\/"}]}},"_links":{"self":[{"href":"https:\/\/www.naturparkmagazin.de\/schwaebisch-fraenkischer-wald\/wp-json\/wp\/v2\/posts\/4755"}],"collection":[{"href":"https:\/\/www.naturparkmagazin.de\/schwaebisch-fraenkischer-wald\/wp-json\/wp\/v2\/posts"}],"about":[{"href":"https:\/\/www.naturparkmagazin.de\/schwaebisch-fraenkischer-wald\/wp-json\/wp\/v2\/types\/post"}],"author":[{"embeddable":true,"href":"https:\/\/www.naturparkmagazin.de\/schwaebisch-fraenkischer-wald\/wp-json\/wp\/v2\/users\/25"}],"replies":[{"embeddable":true,"href":"https:\/\/www.naturparkmagazin.de\/schwaebisch-fraenkischer-wald\/wp-json\/wp\/v2\/comments?post=4755"}],"version-history":[{"count":5,"href":"https:\/\/www.naturparkmagazin.de\/schwaebisch-fraenkischer-wald\/wp-json\/wp\/v2\/posts\/4755\/revisions"}],"predecessor-version":[{"id":4936,"href":"https:\/\/www.naturparkmagazin.de\/schwaebisch-fraenkischer-wald\/wp-json\/wp\/v2\/posts\/4755\/revisions\/4936"}],"wp:featuredmedia":[{"embeddable":true,"href":"https:\/\/www.naturparkmagazin.de\/schwaebisch-fraenkischer-wald\/wp-json\/wp\/v2\/media\/4932"}],"wp:attachment":[{"href":"https:\/\/www.naturparkmagazin.de\/schwaebisch-fraenkischer-wald\/wp-json\/wp\/v2\/media?parent=4755"}],"wp:term":[{"taxonomy":"category","embeddable":true,"href":"https:\/\/www.naturparkmagazin.de\/schwaebisch-fraenkischer-wald\/wp-json\/wp\/v2\/categories?post=4755"},{"taxonomy":"post_tag","embeddable":true,"href":"https:\/\/www.naturparkmagazin.de\/schwaebisch-fraenkischer-wald\/wp-json\/wp\/v2\/tags?post=4755"}],"curies":[{"name":"wp","href":"https:\/\/api.w.org\/{rel}","templated":true}]}}