{"id":4761,"date":"2017-05-16T15:30:59","date_gmt":"2017-05-16T13:30:59","guid":{"rendered":"http:\/\/www.naturparkmagazin.de\/schwaebisch-fraenkischer-wald\/?p=4761"},"modified":"2017-04-20T09:37:46","modified_gmt":"2017-04-20T07:37:46","slug":"4761","status":"publish","type":"post","link":"https:\/\/www.naturparkmagazin.de\/schwaebisch-fraenkischer-wald\/4761\/","title":{"rendered":"Wendrsonn-Konzert \u201eHoimspiel\u201c zum Jubil\u00e4um \u201eZehn Jahre Naturparkf\u00fchrer\u201c"},"content":{"rendered":"<p>17. Juni &#8211; Samstag<\/p>\n<div id=\"attachment_4762\" style=\"width: 210px\" class=\"wp-caption alignright\"><a href=\"https:\/\/www.naturparkmagazin.de\/schwaebisch-fraenkischer-wald\/wp-content\/uploads\/sites\/34\/wendrsonn1_2012-1024x650.jpg\"><img aria-describedby=\"caption-attachment-4762\" decoding=\"async\" loading=\"lazy\" class=\"size-full wp-image-4762\" src=\"https:\/\/www.naturparkmagazin.de\/schwaebisch-fraenkischer-wald\/wp-content\/uploads\/sites\/34\/wendrsonn1_2012-1024x650.jpg\" alt=\"Wendrsonn\" width=\"200\" height=\"200\" srcset=\"https:\/\/www.naturparkmagazin.de\/schwaebisch-fraenkischer-wald\/wp-content\/uploads\/sites\/34\/wendrsonn1_2012-1024x650.jpg 200w, https:\/\/www.naturparkmagazin.de\/schwaebisch-fraenkischer-wald\/wp-content\/uploads\/sites\/34\/wendrsonn1_2012-1024x650-30x30.jpg 30w\" sizes=\"(max-width: 200px) 100vw, 200px\" \/><\/a><p id=\"caption-attachment-4762\" class=\"wp-caption-text\">Wendrsonn<\/p><\/div>\n<p>Erdige Sinnlichkeit und solistische Schwabenstreiche: Die sechs Wendrsonnler proklamieren augenzwinkernd den ultimativen Soundtrack zum neuen schw\u00e4bischen Selbstverst\u00e4ndnis.<\/p>\n<p>Es gibt keine Schublade f\u00fcr Wendrsonn, eine der\u00a0originellsten Bands im S\u00fcdwesten. Hunderte Konzerte in den letzten 12 Jahren, 5 CD-Produktionen, Platz 42 bei der SWR1 Hitparade 2016 und insgesamt 7 Mal einen der ersten Pl\u00e4tze beim Deutschen Rockpreis. Wendrsonn sind einmalig und definitiv einer der besten Liveacts s\u00fcdlich des Mains.<\/p>\n<p>Rotzfrech und charmant werfen S\u00e4ngerin Biggi Binder und ihre kongenialen Jungs aus dem wilden S\u00fcden haufenweise Klischees \u00fcber Bord und zelebrieren etwas erfrischend Neues:\u00a0Schw\u00e4bische Mundart als virtuoser und anspruchsvoller Folkrock-Crossover, bei dem ordentlich die Fetzen fliegen.<\/p>\n<p>Wendrsonnkonzerte sind emotionale Achterbahnfahrten: S\u00e4nger und Songschreiber Markus Stricker verwurstelt kabarettistische Elemente mit tragisch-komischen Momenten, labert sich mit voller Absicht um Kopf und Kragen, plaudert gnadenlos aus dem N\u00e4hk\u00e4stchen und h\u00fcpft wie weiland Rumpelstilzchen \u00fcber die B\u00fchne, w\u00e4hrend Ausnahmegeiger Klaus Marquardt sich die Seele aus dem Leib fiedelt.<\/p>\n<p>Am Samstag, 17. Juni findet um 20 Uhr im Stadtgarten Murrhardt (Zirkuszelt) ein Konzert mit der Schwoba-Folk-Rockband Wendrsonn statt. Anlass ist das zehnj\u00e4hrige Jubil\u00e4um der Naturparkf\u00fchrer des Schw\u00e4bisch-Fr\u00e4nkischen Waldes. Karten gibt es in der Tourist-Info der Stadt Murrhardt (07192\/213-777) oder online <a href=\"http:\/\/www.murrhardt.de\" target=\"_blank\">www.murrhardt.de<\/a><\/p>\n","protected":false},"excerpt":{"rendered":"<p>17.06.: Wendrsonnkonzert zum 10-j\u00e4hrigen Jubil\u00e4um der Naturparkf\u00fchrer<\/p>\n","protected":false},"author":25,"featured_media":4762,"comment_status":"open","ping_status":"open","sticky":false,"template":"","format":"standard","meta":[],"categories":[11],"tags":[686],"yoast_head":"<!-- This site is optimized with the Yoast SEO plugin v19.10 - https:\/\/yoast.com\/wordpress\/plugins\/seo\/ -->\n<title>Wendrsonn-Konzert \u201eHoimspiel\u201c zum Jubil\u00e4um \u201eZehn Jahre Naturparkf\u00fchrer\u201c - Naturpark Schw\u00e4bisch-Fr\u00e4nkischer Wald<\/title>\n<meta name=\"robots\" content=\"index, follow, max-snippet:-1, max-image-preview:large, max-video-preview:-1\" \/>\n<link rel=\"canonical\" href=\"https:\/\/www.naturparkmagazin.de\/schwaebisch-fraenkischer-wald\/4761\/\" \/>\n<meta property=\"og:locale\" content=\"de_DE\" \/>\n<meta property=\"og:type\" content=\"article\" \/>\n<meta property=\"og:title\" content=\"Wendrsonn-Konzert \u201eHoimspiel\u201c zum Jubil\u00e4um \u201eZehn Jahre Naturparkf\u00fchrer\u201c - Naturpark Schw\u00e4bisch-Fr\u00e4nkischer Wald\" \/>\n<meta property=\"og:description\" content=\"17.06.: Wendrsonnkonzert zum 10-j\u00e4hrigen Jubil\u00e4um der Naturparkf\u00fchrer\" \/>\n<meta property=\"og:url\" content=\"https:\/\/www.naturparkmagazin.de\/schwaebisch-fraenkischer-wald\/4761\/\" \/>\n<meta property=\"og:site_name\" content=\"Naturpark Schw\u00e4bisch-Fr\u00e4nkischer Wald\" \/>\n<meta property=\"article:author\" content=\"https:\/\/www.facebook.com\/naturparkSFW\" \/>\n<meta property=\"article:published_time\" content=\"2017-05-16T13:30:59+00:00\" \/>\n<meta property=\"article:modified_time\" content=\"2017-04-20T07:37:46+00:00\" \/>\n<meta property=\"og:image\" content=\"https:\/\/www.naturparkmagazin.de\/schwaebisch-fraenkischer-wald\/wp-content\/uploads\/sites\/34\/wendrsonn1_2012-1024x650.jpg\" \/>\n\t<meta property=\"og:image:width\" content=\"200\" \/>\n\t<meta property=\"og:image:height\" content=\"200\" \/>\n\t<meta property=\"og:image:type\" content=\"image\/jpeg\" \/>\n<meta name=\"author\" content=\"Naturpark-Team\" \/>\n<meta name=\"twitter:label1\" content=\"Verfasst von\" \/>\n\t<meta name=\"twitter:data1\" content=\"Naturpark-Team\" \/>\n\t<meta name=\"twitter:label2\" content=\"Gesch\u00e4tzte Lesezeit\" \/>\n\t<meta name=\"twitter:data2\" content=\"1\u00a0Minute\" \/>\n<script type=\"application\/ld+json\" class=\"yoast-schema-graph\">{\"@context\":\"https:\/\/schema.org\",\"@graph\":[{\"@type\":\"WebPage\",\"@id\":\"https:\/\/www.naturparkmagazin.de\/schwaebisch-fraenkischer-wald\/4761\/\",\"url\":\"https:\/\/www.naturparkmagazin.de\/schwaebisch-fraenkischer-wald\/4761\/\",\"name\":\"Wendrsonn-Konzert \u201eHoimspiel\u201c zum Jubil\u00e4um \u201eZehn Jahre Naturparkf\u00fchrer\u201c - Naturpark Schw\u00e4bisch-Fr\u00e4nkischer Wald\",\"isPartOf\":{\"@id\":\"https:\/\/www.naturparkmagazin.de\/schwaebisch-fraenkischer-wald\/#website\"},\"datePublished\":\"2017-05-16T13:30:59+00:00\",\"dateModified\":\"2017-04-20T07:37:46+00:00\",\"author\":{\"@id\":\"https:\/\/www.naturparkmagazin.de\/schwaebisch-fraenkischer-wald\/#\/schema\/person\/f047a3702ae747fd7830cf8ac95e6066\"},\"breadcrumb\":{\"@id\":\"https:\/\/www.naturparkmagazin.de\/schwaebisch-fraenkischer-wald\/4761\/#breadcrumb\"},\"inLanguage\":\"de\",\"potentialAction\":[{\"@type\":\"ReadAction\",\"target\":[\"https:\/\/www.naturparkmagazin.de\/schwaebisch-fraenkischer-wald\/4761\/\"]}]},{\"@type\":\"BreadcrumbList\",\"@id\":\"https:\/\/www.naturparkmagazin.de\/schwaebisch-fraenkischer-wald\/4761\/#breadcrumb\",\"itemListElement\":[{\"@type\":\"ListItem\",\"position\":1,\"name\":\"Home\",\"item\":\"https:\/\/www.naturparkmagazin.de\/schwaebisch-fraenkischer-wald\/\"},{\"@type\":\"ListItem\",\"position\":2,\"name\":\"Wendrsonn-Konzert \u201eHoimspiel\u201c zum Jubil\u00e4um \u201eZehn Jahre Naturparkf\u00fchrer\u201c\"}]},{\"@type\":\"WebSite\",\"@id\":\"https:\/\/www.naturparkmagazin.de\/schwaebisch-fraenkischer-wald\/#website\",\"url\":\"https:\/\/www.naturparkmagazin.de\/schwaebisch-fraenkischer-wald\/\",\"name\":\"Naturpark Schw\u00e4bisch-Fr\u00e4nkischer Wald\",\"description\":\"\",\"potentialAction\":[{\"@type\":\"SearchAction\",\"target\":{\"@type\":\"EntryPoint\",\"urlTemplate\":\"https:\/\/www.naturparkmagazin.de\/schwaebisch-fraenkischer-wald\/?s={search_term_string}\"},\"query-input\":\"required name=search_term_string\"}],\"inLanguage\":\"de\"},{\"@type\":\"Person\",\"@id\":\"https:\/\/www.naturparkmagazin.de\/schwaebisch-fraenkischer-wald\/#\/schema\/person\/f047a3702ae747fd7830cf8ac95e6066\",\"name\":\"Naturpark-Team\",\"sameAs\":[\"http:\/\/www.naturpark-sfw.de\",\"https:\/\/www.facebook.com\/naturparkSFW\"],\"url\":\"https:\/\/www.naturparkmagazin.de\/schwaebisch-fraenkischer-wald\/author\/bernharddrixler\/\"}]}<\/script>\n<!-- \/ Yoast SEO plugin. -->","yoast_head_json":{"title":"Wendrsonn-Konzert \u201eHoimspiel\u201c zum Jubil\u00e4um \u201eZehn Jahre Naturparkf\u00fchrer\u201c - Naturpark Schw\u00e4bisch-Fr\u00e4nkischer Wald","robots":{"index":"index","follow":"follow","max-snippet":"max-snippet:-1","max-image-preview":"max-image-preview:large","max-video-preview":"max-video-preview:-1"},"canonical":"https:\/\/www.naturparkmagazin.de\/schwaebisch-fraenkischer-wald\/4761\/","og_locale":"de_DE","og_type":"article","og_title":"Wendrsonn-Konzert \u201eHoimspiel\u201c zum Jubil\u00e4um \u201eZehn Jahre Naturparkf\u00fchrer\u201c - Naturpark Schw\u00e4bisch-Fr\u00e4nkischer Wald","og_description":"17.06.: Wendrsonnkonzert zum 10-j\u00e4hrigen Jubil\u00e4um der Naturparkf\u00fchrer","og_url":"https:\/\/www.naturparkmagazin.de\/schwaebisch-fraenkischer-wald\/4761\/","og_site_name":"Naturpark Schw\u00e4bisch-Fr\u00e4nkischer Wald","article_author":"https:\/\/www.facebook.com\/naturparkSFW","article_published_time":"2017-05-16T13:30:59+00:00","article_modified_time":"2017-04-20T07:37:46+00:00","og_image":[{"width":200,"height":200,"url":"https:\/\/www.naturparkmagazin.de\/schwaebisch-fraenkischer-wald\/wp-content\/uploads\/sites\/34\/wendrsonn1_2012-1024x650.jpg","type":"image\/jpeg"}],"author":"Naturpark-Team","twitter_misc":{"Verfasst von":"Naturpark-Team","Gesch\u00e4tzte Lesezeit":"1\u00a0Minute"},"schema":{"@context":"https:\/\/schema.org","@graph":[{"@type":"WebPage","@id":"https:\/\/www.naturparkmagazin.de\/schwaebisch-fraenkischer-wald\/4761\/","url":"https:\/\/www.naturparkmagazin.de\/schwaebisch-fraenkischer-wald\/4761\/","name":"Wendrsonn-Konzert \u201eHoimspiel\u201c zum Jubil\u00e4um \u201eZehn Jahre Naturparkf\u00fchrer\u201c - Naturpark Schw\u00e4bisch-Fr\u00e4nkischer Wald","isPartOf":{"@id":"https:\/\/www.naturparkmagazin.de\/schwaebisch-fraenkischer-wald\/#website"},"datePublished":"2017-05-16T13:30:59+00:00","dateModified":"2017-04-20T07:37:46+00:00","author":{"@id":"https:\/\/www.naturparkmagazin.de\/schwaebisch-fraenkischer-wald\/#\/schema\/person\/f047a3702ae747fd7830cf8ac95e6066"},"breadcrumb":{"@id":"https:\/\/www.naturparkmagazin.de\/schwaebisch-fraenkischer-wald\/4761\/#breadcrumb"},"inLanguage":"de","potentialAction":[{"@type":"ReadAction","target":["https:\/\/www.naturparkmagazin.de\/schwaebisch-fraenkischer-wald\/4761\/"]}]},{"@type":"BreadcrumbList","@id":"https:\/\/www.naturparkmagazin.de\/schwaebisch-fraenkischer-wald\/4761\/#breadcrumb","itemListElement":[{"@type":"ListItem","position":1,"name":"Home","item":"https:\/\/www.naturparkmagazin.de\/schwaebisch-fraenkischer-wald\/"},{"@type":"ListItem","position":2,"name":"Wendrsonn-Konzert \u201eHoimspiel\u201c zum Jubil\u00e4um \u201eZehn Jahre Naturparkf\u00fchrer\u201c"}]},{"@type":"WebSite","@id":"https:\/\/www.naturparkmagazin.de\/schwaebisch-fraenkischer-wald\/#website","url":"https:\/\/www.naturparkmagazin.de\/schwaebisch-fraenkischer-wald\/","name":"Naturpark Schw\u00e4bisch-Fr\u00e4nkischer Wald","description":"","potentialAction":[{"@type":"SearchAction","target":{"@type":"EntryPoint","urlTemplate":"https:\/\/www.naturparkmagazin.de\/schwaebisch-fraenkischer-wald\/?s={search_term_string}"},"query-input":"required name=search_term_string"}],"inLanguage":"de"},{"@type":"Person","@id":"https:\/\/www.naturparkmagazin.de\/schwaebisch-fraenkischer-wald\/#\/schema\/person\/f047a3702ae747fd7830cf8ac95e6066","name":"Naturpark-Team","sameAs":["http:\/\/www.naturpark-sfw.de","https:\/\/www.facebook.com\/naturparkSFW"],"url":"https:\/\/www.naturparkmagazin.de\/schwaebisch-fraenkischer-wald\/author\/bernharddrixler\/"}]}},"_links":{"self":[{"href":"https:\/\/www.naturparkmagazin.de\/schwaebisch-fraenkischer-wald\/wp-json\/wp\/v2\/posts\/4761"}],"collection":[{"href":"https:\/\/www.naturparkmagazin.de\/schwaebisch-fraenkischer-wald\/wp-json\/wp\/v2\/posts"}],"about":[{"href":"https:\/\/www.naturparkmagazin.de\/schwaebisch-fraenkischer-wald\/wp-json\/wp\/v2\/types\/post"}],"author":[{"embeddable":true,"href":"https:\/\/www.naturparkmagazin.de\/schwaebisch-fraenkischer-wald\/wp-json\/wp\/v2\/users\/25"}],"replies":[{"embeddable":true,"href":"https:\/\/www.naturparkmagazin.de\/schwaebisch-fraenkischer-wald\/wp-json\/wp\/v2\/comments?post=4761"}],"version-history":[{"count":2,"href":"https:\/\/www.naturparkmagazin.de\/schwaebisch-fraenkischer-wald\/wp-json\/wp\/v2\/posts\/4761\/revisions"}],"predecessor-version":[{"id":4764,"href":"https:\/\/www.naturparkmagazin.de\/schwaebisch-fraenkischer-wald\/wp-json\/wp\/v2\/posts\/4761\/revisions\/4764"}],"wp:featuredmedia":[{"embeddable":true,"href":"https:\/\/www.naturparkmagazin.de\/schwaebisch-fraenkischer-wald\/wp-json\/wp\/v2\/media\/4762"}],"wp:attachment":[{"href":"https:\/\/www.naturparkmagazin.de\/schwaebisch-fraenkischer-wald\/wp-json\/wp\/v2\/media?parent=4761"}],"wp:term":[{"taxonomy":"category","embeddable":true,"href":"https:\/\/www.naturparkmagazin.de\/schwaebisch-fraenkischer-wald\/wp-json\/wp\/v2\/categories?post=4761"},{"taxonomy":"post_tag","embeddable":true,"href":"https:\/\/www.naturparkmagazin.de\/schwaebisch-fraenkischer-wald\/wp-json\/wp\/v2\/tags?post=4761"}],"curies":[{"name":"wp","href":"https:\/\/api.w.org\/{rel}","templated":true}]}}