{"id":4821,"date":"2017-04-18T10:00:12","date_gmt":"2017-04-18T08:00:12","guid":{"rendered":"http:\/\/www.naturparkmagazin.de\/schwaebisch-fraenkischer-wald\/?p=4821"},"modified":"2017-04-24T13:23:07","modified_gmt":"2017-04-24T11:23:07","slug":"die-naturpark-schulen-im-naturpark-schwaebisch-fraenkischer-wald","status":"publish","type":"post","link":"https:\/\/www.naturparkmagazin.de\/schwaebisch-fraenkischer-wald\/die-naturpark-schulen-im-naturpark-schwaebisch-fraenkischer-wald\/","title":{"rendered":"Die Naturpark-Schulen im Naturpark Schw\u00e4bisch-Fr\u00e4nkischer Wald"},"content":{"rendered":"<p>F\u00fcr die Naturpark-Schulen wurde eine Projektstelle im Naturpark geschaffen &#8211; und viel wurde hier geschafft in den vergangenen Monaten.<\/p>\n<div id=\"attachment_4822\" style=\"width: 210px\" class=\"wp-caption alignright\"><a href=\"https:\/\/www.naturparkmagazin.de\/schwaebisch-fraenkischer-wald\/wp-content\/uploads\/sites\/34\/IMG_2446.jpg\"><img aria-describedby=\"caption-attachment-4822\" decoding=\"async\" loading=\"lazy\" class=\"size-full wp-image-4822\" src=\"https:\/\/www.naturparkmagazin.de\/schwaebisch-fraenkischer-wald\/wp-content\/uploads\/sites\/34\/IMG_2446.jpg\" alt=\"Sandra K\u00fchnle, studierte Agrarbiologin (Landschafts\u00f6kologie) und Naturparkf\u00fchrerin\" width=\"200\" height=\"200\" srcset=\"https:\/\/www.naturparkmagazin.de\/schwaebisch-fraenkischer-wald\/wp-content\/uploads\/sites\/34\/IMG_2446.jpg 200w, https:\/\/www.naturparkmagazin.de\/schwaebisch-fraenkischer-wald\/wp-content\/uploads\/sites\/34\/IMG_2446-30x30.jpg 30w\" sizes=\"(max-width: 200px) 100vw, 200px\" \/><\/a><p id=\"caption-attachment-4822\" class=\"wp-caption-text\">Sandra K\u00fchnle, studierte Agrarbiologin (Landschafts\u00f6kologie) und Naturparkf\u00fchrerin<\/p><\/div>\n<p>Naturparkf\u00fchrerin Sandra K\u00fchnle berichtet mit leuchtenden Augen von ihren vielf\u00e4ltigen Aufgaben als Koordinatorin und Ansprechpartnerin in diesem Projekt und kann zusammenfassend sagen: &#8222;Es ist viel Bewegung drin!&#8220;.<\/p>\n<p>Auf zehn Monate befristet ist diese Aufgabe und zun\u00e4chst wartete viel Schreibtischarbeit auf die studierte Agrarbiologin. Es galt Unterlagen zu sichten und auszuwerten, Kontakte zu den schulischen Partnern zu vertiefen, Lehrerfortbildungen und Sch\u00fclerexkursionen mit zu organisieren und vieles mehr.<\/p>\n<p>Doch was ist eigentlich unter einer &#8222;Naturpark-Schule&#8220; zu verstehen?<\/p>\n<p>Im Sinne der Bildung f\u00fcr nachhaltige Entwicklung (BNE) m\u00f6chte der Naturpark durch kontinuierliche Umweltbildungsangebote an Schulen einen nachhaltigen Einfluss auf das Handlungsbewusstsein von Kindern und Jugendlichen erm\u00f6glichen. Ziel der Naturpark-Schulen ist es, Sch\u00fclerinnen und Sch\u00fcler durch urspr\u00fcngliche Naturerfahrungen f\u00fcr Natur- und Umweltthemen sowie f\u00fcr die Besonderheiten ihrer Heimatregion zu begeistern.<\/p>\n<p>Durch eine gefestigte und nachhaltige Kooperation zwischen einzelnen Schulen und dem Naturpark ergeben sich viele Vorteile f\u00fcr die Schulen und die Lehrenden. Sie profitieren durch die Bereicherung des Unterrichts und der au\u00dferschulischen Aktivit\u00e4ten durch die Kooperation mit zahlreichen Akteuren und regionalen Partnern wie Naturparkf\u00fchrer, Schutzgemeinschaft Deutscher Wald, NABU, Limes-Cicerone, Landwirte, Imker und Forst.<\/p>\n<p>Doch bis zur Zertifizierung als &#8222;Naturpark-Schule&#8220; gilt es zun\u00e4chst einige Kriterien zu erf\u00fcllen, hier ein Auszug dessen, was es f\u00fcr die Schule zu leisten gilt:<\/p>\n<ul>\n<li>Schule liegt in einer Naturpark-Mitgliedskommune<\/li>\n<li>Bietet Aktivit\u00e4ten in den Bereichen Natur, Umwelt und Heimat im schulischen und au\u00dferschulischen Zusammenhang<\/li>\n<li>Legt besonderen Wert auf Nachhaltigkeit in der Natur-, Umwelt- und Heimatbildung<\/li>\n<li>Gew\u00e4hrleistet die Elterneinbindung in das Projekt<\/li>\n<li>Unterst\u00fctzt Lehrerfortbildungen zu Umweltthemen<\/li>\n<li>etc.<\/li>\n<\/ul>\n<p>Der Ursprung der Naturpark-Schulen liegt in den Naturparken \u00d6sterreichs. Dort wurden im Jahr 2007 erste Rahmenkriterien beschlossen und 2009 die erste Naturpark-Schule zertifiziert. In Deutschland entstand 2008 im Naturpark Spessart die erste Naturpark-Schule und im Naturpark Schw\u00e4bisch-Fr\u00e4nkischer Wald starteten 2008 die Naturparkf\u00fchrer ihre Aktivit\u00e4ten in den Schulen.<\/p>\n<p>2012 begann ein intensiver Austausch des Naturparks mit dem Staatlichen Schulamt Backnang. 2015 stellten die ersten Schulen Antr\u00e4ge und es erfolgten die ersten Zertifizierungen. Mittlerweile sind die Schul\u00e4mter aller Landkreise im Naturpark integriert, sodass eine Zertifizierung f\u00fcr Schulen im kompletten Naturpark-Gebiet m\u00f6glich ist.<\/p>\n<p>Derzeit gibt es sechs zertifizierte Naturpark-Schulen im Naturpark Schw\u00e4bisch-Fr\u00e4nkischer Wald und weitere haben ihr Interesse bekundet, bzw. sich bereits beworben.<\/p>\n<p>Besonders positiv ist der Koordinatorin und Ansprechpartnerin f\u00fcr Naturpark-Schulen Sandra K\u00fchnle aufgefallen, dass viele Schulen schon \u00fcber ein Umweltprofil verf\u00fcgen, bzw. sehr aktiv in der Umweltbildung sind. K\u00fchnle ermuntert alle interessierten Schulen, sich beim Naturpark zu melden und informieren zu lassen.<\/p>\n<p>Als n\u00e4chstes soll auf der Naturpark-Homepage ein <a href=\"http:\/\/www.naturpark-sfw.de\/der-naturpark\/naturpark-schule\/\" target=\"_blank\">&gt;Netzwerk Naturpark-Schule&lt;<\/a> eingerichtet und ausgebaut werden. Dort werden dann viele Informationen rund um die beteiligten Akteure, Fortbildungen, Adressen, Empfehlungen und Unterlagen bereitgestellt.<\/p>\n","protected":false},"excerpt":{"rendered":"<p>Naturpark-Schulen: Da ist viel Bewegung drin!<\/p>\n","protected":false},"author":25,"featured_media":4822,"comment_status":"open","ping_status":"open","sticky":false,"template":"","format":"standard","meta":[],"categories":[8],"tags":[686],"yoast_head":"<!-- This site is optimized with the Yoast SEO plugin v19.10 - https:\/\/yoast.com\/wordpress\/plugins\/seo\/ -->\n<title>Die Naturpark-Schulen im Naturpark Schw\u00e4bisch-Fr\u00e4nkischer Wald - Naturpark Schw\u00e4bisch-Fr\u00e4nkischer Wald<\/title>\n<meta name=\"robots\" content=\"index, follow, max-snippet:-1, max-image-preview:large, max-video-preview:-1\" \/>\n<link rel=\"canonical\" href=\"https:\/\/www.naturparkmagazin.de\/schwaebisch-fraenkischer-wald\/die-naturpark-schulen-im-naturpark-schwaebisch-fraenkischer-wald\/\" \/>\n<meta property=\"og:locale\" content=\"de_DE\" \/>\n<meta property=\"og:type\" content=\"article\" \/>\n<meta property=\"og:title\" content=\"Die Naturpark-Schulen im Naturpark Schw\u00e4bisch-Fr\u00e4nkischer Wald - Naturpark Schw\u00e4bisch-Fr\u00e4nkischer Wald\" \/>\n<meta property=\"og:description\" content=\"Naturpark-Schulen: Da ist viel Bewegung drin!\" \/>\n<meta property=\"og:url\" content=\"https:\/\/www.naturparkmagazin.de\/schwaebisch-fraenkischer-wald\/die-naturpark-schulen-im-naturpark-schwaebisch-fraenkischer-wald\/\" \/>\n<meta property=\"og:site_name\" content=\"Naturpark Schw\u00e4bisch-Fr\u00e4nkischer Wald\" \/>\n<meta property=\"article:author\" content=\"https:\/\/www.facebook.com\/naturparkSFW\" \/>\n<meta property=\"article:published_time\" content=\"2017-04-18T08:00:12+00:00\" \/>\n<meta property=\"article:modified_time\" content=\"2017-04-24T11:23:07+00:00\" \/>\n<meta property=\"og:image\" content=\"https:\/\/www.naturparkmagazin.de\/schwaebisch-fraenkischer-wald\/wp-content\/uploads\/sites\/34\/IMG_2446.jpg\" \/>\n\t<meta property=\"og:image:width\" content=\"200\" \/>\n\t<meta property=\"og:image:height\" content=\"200\" \/>\n\t<meta property=\"og:image:type\" content=\"image\/jpeg\" \/>\n<meta name=\"author\" content=\"Naturpark-Team\" \/>\n<meta name=\"twitter:label1\" content=\"Verfasst von\" \/>\n\t<meta name=\"twitter:data1\" content=\"Naturpark-Team\" \/>\n\t<meta name=\"twitter:label2\" content=\"Gesch\u00e4tzte Lesezeit\" \/>\n\t<meta name=\"twitter:data2\" content=\"2\u00a0Minuten\" \/>\n<script type=\"application\/ld+json\" class=\"yoast-schema-graph\">{\"@context\":\"https:\/\/schema.org\",\"@graph\":[{\"@type\":\"WebPage\",\"@id\":\"https:\/\/www.naturparkmagazin.de\/schwaebisch-fraenkischer-wald\/die-naturpark-schulen-im-naturpark-schwaebisch-fraenkischer-wald\/\",\"url\":\"https:\/\/www.naturparkmagazin.de\/schwaebisch-fraenkischer-wald\/die-naturpark-schulen-im-naturpark-schwaebisch-fraenkischer-wald\/\",\"name\":\"Die Naturpark-Schulen im Naturpark Schw\u00e4bisch-Fr\u00e4nkischer Wald - Naturpark Schw\u00e4bisch-Fr\u00e4nkischer Wald\",\"isPartOf\":{\"@id\":\"https:\/\/www.naturparkmagazin.de\/schwaebisch-fraenkischer-wald\/#website\"},\"datePublished\":\"2017-04-18T08:00:12+00:00\",\"dateModified\":\"2017-04-24T11:23:07+00:00\",\"author\":{\"@id\":\"https:\/\/www.naturparkmagazin.de\/schwaebisch-fraenkischer-wald\/#\/schema\/person\/f047a3702ae747fd7830cf8ac95e6066\"},\"breadcrumb\":{\"@id\":\"https:\/\/www.naturparkmagazin.de\/schwaebisch-fraenkischer-wald\/die-naturpark-schulen-im-naturpark-schwaebisch-fraenkischer-wald\/#breadcrumb\"},\"inLanguage\":\"de\",\"potentialAction\":[{\"@type\":\"ReadAction\",\"target\":[\"https:\/\/www.naturparkmagazin.de\/schwaebisch-fraenkischer-wald\/die-naturpark-schulen-im-naturpark-schwaebisch-fraenkischer-wald\/\"]}]},{\"@type\":\"BreadcrumbList\",\"@id\":\"https:\/\/www.naturparkmagazin.de\/schwaebisch-fraenkischer-wald\/die-naturpark-schulen-im-naturpark-schwaebisch-fraenkischer-wald\/#breadcrumb\",\"itemListElement\":[{\"@type\":\"ListItem\",\"position\":1,\"name\":\"Home\",\"item\":\"https:\/\/www.naturparkmagazin.de\/schwaebisch-fraenkischer-wald\/\"},{\"@type\":\"ListItem\",\"position\":2,\"name\":\"Die Naturpark-Schulen im Naturpark Schw\u00e4bisch-Fr\u00e4nkischer Wald\"}]},{\"@type\":\"WebSite\",\"@id\":\"https:\/\/www.naturparkmagazin.de\/schwaebisch-fraenkischer-wald\/#website\",\"url\":\"https:\/\/www.naturparkmagazin.de\/schwaebisch-fraenkischer-wald\/\",\"name\":\"Naturpark Schw\u00e4bisch-Fr\u00e4nkischer Wald\",\"description\":\"\",\"potentialAction\":[{\"@type\":\"SearchAction\",\"target\":{\"@type\":\"EntryPoint\",\"urlTemplate\":\"https:\/\/www.naturparkmagazin.de\/schwaebisch-fraenkischer-wald\/?s={search_term_string}\"},\"query-input\":\"required name=search_term_string\"}],\"inLanguage\":\"de\"},{\"@type\":\"Person\",\"@id\":\"https:\/\/www.naturparkmagazin.de\/schwaebisch-fraenkischer-wald\/#\/schema\/person\/f047a3702ae747fd7830cf8ac95e6066\",\"name\":\"Naturpark-Team\",\"sameAs\":[\"http:\/\/www.naturpark-sfw.de\",\"https:\/\/www.facebook.com\/naturparkSFW\"],\"url\":\"https:\/\/www.naturparkmagazin.de\/schwaebisch-fraenkischer-wald\/author\/bernharddrixler\/\"}]}<\/script>\n<!-- \/ Yoast SEO plugin. -->","yoast_head_json":{"title":"Die Naturpark-Schulen im Naturpark Schw\u00e4bisch-Fr\u00e4nkischer Wald - Naturpark Schw\u00e4bisch-Fr\u00e4nkischer Wald","robots":{"index":"index","follow":"follow","max-snippet":"max-snippet:-1","max-image-preview":"max-image-preview:large","max-video-preview":"max-video-preview:-1"},"canonical":"https:\/\/www.naturparkmagazin.de\/schwaebisch-fraenkischer-wald\/die-naturpark-schulen-im-naturpark-schwaebisch-fraenkischer-wald\/","og_locale":"de_DE","og_type":"article","og_title":"Die Naturpark-Schulen im Naturpark Schw\u00e4bisch-Fr\u00e4nkischer Wald - Naturpark Schw\u00e4bisch-Fr\u00e4nkischer Wald","og_description":"Naturpark-Schulen: Da ist viel Bewegung drin!","og_url":"https:\/\/www.naturparkmagazin.de\/schwaebisch-fraenkischer-wald\/die-naturpark-schulen-im-naturpark-schwaebisch-fraenkischer-wald\/","og_site_name":"Naturpark Schw\u00e4bisch-Fr\u00e4nkischer Wald","article_author":"https:\/\/www.facebook.com\/naturparkSFW","article_published_time":"2017-04-18T08:00:12+00:00","article_modified_time":"2017-04-24T11:23:07+00:00","og_image":[{"width":200,"height":200,"url":"https:\/\/www.naturparkmagazin.de\/schwaebisch-fraenkischer-wald\/wp-content\/uploads\/sites\/34\/IMG_2446.jpg","type":"image\/jpeg"}],"author":"Naturpark-Team","twitter_misc":{"Verfasst von":"Naturpark-Team","Gesch\u00e4tzte Lesezeit":"2\u00a0Minuten"},"schema":{"@context":"https:\/\/schema.org","@graph":[{"@type":"WebPage","@id":"https:\/\/www.naturparkmagazin.de\/schwaebisch-fraenkischer-wald\/die-naturpark-schulen-im-naturpark-schwaebisch-fraenkischer-wald\/","url":"https:\/\/www.naturparkmagazin.de\/schwaebisch-fraenkischer-wald\/die-naturpark-schulen-im-naturpark-schwaebisch-fraenkischer-wald\/","name":"Die Naturpark-Schulen im Naturpark Schw\u00e4bisch-Fr\u00e4nkischer Wald - Naturpark Schw\u00e4bisch-Fr\u00e4nkischer Wald","isPartOf":{"@id":"https:\/\/www.naturparkmagazin.de\/schwaebisch-fraenkischer-wald\/#website"},"datePublished":"2017-04-18T08:00:12+00:00","dateModified":"2017-04-24T11:23:07+00:00","author":{"@id":"https:\/\/www.naturparkmagazin.de\/schwaebisch-fraenkischer-wald\/#\/schema\/person\/f047a3702ae747fd7830cf8ac95e6066"},"breadcrumb":{"@id":"https:\/\/www.naturparkmagazin.de\/schwaebisch-fraenkischer-wald\/die-naturpark-schulen-im-naturpark-schwaebisch-fraenkischer-wald\/#breadcrumb"},"inLanguage":"de","potentialAction":[{"@type":"ReadAction","target":["https:\/\/www.naturparkmagazin.de\/schwaebisch-fraenkischer-wald\/die-naturpark-schulen-im-naturpark-schwaebisch-fraenkischer-wald\/"]}]},{"@type":"BreadcrumbList","@id":"https:\/\/www.naturparkmagazin.de\/schwaebisch-fraenkischer-wald\/die-naturpark-schulen-im-naturpark-schwaebisch-fraenkischer-wald\/#breadcrumb","itemListElement":[{"@type":"ListItem","position":1,"name":"Home","item":"https:\/\/www.naturparkmagazin.de\/schwaebisch-fraenkischer-wald\/"},{"@type":"ListItem","position":2,"name":"Die Naturpark-Schulen im Naturpark Schw\u00e4bisch-Fr\u00e4nkischer Wald"}]},{"@type":"WebSite","@id":"https:\/\/www.naturparkmagazin.de\/schwaebisch-fraenkischer-wald\/#website","url":"https:\/\/www.naturparkmagazin.de\/schwaebisch-fraenkischer-wald\/","name":"Naturpark Schw\u00e4bisch-Fr\u00e4nkischer Wald","description":"","potentialAction":[{"@type":"SearchAction","target":{"@type":"EntryPoint","urlTemplate":"https:\/\/www.naturparkmagazin.de\/schwaebisch-fraenkischer-wald\/?s={search_term_string}"},"query-input":"required name=search_term_string"}],"inLanguage":"de"},{"@type":"Person","@id":"https:\/\/www.naturparkmagazin.de\/schwaebisch-fraenkischer-wald\/#\/schema\/person\/f047a3702ae747fd7830cf8ac95e6066","name":"Naturpark-Team","sameAs":["http:\/\/www.naturpark-sfw.de","https:\/\/www.facebook.com\/naturparkSFW"],"url":"https:\/\/www.naturparkmagazin.de\/schwaebisch-fraenkischer-wald\/author\/bernharddrixler\/"}]}},"_links":{"self":[{"href":"https:\/\/www.naturparkmagazin.de\/schwaebisch-fraenkischer-wald\/wp-json\/wp\/v2\/posts\/4821"}],"collection":[{"href":"https:\/\/www.naturparkmagazin.de\/schwaebisch-fraenkischer-wald\/wp-json\/wp\/v2\/posts"}],"about":[{"href":"https:\/\/www.naturparkmagazin.de\/schwaebisch-fraenkischer-wald\/wp-json\/wp\/v2\/types\/post"}],"author":[{"embeddable":true,"href":"https:\/\/www.naturparkmagazin.de\/schwaebisch-fraenkischer-wald\/wp-json\/wp\/v2\/users\/25"}],"replies":[{"embeddable":true,"href":"https:\/\/www.naturparkmagazin.de\/schwaebisch-fraenkischer-wald\/wp-json\/wp\/v2\/comments?post=4821"}],"version-history":[{"count":11,"href":"https:\/\/www.naturparkmagazin.de\/schwaebisch-fraenkischer-wald\/wp-json\/wp\/v2\/posts\/4821\/revisions"}],"predecessor-version":[{"id":4964,"href":"https:\/\/www.naturparkmagazin.de\/schwaebisch-fraenkischer-wald\/wp-json\/wp\/v2\/posts\/4821\/revisions\/4964"}],"wp:featuredmedia":[{"embeddable":true,"href":"https:\/\/www.naturparkmagazin.de\/schwaebisch-fraenkischer-wald\/wp-json\/wp\/v2\/media\/4822"}],"wp:attachment":[{"href":"https:\/\/www.naturparkmagazin.de\/schwaebisch-fraenkischer-wald\/wp-json\/wp\/v2\/media?parent=4821"}],"wp:term":[{"taxonomy":"category","embeddable":true,"href":"https:\/\/www.naturparkmagazin.de\/schwaebisch-fraenkischer-wald\/wp-json\/wp\/v2\/categories?post=4821"},{"taxonomy":"post_tag","embeddable":true,"href":"https:\/\/www.naturparkmagazin.de\/schwaebisch-fraenkischer-wald\/wp-json\/wp\/v2\/tags?post=4821"}],"curies":[{"name":"wp","href":"https:\/\/api.w.org\/{rel}","templated":true}]}}