{"id":4910,"date":"2017-08-21T12:00:54","date_gmt":"2017-08-21T10:00:54","guid":{"rendered":"http:\/\/www.naturparkmagazin.de\/schwaebisch-fraenkischer-wald\/?p=4910"},"modified":"2017-08-14T09:06:32","modified_gmt":"2017-08-14T07:06:32","slug":"naturparkmarkt-in-sulzbach-laufen","status":"publish","type":"post","link":"https:\/\/www.naturparkmagazin.de\/schwaebisch-fraenkischer-wald\/naturparkmarkt-in-sulzbach-laufen\/","title":{"rendered":"Naturparkmarkt in Sulzbach-Laufen"},"content":{"rendered":"<p>10. September &#8211; Sonntag<a href=\"https:\/\/www.naturparkmagazin.de\/schwaebisch-fraenkischer-wald\/wp-content\/uploads\/sites\/34\/500_1709_NPM_Sulzbach-Laufen_Titel.jpg\"><img decoding=\"async\" loading=\"lazy\" class=\"alignright size-full wp-image-5357\" src=\"https:\/\/www.naturparkmagazin.de\/schwaebisch-fraenkischer-wald\/wp-content\/uploads\/sites\/34\/500_1709_NPM_Sulzbach-Laufen_Titel.jpg\" alt=\"Naturparkmarkt Sulzbach-Laufen\" width=\"300\" height=\"500\" srcset=\"https:\/\/www.naturparkmagazin.de\/schwaebisch-fraenkischer-wald\/wp-content\/uploads\/sites\/34\/500_1709_NPM_Sulzbach-Laufen_Titel.jpg 300w, https:\/\/www.naturparkmagazin.de\/schwaebisch-fraenkischer-wald\/wp-content\/uploads\/sites\/34\/500_1709_NPM_Sulzbach-Laufen_Titel-200x333.jpg 200w\" sizes=\"(max-width: 300px) 100vw, 300px\" \/><\/a><\/p>\n<p>Wer am Sonntag, 10. September den Naturparkmarkt in Sulzbach-Laufen besucht, kann sich auf eine ganz besondere Marktatmosph\u00e4re freuen. Eingebettet in die gr\u00fcnen Wiesen rund um den Altenbergturm werden rund 40 direktvermarktende Landwirte und Kunsthandwerker aus dem Naturpark Schw\u00e4bisch-Fr\u00e4nkischer Wald ihre Produktvielfalt pr\u00e4sentieren.<\/p>\n<p>Zwischen 11 und 18 Uhr lassen sich z.B. aromatische K\u00e4sesorten, hausgemachte Nudeln, deftige B\u00e4rlauchbratwurst oder herzhafte R\u00e4uberlinsen probieren. Auch s\u00fc\u00dfe Gaumenfreuden werden angeboten, etwa Eis aus Honig und Schafsmilch, Quittensaft oder zarte Cr\u00eapes. Dazu passt ein erfrischendes Getr\u00e4nk des Naturpark Sponsors Haller L\u00f6wenbr\u00e4u oder der Lammbrauerei aus Abtsgm\u00fcnd.<\/p>\n<p>Gut gest\u00e4rkt k\u00f6nnen die St\u00e4nde der Kunsthandwerker besucht werden, an denen allerlei Sch\u00f6nes und N\u00fctzliches aus Holz, Wolle, Seife, Ton und Weidenst\u00f6cke f\u00fcr den Hausgebrauch zu finden sind.<\/p>\n<p>Das Besondere an all den K\u00f6stlichkeiten und Handwerksarbeiten ist, dass diese regional produziert wurden und somit ohne lange Transportwege und garantiert vom Erzeuger direkt gekauft werden k\u00f6nnen.<\/p>\n<p>Wer eine Pause vom Markttrubel einlegen m\u00f6chte kann das \u201eWilde Eck\u201c der Naturparkf\u00fchrer besuchen, dort eigene Kuckkuckspfeifen basteln oder sein Wissen \u00fcber Baumpilze erweitern. Bei Corinna Rieder und Christine Lenz k\u00f6nnen aus Filz kleine Kunstwerke angefertigt werden. Die Naturparkgesch\u00e4ftsstelle pr\u00e4sentiert zusammen mit dem Imkerverein Frickenhofer H\u00f6he spannende Infos \u00fcber Wild- und Honigbienen. Tierisch geht es im Eselgehege der Familie Sch\u00f6n weiter. Die graufelligen Langohren k\u00f6nnen bestaunt und gestreichelt werden. Ein spannendes Erlebnis ist das Schaum\u00e4hen bei der Jausenstation \u201eAltenberg\u201c von 14-15 Uhr.<\/p>\n<p>\u00dcber den Tag hinweg finden zudem verschiedene Wanderungen statt, zum Quellschacht der D\u00f6llesquelle (15- ca. 16.30 Uhr), zur geheimnisvollen Kranksburg (14-16.30 Uhr) oder Turmf\u00fchrungen auf den Altenbergturm (13 &#8211; 17 Uhr). Weitere Infos erhalten Sie im Flyer oder am Tag direkt beim Infostand der Gemeinde.<\/p>\n<p>Der Flyer zum Naturparkmarkt liegt im Naturparkzentrum in Murrhardt sowie im Sulzbacher Rathaus aus und kann auf der Naturparkhomepage angefordert oder heruntergeladen werden: www.naturpark-sfw.de.<\/p>\n<p>Die f\u00fcnf Naturparkm\u00e4rkte 2017 sind ein Kooperationsprojekt des Naturparks mit den teilnehmenden Kommunen. Das Projekt wird durch den Naturpark Schw\u00e4bisch-Fr\u00e4nkischer Wald mit Mitteln des Landes Baden-W\u00fcrttemberg, der Lotterie Gl\u00fccksspirale und der Europ\u00e4ischen Union (ELER) gef\u00f6rdert.<\/p>\n<p>Der letzter Naturparkmarkt der Saison 2017 findet am 1. Oktober in Murrhardt statt.<\/p>\n","protected":false},"excerpt":{"rendered":"<p>10.09.: Regional schlemmen und erleben beim Naturparkmarkt<\/p>\n","protected":false},"author":25,"featured_media":5358,"comment_status":"open","ping_status":"open","sticky":false,"template":"","format":"standard","meta":[],"categories":[11],"tags":[686],"yoast_head":"<!-- This site is optimized with the Yoast SEO plugin v19.10 - https:\/\/yoast.com\/wordpress\/plugins\/seo\/ -->\n<title>Naturparkmarkt in Sulzbach-Laufen - Naturpark Schw\u00e4bisch-Fr\u00e4nkischer Wald<\/title>\n<meta name=\"robots\" content=\"index, follow, max-snippet:-1, max-image-preview:large, max-video-preview:-1\" \/>\n<link rel=\"canonical\" href=\"https:\/\/www.naturparkmagazin.de\/schwaebisch-fraenkischer-wald\/naturparkmarkt-in-sulzbach-laufen\/\" \/>\n<meta property=\"og:locale\" content=\"de_DE\" \/>\n<meta property=\"og:type\" content=\"article\" \/>\n<meta property=\"og:title\" content=\"Naturparkmarkt in Sulzbach-Laufen - Naturpark Schw\u00e4bisch-Fr\u00e4nkischer Wald\" \/>\n<meta property=\"og:description\" content=\"10.09.: Regional schlemmen und erleben beim Naturparkmarkt\" \/>\n<meta property=\"og:url\" content=\"https:\/\/www.naturparkmagazin.de\/schwaebisch-fraenkischer-wald\/naturparkmarkt-in-sulzbach-laufen\/\" \/>\n<meta property=\"og:site_name\" content=\"Naturpark Schw\u00e4bisch-Fr\u00e4nkischer Wald\" \/>\n<meta property=\"article:author\" content=\"https:\/\/www.facebook.com\/naturparkSFW\" \/>\n<meta property=\"article:published_time\" content=\"2017-08-21T10:00:54+00:00\" \/>\n<meta property=\"article:modified_time\" content=\"2017-08-14T07:06:32+00:00\" \/>\n<meta property=\"og:image\" content=\"https:\/\/www.naturparkmagazin.de\/schwaebisch-fraenkischer-wald\/wp-content\/uploads\/sites\/34\/200_1709_NPM_Sulzbach-Laufen_Titel.jpg\" \/>\n\t<meta property=\"og:image:width\" content=\"200\" \/>\n\t<meta property=\"og:image:height\" content=\"200\" \/>\n\t<meta property=\"og:image:type\" content=\"image\/jpeg\" \/>\n<meta name=\"author\" content=\"Naturpark-Team\" \/>\n<meta name=\"twitter:label1\" content=\"Verfasst von\" \/>\n\t<meta name=\"twitter:data1\" content=\"Naturpark-Team\" \/>\n\t<meta name=\"twitter:label2\" content=\"Gesch\u00e4tzte Lesezeit\" \/>\n\t<meta name=\"twitter:data2\" content=\"2\u00a0Minuten\" \/>\n<script type=\"application\/ld+json\" class=\"yoast-schema-graph\">{\"@context\":\"https:\/\/schema.org\",\"@graph\":[{\"@type\":\"WebPage\",\"@id\":\"https:\/\/www.naturparkmagazin.de\/schwaebisch-fraenkischer-wald\/naturparkmarkt-in-sulzbach-laufen\/\",\"url\":\"https:\/\/www.naturparkmagazin.de\/schwaebisch-fraenkischer-wald\/naturparkmarkt-in-sulzbach-laufen\/\",\"name\":\"Naturparkmarkt in Sulzbach-Laufen - Naturpark Schw\u00e4bisch-Fr\u00e4nkischer Wald\",\"isPartOf\":{\"@id\":\"https:\/\/www.naturparkmagazin.de\/schwaebisch-fraenkischer-wald\/#website\"},\"datePublished\":\"2017-08-21T10:00:54+00:00\",\"dateModified\":\"2017-08-14T07:06:32+00:00\",\"author\":{\"@id\":\"https:\/\/www.naturparkmagazin.de\/schwaebisch-fraenkischer-wald\/#\/schema\/person\/f047a3702ae747fd7830cf8ac95e6066\"},\"breadcrumb\":{\"@id\":\"https:\/\/www.naturparkmagazin.de\/schwaebisch-fraenkischer-wald\/naturparkmarkt-in-sulzbach-laufen\/#breadcrumb\"},\"inLanguage\":\"de\",\"potentialAction\":[{\"@type\":\"ReadAction\",\"target\":[\"https:\/\/www.naturparkmagazin.de\/schwaebisch-fraenkischer-wald\/naturparkmarkt-in-sulzbach-laufen\/\"]}]},{\"@type\":\"BreadcrumbList\",\"@id\":\"https:\/\/www.naturparkmagazin.de\/schwaebisch-fraenkischer-wald\/naturparkmarkt-in-sulzbach-laufen\/#breadcrumb\",\"itemListElement\":[{\"@type\":\"ListItem\",\"position\":1,\"name\":\"Home\",\"item\":\"https:\/\/www.naturparkmagazin.de\/schwaebisch-fraenkischer-wald\/\"},{\"@type\":\"ListItem\",\"position\":2,\"name\":\"Naturparkmarkt in Sulzbach-Laufen\"}]},{\"@type\":\"WebSite\",\"@id\":\"https:\/\/www.naturparkmagazin.de\/schwaebisch-fraenkischer-wald\/#website\",\"url\":\"https:\/\/www.naturparkmagazin.de\/schwaebisch-fraenkischer-wald\/\",\"name\":\"Naturpark Schw\u00e4bisch-Fr\u00e4nkischer Wald\",\"description\":\"\",\"potentialAction\":[{\"@type\":\"SearchAction\",\"target\":{\"@type\":\"EntryPoint\",\"urlTemplate\":\"https:\/\/www.naturparkmagazin.de\/schwaebisch-fraenkischer-wald\/?s={search_term_string}\"},\"query-input\":\"required name=search_term_string\"}],\"inLanguage\":\"de\"},{\"@type\":\"Person\",\"@id\":\"https:\/\/www.naturparkmagazin.de\/schwaebisch-fraenkischer-wald\/#\/schema\/person\/f047a3702ae747fd7830cf8ac95e6066\",\"name\":\"Naturpark-Team\",\"sameAs\":[\"http:\/\/www.naturpark-sfw.de\",\"https:\/\/www.facebook.com\/naturparkSFW\"],\"url\":\"https:\/\/www.naturparkmagazin.de\/schwaebisch-fraenkischer-wald\/author\/bernharddrixler\/\"}]}<\/script>\n<!-- \/ Yoast SEO plugin. -->","yoast_head_json":{"title":"Naturparkmarkt in Sulzbach-Laufen - Naturpark Schw\u00e4bisch-Fr\u00e4nkischer Wald","robots":{"index":"index","follow":"follow","max-snippet":"max-snippet:-1","max-image-preview":"max-image-preview:large","max-video-preview":"max-video-preview:-1"},"canonical":"https:\/\/www.naturparkmagazin.de\/schwaebisch-fraenkischer-wald\/naturparkmarkt-in-sulzbach-laufen\/","og_locale":"de_DE","og_type":"article","og_title":"Naturparkmarkt in Sulzbach-Laufen - Naturpark Schw\u00e4bisch-Fr\u00e4nkischer Wald","og_description":"10.09.: Regional schlemmen und erleben beim Naturparkmarkt","og_url":"https:\/\/www.naturparkmagazin.de\/schwaebisch-fraenkischer-wald\/naturparkmarkt-in-sulzbach-laufen\/","og_site_name":"Naturpark Schw\u00e4bisch-Fr\u00e4nkischer Wald","article_author":"https:\/\/www.facebook.com\/naturparkSFW","article_published_time":"2017-08-21T10:00:54+00:00","article_modified_time":"2017-08-14T07:06:32+00:00","og_image":[{"width":200,"height":200,"url":"https:\/\/www.naturparkmagazin.de\/schwaebisch-fraenkischer-wald\/wp-content\/uploads\/sites\/34\/200_1709_NPM_Sulzbach-Laufen_Titel.jpg","type":"image\/jpeg"}],"author":"Naturpark-Team","twitter_misc":{"Verfasst von":"Naturpark-Team","Gesch\u00e4tzte Lesezeit":"2\u00a0Minuten"},"schema":{"@context":"https:\/\/schema.org","@graph":[{"@type":"WebPage","@id":"https:\/\/www.naturparkmagazin.de\/schwaebisch-fraenkischer-wald\/naturparkmarkt-in-sulzbach-laufen\/","url":"https:\/\/www.naturparkmagazin.de\/schwaebisch-fraenkischer-wald\/naturparkmarkt-in-sulzbach-laufen\/","name":"Naturparkmarkt in Sulzbach-Laufen - Naturpark Schw\u00e4bisch-Fr\u00e4nkischer Wald","isPartOf":{"@id":"https:\/\/www.naturparkmagazin.de\/schwaebisch-fraenkischer-wald\/#website"},"datePublished":"2017-08-21T10:00:54+00:00","dateModified":"2017-08-14T07:06:32+00:00","author":{"@id":"https:\/\/www.naturparkmagazin.de\/schwaebisch-fraenkischer-wald\/#\/schema\/person\/f047a3702ae747fd7830cf8ac95e6066"},"breadcrumb":{"@id":"https:\/\/www.naturparkmagazin.de\/schwaebisch-fraenkischer-wald\/naturparkmarkt-in-sulzbach-laufen\/#breadcrumb"},"inLanguage":"de","potentialAction":[{"@type":"ReadAction","target":["https:\/\/www.naturparkmagazin.de\/schwaebisch-fraenkischer-wald\/naturparkmarkt-in-sulzbach-laufen\/"]}]},{"@type":"BreadcrumbList","@id":"https:\/\/www.naturparkmagazin.de\/schwaebisch-fraenkischer-wald\/naturparkmarkt-in-sulzbach-laufen\/#breadcrumb","itemListElement":[{"@type":"ListItem","position":1,"name":"Home","item":"https:\/\/www.naturparkmagazin.de\/schwaebisch-fraenkischer-wald\/"},{"@type":"ListItem","position":2,"name":"Naturparkmarkt in Sulzbach-Laufen"}]},{"@type":"WebSite","@id":"https:\/\/www.naturparkmagazin.de\/schwaebisch-fraenkischer-wald\/#website","url":"https:\/\/www.naturparkmagazin.de\/schwaebisch-fraenkischer-wald\/","name":"Naturpark Schw\u00e4bisch-Fr\u00e4nkischer Wald","description":"","potentialAction":[{"@type":"SearchAction","target":{"@type":"EntryPoint","urlTemplate":"https:\/\/www.naturparkmagazin.de\/schwaebisch-fraenkischer-wald\/?s={search_term_string}"},"query-input":"required name=search_term_string"}],"inLanguage":"de"},{"@type":"Person","@id":"https:\/\/www.naturparkmagazin.de\/schwaebisch-fraenkischer-wald\/#\/schema\/person\/f047a3702ae747fd7830cf8ac95e6066","name":"Naturpark-Team","sameAs":["http:\/\/www.naturpark-sfw.de","https:\/\/www.facebook.com\/naturparkSFW"],"url":"https:\/\/www.naturparkmagazin.de\/schwaebisch-fraenkischer-wald\/author\/bernharddrixler\/"}]}},"_links":{"self":[{"href":"https:\/\/www.naturparkmagazin.de\/schwaebisch-fraenkischer-wald\/wp-json\/wp\/v2\/posts\/4910"}],"collection":[{"href":"https:\/\/www.naturparkmagazin.de\/schwaebisch-fraenkischer-wald\/wp-json\/wp\/v2\/posts"}],"about":[{"href":"https:\/\/www.naturparkmagazin.de\/schwaebisch-fraenkischer-wald\/wp-json\/wp\/v2\/types\/post"}],"author":[{"embeddable":true,"href":"https:\/\/www.naturparkmagazin.de\/schwaebisch-fraenkischer-wald\/wp-json\/wp\/v2\/users\/25"}],"replies":[{"embeddable":true,"href":"https:\/\/www.naturparkmagazin.de\/schwaebisch-fraenkischer-wald\/wp-json\/wp\/v2\/comments?post=4910"}],"version-history":[{"count":4,"href":"https:\/\/www.naturparkmagazin.de\/schwaebisch-fraenkischer-wald\/wp-json\/wp\/v2\/posts\/4910\/revisions"}],"predecessor-version":[{"id":5359,"href":"https:\/\/www.naturparkmagazin.de\/schwaebisch-fraenkischer-wald\/wp-json\/wp\/v2\/posts\/4910\/revisions\/5359"}],"wp:featuredmedia":[{"embeddable":true,"href":"https:\/\/www.naturparkmagazin.de\/schwaebisch-fraenkischer-wald\/wp-json\/wp\/v2\/media\/5358"}],"wp:attachment":[{"href":"https:\/\/www.naturparkmagazin.de\/schwaebisch-fraenkischer-wald\/wp-json\/wp\/v2\/media?parent=4910"}],"wp:term":[{"taxonomy":"category","embeddable":true,"href":"https:\/\/www.naturparkmagazin.de\/schwaebisch-fraenkischer-wald\/wp-json\/wp\/v2\/categories?post=4910"},{"taxonomy":"post_tag","embeddable":true,"href":"https:\/\/www.naturparkmagazin.de\/schwaebisch-fraenkischer-wald\/wp-json\/wp\/v2\/tags?post=4910"}],"curies":[{"name":"wp","href":"https:\/\/api.w.org\/{rel}","templated":true}]}}