{"id":492,"date":"2013-12-02T17:27:32","date_gmt":"2013-12-02T15:27:32","guid":{"rendered":"http:\/\/www.naturparkmagazin.de\/schwaebisch-fraenkischer-wald\/?p=492"},"modified":"2013-12-04T12:53:03","modified_gmt":"2013-12-04T10:53:03","slug":"ein-neuer-look-fuer-den-naturpark-wir-bekommen-ein-neues-logo","status":"publish","type":"post","link":"https:\/\/www.naturparkmagazin.de\/schwaebisch-fraenkischer-wald\/ein-neuer-look-fuer-den-naturpark-wir-bekommen-ein-neues-logo\/","title":{"rendered":"Ein neuer Look f\u00fcr den Naturpark \u2013 wir bekommen ein neues Logo"},"content":{"rendered":"<p style=\"text-align: left\">Ab 2014 sieht der Naturpark Schw\u00e4bisch-Fr\u00e4nkischer Wald ganz anders aus &#8211; aber nicht nur auf der Karte. Im Zuge der Erweiterung bekommt der Naturpark auch ein nagelneues Logo. Zu dieser Entscheidung kam der Vorstand bei der letzten Mitgliederversammlung. Das inzwischen 35 Jahre alte Logo soll \u00fcberarbeiten und erneuert werden. In Anbetracht dessen, dass die neuen Kommunen ab 1.1.2014 Mitglieder des Naturparkvereins sind, wurde beschlossen, die Weiterentwicklung von Logo und Corporate Design der Brosch\u00fcren noch in diesem Jahr in Angriff zu nehmen. So k\u00f6nnen die Neumitglieder von Anfang an mit dem neuen Logo werben und auf das neue Design zur\u00fcckgreifen.<\/p>\n<p style=\"text-align: left\"><a href=\"https:\/\/www.naturparkmagazin.de\/schwaebisch-fraenkischer-wald\/wp-content\/uploads\/sites\/34\/Office_1c_20cm.jpg\"><img decoding=\"async\" loading=\"lazy\" class=\"alignright size-thumbnail wp-image-465 alignleft\" title=\"Der Naturparks neues Logo\" alt=\"\" src=\"https:\/\/www.naturparkmagazin.de\/schwaebisch-fraenkischer-wald\/wp-content\/uploads\/sites\/34\/Office_1c_20cm-300x180.jpg\" width=\"300\" height=\"180\" \/><\/a><\/p>\n<p style=\"text-align: left\">Zur Logofindung wurde unter ausgew\u00e4hlten Grafik-Agenturen der Region ein Wettbewerb ausgeschrieben. Der Auftrag war es, das alte Logo weiter zu entwickeln und die Themen des Naturparks, Wald, Wasser und M\u00fchlen, zu integrieren. Es haben sich letztlich vier Agenturen am Wettbewerb beteiligt und bei der Vorstandssitzung am 1. Oktober wurde der Entwurf von der Agentur oestreich* ausgew\u00e4hlt. Das Design von der Agentur oestreich* greift die Themen Wald, Wasser und M\u00fchlen auf und integriert dar\u00fcber hinaus neu die Themen Wandern, Natur und Tiere und bietet gr\u00f6\u00dferen Raum zur Interpretation. Durch seine runde Form erinnert es an das alte Logo, ist jedoch eigenst\u00e4ndig und modern. Die Brosch\u00fcren f\u00fcr 2014 werden mit dem neuen Logo im neuen Corporate Design schon im Januar pr\u00e4sentiert. So startet der Naturpark mit seinem neuen Design in das neue Jahr.<\/p>\n","protected":false},"excerpt":{"rendered":"<p>Ab 2014 sieht der Naturpark Schw\u00e4bisch-Fr\u00e4nkischer Wald ganz anders aus &#8211; aber nicht nur auf der Karte. Im Zuge der Erweiterung bekommt der Naturpark auch ein nagelneues Logo.<\/p>\n","protected":false},"author":25,"featured_media":465,"comment_status":"open","ping_status":"open","sticky":false,"template":"","format":"standard","meta":[],"categories":[7],"tags":[],"yoast_head":"<!-- This site is optimized with the Yoast SEO plugin v19.10 - https:\/\/yoast.com\/wordpress\/plugins\/seo\/ -->\n<title>Ein neuer Look f\u00fcr den Naturpark \u2013 wir bekommen ein neues Logo - Naturpark Schw\u00e4bisch-Fr\u00e4nkischer Wald<\/title>\n<meta name=\"robots\" content=\"index, follow, max-snippet:-1, max-image-preview:large, max-video-preview:-1\" \/>\n<link rel=\"canonical\" href=\"https:\/\/www.naturparkmagazin.de\/schwaebisch-fraenkischer-wald\/ein-neuer-look-fuer-den-naturpark-wir-bekommen-ein-neues-logo\/\" \/>\n<meta property=\"og:locale\" content=\"de_DE\" \/>\n<meta property=\"og:type\" content=\"article\" \/>\n<meta property=\"og:title\" content=\"Ein neuer Look f\u00fcr den Naturpark \u2013 wir bekommen ein neues Logo - Naturpark Schw\u00e4bisch-Fr\u00e4nkischer Wald\" \/>\n<meta property=\"og:description\" content=\"Ab 2014 sieht der Naturpark Schw\u00e4bisch-Fr\u00e4nkischer Wald ganz anders aus - aber nicht nur auf der Karte. Im Zuge der Erweiterung bekommt der Naturpark auch ein nagelneues Logo.\" \/>\n<meta property=\"og:url\" content=\"https:\/\/www.naturparkmagazin.de\/schwaebisch-fraenkischer-wald\/ein-neuer-look-fuer-den-naturpark-wir-bekommen-ein-neues-logo\/\" \/>\n<meta property=\"og:site_name\" content=\"Naturpark Schw\u00e4bisch-Fr\u00e4nkischer Wald\" \/>\n<meta property=\"article:author\" content=\"https:\/\/www.facebook.com\/naturparkSFW\" \/>\n<meta property=\"article:published_time\" content=\"2013-12-02T15:27:32+00:00\" \/>\n<meta property=\"article:modified_time\" content=\"2013-12-04T10:53:03+00:00\" \/>\n<meta property=\"og:image\" content=\"https:\/\/www.naturparkmagazin.de\/schwaebisch-fraenkischer-wald\/wp-content\/uploads\/sites\/34\/Office_1c_20cm.jpg\" \/>\n\t<meta property=\"og:image:width\" content=\"1134\" \/>\n\t<meta property=\"og:image:height\" content=\"683\" \/>\n\t<meta property=\"og:image:type\" content=\"image\/jpeg\" \/>\n<meta name=\"author\" content=\"Naturpark-Team\" \/>\n<meta name=\"twitter:label1\" content=\"Verfasst von\" \/>\n\t<meta name=\"twitter:data1\" content=\"Naturpark-Team\" \/>\n\t<meta name=\"twitter:label2\" content=\"Gesch\u00e4tzte Lesezeit\" \/>\n\t<meta name=\"twitter:data2\" content=\"1\u00a0Minute\" \/>\n<script type=\"application\/ld+json\" class=\"yoast-schema-graph\">{\"@context\":\"https:\/\/schema.org\",\"@graph\":[{\"@type\":\"WebPage\",\"@id\":\"https:\/\/www.naturparkmagazin.de\/schwaebisch-fraenkischer-wald\/ein-neuer-look-fuer-den-naturpark-wir-bekommen-ein-neues-logo\/\",\"url\":\"https:\/\/www.naturparkmagazin.de\/schwaebisch-fraenkischer-wald\/ein-neuer-look-fuer-den-naturpark-wir-bekommen-ein-neues-logo\/\",\"name\":\"Ein neuer Look f\u00fcr den Naturpark \u2013 wir bekommen ein neues Logo - Naturpark Schw\u00e4bisch-Fr\u00e4nkischer Wald\",\"isPartOf\":{\"@id\":\"https:\/\/www.naturparkmagazin.de\/schwaebisch-fraenkischer-wald\/#website\"},\"datePublished\":\"2013-12-02T15:27:32+00:00\",\"dateModified\":\"2013-12-04T10:53:03+00:00\",\"author\":{\"@id\":\"https:\/\/www.naturparkmagazin.de\/schwaebisch-fraenkischer-wald\/#\/schema\/person\/f047a3702ae747fd7830cf8ac95e6066\"},\"breadcrumb\":{\"@id\":\"https:\/\/www.naturparkmagazin.de\/schwaebisch-fraenkischer-wald\/ein-neuer-look-fuer-den-naturpark-wir-bekommen-ein-neues-logo\/#breadcrumb\"},\"inLanguage\":\"de\",\"potentialAction\":[{\"@type\":\"ReadAction\",\"target\":[\"https:\/\/www.naturparkmagazin.de\/schwaebisch-fraenkischer-wald\/ein-neuer-look-fuer-den-naturpark-wir-bekommen-ein-neues-logo\/\"]}]},{\"@type\":\"BreadcrumbList\",\"@id\":\"https:\/\/www.naturparkmagazin.de\/schwaebisch-fraenkischer-wald\/ein-neuer-look-fuer-den-naturpark-wir-bekommen-ein-neues-logo\/#breadcrumb\",\"itemListElement\":[{\"@type\":\"ListItem\",\"position\":1,\"name\":\"Home\",\"item\":\"https:\/\/www.naturparkmagazin.de\/schwaebisch-fraenkischer-wald\/\"},{\"@type\":\"ListItem\",\"position\":2,\"name\":\"Ein neuer Look f\u00fcr den Naturpark \u2013 wir bekommen ein neues Logo\"}]},{\"@type\":\"WebSite\",\"@id\":\"https:\/\/www.naturparkmagazin.de\/schwaebisch-fraenkischer-wald\/#website\",\"url\":\"https:\/\/www.naturparkmagazin.de\/schwaebisch-fraenkischer-wald\/\",\"name\":\"Naturpark Schw\u00e4bisch-Fr\u00e4nkischer Wald\",\"description\":\"\",\"potentialAction\":[{\"@type\":\"SearchAction\",\"target\":{\"@type\":\"EntryPoint\",\"urlTemplate\":\"https:\/\/www.naturparkmagazin.de\/schwaebisch-fraenkischer-wald\/?s={search_term_string}\"},\"query-input\":\"required name=search_term_string\"}],\"inLanguage\":\"de\"},{\"@type\":\"Person\",\"@id\":\"https:\/\/www.naturparkmagazin.de\/schwaebisch-fraenkischer-wald\/#\/schema\/person\/f047a3702ae747fd7830cf8ac95e6066\",\"name\":\"Naturpark-Team\",\"sameAs\":[\"http:\/\/www.naturpark-sfw.de\",\"https:\/\/www.facebook.com\/naturparkSFW\"],\"url\":\"https:\/\/www.naturparkmagazin.de\/schwaebisch-fraenkischer-wald\/author\/bernharddrixler\/\"}]}<\/script>\n<!-- \/ Yoast SEO plugin. -->","yoast_head_json":{"title":"Ein neuer Look f\u00fcr den Naturpark \u2013 wir bekommen ein neues Logo - Naturpark Schw\u00e4bisch-Fr\u00e4nkischer Wald","robots":{"index":"index","follow":"follow","max-snippet":"max-snippet:-1","max-image-preview":"max-image-preview:large","max-video-preview":"max-video-preview:-1"},"canonical":"https:\/\/www.naturparkmagazin.de\/schwaebisch-fraenkischer-wald\/ein-neuer-look-fuer-den-naturpark-wir-bekommen-ein-neues-logo\/","og_locale":"de_DE","og_type":"article","og_title":"Ein neuer Look f\u00fcr den Naturpark \u2013 wir bekommen ein neues Logo - Naturpark Schw\u00e4bisch-Fr\u00e4nkischer Wald","og_description":"Ab 2014 sieht der Naturpark Schw\u00e4bisch-Fr\u00e4nkischer Wald ganz anders aus - aber nicht nur auf der Karte. Im Zuge der Erweiterung bekommt der Naturpark auch ein nagelneues Logo.","og_url":"https:\/\/www.naturparkmagazin.de\/schwaebisch-fraenkischer-wald\/ein-neuer-look-fuer-den-naturpark-wir-bekommen-ein-neues-logo\/","og_site_name":"Naturpark Schw\u00e4bisch-Fr\u00e4nkischer Wald","article_author":"https:\/\/www.facebook.com\/naturparkSFW","article_published_time":"2013-12-02T15:27:32+00:00","article_modified_time":"2013-12-04T10:53:03+00:00","og_image":[{"width":1134,"height":683,"url":"https:\/\/www.naturparkmagazin.de\/schwaebisch-fraenkischer-wald\/wp-content\/uploads\/sites\/34\/Office_1c_20cm.jpg","type":"image\/jpeg"}],"author":"Naturpark-Team","twitter_misc":{"Verfasst von":"Naturpark-Team","Gesch\u00e4tzte Lesezeit":"1\u00a0Minute"},"schema":{"@context":"https:\/\/schema.org","@graph":[{"@type":"WebPage","@id":"https:\/\/www.naturparkmagazin.de\/schwaebisch-fraenkischer-wald\/ein-neuer-look-fuer-den-naturpark-wir-bekommen-ein-neues-logo\/","url":"https:\/\/www.naturparkmagazin.de\/schwaebisch-fraenkischer-wald\/ein-neuer-look-fuer-den-naturpark-wir-bekommen-ein-neues-logo\/","name":"Ein neuer Look f\u00fcr den Naturpark \u2013 wir bekommen ein neues Logo - Naturpark Schw\u00e4bisch-Fr\u00e4nkischer Wald","isPartOf":{"@id":"https:\/\/www.naturparkmagazin.de\/schwaebisch-fraenkischer-wald\/#website"},"datePublished":"2013-12-02T15:27:32+00:00","dateModified":"2013-12-04T10:53:03+00:00","author":{"@id":"https:\/\/www.naturparkmagazin.de\/schwaebisch-fraenkischer-wald\/#\/schema\/person\/f047a3702ae747fd7830cf8ac95e6066"},"breadcrumb":{"@id":"https:\/\/www.naturparkmagazin.de\/schwaebisch-fraenkischer-wald\/ein-neuer-look-fuer-den-naturpark-wir-bekommen-ein-neues-logo\/#breadcrumb"},"inLanguage":"de","potentialAction":[{"@type":"ReadAction","target":["https:\/\/www.naturparkmagazin.de\/schwaebisch-fraenkischer-wald\/ein-neuer-look-fuer-den-naturpark-wir-bekommen-ein-neues-logo\/"]}]},{"@type":"BreadcrumbList","@id":"https:\/\/www.naturparkmagazin.de\/schwaebisch-fraenkischer-wald\/ein-neuer-look-fuer-den-naturpark-wir-bekommen-ein-neues-logo\/#breadcrumb","itemListElement":[{"@type":"ListItem","position":1,"name":"Home","item":"https:\/\/www.naturparkmagazin.de\/schwaebisch-fraenkischer-wald\/"},{"@type":"ListItem","position":2,"name":"Ein neuer Look f\u00fcr den Naturpark \u2013 wir bekommen ein neues Logo"}]},{"@type":"WebSite","@id":"https:\/\/www.naturparkmagazin.de\/schwaebisch-fraenkischer-wald\/#website","url":"https:\/\/www.naturparkmagazin.de\/schwaebisch-fraenkischer-wald\/","name":"Naturpark Schw\u00e4bisch-Fr\u00e4nkischer Wald","description":"","potentialAction":[{"@type":"SearchAction","target":{"@type":"EntryPoint","urlTemplate":"https:\/\/www.naturparkmagazin.de\/schwaebisch-fraenkischer-wald\/?s={search_term_string}"},"query-input":"required name=search_term_string"}],"inLanguage":"de"},{"@type":"Person","@id":"https:\/\/www.naturparkmagazin.de\/schwaebisch-fraenkischer-wald\/#\/schema\/person\/f047a3702ae747fd7830cf8ac95e6066","name":"Naturpark-Team","sameAs":["http:\/\/www.naturpark-sfw.de","https:\/\/www.facebook.com\/naturparkSFW"],"url":"https:\/\/www.naturparkmagazin.de\/schwaebisch-fraenkischer-wald\/author\/bernharddrixler\/"}]}},"_links":{"self":[{"href":"https:\/\/www.naturparkmagazin.de\/schwaebisch-fraenkischer-wald\/wp-json\/wp\/v2\/posts\/492"}],"collection":[{"href":"https:\/\/www.naturparkmagazin.de\/schwaebisch-fraenkischer-wald\/wp-json\/wp\/v2\/posts"}],"about":[{"href":"https:\/\/www.naturparkmagazin.de\/schwaebisch-fraenkischer-wald\/wp-json\/wp\/v2\/types\/post"}],"author":[{"embeddable":true,"href":"https:\/\/www.naturparkmagazin.de\/schwaebisch-fraenkischer-wald\/wp-json\/wp\/v2\/users\/25"}],"replies":[{"embeddable":true,"href":"https:\/\/www.naturparkmagazin.de\/schwaebisch-fraenkischer-wald\/wp-json\/wp\/v2\/comments?post=492"}],"version-history":[{"count":16,"href":"https:\/\/www.naturparkmagazin.de\/schwaebisch-fraenkischer-wald\/wp-json\/wp\/v2\/posts\/492\/revisions"}],"predecessor-version":[{"id":514,"href":"https:\/\/www.naturparkmagazin.de\/schwaebisch-fraenkischer-wald\/wp-json\/wp\/v2\/posts\/492\/revisions\/514"}],"wp:featuredmedia":[{"embeddable":true,"href":"https:\/\/www.naturparkmagazin.de\/schwaebisch-fraenkischer-wald\/wp-json\/wp\/v2\/media\/465"}],"wp:attachment":[{"href":"https:\/\/www.naturparkmagazin.de\/schwaebisch-fraenkischer-wald\/wp-json\/wp\/v2\/media?parent=492"}],"wp:term":[{"taxonomy":"category","embeddable":true,"href":"https:\/\/www.naturparkmagazin.de\/schwaebisch-fraenkischer-wald\/wp-json\/wp\/v2\/categories?post=492"},{"taxonomy":"post_tag","embeddable":true,"href":"https:\/\/www.naturparkmagazin.de\/schwaebisch-fraenkischer-wald\/wp-json\/wp\/v2\/tags?post=492"}],"curies":[{"name":"wp","href":"https:\/\/api.w.org\/{rel}","templated":true}]}}