{"id":4978,"date":"2017-05-16T09:00:37","date_gmt":"2017-05-16T07:00:37","guid":{"rendered":"http:\/\/www.naturparkmagazin.de\/schwaebisch-fraenkischer-wald\/?p=4978"},"modified":"2017-05-11T11:38:07","modified_gmt":"2017-05-11T09:38:07","slug":"ein-wochenende-im-kloster-lorch","status":"publish","type":"post","link":"https:\/\/www.naturparkmagazin.de\/schwaebisch-fraenkischer-wald\/ein-wochenende-im-kloster-lorch\/","title":{"rendered":"Ein Wochenende im Kloster Lorch"},"content":{"rendered":"<p style=\"margin: 0cm;margin-bottom: .0001pt\"><span style=\"font-family: 'Arial','sans-serif'\">Die Naturparkf\u00fchrerinnen Michaela Genthner und Petra Klinger laden vom 30.6. -2.7.2017 zu einem ganz besonderen Wochenende ins Kloster Lorch ein.<\/span><\/p>\n<div id=\"attachment_4979\" style=\"width: 210px\" class=\"wp-caption alignright\"><a href=\"https:\/\/www.naturparkmagazin.de\/schwaebisch-fraenkischer-wald\/wp-content\/uploads\/sites\/34\/2017-Genthner-Klinger-2.jpg\"><img aria-describedby=\"caption-attachment-4979\" decoding=\"async\" loading=\"lazy\" class=\"size-full wp-image-4979\" src=\"https:\/\/www.naturparkmagazin.de\/schwaebisch-fraenkischer-wald\/wp-content\/uploads\/sites\/34\/2017-Genthner-Klinger-2.jpg\" alt=\"Ein Wochenende im Kloster Lorch\" width=\"200\" height=\"200\" srcset=\"https:\/\/www.naturparkmagazin.de\/schwaebisch-fraenkischer-wald\/wp-content\/uploads\/sites\/34\/2017-Genthner-Klinger-2.jpg 200w, https:\/\/www.naturparkmagazin.de\/schwaebisch-fraenkischer-wald\/wp-content\/uploads\/sites\/34\/2017-Genthner-Klinger-2-30x30.jpg 30w\" sizes=\"(max-width: 200px) 100vw, 200px\" \/><\/a><p id=\"caption-attachment-4979\" class=\"wp-caption-text\">Ein Wochenende im Kloster Lorch<\/p><\/div>\n<p style=\"margin: 0cm;margin-bottom: .0001pt\"><span style=\"font-family: 'Arial','sans-serif'\">\u201eMit der Natur \u2026\u201c gibt uns in dieser hektischen Zeit Impulse f\u00fcr Loslassen, Genie\u00dfen, Erholen, miteinander lachen, Natur in ihrer sch\u00f6nsten Form erleben und den Stress des Alltags beiseite zu schieben:<\/span><\/p>\n<p style=\"margin: 0cm;margin-bottom: .0001pt\"><span style=\"font-family: 'Arial','sans-serif'\">Die Tage beginnen mit morgendlichem Yoga und gemeinsamem Fr\u00fchst\u00fcck. Weitere, interessante Themen wie einer Kr\u00e4uterwanderung, bei der wir essbare Wildpflanzen suchen, sammeln und verarbeiten stehen auf dem Programm. Dazu wird viel Wissenswertes \u00fcber die Nutzbarmachung und Kultivierung der Heilpflanzen vermittelt. <\/span><\/p>\n<p style=\"margin: 0cm;margin-bottom: .0001pt\"><span style=\"font-family: 'Arial','sans-serif'\">Es wird auf die Tradition des R\u00e4ucherns mit Kr\u00e4utern und Harzen eingegangen, sowie auf die R\u00e4uchermischungen der verschiedenen Kulturen. Gemeinsam geht es zu Klingen und hierbei wird viel \u00fcber die Heilwirkung und Magie der B\u00e4ume berichtet. Ein Ausflug zum nahegelegenen See mit Lagerfeuer, Geschichten und Liedern ist geplant, bei sch\u00f6nem Wetter vielleicht sogar ein Bad im See. Mit Naturmaterialien gibt es die M\u00f6glichkeit\u00a0 kreativ zu werden. <\/span><\/p>\n<p style=\"margin: 0cm;margin-bottom: .0001pt\"><span style=\"font-family: 'Arial','sans-serif'\">Das vegetarische Essen nehmen wir in den Klosterr\u00e4umen ein und \u00a0zur \u00dcbernachtung stehen uns die ehemaligen Klosterzellen (Ein- und Zweibettzimmer) zur Verf\u00fcgung.<\/span><\/p>\n<div id=\"attachment_4980\" style=\"width: 210px\" class=\"wp-caption alignright\"><a href=\"https:\/\/www.naturparkmagazin.de\/schwaebisch-fraenkischer-wald\/wp-content\/uploads\/sites\/34\/2017-Kloster-Lorch-Wochenende.jpg\"><img aria-describedby=\"caption-attachment-4980\" decoding=\"async\" loading=\"lazy\" class=\"size-full wp-image-4980\" src=\"https:\/\/www.naturparkmagazin.de\/schwaebisch-fraenkischer-wald\/wp-content\/uploads\/sites\/34\/2017-Kloster-Lorch-Wochenende.jpg\" alt=\"Ein Wochenende im Kloster Lorch\" width=\"200\" height=\"200\" srcset=\"https:\/\/www.naturparkmagazin.de\/schwaebisch-fraenkischer-wald\/wp-content\/uploads\/sites\/34\/2017-Kloster-Lorch-Wochenende.jpg 200w, https:\/\/www.naturparkmagazin.de\/schwaebisch-fraenkischer-wald\/wp-content\/uploads\/sites\/34\/2017-Kloster-Lorch-Wochenende-30x30.jpg 30w\" sizes=\"(max-width: 200px) 100vw, 200px\" \/><\/a><p id=\"caption-attachment-4980\" class=\"wp-caption-text\">Ein Wochenende im Kloster Lorch<\/p><\/div>\n<p style=\"margin: 0cm;margin-bottom: .0001pt\"><span style=\"font-family: 'Arial','sans-serif'\">Ein Wochenende im Kloster Lorch bietet einen ganz besonderen Weg, Gesundheit und Wohlbefinden aus der Natur zu sch\u00f6pfen. Weitere Informationen erhalten Sie hier: <\/span><span style=\"font-size: 9.0pt;font-family: 'Arial','sans-serif'\"><span style=\"font-size: 12.0pt;color: windowtext;text-decoration: none\"><a href=\"http:\/\/www.mit-der-natur.de\" target=\"_blank\">www.mit-der-natur.de<\/a><\/span><\/span><span style=\"font-family: 'Arial','sans-serif'\">, telefonisch unter 0170 5245311 oder per E-Mail: <a href=\"mailto:genthner@die-naturparkfuehrer.de\" target=\"_blank\">genthner@die-naturparkfuehrer.de<\/a>.<\/span><\/p>\n","protected":false},"excerpt":{"rendered":"<p>30.06.-02.07.: Zeit f\u00fcr Loslassen, Genie\u00dfen, Erholen mit den Naturparkf\u00fchrerinnen Michaela Genthner und Petra Klinger<\/p>\n","protected":false},"author":25,"featured_media":4979,"comment_status":"open","ping_status":"open","sticky":false,"template":"","format":"standard","meta":[],"categories":[11],"tags":[686],"yoast_head":"<!-- This site is optimized with the Yoast SEO plugin v19.10 - https:\/\/yoast.com\/wordpress\/plugins\/seo\/ -->\n<title>Ein Wochenende im Kloster Lorch - Naturpark Schw\u00e4bisch-Fr\u00e4nkischer Wald<\/title>\n<meta name=\"robots\" content=\"index, follow, max-snippet:-1, max-image-preview:large, max-video-preview:-1\" \/>\n<link rel=\"canonical\" href=\"https:\/\/www.naturparkmagazin.de\/schwaebisch-fraenkischer-wald\/ein-wochenende-im-kloster-lorch\/\" \/>\n<meta property=\"og:locale\" content=\"de_DE\" \/>\n<meta property=\"og:type\" content=\"article\" \/>\n<meta property=\"og:title\" content=\"Ein Wochenende im Kloster Lorch - Naturpark Schw\u00e4bisch-Fr\u00e4nkischer Wald\" \/>\n<meta property=\"og:description\" content=\"30.06.-02.07.: Zeit f\u00fcr Loslassen, Genie\u00dfen, Erholen mit den Naturparkf\u00fchrerinnen Michaela Genthner und Petra Klinger\" \/>\n<meta property=\"og:url\" content=\"https:\/\/www.naturparkmagazin.de\/schwaebisch-fraenkischer-wald\/ein-wochenende-im-kloster-lorch\/\" \/>\n<meta property=\"og:site_name\" content=\"Naturpark Schw\u00e4bisch-Fr\u00e4nkischer Wald\" \/>\n<meta property=\"article:author\" content=\"https:\/\/www.facebook.com\/naturparkSFW\" \/>\n<meta property=\"article:published_time\" content=\"2017-05-16T07:00:37+00:00\" \/>\n<meta property=\"article:modified_time\" content=\"2017-05-11T09:38:07+00:00\" \/>\n<meta property=\"og:image\" content=\"https:\/\/www.naturparkmagazin.de\/schwaebisch-fraenkischer-wald\/wp-content\/uploads\/sites\/34\/2017-Genthner-Klinger-2.jpg\" \/>\n\t<meta property=\"og:image:width\" content=\"200\" \/>\n\t<meta property=\"og:image:height\" content=\"200\" \/>\n\t<meta property=\"og:image:type\" content=\"image\/jpeg\" \/>\n<meta name=\"author\" content=\"Naturpark-Team\" \/>\n<meta name=\"twitter:label1\" content=\"Verfasst von\" \/>\n\t<meta name=\"twitter:data1\" content=\"Naturpark-Team\" \/>\n\t<meta name=\"twitter:label2\" content=\"Gesch\u00e4tzte Lesezeit\" \/>\n\t<meta name=\"twitter:data2\" content=\"1\u00a0Minute\" \/>\n<script type=\"application\/ld+json\" class=\"yoast-schema-graph\">{\"@context\":\"https:\/\/schema.org\",\"@graph\":[{\"@type\":\"WebPage\",\"@id\":\"https:\/\/www.naturparkmagazin.de\/schwaebisch-fraenkischer-wald\/ein-wochenende-im-kloster-lorch\/\",\"url\":\"https:\/\/www.naturparkmagazin.de\/schwaebisch-fraenkischer-wald\/ein-wochenende-im-kloster-lorch\/\",\"name\":\"Ein Wochenende im Kloster Lorch - Naturpark Schw\u00e4bisch-Fr\u00e4nkischer Wald\",\"isPartOf\":{\"@id\":\"https:\/\/www.naturparkmagazin.de\/schwaebisch-fraenkischer-wald\/#website\"},\"datePublished\":\"2017-05-16T07:00:37+00:00\",\"dateModified\":\"2017-05-11T09:38:07+00:00\",\"author\":{\"@id\":\"https:\/\/www.naturparkmagazin.de\/schwaebisch-fraenkischer-wald\/#\/schema\/person\/f047a3702ae747fd7830cf8ac95e6066\"},\"breadcrumb\":{\"@id\":\"https:\/\/www.naturparkmagazin.de\/schwaebisch-fraenkischer-wald\/ein-wochenende-im-kloster-lorch\/#breadcrumb\"},\"inLanguage\":\"de\",\"potentialAction\":[{\"@type\":\"ReadAction\",\"target\":[\"https:\/\/www.naturparkmagazin.de\/schwaebisch-fraenkischer-wald\/ein-wochenende-im-kloster-lorch\/\"]}]},{\"@type\":\"BreadcrumbList\",\"@id\":\"https:\/\/www.naturparkmagazin.de\/schwaebisch-fraenkischer-wald\/ein-wochenende-im-kloster-lorch\/#breadcrumb\",\"itemListElement\":[{\"@type\":\"ListItem\",\"position\":1,\"name\":\"Home\",\"item\":\"https:\/\/www.naturparkmagazin.de\/schwaebisch-fraenkischer-wald\/\"},{\"@type\":\"ListItem\",\"position\":2,\"name\":\"Ein Wochenende im Kloster Lorch\"}]},{\"@type\":\"WebSite\",\"@id\":\"https:\/\/www.naturparkmagazin.de\/schwaebisch-fraenkischer-wald\/#website\",\"url\":\"https:\/\/www.naturparkmagazin.de\/schwaebisch-fraenkischer-wald\/\",\"name\":\"Naturpark Schw\u00e4bisch-Fr\u00e4nkischer Wald\",\"description\":\"\",\"potentialAction\":[{\"@type\":\"SearchAction\",\"target\":{\"@type\":\"EntryPoint\",\"urlTemplate\":\"https:\/\/www.naturparkmagazin.de\/schwaebisch-fraenkischer-wald\/?s={search_term_string}\"},\"query-input\":\"required name=search_term_string\"}],\"inLanguage\":\"de\"},{\"@type\":\"Person\",\"@id\":\"https:\/\/www.naturparkmagazin.de\/schwaebisch-fraenkischer-wald\/#\/schema\/person\/f047a3702ae747fd7830cf8ac95e6066\",\"name\":\"Naturpark-Team\",\"sameAs\":[\"http:\/\/www.naturpark-sfw.de\",\"https:\/\/www.facebook.com\/naturparkSFW\"],\"url\":\"https:\/\/www.naturparkmagazin.de\/schwaebisch-fraenkischer-wald\/author\/bernharddrixler\/\"}]}<\/script>\n<!-- \/ Yoast SEO plugin. -->","yoast_head_json":{"title":"Ein Wochenende im Kloster Lorch - Naturpark Schw\u00e4bisch-Fr\u00e4nkischer Wald","robots":{"index":"index","follow":"follow","max-snippet":"max-snippet:-1","max-image-preview":"max-image-preview:large","max-video-preview":"max-video-preview:-1"},"canonical":"https:\/\/www.naturparkmagazin.de\/schwaebisch-fraenkischer-wald\/ein-wochenende-im-kloster-lorch\/","og_locale":"de_DE","og_type":"article","og_title":"Ein Wochenende im Kloster Lorch - Naturpark Schw\u00e4bisch-Fr\u00e4nkischer Wald","og_description":"30.06.-02.07.: Zeit f\u00fcr Loslassen, Genie\u00dfen, Erholen mit den Naturparkf\u00fchrerinnen Michaela Genthner und Petra Klinger","og_url":"https:\/\/www.naturparkmagazin.de\/schwaebisch-fraenkischer-wald\/ein-wochenende-im-kloster-lorch\/","og_site_name":"Naturpark Schw\u00e4bisch-Fr\u00e4nkischer Wald","article_author":"https:\/\/www.facebook.com\/naturparkSFW","article_published_time":"2017-05-16T07:00:37+00:00","article_modified_time":"2017-05-11T09:38:07+00:00","og_image":[{"width":200,"height":200,"url":"https:\/\/www.naturparkmagazin.de\/schwaebisch-fraenkischer-wald\/wp-content\/uploads\/sites\/34\/2017-Genthner-Klinger-2.jpg","type":"image\/jpeg"}],"author":"Naturpark-Team","twitter_misc":{"Verfasst von":"Naturpark-Team","Gesch\u00e4tzte Lesezeit":"1\u00a0Minute"},"schema":{"@context":"https:\/\/schema.org","@graph":[{"@type":"WebPage","@id":"https:\/\/www.naturparkmagazin.de\/schwaebisch-fraenkischer-wald\/ein-wochenende-im-kloster-lorch\/","url":"https:\/\/www.naturparkmagazin.de\/schwaebisch-fraenkischer-wald\/ein-wochenende-im-kloster-lorch\/","name":"Ein Wochenende im Kloster Lorch - Naturpark Schw\u00e4bisch-Fr\u00e4nkischer Wald","isPartOf":{"@id":"https:\/\/www.naturparkmagazin.de\/schwaebisch-fraenkischer-wald\/#website"},"datePublished":"2017-05-16T07:00:37+00:00","dateModified":"2017-05-11T09:38:07+00:00","author":{"@id":"https:\/\/www.naturparkmagazin.de\/schwaebisch-fraenkischer-wald\/#\/schema\/person\/f047a3702ae747fd7830cf8ac95e6066"},"breadcrumb":{"@id":"https:\/\/www.naturparkmagazin.de\/schwaebisch-fraenkischer-wald\/ein-wochenende-im-kloster-lorch\/#breadcrumb"},"inLanguage":"de","potentialAction":[{"@type":"ReadAction","target":["https:\/\/www.naturparkmagazin.de\/schwaebisch-fraenkischer-wald\/ein-wochenende-im-kloster-lorch\/"]}]},{"@type":"BreadcrumbList","@id":"https:\/\/www.naturparkmagazin.de\/schwaebisch-fraenkischer-wald\/ein-wochenende-im-kloster-lorch\/#breadcrumb","itemListElement":[{"@type":"ListItem","position":1,"name":"Home","item":"https:\/\/www.naturparkmagazin.de\/schwaebisch-fraenkischer-wald\/"},{"@type":"ListItem","position":2,"name":"Ein Wochenende im Kloster Lorch"}]},{"@type":"WebSite","@id":"https:\/\/www.naturparkmagazin.de\/schwaebisch-fraenkischer-wald\/#website","url":"https:\/\/www.naturparkmagazin.de\/schwaebisch-fraenkischer-wald\/","name":"Naturpark Schw\u00e4bisch-Fr\u00e4nkischer Wald","description":"","potentialAction":[{"@type":"SearchAction","target":{"@type":"EntryPoint","urlTemplate":"https:\/\/www.naturparkmagazin.de\/schwaebisch-fraenkischer-wald\/?s={search_term_string}"},"query-input":"required name=search_term_string"}],"inLanguage":"de"},{"@type":"Person","@id":"https:\/\/www.naturparkmagazin.de\/schwaebisch-fraenkischer-wald\/#\/schema\/person\/f047a3702ae747fd7830cf8ac95e6066","name":"Naturpark-Team","sameAs":["http:\/\/www.naturpark-sfw.de","https:\/\/www.facebook.com\/naturparkSFW"],"url":"https:\/\/www.naturparkmagazin.de\/schwaebisch-fraenkischer-wald\/author\/bernharddrixler\/"}]}},"_links":{"self":[{"href":"https:\/\/www.naturparkmagazin.de\/schwaebisch-fraenkischer-wald\/wp-json\/wp\/v2\/posts\/4978"}],"collection":[{"href":"https:\/\/www.naturparkmagazin.de\/schwaebisch-fraenkischer-wald\/wp-json\/wp\/v2\/posts"}],"about":[{"href":"https:\/\/www.naturparkmagazin.de\/schwaebisch-fraenkischer-wald\/wp-json\/wp\/v2\/types\/post"}],"author":[{"embeddable":true,"href":"https:\/\/www.naturparkmagazin.de\/schwaebisch-fraenkischer-wald\/wp-json\/wp\/v2\/users\/25"}],"replies":[{"embeddable":true,"href":"https:\/\/www.naturparkmagazin.de\/schwaebisch-fraenkischer-wald\/wp-json\/wp\/v2\/comments?post=4978"}],"version-history":[{"count":2,"href":"https:\/\/www.naturparkmagazin.de\/schwaebisch-fraenkischer-wald\/wp-json\/wp\/v2\/posts\/4978\/revisions"}],"predecessor-version":[{"id":5068,"href":"https:\/\/www.naturparkmagazin.de\/schwaebisch-fraenkischer-wald\/wp-json\/wp\/v2\/posts\/4978\/revisions\/5068"}],"wp:featuredmedia":[{"embeddable":true,"href":"https:\/\/www.naturparkmagazin.de\/schwaebisch-fraenkischer-wald\/wp-json\/wp\/v2\/media\/4979"}],"wp:attachment":[{"href":"https:\/\/www.naturparkmagazin.de\/schwaebisch-fraenkischer-wald\/wp-json\/wp\/v2\/media?parent=4978"}],"wp:term":[{"taxonomy":"category","embeddable":true,"href":"https:\/\/www.naturparkmagazin.de\/schwaebisch-fraenkischer-wald\/wp-json\/wp\/v2\/categories?post=4978"},{"taxonomy":"post_tag","embeddable":true,"href":"https:\/\/www.naturparkmagazin.de\/schwaebisch-fraenkischer-wald\/wp-json\/wp\/v2\/tags?post=4978"}],"curies":[{"name":"wp","href":"https:\/\/api.w.org\/{rel}","templated":true}]}}