{"id":5002,"date":"2017-06-18T13:00:51","date_gmt":"2017-06-18T11:00:51","guid":{"rendered":"http:\/\/www.naturparkmagazin.de\/schwaebisch-fraenkischer-wald\/?p=5002"},"modified":"2017-05-18T13:00:19","modified_gmt":"2017-05-18T11:00:19","slug":"wildblumensommer-abtsgmuend-kinderkraeuterrundgang-auch-fuer-die-ganz-kleinen","status":"publish","type":"post","link":"https:\/\/www.naturparkmagazin.de\/schwaebisch-fraenkischer-wald\/wildblumensommer-abtsgmuend-kinderkraeuterrundgang-auch-fuer-die-ganz-kleinen\/","title":{"rendered":"Wildblumensommer Abtsgm\u00fcnd: Kinderkr\u00e4uterrundgang auch f\u00fcr die ganz Kleinen"},"content":{"rendered":"<div id=\"attachment_4984\" style=\"width: 210px\" class=\"wp-caption alignright\"><a href=\"https:\/\/www.naturparkmagazin.de\/schwaebisch-fraenkischer-wald\/wp-content\/uploads\/sites\/34\/NL_Wildblumensommer-II-20161.jpg\"><img aria-describedby=\"caption-attachment-4984\" decoding=\"async\" loading=\"lazy\" class=\"size-full wp-image-4984\" src=\"https:\/\/www.naturparkmagazin.de\/schwaebisch-fraenkischer-wald\/wp-content\/uploads\/sites\/34\/NL_Wildblumensommer-II-20161.jpg\" alt=\"Wildblumensommer Abtsgm\u00fcnd\" width=\"200\" height=\"200\" srcset=\"https:\/\/www.naturparkmagazin.de\/schwaebisch-fraenkischer-wald\/wp-content\/uploads\/sites\/34\/NL_Wildblumensommer-II-20161.jpg 200w, https:\/\/www.naturparkmagazin.de\/schwaebisch-fraenkischer-wald\/wp-content\/uploads\/sites\/34\/NL_Wildblumensommer-II-20161-30x30.jpg 30w\" sizes=\"(max-width: 200px) 100vw, 200px\" \/><\/a><p id=\"caption-attachment-4984\" class=\"wp-caption-text\">Wildblumensommer Abtsgm\u00fcnd<\/p><\/div>\n<p>Sa, 22.7.2017\u00a0 15.00 Uhr<\/p>\n<p>F\u00fcr die gro\u00dfen und kleinen Kr\u00e4uterfreunde findet auf dem Koiserhof ein Kr\u00e4uterrundgang f\u00fcr Kinder statt. Auf der Wiese und am Waldrand gibt es so manches zu entdecken, kennen zu lernen und auszuprobieren. Spielerisch lernen wir essbare Wildkr\u00e4uter kennen, bereiten daraus einen wilden Brotaufstrich zu, eine Bl\u00fctenlimo und binden einen Haarkranz f\u00fcr die kleinen Kobolde und Feen.<\/p>\n<ul>\n<li>Geb\u00fchr: Kinder unter 12 Jahren: 4,00 \u20ac<\/li>\n<li>Anmeldung: <a href=\"mailto:info@heimatblume.de\" target=\"_blank\">info@heimatblume.de<\/a><\/li>\n<li>Treff: Koiserhof, Hangendenbuch 15<\/li>\n<\/ul>\n","protected":false},"excerpt":{"rendered":"<p>22.07.: Kr\u00e4uterrundgang f\u00fcr Kinder<\/p>\n","protected":false},"author":25,"featured_media":4984,"comment_status":"open","ping_status":"open","sticky":false,"template":"","format":"standard","meta":[],"categories":[11],"tags":[686],"yoast_head":"<!-- This site is optimized with the Yoast SEO plugin v19.10 - https:\/\/yoast.com\/wordpress\/plugins\/seo\/ -->\n<title>Wildblumensommer Abtsgm\u00fcnd: Kinderkr\u00e4uterrundgang auch f\u00fcr die ganz Kleinen - Naturpark Schw\u00e4bisch-Fr\u00e4nkischer Wald<\/title>\n<meta name=\"robots\" content=\"index, follow, max-snippet:-1, max-image-preview:large, max-video-preview:-1\" \/>\n<link rel=\"canonical\" href=\"https:\/\/www.naturparkmagazin.de\/schwaebisch-fraenkischer-wald\/wildblumensommer-abtsgmuend-kinderkraeuterrundgang-auch-fuer-die-ganz-kleinen\/\" \/>\n<meta property=\"og:locale\" content=\"de_DE\" \/>\n<meta property=\"og:type\" content=\"article\" \/>\n<meta property=\"og:title\" content=\"Wildblumensommer Abtsgm\u00fcnd: Kinderkr\u00e4uterrundgang auch f\u00fcr die ganz Kleinen - Naturpark Schw\u00e4bisch-Fr\u00e4nkischer Wald\" \/>\n<meta property=\"og:description\" content=\"22.07.: Kr\u00e4uterrundgang f\u00fcr Kinder\" \/>\n<meta property=\"og:url\" content=\"https:\/\/www.naturparkmagazin.de\/schwaebisch-fraenkischer-wald\/wildblumensommer-abtsgmuend-kinderkraeuterrundgang-auch-fuer-die-ganz-kleinen\/\" \/>\n<meta property=\"og:site_name\" content=\"Naturpark Schw\u00e4bisch-Fr\u00e4nkischer Wald\" \/>\n<meta property=\"article:author\" content=\"https:\/\/www.facebook.com\/naturparkSFW\" \/>\n<meta property=\"article:published_time\" content=\"2017-06-18T11:00:51+00:00\" \/>\n<meta property=\"article:modified_time\" content=\"2017-05-18T11:00:19+00:00\" \/>\n<meta property=\"og:image\" content=\"https:\/\/www.naturparkmagazin.de\/schwaebisch-fraenkischer-wald\/wp-content\/uploads\/sites\/34\/NL_Wildblumensommer-II-20161.jpg\" \/>\n\t<meta property=\"og:image:width\" content=\"200\" \/>\n\t<meta property=\"og:image:height\" content=\"200\" \/>\n\t<meta property=\"og:image:type\" content=\"image\/jpeg\" \/>\n<meta name=\"author\" content=\"Naturpark-Team\" \/>\n<meta name=\"twitter:label1\" content=\"Verfasst von\" \/>\n\t<meta name=\"twitter:data1\" content=\"Naturpark-Team\" \/>\n<script type=\"application\/ld+json\" class=\"yoast-schema-graph\">{\"@context\":\"https:\/\/schema.org\",\"@graph\":[{\"@type\":\"WebPage\",\"@id\":\"https:\/\/www.naturparkmagazin.de\/schwaebisch-fraenkischer-wald\/wildblumensommer-abtsgmuend-kinderkraeuterrundgang-auch-fuer-die-ganz-kleinen\/\",\"url\":\"https:\/\/www.naturparkmagazin.de\/schwaebisch-fraenkischer-wald\/wildblumensommer-abtsgmuend-kinderkraeuterrundgang-auch-fuer-die-ganz-kleinen\/\",\"name\":\"Wildblumensommer Abtsgm\u00fcnd: Kinderkr\u00e4uterrundgang auch f\u00fcr die ganz Kleinen - Naturpark Schw\u00e4bisch-Fr\u00e4nkischer Wald\",\"isPartOf\":{\"@id\":\"https:\/\/www.naturparkmagazin.de\/schwaebisch-fraenkischer-wald\/#website\"},\"datePublished\":\"2017-06-18T11:00:51+00:00\",\"dateModified\":\"2017-05-18T11:00:19+00:00\",\"author\":{\"@id\":\"https:\/\/www.naturparkmagazin.de\/schwaebisch-fraenkischer-wald\/#\/schema\/person\/f047a3702ae747fd7830cf8ac95e6066\"},\"breadcrumb\":{\"@id\":\"https:\/\/www.naturparkmagazin.de\/schwaebisch-fraenkischer-wald\/wildblumensommer-abtsgmuend-kinderkraeuterrundgang-auch-fuer-die-ganz-kleinen\/#breadcrumb\"},\"inLanguage\":\"de\",\"potentialAction\":[{\"@type\":\"ReadAction\",\"target\":[\"https:\/\/www.naturparkmagazin.de\/schwaebisch-fraenkischer-wald\/wildblumensommer-abtsgmuend-kinderkraeuterrundgang-auch-fuer-die-ganz-kleinen\/\"]}]},{\"@type\":\"BreadcrumbList\",\"@id\":\"https:\/\/www.naturparkmagazin.de\/schwaebisch-fraenkischer-wald\/wildblumensommer-abtsgmuend-kinderkraeuterrundgang-auch-fuer-die-ganz-kleinen\/#breadcrumb\",\"itemListElement\":[{\"@type\":\"ListItem\",\"position\":1,\"name\":\"Home\",\"item\":\"https:\/\/www.naturparkmagazin.de\/schwaebisch-fraenkischer-wald\/\"},{\"@type\":\"ListItem\",\"position\":2,\"name\":\"Wildblumensommer Abtsgm\u00fcnd: Kinderkr\u00e4uterrundgang auch f\u00fcr die ganz Kleinen\"}]},{\"@type\":\"WebSite\",\"@id\":\"https:\/\/www.naturparkmagazin.de\/schwaebisch-fraenkischer-wald\/#website\",\"url\":\"https:\/\/www.naturparkmagazin.de\/schwaebisch-fraenkischer-wald\/\",\"name\":\"Naturpark Schw\u00e4bisch-Fr\u00e4nkischer Wald\",\"description\":\"\",\"potentialAction\":[{\"@type\":\"SearchAction\",\"target\":{\"@type\":\"EntryPoint\",\"urlTemplate\":\"https:\/\/www.naturparkmagazin.de\/schwaebisch-fraenkischer-wald\/?s={search_term_string}\"},\"query-input\":\"required name=search_term_string\"}],\"inLanguage\":\"de\"},{\"@type\":\"Person\",\"@id\":\"https:\/\/www.naturparkmagazin.de\/schwaebisch-fraenkischer-wald\/#\/schema\/person\/f047a3702ae747fd7830cf8ac95e6066\",\"name\":\"Naturpark-Team\",\"sameAs\":[\"http:\/\/www.naturpark-sfw.de\",\"https:\/\/www.facebook.com\/naturparkSFW\"],\"url\":\"https:\/\/www.naturparkmagazin.de\/schwaebisch-fraenkischer-wald\/author\/bernharddrixler\/\"}]}<\/script>\n<!-- \/ Yoast SEO plugin. -->","yoast_head_json":{"title":"Wildblumensommer Abtsgm\u00fcnd: Kinderkr\u00e4uterrundgang auch f\u00fcr die ganz Kleinen - Naturpark Schw\u00e4bisch-Fr\u00e4nkischer Wald","robots":{"index":"index","follow":"follow","max-snippet":"max-snippet:-1","max-image-preview":"max-image-preview:large","max-video-preview":"max-video-preview:-1"},"canonical":"https:\/\/www.naturparkmagazin.de\/schwaebisch-fraenkischer-wald\/wildblumensommer-abtsgmuend-kinderkraeuterrundgang-auch-fuer-die-ganz-kleinen\/","og_locale":"de_DE","og_type":"article","og_title":"Wildblumensommer Abtsgm\u00fcnd: Kinderkr\u00e4uterrundgang auch f\u00fcr die ganz Kleinen - Naturpark Schw\u00e4bisch-Fr\u00e4nkischer Wald","og_description":"22.07.: Kr\u00e4uterrundgang f\u00fcr Kinder","og_url":"https:\/\/www.naturparkmagazin.de\/schwaebisch-fraenkischer-wald\/wildblumensommer-abtsgmuend-kinderkraeuterrundgang-auch-fuer-die-ganz-kleinen\/","og_site_name":"Naturpark Schw\u00e4bisch-Fr\u00e4nkischer Wald","article_author":"https:\/\/www.facebook.com\/naturparkSFW","article_published_time":"2017-06-18T11:00:51+00:00","article_modified_time":"2017-05-18T11:00:19+00:00","og_image":[{"width":200,"height":200,"url":"https:\/\/www.naturparkmagazin.de\/schwaebisch-fraenkischer-wald\/wp-content\/uploads\/sites\/34\/NL_Wildblumensommer-II-20161.jpg","type":"image\/jpeg"}],"author":"Naturpark-Team","twitter_misc":{"Verfasst von":"Naturpark-Team"},"schema":{"@context":"https:\/\/schema.org","@graph":[{"@type":"WebPage","@id":"https:\/\/www.naturparkmagazin.de\/schwaebisch-fraenkischer-wald\/wildblumensommer-abtsgmuend-kinderkraeuterrundgang-auch-fuer-die-ganz-kleinen\/","url":"https:\/\/www.naturparkmagazin.de\/schwaebisch-fraenkischer-wald\/wildblumensommer-abtsgmuend-kinderkraeuterrundgang-auch-fuer-die-ganz-kleinen\/","name":"Wildblumensommer Abtsgm\u00fcnd: Kinderkr\u00e4uterrundgang auch f\u00fcr die ganz Kleinen - Naturpark Schw\u00e4bisch-Fr\u00e4nkischer Wald","isPartOf":{"@id":"https:\/\/www.naturparkmagazin.de\/schwaebisch-fraenkischer-wald\/#website"},"datePublished":"2017-06-18T11:00:51+00:00","dateModified":"2017-05-18T11:00:19+00:00","author":{"@id":"https:\/\/www.naturparkmagazin.de\/schwaebisch-fraenkischer-wald\/#\/schema\/person\/f047a3702ae747fd7830cf8ac95e6066"},"breadcrumb":{"@id":"https:\/\/www.naturparkmagazin.de\/schwaebisch-fraenkischer-wald\/wildblumensommer-abtsgmuend-kinderkraeuterrundgang-auch-fuer-die-ganz-kleinen\/#breadcrumb"},"inLanguage":"de","potentialAction":[{"@type":"ReadAction","target":["https:\/\/www.naturparkmagazin.de\/schwaebisch-fraenkischer-wald\/wildblumensommer-abtsgmuend-kinderkraeuterrundgang-auch-fuer-die-ganz-kleinen\/"]}]},{"@type":"BreadcrumbList","@id":"https:\/\/www.naturparkmagazin.de\/schwaebisch-fraenkischer-wald\/wildblumensommer-abtsgmuend-kinderkraeuterrundgang-auch-fuer-die-ganz-kleinen\/#breadcrumb","itemListElement":[{"@type":"ListItem","position":1,"name":"Home","item":"https:\/\/www.naturparkmagazin.de\/schwaebisch-fraenkischer-wald\/"},{"@type":"ListItem","position":2,"name":"Wildblumensommer Abtsgm\u00fcnd: Kinderkr\u00e4uterrundgang auch f\u00fcr die ganz Kleinen"}]},{"@type":"WebSite","@id":"https:\/\/www.naturparkmagazin.de\/schwaebisch-fraenkischer-wald\/#website","url":"https:\/\/www.naturparkmagazin.de\/schwaebisch-fraenkischer-wald\/","name":"Naturpark Schw\u00e4bisch-Fr\u00e4nkischer Wald","description":"","potentialAction":[{"@type":"SearchAction","target":{"@type":"EntryPoint","urlTemplate":"https:\/\/www.naturparkmagazin.de\/schwaebisch-fraenkischer-wald\/?s={search_term_string}"},"query-input":"required name=search_term_string"}],"inLanguage":"de"},{"@type":"Person","@id":"https:\/\/www.naturparkmagazin.de\/schwaebisch-fraenkischer-wald\/#\/schema\/person\/f047a3702ae747fd7830cf8ac95e6066","name":"Naturpark-Team","sameAs":["http:\/\/www.naturpark-sfw.de","https:\/\/www.facebook.com\/naturparkSFW"],"url":"https:\/\/www.naturparkmagazin.de\/schwaebisch-fraenkischer-wald\/author\/bernharddrixler\/"}]}},"_links":{"self":[{"href":"https:\/\/www.naturparkmagazin.de\/schwaebisch-fraenkischer-wald\/wp-json\/wp\/v2\/posts\/5002"}],"collection":[{"href":"https:\/\/www.naturparkmagazin.de\/schwaebisch-fraenkischer-wald\/wp-json\/wp\/v2\/posts"}],"about":[{"href":"https:\/\/www.naturparkmagazin.de\/schwaebisch-fraenkischer-wald\/wp-json\/wp\/v2\/types\/post"}],"author":[{"embeddable":true,"href":"https:\/\/www.naturparkmagazin.de\/schwaebisch-fraenkischer-wald\/wp-json\/wp\/v2\/users\/25"}],"replies":[{"embeddable":true,"href":"https:\/\/www.naturparkmagazin.de\/schwaebisch-fraenkischer-wald\/wp-json\/wp\/v2\/comments?post=5002"}],"version-history":[{"count":2,"href":"https:\/\/www.naturparkmagazin.de\/schwaebisch-fraenkischer-wald\/wp-json\/wp\/v2\/posts\/5002\/revisions"}],"predecessor-version":[{"id":5006,"href":"https:\/\/www.naturparkmagazin.de\/schwaebisch-fraenkischer-wald\/wp-json\/wp\/v2\/posts\/5002\/revisions\/5006"}],"wp:featuredmedia":[{"embeddable":true,"href":"https:\/\/www.naturparkmagazin.de\/schwaebisch-fraenkischer-wald\/wp-json\/wp\/v2\/media\/4984"}],"wp:attachment":[{"href":"https:\/\/www.naturparkmagazin.de\/schwaebisch-fraenkischer-wald\/wp-json\/wp\/v2\/media?parent=5002"}],"wp:term":[{"taxonomy":"category","embeddable":true,"href":"https:\/\/www.naturparkmagazin.de\/schwaebisch-fraenkischer-wald\/wp-json\/wp\/v2\/categories?post=5002"},{"taxonomy":"post_tag","embeddable":true,"href":"https:\/\/www.naturparkmagazin.de\/schwaebisch-fraenkischer-wald\/wp-json\/wp\/v2\/tags?post=5002"}],"curies":[{"name":"wp","href":"https:\/\/api.w.org\/{rel}","templated":true}]}}