{"id":5013,"date":"2017-09-18T17:30:07","date_gmt":"2017-09-18T15:30:07","guid":{"rendered":"http:\/\/www.naturparkmagazin.de\/schwaebisch-fraenkischer-wald\/?p=5013"},"modified":"2017-07-07T09:28:53","modified_gmt":"2017-07-07T07:28:53","slug":"wildblumensommer-abtsgmuend-das-suesse-leben-kein-honiglecken-4-bienenjahre","status":"publish","type":"post","link":"https:\/\/www.naturparkmagazin.de\/schwaebisch-fraenkischer-wald\/wildblumensommer-abtsgmuend-das-suesse-leben-kein-honiglecken-4-bienenjahre\/","title":{"rendered":"Wildblumensommer Abtsgm\u00fcnd: Das s\u00fc\u00dfe Leben &#8211; kein Honiglecken &#8211; 4 Bienenjahre"},"content":{"rendered":"<p>Fr, 13.10.2017\u00a0 19.00 Uhr<\/p>\n<div id=\"attachment_4984\" style=\"width: 210px\" class=\"wp-caption alignright\"><a href=\"https:\/\/www.naturparkmagazin.de\/schwaebisch-fraenkischer-wald\/wp-content\/uploads\/sites\/34\/NL_Wildblumensommer-II-20161.jpg\"><img aria-describedby=\"caption-attachment-4984\" decoding=\"async\" loading=\"lazy\" class=\"size-full wp-image-4984\" src=\"https:\/\/www.naturparkmagazin.de\/schwaebisch-fraenkischer-wald\/wp-content\/uploads\/sites\/34\/NL_Wildblumensommer-II-20161.jpg\" alt=\"Wildblumensommer Abtsgm\u00fcnd\" width=\"200\" height=\"200\" srcset=\"https:\/\/www.naturparkmagazin.de\/schwaebisch-fraenkischer-wald\/wp-content\/uploads\/sites\/34\/NL_Wildblumensommer-II-20161.jpg 200w, https:\/\/www.naturparkmagazin.de\/schwaebisch-fraenkischer-wald\/wp-content\/uploads\/sites\/34\/NL_Wildblumensommer-II-20161-30x30.jpg 30w\" sizes=\"(max-width: 200px) 100vw, 200px\" \/><\/a><p id=\"caption-attachment-4984\" class=\"wp-caption-text\">Wildblumensommer Abtsgm\u00fcnd<\/p><\/div>\n<p>Was ist los mit unserer Natur, mit unseren Wiesen? Bienen, Schmetterlinge und alle anderen Insekten werden immer weniger, Abtsgm\u00fcnd arbeitet kr\u00e4ftig gegen das Verschwinden der Arten und legt deshalb gezielt Wildblumenwiesen an. Zum Ausklang des diesj\u00e4hrigen Abtsgm\u00fcnder Wildblumensommers zeigt der Film &#8222;Das s\u00fc\u00dfe Leben &#8211; kein Honiglecken &#8211; 4 Bienenjahre&#8220; alles \u00fcber des Leben der Honigbiene und \u00fcber die Zusammenh\u00e4nge, weshalb Bienen und Co. aussterben und wo wir ansetzen m\u00fcssen, um die Umwelt zu verbessern. Anschlie\u00dfende Diskussion mit Vertretern von Naturschutzverb\u00e4nden und dem Bezirksbienenz\u00fcchterverein Aalen.<\/p>\n<ul>\n<li>Anmeldung in der Bibliothek Abtsgm\u00fcnd Tel. 07366\/921417<\/li>\n<li>Bibliothek, Zehntscheuer Abtsgm\u00fcnd<\/li>\n<\/ul>\n","protected":false},"excerpt":{"rendered":"<p>13.10.:  Film \u00fcber des Leben der Honigbiene<\/p>\n","protected":false},"author":25,"featured_media":4984,"comment_status":"open","ping_status":"open","sticky":false,"template":"","format":"standard","meta":[],"categories":[11],"tags":[686],"yoast_head":"<!-- This site is optimized with the Yoast SEO plugin v19.10 - https:\/\/yoast.com\/wordpress\/plugins\/seo\/ -->\n<title>Wildblumensommer Abtsgm\u00fcnd: Das s\u00fc\u00dfe Leben - kein Honiglecken - 4 Bienenjahre - Naturpark Schw\u00e4bisch-Fr\u00e4nkischer Wald<\/title>\n<meta name=\"robots\" content=\"index, follow, max-snippet:-1, max-image-preview:large, max-video-preview:-1\" \/>\n<link rel=\"canonical\" href=\"https:\/\/www.naturparkmagazin.de\/schwaebisch-fraenkischer-wald\/wildblumensommer-abtsgmuend-das-suesse-leben-kein-honiglecken-4-bienenjahre\/\" \/>\n<meta property=\"og:locale\" content=\"de_DE\" \/>\n<meta property=\"og:type\" content=\"article\" \/>\n<meta property=\"og:title\" content=\"Wildblumensommer Abtsgm\u00fcnd: Das s\u00fc\u00dfe Leben - kein Honiglecken - 4 Bienenjahre - Naturpark Schw\u00e4bisch-Fr\u00e4nkischer Wald\" \/>\n<meta property=\"og:description\" content=\"13.10.: Film \u00fcber des Leben der Honigbiene\" \/>\n<meta property=\"og:url\" content=\"https:\/\/www.naturparkmagazin.de\/schwaebisch-fraenkischer-wald\/wildblumensommer-abtsgmuend-das-suesse-leben-kein-honiglecken-4-bienenjahre\/\" \/>\n<meta property=\"og:site_name\" content=\"Naturpark Schw\u00e4bisch-Fr\u00e4nkischer Wald\" \/>\n<meta property=\"article:author\" content=\"https:\/\/www.facebook.com\/naturparkSFW\" \/>\n<meta property=\"article:published_time\" content=\"2017-09-18T15:30:07+00:00\" \/>\n<meta property=\"article:modified_time\" content=\"2017-07-07T07:28:53+00:00\" \/>\n<meta property=\"og:image\" content=\"https:\/\/www.naturparkmagazin.de\/schwaebisch-fraenkischer-wald\/wp-content\/uploads\/sites\/34\/NL_Wildblumensommer-II-20161.jpg\" \/>\n\t<meta property=\"og:image:width\" content=\"200\" \/>\n\t<meta property=\"og:image:height\" content=\"200\" \/>\n\t<meta property=\"og:image:type\" content=\"image\/jpeg\" \/>\n<meta name=\"author\" content=\"Naturpark-Team\" \/>\n<meta name=\"twitter:label1\" content=\"Verfasst von\" \/>\n\t<meta name=\"twitter:data1\" content=\"Naturpark-Team\" \/>\n\t<meta name=\"twitter:label2\" content=\"Gesch\u00e4tzte Lesezeit\" \/>\n\t<meta name=\"twitter:data2\" content=\"1\u00a0Minute\" \/>\n<script type=\"application\/ld+json\" class=\"yoast-schema-graph\">{\"@context\":\"https:\/\/schema.org\",\"@graph\":[{\"@type\":\"WebPage\",\"@id\":\"https:\/\/www.naturparkmagazin.de\/schwaebisch-fraenkischer-wald\/wildblumensommer-abtsgmuend-das-suesse-leben-kein-honiglecken-4-bienenjahre\/\",\"url\":\"https:\/\/www.naturparkmagazin.de\/schwaebisch-fraenkischer-wald\/wildblumensommer-abtsgmuend-das-suesse-leben-kein-honiglecken-4-bienenjahre\/\",\"name\":\"Wildblumensommer Abtsgm\u00fcnd: Das s\u00fc\u00dfe Leben - kein Honiglecken - 4 Bienenjahre - Naturpark Schw\u00e4bisch-Fr\u00e4nkischer Wald\",\"isPartOf\":{\"@id\":\"https:\/\/www.naturparkmagazin.de\/schwaebisch-fraenkischer-wald\/#website\"},\"datePublished\":\"2017-09-18T15:30:07+00:00\",\"dateModified\":\"2017-07-07T07:28:53+00:00\",\"author\":{\"@id\":\"https:\/\/www.naturparkmagazin.de\/schwaebisch-fraenkischer-wald\/#\/schema\/person\/f047a3702ae747fd7830cf8ac95e6066\"},\"breadcrumb\":{\"@id\":\"https:\/\/www.naturparkmagazin.de\/schwaebisch-fraenkischer-wald\/wildblumensommer-abtsgmuend-das-suesse-leben-kein-honiglecken-4-bienenjahre\/#breadcrumb\"},\"inLanguage\":\"de\",\"potentialAction\":[{\"@type\":\"ReadAction\",\"target\":[\"https:\/\/www.naturparkmagazin.de\/schwaebisch-fraenkischer-wald\/wildblumensommer-abtsgmuend-das-suesse-leben-kein-honiglecken-4-bienenjahre\/\"]}]},{\"@type\":\"BreadcrumbList\",\"@id\":\"https:\/\/www.naturparkmagazin.de\/schwaebisch-fraenkischer-wald\/wildblumensommer-abtsgmuend-das-suesse-leben-kein-honiglecken-4-bienenjahre\/#breadcrumb\",\"itemListElement\":[{\"@type\":\"ListItem\",\"position\":1,\"name\":\"Home\",\"item\":\"https:\/\/www.naturparkmagazin.de\/schwaebisch-fraenkischer-wald\/\"},{\"@type\":\"ListItem\",\"position\":2,\"name\":\"Wildblumensommer Abtsgm\u00fcnd: Das s\u00fc\u00dfe Leben &#8211; kein Honiglecken &#8211; 4 Bienenjahre\"}]},{\"@type\":\"WebSite\",\"@id\":\"https:\/\/www.naturparkmagazin.de\/schwaebisch-fraenkischer-wald\/#website\",\"url\":\"https:\/\/www.naturparkmagazin.de\/schwaebisch-fraenkischer-wald\/\",\"name\":\"Naturpark Schw\u00e4bisch-Fr\u00e4nkischer Wald\",\"description\":\"\",\"potentialAction\":[{\"@type\":\"SearchAction\",\"target\":{\"@type\":\"EntryPoint\",\"urlTemplate\":\"https:\/\/www.naturparkmagazin.de\/schwaebisch-fraenkischer-wald\/?s={search_term_string}\"},\"query-input\":\"required name=search_term_string\"}],\"inLanguage\":\"de\"},{\"@type\":\"Person\",\"@id\":\"https:\/\/www.naturparkmagazin.de\/schwaebisch-fraenkischer-wald\/#\/schema\/person\/f047a3702ae747fd7830cf8ac95e6066\",\"name\":\"Naturpark-Team\",\"sameAs\":[\"http:\/\/www.naturpark-sfw.de\",\"https:\/\/www.facebook.com\/naturparkSFW\"],\"url\":\"https:\/\/www.naturparkmagazin.de\/schwaebisch-fraenkischer-wald\/author\/bernharddrixler\/\"}]}<\/script>\n<!-- \/ Yoast SEO plugin. -->","yoast_head_json":{"title":"Wildblumensommer Abtsgm\u00fcnd: Das s\u00fc\u00dfe Leben - kein Honiglecken - 4 Bienenjahre - Naturpark Schw\u00e4bisch-Fr\u00e4nkischer Wald","robots":{"index":"index","follow":"follow","max-snippet":"max-snippet:-1","max-image-preview":"max-image-preview:large","max-video-preview":"max-video-preview:-1"},"canonical":"https:\/\/www.naturparkmagazin.de\/schwaebisch-fraenkischer-wald\/wildblumensommer-abtsgmuend-das-suesse-leben-kein-honiglecken-4-bienenjahre\/","og_locale":"de_DE","og_type":"article","og_title":"Wildblumensommer Abtsgm\u00fcnd: Das s\u00fc\u00dfe Leben - kein Honiglecken - 4 Bienenjahre - Naturpark Schw\u00e4bisch-Fr\u00e4nkischer Wald","og_description":"13.10.: Film \u00fcber des Leben der Honigbiene","og_url":"https:\/\/www.naturparkmagazin.de\/schwaebisch-fraenkischer-wald\/wildblumensommer-abtsgmuend-das-suesse-leben-kein-honiglecken-4-bienenjahre\/","og_site_name":"Naturpark Schw\u00e4bisch-Fr\u00e4nkischer Wald","article_author":"https:\/\/www.facebook.com\/naturparkSFW","article_published_time":"2017-09-18T15:30:07+00:00","article_modified_time":"2017-07-07T07:28:53+00:00","og_image":[{"width":200,"height":200,"url":"https:\/\/www.naturparkmagazin.de\/schwaebisch-fraenkischer-wald\/wp-content\/uploads\/sites\/34\/NL_Wildblumensommer-II-20161.jpg","type":"image\/jpeg"}],"author":"Naturpark-Team","twitter_misc":{"Verfasst von":"Naturpark-Team","Gesch\u00e4tzte Lesezeit":"1\u00a0Minute"},"schema":{"@context":"https:\/\/schema.org","@graph":[{"@type":"WebPage","@id":"https:\/\/www.naturparkmagazin.de\/schwaebisch-fraenkischer-wald\/wildblumensommer-abtsgmuend-das-suesse-leben-kein-honiglecken-4-bienenjahre\/","url":"https:\/\/www.naturparkmagazin.de\/schwaebisch-fraenkischer-wald\/wildblumensommer-abtsgmuend-das-suesse-leben-kein-honiglecken-4-bienenjahre\/","name":"Wildblumensommer Abtsgm\u00fcnd: Das s\u00fc\u00dfe Leben - kein Honiglecken - 4 Bienenjahre - Naturpark Schw\u00e4bisch-Fr\u00e4nkischer Wald","isPartOf":{"@id":"https:\/\/www.naturparkmagazin.de\/schwaebisch-fraenkischer-wald\/#website"},"datePublished":"2017-09-18T15:30:07+00:00","dateModified":"2017-07-07T07:28:53+00:00","author":{"@id":"https:\/\/www.naturparkmagazin.de\/schwaebisch-fraenkischer-wald\/#\/schema\/person\/f047a3702ae747fd7830cf8ac95e6066"},"breadcrumb":{"@id":"https:\/\/www.naturparkmagazin.de\/schwaebisch-fraenkischer-wald\/wildblumensommer-abtsgmuend-das-suesse-leben-kein-honiglecken-4-bienenjahre\/#breadcrumb"},"inLanguage":"de","potentialAction":[{"@type":"ReadAction","target":["https:\/\/www.naturparkmagazin.de\/schwaebisch-fraenkischer-wald\/wildblumensommer-abtsgmuend-das-suesse-leben-kein-honiglecken-4-bienenjahre\/"]}]},{"@type":"BreadcrumbList","@id":"https:\/\/www.naturparkmagazin.de\/schwaebisch-fraenkischer-wald\/wildblumensommer-abtsgmuend-das-suesse-leben-kein-honiglecken-4-bienenjahre\/#breadcrumb","itemListElement":[{"@type":"ListItem","position":1,"name":"Home","item":"https:\/\/www.naturparkmagazin.de\/schwaebisch-fraenkischer-wald\/"},{"@type":"ListItem","position":2,"name":"Wildblumensommer Abtsgm\u00fcnd: Das s\u00fc\u00dfe Leben &#8211; kein Honiglecken &#8211; 4 Bienenjahre"}]},{"@type":"WebSite","@id":"https:\/\/www.naturparkmagazin.de\/schwaebisch-fraenkischer-wald\/#website","url":"https:\/\/www.naturparkmagazin.de\/schwaebisch-fraenkischer-wald\/","name":"Naturpark Schw\u00e4bisch-Fr\u00e4nkischer Wald","description":"","potentialAction":[{"@type":"SearchAction","target":{"@type":"EntryPoint","urlTemplate":"https:\/\/www.naturparkmagazin.de\/schwaebisch-fraenkischer-wald\/?s={search_term_string}"},"query-input":"required name=search_term_string"}],"inLanguage":"de"},{"@type":"Person","@id":"https:\/\/www.naturparkmagazin.de\/schwaebisch-fraenkischer-wald\/#\/schema\/person\/f047a3702ae747fd7830cf8ac95e6066","name":"Naturpark-Team","sameAs":["http:\/\/www.naturpark-sfw.de","https:\/\/www.facebook.com\/naturparkSFW"],"url":"https:\/\/www.naturparkmagazin.de\/schwaebisch-fraenkischer-wald\/author\/bernharddrixler\/"}]}},"_links":{"self":[{"href":"https:\/\/www.naturparkmagazin.de\/schwaebisch-fraenkischer-wald\/wp-json\/wp\/v2\/posts\/5013"}],"collection":[{"href":"https:\/\/www.naturparkmagazin.de\/schwaebisch-fraenkischer-wald\/wp-json\/wp\/v2\/posts"}],"about":[{"href":"https:\/\/www.naturparkmagazin.de\/schwaebisch-fraenkischer-wald\/wp-json\/wp\/v2\/types\/post"}],"author":[{"embeddable":true,"href":"https:\/\/www.naturparkmagazin.de\/schwaebisch-fraenkischer-wald\/wp-json\/wp\/v2\/users\/25"}],"replies":[{"embeddable":true,"href":"https:\/\/www.naturparkmagazin.de\/schwaebisch-fraenkischer-wald\/wp-json\/wp\/v2\/comments?post=5013"}],"version-history":[{"count":1,"href":"https:\/\/www.naturparkmagazin.de\/schwaebisch-fraenkischer-wald\/wp-json\/wp\/v2\/posts\/5013\/revisions"}],"predecessor-version":[{"id":5014,"href":"https:\/\/www.naturparkmagazin.de\/schwaebisch-fraenkischer-wald\/wp-json\/wp\/v2\/posts\/5013\/revisions\/5014"}],"wp:featuredmedia":[{"embeddable":true,"href":"https:\/\/www.naturparkmagazin.de\/schwaebisch-fraenkischer-wald\/wp-json\/wp\/v2\/media\/4984"}],"wp:attachment":[{"href":"https:\/\/www.naturparkmagazin.de\/schwaebisch-fraenkischer-wald\/wp-json\/wp\/v2\/media?parent=5013"}],"wp:term":[{"taxonomy":"category","embeddable":true,"href":"https:\/\/www.naturparkmagazin.de\/schwaebisch-fraenkischer-wald\/wp-json\/wp\/v2\/categories?post=5013"},{"taxonomy":"post_tag","embeddable":true,"href":"https:\/\/www.naturparkmagazin.de\/schwaebisch-fraenkischer-wald\/wp-json\/wp\/v2\/tags?post=5013"}],"curies":[{"name":"wp","href":"https:\/\/api.w.org\/{rel}","templated":true}]}}