{"id":5036,"date":"2017-05-16T09:33:57","date_gmt":"2017-05-16T07:33:57","guid":{"rendered":"http:\/\/www.naturparkmagazin.de\/schwaebisch-fraenkischer-wald\/?p=5036"},"modified":"2017-05-11T09:41:14","modified_gmt":"2017-05-11T07:41:14","slug":"im-rollstuhl-den-naturpark-erleben-rollstuhlfahrerinnen-zum-testen-von-wanderstrecken-gesucht","status":"publish","type":"post","link":"https:\/\/www.naturparkmagazin.de\/schwaebisch-fraenkischer-wald\/im-rollstuhl-den-naturpark-erleben-rollstuhlfahrerinnen-zum-testen-von-wanderstrecken-gesucht\/","title":{"rendered":"Im Rollstuhl den Naturpark erleben \u2013 Rollstuhlfahrer\/innen zum Testen von Wanderstrecken gesucht!"},"content":{"rendered":"<p>Unter dem Motto \u201eNaturpark f\u00fcr Alle\u201c m\u00f6chten wir, dass auch Menschen mit Einschr\u00e4nkungen die Sch\u00f6nheit unserer Landschaft genie\u00dfen k\u00f6nnen. Vor diesem Hintergrund hat sich im Mai 2016 die Arbeitsgruppe \u201eNaturparkwandern mit Handicap\u201c gegr\u00fcndet.\u00a0Die Projektinhalte werden von der Naturparkgesch\u00e4ftsstelle in Kooperation mit dem BSK Bereich Selbsthilfe K\u00f6rperbehinderter Alth\u00fctte und dem Kreisjugendring Rems-Murr (KJR) moderiert und von weiteren engagierten Privatpersonen unterst\u00fctzt.<\/p>\n<div id=\"attachment_5037\" style=\"width: 510px\" class=\"wp-caption aligncenter\"><a href=\"https:\/\/www.naturparkmagazin.de\/schwaebisch-fraenkischer-wald\/wp-content\/uploads\/sites\/34\/150929_Lamawanderung__36__01.jpg\"><img aria-describedby=\"caption-attachment-5037\" decoding=\"async\" loading=\"lazy\" class=\"size-full wp-image-5037\" src=\"https:\/\/www.naturparkmagazin.de\/schwaebisch-fraenkischer-wald\/wp-content\/uploads\/sites\/34\/150929_Lamawanderung__36__01.jpg\" alt=\"Rollstuhlfahrer\/innen zum Testen von Wanderstrecken gesucht!\" width=\"500\" height=\"300\" srcset=\"https:\/\/www.naturparkmagazin.de\/schwaebisch-fraenkischer-wald\/wp-content\/uploads\/sites\/34\/150929_Lamawanderung__36__01.jpg 500w, https:\/\/www.naturparkmagazin.de\/schwaebisch-fraenkischer-wald\/wp-content\/uploads\/sites\/34\/150929_Lamawanderung__36__01-300x180.jpg 300w, https:\/\/www.naturparkmagazin.de\/schwaebisch-fraenkischer-wald\/wp-content\/uploads\/sites\/34\/150929_Lamawanderung__36__01-200x120.jpg 200w\" sizes=\"(max-width: 500px) 100vw, 500px\" \/><\/a><p id=\"caption-attachment-5037\" class=\"wp-caption-text\">Rollstuhlfahrer\/innen zum Testen von Wanderstrecken gesucht!<\/p><\/div>\n<p>In einem ersten Anlauf m\u00f6chten wir rollstuhlgerechte Wanderstrecken in den Naturparkgemeinden Alth\u00fctte,\u00a0Kaisersbach, Murrhardt und Welzheim\u00a0finden, die zudem eine gute Anbindung an m\u00f6glichst barrierefreie Gastronomiebetriebe und Sanit\u00e4ranlagen haben. Hierzu wurde ein Testbogen entwickelt, der auf einer Vorlage des Landesverbandes\u00a0 f\u00fcr Menschen mit K\u00f6rper- und Mehrfachbehinderung Baden-W\u00fcrttemberg e.V. beruht und mit diesem abgestimmt wurde.<\/p>\n<p>Wir sind nun zum Beginn der Wandersaison auf der Suche nach interessierten Rollstuhlfahrer\/innen, die selbst gerne Wanderstrecken testen m\u00f6chten. Wer Interesse hat, kann den erforderlichen Testbogen sowie \u00dcbersichtskarten mit barrierefreien Restaurants und WCs auf der Naturpark-Homepage unter dem Men\u00fcpunkt <a href=\"http:\/\/www.naturpark-sfw.de\/erleben\/barrierefreie-angebote\/rollstuhlwandern-im-naturpark\/\" target=\"_blank\">\u201eErleben\u201c \u2013 \u201eBarrierefreie Angebote\u201c<\/a> herunterladen.<\/p>\n<p>Anforderungen an die Wege:<\/p>\n<ul>\n<li>Rundwanderwege<\/li>\n<li>Start\/Ziel sollte an einem m\u00f6glichst barrierefreien Restaurant\/WC oder in dessen N\u00e4he liegen.<\/li>\n<li>Strecke nicht l\u00e4nger als 5 km<\/li>\n<li>m\u00f6glichst wenig Steigungen<\/li>\n<li>kein Schotterbelag (Split auf Waldwegen ist okay)<\/li>\n<\/ul>\n<p>Bitte melden Sie ihre geplante Wanderung auf der Naturpark Gesch\u00e4ftsstelle: <a href=\"mailto:info@naturpark-sfw.de\">info@naturpark-sfw.de<\/a>, 07 19 2 \/ 21 38 88<\/p>\n<p>Wir freuen uns auf Ihre Teilnahme und w\u00fcnschen Ihnen erlebnisreiche Wanderungen in unserem Naturpark!<\/p>\n","protected":false},"excerpt":{"rendered":"<p>Rollstuhlfahrer\/innen zum Testen von Wanderstrecken gesucht!<\/p>\n","protected":false},"author":25,"featured_media":5037,"comment_status":"open","ping_status":"open","sticky":false,"template":"","format":"standard","meta":[],"categories":[10],"tags":[686],"yoast_head":"<!-- This site is optimized with the Yoast SEO plugin v19.10 - https:\/\/yoast.com\/wordpress\/plugins\/seo\/ -->\n<title>Im Rollstuhl den Naturpark erleben \u2013 Rollstuhlfahrer\/innen zum Testen von Wanderstrecken gesucht! - Naturpark Schw\u00e4bisch-Fr\u00e4nkischer Wald<\/title>\n<meta name=\"robots\" content=\"index, follow, max-snippet:-1, max-image-preview:large, max-video-preview:-1\" \/>\n<link rel=\"canonical\" href=\"https:\/\/www.naturparkmagazin.de\/schwaebisch-fraenkischer-wald\/im-rollstuhl-den-naturpark-erleben-rollstuhlfahrerinnen-zum-testen-von-wanderstrecken-gesucht\/\" \/>\n<meta property=\"og:locale\" content=\"de_DE\" \/>\n<meta property=\"og:type\" content=\"article\" \/>\n<meta property=\"og:title\" content=\"Im Rollstuhl den Naturpark erleben \u2013 Rollstuhlfahrer\/innen zum Testen von Wanderstrecken gesucht! - Naturpark Schw\u00e4bisch-Fr\u00e4nkischer Wald\" \/>\n<meta property=\"og:description\" content=\"Rollstuhlfahrer\/innen zum Testen von Wanderstrecken gesucht!\" \/>\n<meta property=\"og:url\" content=\"https:\/\/www.naturparkmagazin.de\/schwaebisch-fraenkischer-wald\/im-rollstuhl-den-naturpark-erleben-rollstuhlfahrerinnen-zum-testen-von-wanderstrecken-gesucht\/\" \/>\n<meta property=\"og:site_name\" content=\"Naturpark Schw\u00e4bisch-Fr\u00e4nkischer Wald\" \/>\n<meta property=\"article:author\" content=\"https:\/\/www.facebook.com\/naturparkSFW\" \/>\n<meta property=\"article:published_time\" content=\"2017-05-16T07:33:57+00:00\" \/>\n<meta property=\"article:modified_time\" content=\"2017-05-11T07:41:14+00:00\" \/>\n<meta property=\"og:image\" content=\"https:\/\/www.naturparkmagazin.de\/schwaebisch-fraenkischer-wald\/wp-content\/uploads\/sites\/34\/150929_Lamawanderung__36__01.jpg\" \/>\n\t<meta property=\"og:image:width\" content=\"500\" \/>\n\t<meta property=\"og:image:height\" content=\"300\" \/>\n\t<meta property=\"og:image:type\" content=\"image\/jpeg\" \/>\n<meta name=\"author\" content=\"Naturpark-Team\" \/>\n<meta name=\"twitter:label1\" content=\"Verfasst von\" \/>\n\t<meta name=\"twitter:data1\" content=\"Naturpark-Team\" \/>\n\t<meta name=\"twitter:label2\" content=\"Gesch\u00e4tzte Lesezeit\" \/>\n\t<meta name=\"twitter:data2\" content=\"1\u00a0Minute\" \/>\n<script type=\"application\/ld+json\" class=\"yoast-schema-graph\">{\"@context\":\"https:\/\/schema.org\",\"@graph\":[{\"@type\":\"WebPage\",\"@id\":\"https:\/\/www.naturparkmagazin.de\/schwaebisch-fraenkischer-wald\/im-rollstuhl-den-naturpark-erleben-rollstuhlfahrerinnen-zum-testen-von-wanderstrecken-gesucht\/\",\"url\":\"https:\/\/www.naturparkmagazin.de\/schwaebisch-fraenkischer-wald\/im-rollstuhl-den-naturpark-erleben-rollstuhlfahrerinnen-zum-testen-von-wanderstrecken-gesucht\/\",\"name\":\"Im Rollstuhl den Naturpark erleben \u2013 Rollstuhlfahrer\/innen zum Testen von Wanderstrecken gesucht! - Naturpark Schw\u00e4bisch-Fr\u00e4nkischer Wald\",\"isPartOf\":{\"@id\":\"https:\/\/www.naturparkmagazin.de\/schwaebisch-fraenkischer-wald\/#website\"},\"datePublished\":\"2017-05-16T07:33:57+00:00\",\"dateModified\":\"2017-05-11T07:41:14+00:00\",\"author\":{\"@id\":\"https:\/\/www.naturparkmagazin.de\/schwaebisch-fraenkischer-wald\/#\/schema\/person\/f047a3702ae747fd7830cf8ac95e6066\"},\"breadcrumb\":{\"@id\":\"https:\/\/www.naturparkmagazin.de\/schwaebisch-fraenkischer-wald\/im-rollstuhl-den-naturpark-erleben-rollstuhlfahrerinnen-zum-testen-von-wanderstrecken-gesucht\/#breadcrumb\"},\"inLanguage\":\"de\",\"potentialAction\":[{\"@type\":\"ReadAction\",\"target\":[\"https:\/\/www.naturparkmagazin.de\/schwaebisch-fraenkischer-wald\/im-rollstuhl-den-naturpark-erleben-rollstuhlfahrerinnen-zum-testen-von-wanderstrecken-gesucht\/\"]}]},{\"@type\":\"BreadcrumbList\",\"@id\":\"https:\/\/www.naturparkmagazin.de\/schwaebisch-fraenkischer-wald\/im-rollstuhl-den-naturpark-erleben-rollstuhlfahrerinnen-zum-testen-von-wanderstrecken-gesucht\/#breadcrumb\",\"itemListElement\":[{\"@type\":\"ListItem\",\"position\":1,\"name\":\"Home\",\"item\":\"https:\/\/www.naturparkmagazin.de\/schwaebisch-fraenkischer-wald\/\"},{\"@type\":\"ListItem\",\"position\":2,\"name\":\"Im Rollstuhl den Naturpark erleben \u2013 Rollstuhlfahrer\/innen zum Testen von Wanderstrecken gesucht!\"}]},{\"@type\":\"WebSite\",\"@id\":\"https:\/\/www.naturparkmagazin.de\/schwaebisch-fraenkischer-wald\/#website\",\"url\":\"https:\/\/www.naturparkmagazin.de\/schwaebisch-fraenkischer-wald\/\",\"name\":\"Naturpark Schw\u00e4bisch-Fr\u00e4nkischer Wald\",\"description\":\"\",\"potentialAction\":[{\"@type\":\"SearchAction\",\"target\":{\"@type\":\"EntryPoint\",\"urlTemplate\":\"https:\/\/www.naturparkmagazin.de\/schwaebisch-fraenkischer-wald\/?s={search_term_string}\"},\"query-input\":\"required name=search_term_string\"}],\"inLanguage\":\"de\"},{\"@type\":\"Person\",\"@id\":\"https:\/\/www.naturparkmagazin.de\/schwaebisch-fraenkischer-wald\/#\/schema\/person\/f047a3702ae747fd7830cf8ac95e6066\",\"name\":\"Naturpark-Team\",\"sameAs\":[\"http:\/\/www.naturpark-sfw.de\",\"https:\/\/www.facebook.com\/naturparkSFW\"],\"url\":\"https:\/\/www.naturparkmagazin.de\/schwaebisch-fraenkischer-wald\/author\/bernharddrixler\/\"}]}<\/script>\n<!-- \/ Yoast SEO plugin. -->","yoast_head_json":{"title":"Im Rollstuhl den Naturpark erleben \u2013 Rollstuhlfahrer\/innen zum Testen von Wanderstrecken gesucht! - Naturpark Schw\u00e4bisch-Fr\u00e4nkischer Wald","robots":{"index":"index","follow":"follow","max-snippet":"max-snippet:-1","max-image-preview":"max-image-preview:large","max-video-preview":"max-video-preview:-1"},"canonical":"https:\/\/www.naturparkmagazin.de\/schwaebisch-fraenkischer-wald\/im-rollstuhl-den-naturpark-erleben-rollstuhlfahrerinnen-zum-testen-von-wanderstrecken-gesucht\/","og_locale":"de_DE","og_type":"article","og_title":"Im Rollstuhl den Naturpark erleben \u2013 Rollstuhlfahrer\/innen zum Testen von Wanderstrecken gesucht! - Naturpark Schw\u00e4bisch-Fr\u00e4nkischer Wald","og_description":"Rollstuhlfahrer\/innen zum Testen von Wanderstrecken gesucht!","og_url":"https:\/\/www.naturparkmagazin.de\/schwaebisch-fraenkischer-wald\/im-rollstuhl-den-naturpark-erleben-rollstuhlfahrerinnen-zum-testen-von-wanderstrecken-gesucht\/","og_site_name":"Naturpark Schw\u00e4bisch-Fr\u00e4nkischer Wald","article_author":"https:\/\/www.facebook.com\/naturparkSFW","article_published_time":"2017-05-16T07:33:57+00:00","article_modified_time":"2017-05-11T07:41:14+00:00","og_image":[{"width":500,"height":300,"url":"https:\/\/www.naturparkmagazin.de\/schwaebisch-fraenkischer-wald\/wp-content\/uploads\/sites\/34\/150929_Lamawanderung__36__01.jpg","type":"image\/jpeg"}],"author":"Naturpark-Team","twitter_misc":{"Verfasst von":"Naturpark-Team","Gesch\u00e4tzte Lesezeit":"1\u00a0Minute"},"schema":{"@context":"https:\/\/schema.org","@graph":[{"@type":"WebPage","@id":"https:\/\/www.naturparkmagazin.de\/schwaebisch-fraenkischer-wald\/im-rollstuhl-den-naturpark-erleben-rollstuhlfahrerinnen-zum-testen-von-wanderstrecken-gesucht\/","url":"https:\/\/www.naturparkmagazin.de\/schwaebisch-fraenkischer-wald\/im-rollstuhl-den-naturpark-erleben-rollstuhlfahrerinnen-zum-testen-von-wanderstrecken-gesucht\/","name":"Im Rollstuhl den Naturpark erleben \u2013 Rollstuhlfahrer\/innen zum Testen von Wanderstrecken gesucht! - Naturpark Schw\u00e4bisch-Fr\u00e4nkischer Wald","isPartOf":{"@id":"https:\/\/www.naturparkmagazin.de\/schwaebisch-fraenkischer-wald\/#website"},"datePublished":"2017-05-16T07:33:57+00:00","dateModified":"2017-05-11T07:41:14+00:00","author":{"@id":"https:\/\/www.naturparkmagazin.de\/schwaebisch-fraenkischer-wald\/#\/schema\/person\/f047a3702ae747fd7830cf8ac95e6066"},"breadcrumb":{"@id":"https:\/\/www.naturparkmagazin.de\/schwaebisch-fraenkischer-wald\/im-rollstuhl-den-naturpark-erleben-rollstuhlfahrerinnen-zum-testen-von-wanderstrecken-gesucht\/#breadcrumb"},"inLanguage":"de","potentialAction":[{"@type":"ReadAction","target":["https:\/\/www.naturparkmagazin.de\/schwaebisch-fraenkischer-wald\/im-rollstuhl-den-naturpark-erleben-rollstuhlfahrerinnen-zum-testen-von-wanderstrecken-gesucht\/"]}]},{"@type":"BreadcrumbList","@id":"https:\/\/www.naturparkmagazin.de\/schwaebisch-fraenkischer-wald\/im-rollstuhl-den-naturpark-erleben-rollstuhlfahrerinnen-zum-testen-von-wanderstrecken-gesucht\/#breadcrumb","itemListElement":[{"@type":"ListItem","position":1,"name":"Home","item":"https:\/\/www.naturparkmagazin.de\/schwaebisch-fraenkischer-wald\/"},{"@type":"ListItem","position":2,"name":"Im Rollstuhl den Naturpark erleben \u2013 Rollstuhlfahrer\/innen zum Testen von Wanderstrecken gesucht!"}]},{"@type":"WebSite","@id":"https:\/\/www.naturparkmagazin.de\/schwaebisch-fraenkischer-wald\/#website","url":"https:\/\/www.naturparkmagazin.de\/schwaebisch-fraenkischer-wald\/","name":"Naturpark Schw\u00e4bisch-Fr\u00e4nkischer Wald","description":"","potentialAction":[{"@type":"SearchAction","target":{"@type":"EntryPoint","urlTemplate":"https:\/\/www.naturparkmagazin.de\/schwaebisch-fraenkischer-wald\/?s={search_term_string}"},"query-input":"required name=search_term_string"}],"inLanguage":"de"},{"@type":"Person","@id":"https:\/\/www.naturparkmagazin.de\/schwaebisch-fraenkischer-wald\/#\/schema\/person\/f047a3702ae747fd7830cf8ac95e6066","name":"Naturpark-Team","sameAs":["http:\/\/www.naturpark-sfw.de","https:\/\/www.facebook.com\/naturparkSFW"],"url":"https:\/\/www.naturparkmagazin.de\/schwaebisch-fraenkischer-wald\/author\/bernharddrixler\/"}]}},"_links":{"self":[{"href":"https:\/\/www.naturparkmagazin.de\/schwaebisch-fraenkischer-wald\/wp-json\/wp\/v2\/posts\/5036"}],"collection":[{"href":"https:\/\/www.naturparkmagazin.de\/schwaebisch-fraenkischer-wald\/wp-json\/wp\/v2\/posts"}],"about":[{"href":"https:\/\/www.naturparkmagazin.de\/schwaebisch-fraenkischer-wald\/wp-json\/wp\/v2\/types\/post"}],"author":[{"embeddable":true,"href":"https:\/\/www.naturparkmagazin.de\/schwaebisch-fraenkischer-wald\/wp-json\/wp\/v2\/users\/25"}],"replies":[{"embeddable":true,"href":"https:\/\/www.naturparkmagazin.de\/schwaebisch-fraenkischer-wald\/wp-json\/wp\/v2\/comments?post=5036"}],"version-history":[{"count":1,"href":"https:\/\/www.naturparkmagazin.de\/schwaebisch-fraenkischer-wald\/wp-json\/wp\/v2\/posts\/5036\/revisions"}],"predecessor-version":[{"id":5038,"href":"https:\/\/www.naturparkmagazin.de\/schwaebisch-fraenkischer-wald\/wp-json\/wp\/v2\/posts\/5036\/revisions\/5038"}],"wp:featuredmedia":[{"embeddable":true,"href":"https:\/\/www.naturparkmagazin.de\/schwaebisch-fraenkischer-wald\/wp-json\/wp\/v2\/media\/5037"}],"wp:attachment":[{"href":"https:\/\/www.naturparkmagazin.de\/schwaebisch-fraenkischer-wald\/wp-json\/wp\/v2\/media?parent=5036"}],"wp:term":[{"taxonomy":"category","embeddable":true,"href":"https:\/\/www.naturparkmagazin.de\/schwaebisch-fraenkischer-wald\/wp-json\/wp\/v2\/categories?post=5036"},{"taxonomy":"post_tag","embeddable":true,"href":"https:\/\/www.naturparkmagazin.de\/schwaebisch-fraenkischer-wald\/wp-json\/wp\/v2\/tags?post=5036"}],"curies":[{"name":"wp","href":"https:\/\/api.w.org\/{rel}","templated":true}]}}