{"id":5049,"date":"2017-05-16T10:35:39","date_gmt":"2017-05-16T08:35:39","guid":{"rendered":"http:\/\/www.naturparkmagazin.de\/schwaebisch-fraenkischer-wald\/?p=5049"},"modified":"2017-05-11T10:43:36","modified_gmt":"2017-05-11T08:43:36","slug":"brunch-auf-dem-bauernhof-bauerhoefe-gesucht","status":"publish","type":"post","link":"https:\/\/www.naturparkmagazin.de\/schwaebisch-fraenkischer-wald\/brunch-auf-dem-bauernhof-bauerhoefe-gesucht\/","title":{"rendered":"Brunch auf dem Bauernhof &#8211; Bauerh\u00f6fe gesucht"},"content":{"rendered":"<p>Der Naturpark sucht weitere interessierte Betriebe f\u00fcr \u201eBrunch auf dem Bauernhof\u201c 2017!<\/p>\n<div id=\"attachment_5050\" style=\"width: 210px\" class=\"wp-caption alignright\"><a href=\"https:\/\/www.naturparkmagazin.de\/schwaebisch-fraenkischer-wald\/wp-content\/uploads\/sites\/34\/140611_Brunch_Titel-52_bearb.jpg\"><img aria-describedby=\"caption-attachment-5050\" decoding=\"async\" loading=\"lazy\" class=\"size-full wp-image-5050\" src=\"https:\/\/www.naturparkmagazin.de\/schwaebisch-fraenkischer-wald\/wp-content\/uploads\/sites\/34\/140611_Brunch_Titel-52_bearb.jpg\" alt=\"Brunch auf dem Bauernhof - Bauerh\u00f6fe gesucht\" width=\"200\" height=\"200\" srcset=\"https:\/\/www.naturparkmagazin.de\/schwaebisch-fraenkischer-wald\/wp-content\/uploads\/sites\/34\/140611_Brunch_Titel-52_bearb.jpg 200w, https:\/\/www.naturparkmagazin.de\/schwaebisch-fraenkischer-wald\/wp-content\/uploads\/sites\/34\/140611_Brunch_Titel-52_bearb-30x30.jpg 30w\" sizes=\"(max-width: 200px) 100vw, 200px\" \/><\/a><p id=\"caption-attachment-5050\" class=\"wp-caption-text\">Brunch auf dem Bauernhof &#8211; Bauerh\u00f6fe gesucht<\/p><\/div>\n<p>Auch in diesem Jahr findet das gemeinsame Projekt der sieben Naturparke in Baden-W\u00fcrttemberg wieder statt \u2013 der \u201eBrunch auf dem Bauernhof\u201c. Im letzten Jahr konnten wir im Naturpark Schw\u00e4bisch-Fr\u00e4nkischer Wald rund 600 Besucher bei sieben Brunch-Betrieben begr\u00fc\u00dfen. Am Sonntag, den 6. August, hei\u00dft es wieder: Scheunentore auf und Brunchg\u00e4ste hereinspaziert!<\/p>\n<p>Hierf\u00fcr suchen wir landwirtschaftliche Betriebe im Gebiet unseres Naturparks, die einen Brunch anbieten wollen.<\/p>\n<p>Folgende Ziele verfolgt der Naturpark mit dem Brunch:<\/p>\n<ul>\n<li>Sie pr\u00e4sentieren Ihren Betrieb, Ihre Produkte und die Arbeit, die sich dahinter verbirgt, in einem ansprechenden Rahmen.<\/li>\n<li>In der Bev\u00f6lkerung wird das Verst\u00e4ndnis f\u00fcr die Landwirtschaft geweckt und der Kauf einheimischer regionaler Produkte gef\u00f6rdert.<\/li>\n<li>Es wird veranschaulicht, dass Erzeugung und Konsum regionaler Produkte, die Sch\u00f6nheit der Landschaft, die lokale Wirtschaft und der Schutz unserer Natur in enger Verbindung miteinander stehen.<\/li>\n<li>Die Pr\u00e4senz der heimischen Landwirte mit ihrer Funktion als Erzeuger und Landschaftspfleger wird in den Medien (z. B. Zeitung, Internet) erh\u00f6ht.<\/li>\n<li>Die G\u00e4ste sollen die Vielfalt der heimischen Produktpalette und die Qualit\u00e4t der regionalen Lebensmittel kennen und schmecken lernen.<\/li>\n<\/ul>\n<p>Folgende Kriterien sollten die interessierten Betriebe erf\u00fcllen:<\/p>\n<ul>\n<li>Sie sind ein landwirtschaftlicher Betrieb (Haupt- oder Nebenerwerb) und sind motiviert im Rahmen eines gem\u00fctlichen Brunchs Ihren Bauernhof zu pr\u00e4sentieren<\/li>\n<li>Ihr Bauernhof liegt im Naturpark und bietet ein reizvolles Ambiente<\/li>\n<li>Sie k\u00f6nnen ein attraktives B\u00fcffet mit Produkten aus \u00fcberwiegend eigener Herstellung anbieten und bei Erg\u00e4nzungen des Brunch-Angebotes auf lokale oder regionale Partner zur\u00fcckgreifen<\/li>\n<li>Sie k\u00f6nnen genug Helfer mobilisieren, um ca. 30 bis 150 G\u00e4ste zu bewirten. Die G\u00e4stezahlen legen Sie selbst nach Ihren r\u00e4umlichen und organisatorischen Kapazit\u00e4ten fest<\/li>\n<li>Im Falle von schlechtem Wetter sollten Sie \u00fcberdachte Sitzpl\u00e4tze anbieten k\u00f6nnen<\/li>\n<\/ul>\n<p>Wenn wir Ihr Interesse geweckt haben und Sie gerne teilnehmen m\u00f6chten, so melden Sie sich bis zum 21. Mai 2017 bei der Naturparkgesch\u00e4ftsstelle.<\/p>\n<p>Ansprechpartnerin in der Naturparkgesch\u00e4ftsstelle: Lisa-Marie Funke, Marktplatz 8, 71540 Murrhardt, Telefon: 0 71 92 \/ 21 38 86<\/p>\n<p>E-Mail: <a href=\"mailto:lisa-marie.funke@naturpark-sfw.de\" target=\"_blank\">lisa-marie.funke@naturpark-sfw.de<\/a><\/p>\n<p>\u00dcber Ihre Teilnahme freuen wir uns sehr! F\u00fcr weitere Fragen stehen wir Ihnen gerne zur Verf\u00fcgung.<\/p>\n","protected":false},"excerpt":{"rendered":"<p>Bunch auf dem Bauernhof: ein leckeres Rezept f\u00fcr einen gelungenen Sonntag!<\/p>\n","protected":false},"author":25,"featured_media":5050,"comment_status":"open","ping_status":"open","sticky":false,"template":"","format":"standard","meta":[],"categories":[14],"tags":[686],"yoast_head":"<!-- This site is optimized with the Yoast SEO plugin v19.10 - https:\/\/yoast.com\/wordpress\/plugins\/seo\/ -->\n<title>Brunch auf dem Bauernhof - Bauerh\u00f6fe gesucht - Naturpark Schw\u00e4bisch-Fr\u00e4nkischer Wald<\/title>\n<meta name=\"robots\" content=\"index, follow, max-snippet:-1, max-image-preview:large, max-video-preview:-1\" \/>\n<link rel=\"canonical\" href=\"https:\/\/www.naturparkmagazin.de\/schwaebisch-fraenkischer-wald\/brunch-auf-dem-bauernhof-bauerhoefe-gesucht\/\" \/>\n<meta property=\"og:locale\" content=\"de_DE\" \/>\n<meta property=\"og:type\" content=\"article\" \/>\n<meta property=\"og:title\" content=\"Brunch auf dem Bauernhof - Bauerh\u00f6fe gesucht - Naturpark Schw\u00e4bisch-Fr\u00e4nkischer Wald\" \/>\n<meta property=\"og:description\" content=\"Bunch auf dem Bauernhof: ein leckeres Rezept f\u00fcr einen gelungenen Sonntag!\" \/>\n<meta property=\"og:url\" content=\"https:\/\/www.naturparkmagazin.de\/schwaebisch-fraenkischer-wald\/brunch-auf-dem-bauernhof-bauerhoefe-gesucht\/\" \/>\n<meta property=\"og:site_name\" content=\"Naturpark Schw\u00e4bisch-Fr\u00e4nkischer Wald\" \/>\n<meta property=\"article:author\" content=\"https:\/\/www.facebook.com\/naturparkSFW\" \/>\n<meta property=\"article:published_time\" content=\"2017-05-16T08:35:39+00:00\" \/>\n<meta property=\"article:modified_time\" content=\"2017-05-11T08:43:36+00:00\" \/>\n<meta property=\"og:image\" content=\"https:\/\/www.naturparkmagazin.de\/schwaebisch-fraenkischer-wald\/wp-content\/uploads\/sites\/34\/140611_Brunch_Titel-52_bearb.jpg\" \/>\n\t<meta property=\"og:image:width\" content=\"200\" \/>\n\t<meta property=\"og:image:height\" content=\"200\" \/>\n\t<meta property=\"og:image:type\" content=\"image\/jpeg\" \/>\n<meta name=\"author\" content=\"Naturpark-Team\" \/>\n<meta name=\"twitter:label1\" content=\"Verfasst von\" \/>\n\t<meta name=\"twitter:data1\" content=\"Naturpark-Team\" \/>\n\t<meta name=\"twitter:label2\" content=\"Gesch\u00e4tzte Lesezeit\" \/>\n\t<meta name=\"twitter:data2\" content=\"2\u00a0Minuten\" \/>\n<script type=\"application\/ld+json\" class=\"yoast-schema-graph\">{\"@context\":\"https:\/\/schema.org\",\"@graph\":[{\"@type\":\"WebPage\",\"@id\":\"https:\/\/www.naturparkmagazin.de\/schwaebisch-fraenkischer-wald\/brunch-auf-dem-bauernhof-bauerhoefe-gesucht\/\",\"url\":\"https:\/\/www.naturparkmagazin.de\/schwaebisch-fraenkischer-wald\/brunch-auf-dem-bauernhof-bauerhoefe-gesucht\/\",\"name\":\"Brunch auf dem Bauernhof - Bauerh\u00f6fe gesucht - Naturpark Schw\u00e4bisch-Fr\u00e4nkischer Wald\",\"isPartOf\":{\"@id\":\"https:\/\/www.naturparkmagazin.de\/schwaebisch-fraenkischer-wald\/#website\"},\"datePublished\":\"2017-05-16T08:35:39+00:00\",\"dateModified\":\"2017-05-11T08:43:36+00:00\",\"author\":{\"@id\":\"https:\/\/www.naturparkmagazin.de\/schwaebisch-fraenkischer-wald\/#\/schema\/person\/f047a3702ae747fd7830cf8ac95e6066\"},\"breadcrumb\":{\"@id\":\"https:\/\/www.naturparkmagazin.de\/schwaebisch-fraenkischer-wald\/brunch-auf-dem-bauernhof-bauerhoefe-gesucht\/#breadcrumb\"},\"inLanguage\":\"de\",\"potentialAction\":[{\"@type\":\"ReadAction\",\"target\":[\"https:\/\/www.naturparkmagazin.de\/schwaebisch-fraenkischer-wald\/brunch-auf-dem-bauernhof-bauerhoefe-gesucht\/\"]}]},{\"@type\":\"BreadcrumbList\",\"@id\":\"https:\/\/www.naturparkmagazin.de\/schwaebisch-fraenkischer-wald\/brunch-auf-dem-bauernhof-bauerhoefe-gesucht\/#breadcrumb\",\"itemListElement\":[{\"@type\":\"ListItem\",\"position\":1,\"name\":\"Home\",\"item\":\"https:\/\/www.naturparkmagazin.de\/schwaebisch-fraenkischer-wald\/\"},{\"@type\":\"ListItem\",\"position\":2,\"name\":\"Brunch auf dem Bauernhof &#8211; Bauerh\u00f6fe gesucht\"}]},{\"@type\":\"WebSite\",\"@id\":\"https:\/\/www.naturparkmagazin.de\/schwaebisch-fraenkischer-wald\/#website\",\"url\":\"https:\/\/www.naturparkmagazin.de\/schwaebisch-fraenkischer-wald\/\",\"name\":\"Naturpark Schw\u00e4bisch-Fr\u00e4nkischer Wald\",\"description\":\"\",\"potentialAction\":[{\"@type\":\"SearchAction\",\"target\":{\"@type\":\"EntryPoint\",\"urlTemplate\":\"https:\/\/www.naturparkmagazin.de\/schwaebisch-fraenkischer-wald\/?s={search_term_string}\"},\"query-input\":\"required name=search_term_string\"}],\"inLanguage\":\"de\"},{\"@type\":\"Person\",\"@id\":\"https:\/\/www.naturparkmagazin.de\/schwaebisch-fraenkischer-wald\/#\/schema\/person\/f047a3702ae747fd7830cf8ac95e6066\",\"name\":\"Naturpark-Team\",\"sameAs\":[\"http:\/\/www.naturpark-sfw.de\",\"https:\/\/www.facebook.com\/naturparkSFW\"],\"url\":\"https:\/\/www.naturparkmagazin.de\/schwaebisch-fraenkischer-wald\/author\/bernharddrixler\/\"}]}<\/script>\n<!-- \/ Yoast SEO plugin. -->","yoast_head_json":{"title":"Brunch auf dem Bauernhof - Bauerh\u00f6fe gesucht - Naturpark Schw\u00e4bisch-Fr\u00e4nkischer Wald","robots":{"index":"index","follow":"follow","max-snippet":"max-snippet:-1","max-image-preview":"max-image-preview:large","max-video-preview":"max-video-preview:-1"},"canonical":"https:\/\/www.naturparkmagazin.de\/schwaebisch-fraenkischer-wald\/brunch-auf-dem-bauernhof-bauerhoefe-gesucht\/","og_locale":"de_DE","og_type":"article","og_title":"Brunch auf dem Bauernhof - Bauerh\u00f6fe gesucht - Naturpark Schw\u00e4bisch-Fr\u00e4nkischer Wald","og_description":"Bunch auf dem Bauernhof: ein leckeres Rezept f\u00fcr einen gelungenen Sonntag!","og_url":"https:\/\/www.naturparkmagazin.de\/schwaebisch-fraenkischer-wald\/brunch-auf-dem-bauernhof-bauerhoefe-gesucht\/","og_site_name":"Naturpark Schw\u00e4bisch-Fr\u00e4nkischer Wald","article_author":"https:\/\/www.facebook.com\/naturparkSFW","article_published_time":"2017-05-16T08:35:39+00:00","article_modified_time":"2017-05-11T08:43:36+00:00","og_image":[{"width":200,"height":200,"url":"https:\/\/www.naturparkmagazin.de\/schwaebisch-fraenkischer-wald\/wp-content\/uploads\/sites\/34\/140611_Brunch_Titel-52_bearb.jpg","type":"image\/jpeg"}],"author":"Naturpark-Team","twitter_misc":{"Verfasst von":"Naturpark-Team","Gesch\u00e4tzte Lesezeit":"2\u00a0Minuten"},"schema":{"@context":"https:\/\/schema.org","@graph":[{"@type":"WebPage","@id":"https:\/\/www.naturparkmagazin.de\/schwaebisch-fraenkischer-wald\/brunch-auf-dem-bauernhof-bauerhoefe-gesucht\/","url":"https:\/\/www.naturparkmagazin.de\/schwaebisch-fraenkischer-wald\/brunch-auf-dem-bauernhof-bauerhoefe-gesucht\/","name":"Brunch auf dem Bauernhof - Bauerh\u00f6fe gesucht - Naturpark Schw\u00e4bisch-Fr\u00e4nkischer Wald","isPartOf":{"@id":"https:\/\/www.naturparkmagazin.de\/schwaebisch-fraenkischer-wald\/#website"},"datePublished":"2017-05-16T08:35:39+00:00","dateModified":"2017-05-11T08:43:36+00:00","author":{"@id":"https:\/\/www.naturparkmagazin.de\/schwaebisch-fraenkischer-wald\/#\/schema\/person\/f047a3702ae747fd7830cf8ac95e6066"},"breadcrumb":{"@id":"https:\/\/www.naturparkmagazin.de\/schwaebisch-fraenkischer-wald\/brunch-auf-dem-bauernhof-bauerhoefe-gesucht\/#breadcrumb"},"inLanguage":"de","potentialAction":[{"@type":"ReadAction","target":["https:\/\/www.naturparkmagazin.de\/schwaebisch-fraenkischer-wald\/brunch-auf-dem-bauernhof-bauerhoefe-gesucht\/"]}]},{"@type":"BreadcrumbList","@id":"https:\/\/www.naturparkmagazin.de\/schwaebisch-fraenkischer-wald\/brunch-auf-dem-bauernhof-bauerhoefe-gesucht\/#breadcrumb","itemListElement":[{"@type":"ListItem","position":1,"name":"Home","item":"https:\/\/www.naturparkmagazin.de\/schwaebisch-fraenkischer-wald\/"},{"@type":"ListItem","position":2,"name":"Brunch auf dem Bauernhof &#8211; Bauerh\u00f6fe gesucht"}]},{"@type":"WebSite","@id":"https:\/\/www.naturparkmagazin.de\/schwaebisch-fraenkischer-wald\/#website","url":"https:\/\/www.naturparkmagazin.de\/schwaebisch-fraenkischer-wald\/","name":"Naturpark Schw\u00e4bisch-Fr\u00e4nkischer Wald","description":"","potentialAction":[{"@type":"SearchAction","target":{"@type":"EntryPoint","urlTemplate":"https:\/\/www.naturparkmagazin.de\/schwaebisch-fraenkischer-wald\/?s={search_term_string}"},"query-input":"required name=search_term_string"}],"inLanguage":"de"},{"@type":"Person","@id":"https:\/\/www.naturparkmagazin.de\/schwaebisch-fraenkischer-wald\/#\/schema\/person\/f047a3702ae747fd7830cf8ac95e6066","name":"Naturpark-Team","sameAs":["http:\/\/www.naturpark-sfw.de","https:\/\/www.facebook.com\/naturparkSFW"],"url":"https:\/\/www.naturparkmagazin.de\/schwaebisch-fraenkischer-wald\/author\/bernharddrixler\/"}]}},"_links":{"self":[{"href":"https:\/\/www.naturparkmagazin.de\/schwaebisch-fraenkischer-wald\/wp-json\/wp\/v2\/posts\/5049"}],"collection":[{"href":"https:\/\/www.naturparkmagazin.de\/schwaebisch-fraenkischer-wald\/wp-json\/wp\/v2\/posts"}],"about":[{"href":"https:\/\/www.naturparkmagazin.de\/schwaebisch-fraenkischer-wald\/wp-json\/wp\/v2\/types\/post"}],"author":[{"embeddable":true,"href":"https:\/\/www.naturparkmagazin.de\/schwaebisch-fraenkischer-wald\/wp-json\/wp\/v2\/users\/25"}],"replies":[{"embeddable":true,"href":"https:\/\/www.naturparkmagazin.de\/schwaebisch-fraenkischer-wald\/wp-json\/wp\/v2\/comments?post=5049"}],"version-history":[{"count":1,"href":"https:\/\/www.naturparkmagazin.de\/schwaebisch-fraenkischer-wald\/wp-json\/wp\/v2\/posts\/5049\/revisions"}],"predecessor-version":[{"id":5051,"href":"https:\/\/www.naturparkmagazin.de\/schwaebisch-fraenkischer-wald\/wp-json\/wp\/v2\/posts\/5049\/revisions\/5051"}],"wp:featuredmedia":[{"embeddable":true,"href":"https:\/\/www.naturparkmagazin.de\/schwaebisch-fraenkischer-wald\/wp-json\/wp\/v2\/media\/5050"}],"wp:attachment":[{"href":"https:\/\/www.naturparkmagazin.de\/schwaebisch-fraenkischer-wald\/wp-json\/wp\/v2\/media?parent=5049"}],"wp:term":[{"taxonomy":"category","embeddable":true,"href":"https:\/\/www.naturparkmagazin.de\/schwaebisch-fraenkischer-wald\/wp-json\/wp\/v2\/categories?post=5049"},{"taxonomy":"post_tag","embeddable":true,"href":"https:\/\/www.naturparkmagazin.de\/schwaebisch-fraenkischer-wald\/wp-json\/wp\/v2\/tags?post=5049"}],"curies":[{"name":"wp","href":"https:\/\/api.w.org\/{rel}","templated":true}]}}