{"id":5060,"date":"2017-05-16T11:09:40","date_gmt":"2017-05-16T09:09:40","guid":{"rendered":"http:\/\/www.naturparkmagazin.de\/schwaebisch-fraenkischer-wald\/?p=5060"},"modified":"2017-05-11T11:15:39","modified_gmt":"2017-05-11T09:15:39","slug":"blick-zurueck-nach-vorn-unsere-naturparkfuehrerinnen-berichten","status":"publish","type":"post","link":"https:\/\/www.naturparkmagazin.de\/schwaebisch-fraenkischer-wald\/blick-zurueck-nach-vorn-unsere-naturparkfuehrerinnen-berichten\/","title":{"rendered":"Blick zur\u00fcck nach vorn: Unsere Naturparkf\u00fchrerInnen berichten"},"content":{"rendered":"<p>Er\u00f6ffnung der Ausstellung \u201eGanz bsondere Fleckla \u2013 Lieblingspl\u00e4tze der Naturparkf\u00fchrer\u201c<\/p>\n<div id=\"attachment_5061\" style=\"width: 210px\" class=\"wp-caption alignright\"><a href=\"https:\/\/www.naturparkmagazin.de\/schwaebisch-fraenkischer-wald\/wp-content\/uploads\/sites\/34\/170503_-BILD_Er\u00f6ffnung-Ausstellung-Ganz-bsondere-Fleckla_Drixler.jpg\"><img aria-describedby=\"caption-attachment-5061\" decoding=\"async\" loading=\"lazy\" class=\"size-full wp-image-5061\" src=\"https:\/\/www.naturparkmagazin.de\/schwaebisch-fraenkischer-wald\/wp-content\/uploads\/sites\/34\/170503_-BILD_Er\u00f6ffnung-Ausstellung-Ganz-bsondere-Fleckla_Drixler.jpg\" alt=\"Dr. Richard Siegel, Naturpark-Vorsitzender und Landrat des Rems-Murr-Kreises, \u00fcbergibt den beiden Vorsitzenden Sabine R\u00fccker und Walter Hieber das neue Buch \u201eDer Schw\u00e4bische Wald wimmelt\u201c als Geburtstagsgeschenk\" width=\"200\" height=\"200\" srcset=\"https:\/\/www.naturparkmagazin.de\/schwaebisch-fraenkischer-wald\/wp-content\/uploads\/sites\/34\/170503_-BILD_Er\u00f6ffnung-Ausstellung-Ganz-bsondere-Fleckla_Drixler.jpg 200w, https:\/\/www.naturparkmagazin.de\/schwaebisch-fraenkischer-wald\/wp-content\/uploads\/sites\/34\/170503_-BILD_Er\u00f6ffnung-Ausstellung-Ganz-bsondere-Fleckla_Drixler-30x30.jpg 30w\" sizes=\"(max-width: 200px) 100vw, 200px\" \/><\/a><p id=\"caption-attachment-5061\" class=\"wp-caption-text\">Dr. Richard Siegel, Naturpark-Vorsitzender und Landrat des Rems-Murr-Kreises, \u00fcbergibt den beiden Vorsitzenden Sabine R\u00fccker und Walter Hieber das neue Buch \u201eDer Schw\u00e4bische Wald wimmelt\u201c als Geburtstagsgeschenk<\/p><\/div>\n<p>Am 28.04.2017 er\u00f6ffneten die Naturparkf\u00fchrer des Schw\u00e4bisch-Fr\u00e4nkischen Walds ihre Ausstellung \u201eGanz bsondere Fleckla \u2013 Lieblingspl\u00e4tze der Naturparkf\u00fchrer\u201c im Naturparkzentrum in Murrhardt. Dieser Tag wurde mit Bedacht gew\u00e4hlt. Denn exakt an diesem Tag vor 10 Jahren wurde der Verein \u201eDie Naturparkf\u00fchrer Schw\u00e4bisch-Fr\u00e4nkischer Wald e.V.\u201c gegr\u00fcndet. D.h. dass die Naturparkf\u00fchrer dieses Jahr ihr 10j\u00e4hriges Jubil\u00e4um feiern. Und die Ausstellungser\u00f6ffnung markiert den Beginn der anstehenden Jubil\u00e4umsveranstaltungen.<\/p>\n<p>Nach einem vorangegangenen Pressegespr\u00e4ch begr\u00fc\u00dften die beiden Vorsitzenden des Vereins Sabine R\u00fccker und Walter Hieber die anwesenden G\u00e4ste und Naturparkf\u00fchrer im Naturparkzentrum. In den Reden von Armin M\u00f6\u00dfner, Hausherr und B\u00fcrgermeister von Murrhardt, von Dr. Richard Sigel, Naturpark-Vorsitzender und Landrat des Rems-Murr-Kreises, und von Bernhard Drixler, Gesch\u00e4ftsf\u00fchrer des Naturparks, wurde deutlich, dass die Naturparkf\u00fchrer die Botschafter des Naturparks auf der Fl\u00e4che und nach au\u00dfen hin sind. Sowohl Einheimische als auch angereiste Tagesg\u00e4ste besuchen die zahlreichen Veranstaltungen der Naturparkf\u00fchrer. Seit der Gr\u00fcndung ihres Vereins vor zehn Jahren haben sie gesch\u00e4tzt rund 150.000 G\u00e4ste durch den Naturpark Schw\u00e4bisch-Fr\u00e4nkischer Wald begleitet und dabei etwa 40.000 Kilometer zur\u00fcckgelegt \u2013 man k\u00f6nnte auch sagen: einmal um die Erde. 2016 konnte mit \u00fcber 27.800 Besuchern bei 935 Veranstaltungen ein Teilnehmerrekord erzielt werden. \u201eDamit begleiten die Naturparkf\u00fchrer die Einwohner einer Kleinstadt durch den Wald\u201c, kommentierte Murrhardts B\u00fcrgermeister Armin M\u00f6\u00dfner. Gro\u00dfer Dank kam von allen Seiten f\u00fcr die gute und konstruktive Zusammenarbeit.<\/p>\n<p>Passend zu den Geburtstagsfeierlichkeiten bekam auch Bernhard Drixler von Landrat Dr. Richard Siegel eine Urkunde zu seinem diesj\u00e4hrigen 40j\u00e4hrigen Dienstjubil\u00e4um \u00fcberreicht.<\/p>\n<p>Bei allen ihren Veranstaltungen verfolgen die aktuell 38 Naturparkf\u00fchrer ihr Vereinsziel: die F\u00f6rderung der Bildung \u00fcber Natur, Kultur und Heimatgeschichte des Naturparks Schw\u00e4bisch-Fr\u00e4nkischer Wald. Dies erl\u00e4uterte Sabine R\u00fccker in ihrer \u00dcbersicht \u00fcber die Ereignisse der vergangenen 10 Jahre. Bereits in den ersten beiden Jahren nach der Vereinsgr\u00fcndung wurden Natur-Erlebnistage organisiert, welche auch heute noch Bestand haben: z.B. das Natur-Erlebniscamp W\u00fcstenrot, Ebnisee f\u00fcr alle, Naturparktage oder die Naturpark-Schule der Naturparkf\u00fchrer. Seit 2010 existiert die Veranstaltungsbrosch\u00fcre \u201eNaturpark aktiv\u201c, welche die gef\u00fchrten Wanderungen und anderen Aktionen der Naturparkf\u00fchrer innerhalb eines Jahres auflistet. Wie Bernhard Drixler betonte, wird an allen Sonn- und Feiertagen mindestens eine Veranstaltung geboten. Zu den anf\u00e4nglichen Erlebnistagen der Naturparkf\u00fchrer sind mit der Zeit noch viele weitere Projekte hinzugekommen: z.B. die Mainhardter Kostbarkeiten, die 24-Stunden-Wanderung, die gro\u00dfe Pilzausstellung oder die M\u00fchlenweihnacht. Und an neuen Ideen mangelt es den Naturparkf\u00fchrern nicht. Diese Ideen k\u00f6nnen nun Dank dem Sponsor-Partner Haller L\u00f6wenbr\u00e4u auch schneller umgesetzt werden.<\/p>\n<p>Im Anschluss erfolgte mit Sekt und H\u00e4ppchen die offizielle Er\u00f6ffnung der Ausstellung \u201eGanz bsondere Fleckla\u201c durch Beate Siegel und Andrea Schr\u00f6der, welche die Ausstellung konzipiert und umgesetzt haben. In der Ausstellung verraten die Naturparkf\u00fchrer in Bild und kurzem Text ihre ganz pers\u00f6nlichen Lieblingspl\u00e4tze im Naturpark. Von idyllischen Gew\u00e4ssern, \u00fcber buntblumige Wiesen und Felder, Streuobstwiesen, W\u00e4lder, Schluchten, sch\u00f6ne Aussichtspunkte und kulturelle Highlights sind hier alle Facetten des Naturparks vertreten. Die Ausstellung kann noch bis mindestens Ende Juli zu den \u00d6ffnungszeiten des Naturparkzentrums besichtigt werden.<\/p>\n<p>Doch mit der Ausstellungser\u00f6ffnung sind die Feierlichkeiten im Jubil\u00e4umsjahr noch lange nicht zu Ende. W\u00e4hrend des ganzen Jahres geleiten die Naturparkf\u00fchrer ihre G\u00e4ste auch \u201elive\u201c zu ihren Lieblingspl\u00e4tzen und zeigen ihnen diese \u201eGanz bsondere Fleckla\u201c vor Ort. Au\u00dferdem steigt am 17. und 18. Juni unter dem Motto &#8222;Ebbes ganz Bsonders&#8220; die gro\u00dfe Jubil\u00e4umsfeier im Murrhardter Stadtpark.<\/p>\n<p>N\u00e4here Informationen zu diesen und vielen weiteren Terminen finden sich in der \u201eNaturpark aktiv\u201c-Brosch\u00fcre und auf <a href=\"http:\/\/www.die-naturparkfuehrer.de\/\">www.die-naturparkfuehrer.de<\/a>.<\/p>\n","protected":false},"excerpt":{"rendered":"<p>Naturparkf\u00fchrerInnen er\u00f6ffneten Ausstellung \u201eGanz bsondere Fleckla \u2013 Lieblingspl\u00e4tze der Naturparkf\u00fchrer\u201c<\/p>\n","protected":false},"author":25,"featured_media":5061,"comment_status":"open","ping_status":"open","sticky":false,"template":"","format":"standard","meta":[],"categories":[7],"tags":[686],"yoast_head":"<!-- This site is optimized with the Yoast SEO plugin v19.10 - https:\/\/yoast.com\/wordpress\/plugins\/seo\/ -->\n<title>Blick zur\u00fcck nach vorn: Unsere Naturparkf\u00fchrerInnen berichten - Naturpark Schw\u00e4bisch-Fr\u00e4nkischer Wald<\/title>\n<meta name=\"robots\" content=\"index, follow, max-snippet:-1, max-image-preview:large, max-video-preview:-1\" \/>\n<link rel=\"canonical\" href=\"https:\/\/www.naturparkmagazin.de\/schwaebisch-fraenkischer-wald\/blick-zurueck-nach-vorn-unsere-naturparkfuehrerinnen-berichten\/\" \/>\n<meta property=\"og:locale\" content=\"de_DE\" \/>\n<meta property=\"og:type\" content=\"article\" \/>\n<meta property=\"og:title\" content=\"Blick zur\u00fcck nach vorn: Unsere Naturparkf\u00fchrerInnen berichten - Naturpark Schw\u00e4bisch-Fr\u00e4nkischer Wald\" \/>\n<meta property=\"og:description\" content=\"Naturparkf\u00fchrerInnen er\u00f6ffneten Ausstellung \u201eGanz bsondere Fleckla \u2013 Lieblingspl\u00e4tze der Naturparkf\u00fchrer\u201c\" \/>\n<meta property=\"og:url\" content=\"https:\/\/www.naturparkmagazin.de\/schwaebisch-fraenkischer-wald\/blick-zurueck-nach-vorn-unsere-naturparkfuehrerinnen-berichten\/\" \/>\n<meta property=\"og:site_name\" content=\"Naturpark Schw\u00e4bisch-Fr\u00e4nkischer Wald\" \/>\n<meta property=\"article:author\" content=\"https:\/\/www.facebook.com\/naturparkSFW\" \/>\n<meta property=\"article:published_time\" content=\"2017-05-16T09:09:40+00:00\" \/>\n<meta property=\"article:modified_time\" content=\"2017-05-11T09:15:39+00:00\" \/>\n<meta property=\"og:image\" content=\"https:\/\/www.naturparkmagazin.de\/schwaebisch-fraenkischer-wald\/wp-content\/uploads\/sites\/34\/170503_-BILD_Er\u00f6ffnung-Ausstellung-Ganz-bsondere-Fleckla_Drixler.jpg\" \/>\n\t<meta property=\"og:image:width\" content=\"200\" \/>\n\t<meta property=\"og:image:height\" content=\"200\" \/>\n\t<meta property=\"og:image:type\" content=\"image\/jpeg\" \/>\n<meta name=\"author\" content=\"Naturpark-Team\" \/>\n<meta name=\"twitter:label1\" content=\"Verfasst von\" \/>\n\t<meta name=\"twitter:data1\" content=\"Naturpark-Team\" \/>\n\t<meta name=\"twitter:label2\" content=\"Gesch\u00e4tzte Lesezeit\" \/>\n\t<meta name=\"twitter:data2\" content=\"3\u00a0Minuten\" \/>\n<script type=\"application\/ld+json\" class=\"yoast-schema-graph\">{\"@context\":\"https:\/\/schema.org\",\"@graph\":[{\"@type\":\"WebPage\",\"@id\":\"https:\/\/www.naturparkmagazin.de\/schwaebisch-fraenkischer-wald\/blick-zurueck-nach-vorn-unsere-naturparkfuehrerinnen-berichten\/\",\"url\":\"https:\/\/www.naturparkmagazin.de\/schwaebisch-fraenkischer-wald\/blick-zurueck-nach-vorn-unsere-naturparkfuehrerinnen-berichten\/\",\"name\":\"Blick zur\u00fcck nach vorn: Unsere Naturparkf\u00fchrerInnen berichten - Naturpark Schw\u00e4bisch-Fr\u00e4nkischer Wald\",\"isPartOf\":{\"@id\":\"https:\/\/www.naturparkmagazin.de\/schwaebisch-fraenkischer-wald\/#website\"},\"datePublished\":\"2017-05-16T09:09:40+00:00\",\"dateModified\":\"2017-05-11T09:15:39+00:00\",\"author\":{\"@id\":\"https:\/\/www.naturparkmagazin.de\/schwaebisch-fraenkischer-wald\/#\/schema\/person\/f047a3702ae747fd7830cf8ac95e6066\"},\"breadcrumb\":{\"@id\":\"https:\/\/www.naturparkmagazin.de\/schwaebisch-fraenkischer-wald\/blick-zurueck-nach-vorn-unsere-naturparkfuehrerinnen-berichten\/#breadcrumb\"},\"inLanguage\":\"de\",\"potentialAction\":[{\"@type\":\"ReadAction\",\"target\":[\"https:\/\/www.naturparkmagazin.de\/schwaebisch-fraenkischer-wald\/blick-zurueck-nach-vorn-unsere-naturparkfuehrerinnen-berichten\/\"]}]},{\"@type\":\"BreadcrumbList\",\"@id\":\"https:\/\/www.naturparkmagazin.de\/schwaebisch-fraenkischer-wald\/blick-zurueck-nach-vorn-unsere-naturparkfuehrerinnen-berichten\/#breadcrumb\",\"itemListElement\":[{\"@type\":\"ListItem\",\"position\":1,\"name\":\"Home\",\"item\":\"https:\/\/www.naturparkmagazin.de\/schwaebisch-fraenkischer-wald\/\"},{\"@type\":\"ListItem\",\"position\":2,\"name\":\"Blick zur\u00fcck nach vorn: Unsere Naturparkf\u00fchrerInnen berichten\"}]},{\"@type\":\"WebSite\",\"@id\":\"https:\/\/www.naturparkmagazin.de\/schwaebisch-fraenkischer-wald\/#website\",\"url\":\"https:\/\/www.naturparkmagazin.de\/schwaebisch-fraenkischer-wald\/\",\"name\":\"Naturpark Schw\u00e4bisch-Fr\u00e4nkischer Wald\",\"description\":\"\",\"potentialAction\":[{\"@type\":\"SearchAction\",\"target\":{\"@type\":\"EntryPoint\",\"urlTemplate\":\"https:\/\/www.naturparkmagazin.de\/schwaebisch-fraenkischer-wald\/?s={search_term_string}\"},\"query-input\":\"required name=search_term_string\"}],\"inLanguage\":\"de\"},{\"@type\":\"Person\",\"@id\":\"https:\/\/www.naturparkmagazin.de\/schwaebisch-fraenkischer-wald\/#\/schema\/person\/f047a3702ae747fd7830cf8ac95e6066\",\"name\":\"Naturpark-Team\",\"sameAs\":[\"http:\/\/www.naturpark-sfw.de\",\"https:\/\/www.facebook.com\/naturparkSFW\"],\"url\":\"https:\/\/www.naturparkmagazin.de\/schwaebisch-fraenkischer-wald\/author\/bernharddrixler\/\"}]}<\/script>\n<!-- \/ Yoast SEO plugin. -->","yoast_head_json":{"title":"Blick zur\u00fcck nach vorn: Unsere Naturparkf\u00fchrerInnen berichten - Naturpark Schw\u00e4bisch-Fr\u00e4nkischer Wald","robots":{"index":"index","follow":"follow","max-snippet":"max-snippet:-1","max-image-preview":"max-image-preview:large","max-video-preview":"max-video-preview:-1"},"canonical":"https:\/\/www.naturparkmagazin.de\/schwaebisch-fraenkischer-wald\/blick-zurueck-nach-vorn-unsere-naturparkfuehrerinnen-berichten\/","og_locale":"de_DE","og_type":"article","og_title":"Blick zur\u00fcck nach vorn: Unsere Naturparkf\u00fchrerInnen berichten - Naturpark Schw\u00e4bisch-Fr\u00e4nkischer Wald","og_description":"Naturparkf\u00fchrerInnen er\u00f6ffneten Ausstellung \u201eGanz bsondere Fleckla \u2013 Lieblingspl\u00e4tze der Naturparkf\u00fchrer\u201c","og_url":"https:\/\/www.naturparkmagazin.de\/schwaebisch-fraenkischer-wald\/blick-zurueck-nach-vorn-unsere-naturparkfuehrerinnen-berichten\/","og_site_name":"Naturpark Schw\u00e4bisch-Fr\u00e4nkischer Wald","article_author":"https:\/\/www.facebook.com\/naturparkSFW","article_published_time":"2017-05-16T09:09:40+00:00","article_modified_time":"2017-05-11T09:15:39+00:00","og_image":[{"width":200,"height":200,"url":"https:\/\/www.naturparkmagazin.de\/schwaebisch-fraenkischer-wald\/wp-content\/uploads\/sites\/34\/170503_-BILD_Er\u00f6ffnung-Ausstellung-Ganz-bsondere-Fleckla_Drixler.jpg","type":"image\/jpeg"}],"author":"Naturpark-Team","twitter_misc":{"Verfasst von":"Naturpark-Team","Gesch\u00e4tzte Lesezeit":"3\u00a0Minuten"},"schema":{"@context":"https:\/\/schema.org","@graph":[{"@type":"WebPage","@id":"https:\/\/www.naturparkmagazin.de\/schwaebisch-fraenkischer-wald\/blick-zurueck-nach-vorn-unsere-naturparkfuehrerinnen-berichten\/","url":"https:\/\/www.naturparkmagazin.de\/schwaebisch-fraenkischer-wald\/blick-zurueck-nach-vorn-unsere-naturparkfuehrerinnen-berichten\/","name":"Blick zur\u00fcck nach vorn: Unsere Naturparkf\u00fchrerInnen berichten - Naturpark Schw\u00e4bisch-Fr\u00e4nkischer Wald","isPartOf":{"@id":"https:\/\/www.naturparkmagazin.de\/schwaebisch-fraenkischer-wald\/#website"},"datePublished":"2017-05-16T09:09:40+00:00","dateModified":"2017-05-11T09:15:39+00:00","author":{"@id":"https:\/\/www.naturparkmagazin.de\/schwaebisch-fraenkischer-wald\/#\/schema\/person\/f047a3702ae747fd7830cf8ac95e6066"},"breadcrumb":{"@id":"https:\/\/www.naturparkmagazin.de\/schwaebisch-fraenkischer-wald\/blick-zurueck-nach-vorn-unsere-naturparkfuehrerinnen-berichten\/#breadcrumb"},"inLanguage":"de","potentialAction":[{"@type":"ReadAction","target":["https:\/\/www.naturparkmagazin.de\/schwaebisch-fraenkischer-wald\/blick-zurueck-nach-vorn-unsere-naturparkfuehrerinnen-berichten\/"]}]},{"@type":"BreadcrumbList","@id":"https:\/\/www.naturparkmagazin.de\/schwaebisch-fraenkischer-wald\/blick-zurueck-nach-vorn-unsere-naturparkfuehrerinnen-berichten\/#breadcrumb","itemListElement":[{"@type":"ListItem","position":1,"name":"Home","item":"https:\/\/www.naturparkmagazin.de\/schwaebisch-fraenkischer-wald\/"},{"@type":"ListItem","position":2,"name":"Blick zur\u00fcck nach vorn: Unsere Naturparkf\u00fchrerInnen berichten"}]},{"@type":"WebSite","@id":"https:\/\/www.naturparkmagazin.de\/schwaebisch-fraenkischer-wald\/#website","url":"https:\/\/www.naturparkmagazin.de\/schwaebisch-fraenkischer-wald\/","name":"Naturpark Schw\u00e4bisch-Fr\u00e4nkischer Wald","description":"","potentialAction":[{"@type":"SearchAction","target":{"@type":"EntryPoint","urlTemplate":"https:\/\/www.naturparkmagazin.de\/schwaebisch-fraenkischer-wald\/?s={search_term_string}"},"query-input":"required name=search_term_string"}],"inLanguage":"de"},{"@type":"Person","@id":"https:\/\/www.naturparkmagazin.de\/schwaebisch-fraenkischer-wald\/#\/schema\/person\/f047a3702ae747fd7830cf8ac95e6066","name":"Naturpark-Team","sameAs":["http:\/\/www.naturpark-sfw.de","https:\/\/www.facebook.com\/naturparkSFW"],"url":"https:\/\/www.naturparkmagazin.de\/schwaebisch-fraenkischer-wald\/author\/bernharddrixler\/"}]}},"_links":{"self":[{"href":"https:\/\/www.naturparkmagazin.de\/schwaebisch-fraenkischer-wald\/wp-json\/wp\/v2\/posts\/5060"}],"collection":[{"href":"https:\/\/www.naturparkmagazin.de\/schwaebisch-fraenkischer-wald\/wp-json\/wp\/v2\/posts"}],"about":[{"href":"https:\/\/www.naturparkmagazin.de\/schwaebisch-fraenkischer-wald\/wp-json\/wp\/v2\/types\/post"}],"author":[{"embeddable":true,"href":"https:\/\/www.naturparkmagazin.de\/schwaebisch-fraenkischer-wald\/wp-json\/wp\/v2\/users\/25"}],"replies":[{"embeddable":true,"href":"https:\/\/www.naturparkmagazin.de\/schwaebisch-fraenkischer-wald\/wp-json\/wp\/v2\/comments?post=5060"}],"version-history":[{"count":1,"href":"https:\/\/www.naturparkmagazin.de\/schwaebisch-fraenkischer-wald\/wp-json\/wp\/v2\/posts\/5060\/revisions"}],"predecessor-version":[{"id":5062,"href":"https:\/\/www.naturparkmagazin.de\/schwaebisch-fraenkischer-wald\/wp-json\/wp\/v2\/posts\/5060\/revisions\/5062"}],"wp:featuredmedia":[{"embeddable":true,"href":"https:\/\/www.naturparkmagazin.de\/schwaebisch-fraenkischer-wald\/wp-json\/wp\/v2\/media\/5061"}],"wp:attachment":[{"href":"https:\/\/www.naturparkmagazin.de\/schwaebisch-fraenkischer-wald\/wp-json\/wp\/v2\/media?parent=5060"}],"wp:term":[{"taxonomy":"category","embeddable":true,"href":"https:\/\/www.naturparkmagazin.de\/schwaebisch-fraenkischer-wald\/wp-json\/wp\/v2\/categories?post=5060"},{"taxonomy":"post_tag","embeddable":true,"href":"https:\/\/www.naturparkmagazin.de\/schwaebisch-fraenkischer-wald\/wp-json\/wp\/v2\/tags?post=5060"}],"curies":[{"name":"wp","href":"https:\/\/api.w.org\/{rel}","templated":true}]}}