{"id":5154,"date":"2017-06-18T14:39:03","date_gmt":"2017-06-18T12:39:03","guid":{"rendered":"http:\/\/www.naturparkmagazin.de\/schwaebisch-fraenkischer-wald\/?p=5154"},"modified":"2017-05-23T14:53:31","modified_gmt":"2017-05-23T12:53:31","slug":"sonnwendfeier-zwischen-volksfest-und-mystischem-kult","status":"publish","type":"post","link":"https:\/\/www.naturparkmagazin.de\/schwaebisch-fraenkischer-wald\/sonnwendfeier-zwischen-volksfest-und-mystischem-kult\/","title":{"rendered":"Sonnwendfeier &#8211; zwischen Volksfest und mystischem Kult"},"content":{"rendered":"<p>Am 21. Juni ist Sommeranfang. Richtig dunkel wird es in unseren Breiten an diesem Tag erst um 22:40 Uhr.\u00a0 Die Morgend\u00e4mmerung beginnt schon wieder um 4.30. Ab dem 22. Juni werden die Tage dann langsam wieder k\u00fcrzer.<\/p>\n<p>Vor- und Fr\u00fchgeschichtler vermuten, dass schon unsere Vorfahren die Sommersonnenwende gefeiert haben. F\u00fcr sie, die auf die Sonne als Quelle von Licht und W\u00e4rme angewiesen waren, bedeutete die Sonnenwende sicherlich ein wichtiges Datum.<\/p>\n<div id=\"attachment_5155\" style=\"width: 510px\" class=\"wp-caption aligncenter\"><a href=\"https:\/\/www.naturparkmagazin.de\/schwaebisch-fraenkischer-wald\/wp-content\/uploads\/sites\/34\/170701_FOTOSonnwendfeier_Alfdorf_q.jpg\"><img aria-describedby=\"caption-attachment-5155\" decoding=\"async\" loading=\"lazy\" class=\"size-full wp-image-5155\" src=\"https:\/\/www.naturparkmagazin.de\/schwaebisch-fraenkischer-wald\/wp-content\/uploads\/sites\/34\/170701_FOTOSonnwendfeier_Alfdorf_q.jpg\" alt=\"Sonnwendfeier - zwischen Volksfest und mystischem Kult\" width=\"500\" height=\"300\" srcset=\"https:\/\/www.naturparkmagazin.de\/schwaebisch-fraenkischer-wald\/wp-content\/uploads\/sites\/34\/170701_FOTOSonnwendfeier_Alfdorf_q.jpg 500w, https:\/\/www.naturparkmagazin.de\/schwaebisch-fraenkischer-wald\/wp-content\/uploads\/sites\/34\/170701_FOTOSonnwendfeier_Alfdorf_q-300x180.jpg 300w, https:\/\/www.naturparkmagazin.de\/schwaebisch-fraenkischer-wald\/wp-content\/uploads\/sites\/34\/170701_FOTOSonnwendfeier_Alfdorf_q-200x120.jpg 200w\" sizes=\"(max-width: 500px) 100vw, 500px\" \/><\/a><p id=\"caption-attachment-5155\" class=\"wp-caption-text\">Sonnwendfeier &#8211; zwischen Volksfest und mystischem Kult<\/p><\/div>\n<p>Schon vor der Christianisierung feierte die heidnische Bev\u00f6lkerung Europas ein Fest zur Sonnenwende. Die Devise der Kirche war damals, den Heiden in ihren Br\u00e4uchen so weit wie m\u00f6glich entgegenzukommen: Die Sonnwendfeier wurde kurzerhand in ein christliches Fest umgewandelt und auf den Johannistag am 24. Juni (Geburtstag von Johannes dem T\u00e4ufer) verlegt. Gefeiert wurde weiterhin mit einem gro\u00dfem Feuer in der Sommernacht, ab jetzt wurde es \u201eJohannisfeuer\u201c genannt.<\/p>\n<p>(Text: www.alfdorf.albverein.eu)<\/p>\n","protected":false},"excerpt":{"rendered":"<p>Die k\u00fcrzeste Nacht, der l\u00e4ngsteTag im Jahr<\/p>\n","protected":false},"author":25,"featured_media":5155,"comment_status":"open","ping_status":"open","sticky":false,"template":"","format":"standard","meta":[],"categories":[10],"tags":[686],"yoast_head":"<!-- This site is optimized with the Yoast SEO plugin v19.10 - https:\/\/yoast.com\/wordpress\/plugins\/seo\/ -->\n<title>Sonnwendfeier - zwischen Volksfest und mystischem Kult - Naturpark Schw\u00e4bisch-Fr\u00e4nkischer Wald<\/title>\n<meta name=\"robots\" content=\"index, follow, max-snippet:-1, max-image-preview:large, max-video-preview:-1\" \/>\n<link rel=\"canonical\" href=\"https:\/\/www.naturparkmagazin.de\/schwaebisch-fraenkischer-wald\/sonnwendfeier-zwischen-volksfest-und-mystischem-kult\/\" \/>\n<meta property=\"og:locale\" content=\"de_DE\" \/>\n<meta property=\"og:type\" content=\"article\" \/>\n<meta property=\"og:title\" content=\"Sonnwendfeier - zwischen Volksfest und mystischem Kult - Naturpark Schw\u00e4bisch-Fr\u00e4nkischer Wald\" \/>\n<meta property=\"og:description\" content=\"Die k\u00fcrzeste Nacht, der l\u00e4ngsteTag im Jahr\" \/>\n<meta property=\"og:url\" content=\"https:\/\/www.naturparkmagazin.de\/schwaebisch-fraenkischer-wald\/sonnwendfeier-zwischen-volksfest-und-mystischem-kult\/\" \/>\n<meta property=\"og:site_name\" content=\"Naturpark Schw\u00e4bisch-Fr\u00e4nkischer Wald\" \/>\n<meta property=\"article:author\" content=\"https:\/\/www.facebook.com\/naturparkSFW\" \/>\n<meta property=\"article:published_time\" content=\"2017-06-18T12:39:03+00:00\" \/>\n<meta property=\"article:modified_time\" content=\"2017-05-23T12:53:31+00:00\" \/>\n<meta property=\"og:image\" content=\"https:\/\/www.naturparkmagazin.de\/schwaebisch-fraenkischer-wald\/wp-content\/uploads\/sites\/34\/170701_FOTOSonnwendfeier_Alfdorf_q.jpg\" \/>\n\t<meta property=\"og:image:width\" content=\"500\" \/>\n\t<meta property=\"og:image:height\" content=\"300\" \/>\n\t<meta property=\"og:image:type\" content=\"image\/jpeg\" \/>\n<meta name=\"author\" content=\"Naturpark-Team\" \/>\n<meta name=\"twitter:label1\" content=\"Verfasst von\" \/>\n\t<meta name=\"twitter:data1\" content=\"Naturpark-Team\" \/>\n\t<meta name=\"twitter:label2\" content=\"Gesch\u00e4tzte Lesezeit\" \/>\n\t<meta name=\"twitter:data2\" content=\"1\u00a0Minute\" \/>\n<script type=\"application\/ld+json\" class=\"yoast-schema-graph\">{\"@context\":\"https:\/\/schema.org\",\"@graph\":[{\"@type\":\"WebPage\",\"@id\":\"https:\/\/www.naturparkmagazin.de\/schwaebisch-fraenkischer-wald\/sonnwendfeier-zwischen-volksfest-und-mystischem-kult\/\",\"url\":\"https:\/\/www.naturparkmagazin.de\/schwaebisch-fraenkischer-wald\/sonnwendfeier-zwischen-volksfest-und-mystischem-kult\/\",\"name\":\"Sonnwendfeier - zwischen Volksfest und mystischem Kult - Naturpark Schw\u00e4bisch-Fr\u00e4nkischer Wald\",\"isPartOf\":{\"@id\":\"https:\/\/www.naturparkmagazin.de\/schwaebisch-fraenkischer-wald\/#website\"},\"datePublished\":\"2017-06-18T12:39:03+00:00\",\"dateModified\":\"2017-05-23T12:53:31+00:00\",\"author\":{\"@id\":\"https:\/\/www.naturparkmagazin.de\/schwaebisch-fraenkischer-wald\/#\/schema\/person\/f047a3702ae747fd7830cf8ac95e6066\"},\"breadcrumb\":{\"@id\":\"https:\/\/www.naturparkmagazin.de\/schwaebisch-fraenkischer-wald\/sonnwendfeier-zwischen-volksfest-und-mystischem-kult\/#breadcrumb\"},\"inLanguage\":\"de\",\"potentialAction\":[{\"@type\":\"ReadAction\",\"target\":[\"https:\/\/www.naturparkmagazin.de\/schwaebisch-fraenkischer-wald\/sonnwendfeier-zwischen-volksfest-und-mystischem-kult\/\"]}]},{\"@type\":\"BreadcrumbList\",\"@id\":\"https:\/\/www.naturparkmagazin.de\/schwaebisch-fraenkischer-wald\/sonnwendfeier-zwischen-volksfest-und-mystischem-kult\/#breadcrumb\",\"itemListElement\":[{\"@type\":\"ListItem\",\"position\":1,\"name\":\"Home\",\"item\":\"https:\/\/www.naturparkmagazin.de\/schwaebisch-fraenkischer-wald\/\"},{\"@type\":\"ListItem\",\"position\":2,\"name\":\"Sonnwendfeier &#8211; zwischen Volksfest und mystischem Kult\"}]},{\"@type\":\"WebSite\",\"@id\":\"https:\/\/www.naturparkmagazin.de\/schwaebisch-fraenkischer-wald\/#website\",\"url\":\"https:\/\/www.naturparkmagazin.de\/schwaebisch-fraenkischer-wald\/\",\"name\":\"Naturpark Schw\u00e4bisch-Fr\u00e4nkischer Wald\",\"description\":\"\",\"potentialAction\":[{\"@type\":\"SearchAction\",\"target\":{\"@type\":\"EntryPoint\",\"urlTemplate\":\"https:\/\/www.naturparkmagazin.de\/schwaebisch-fraenkischer-wald\/?s={search_term_string}\"},\"query-input\":\"required name=search_term_string\"}],\"inLanguage\":\"de\"},{\"@type\":\"Person\",\"@id\":\"https:\/\/www.naturparkmagazin.de\/schwaebisch-fraenkischer-wald\/#\/schema\/person\/f047a3702ae747fd7830cf8ac95e6066\",\"name\":\"Naturpark-Team\",\"sameAs\":[\"http:\/\/www.naturpark-sfw.de\",\"https:\/\/www.facebook.com\/naturparkSFW\"],\"url\":\"https:\/\/www.naturparkmagazin.de\/schwaebisch-fraenkischer-wald\/author\/bernharddrixler\/\"}]}<\/script>\n<!-- \/ Yoast SEO plugin. -->","yoast_head_json":{"title":"Sonnwendfeier - zwischen Volksfest und mystischem Kult - Naturpark Schw\u00e4bisch-Fr\u00e4nkischer Wald","robots":{"index":"index","follow":"follow","max-snippet":"max-snippet:-1","max-image-preview":"max-image-preview:large","max-video-preview":"max-video-preview:-1"},"canonical":"https:\/\/www.naturparkmagazin.de\/schwaebisch-fraenkischer-wald\/sonnwendfeier-zwischen-volksfest-und-mystischem-kult\/","og_locale":"de_DE","og_type":"article","og_title":"Sonnwendfeier - zwischen Volksfest und mystischem Kult - Naturpark Schw\u00e4bisch-Fr\u00e4nkischer Wald","og_description":"Die k\u00fcrzeste Nacht, der l\u00e4ngsteTag im Jahr","og_url":"https:\/\/www.naturparkmagazin.de\/schwaebisch-fraenkischer-wald\/sonnwendfeier-zwischen-volksfest-und-mystischem-kult\/","og_site_name":"Naturpark Schw\u00e4bisch-Fr\u00e4nkischer Wald","article_author":"https:\/\/www.facebook.com\/naturparkSFW","article_published_time":"2017-06-18T12:39:03+00:00","article_modified_time":"2017-05-23T12:53:31+00:00","og_image":[{"width":500,"height":300,"url":"https:\/\/www.naturparkmagazin.de\/schwaebisch-fraenkischer-wald\/wp-content\/uploads\/sites\/34\/170701_FOTOSonnwendfeier_Alfdorf_q.jpg","type":"image\/jpeg"}],"author":"Naturpark-Team","twitter_misc":{"Verfasst von":"Naturpark-Team","Gesch\u00e4tzte Lesezeit":"1\u00a0Minute"},"schema":{"@context":"https:\/\/schema.org","@graph":[{"@type":"WebPage","@id":"https:\/\/www.naturparkmagazin.de\/schwaebisch-fraenkischer-wald\/sonnwendfeier-zwischen-volksfest-und-mystischem-kult\/","url":"https:\/\/www.naturparkmagazin.de\/schwaebisch-fraenkischer-wald\/sonnwendfeier-zwischen-volksfest-und-mystischem-kult\/","name":"Sonnwendfeier - zwischen Volksfest und mystischem Kult - Naturpark Schw\u00e4bisch-Fr\u00e4nkischer Wald","isPartOf":{"@id":"https:\/\/www.naturparkmagazin.de\/schwaebisch-fraenkischer-wald\/#website"},"datePublished":"2017-06-18T12:39:03+00:00","dateModified":"2017-05-23T12:53:31+00:00","author":{"@id":"https:\/\/www.naturparkmagazin.de\/schwaebisch-fraenkischer-wald\/#\/schema\/person\/f047a3702ae747fd7830cf8ac95e6066"},"breadcrumb":{"@id":"https:\/\/www.naturparkmagazin.de\/schwaebisch-fraenkischer-wald\/sonnwendfeier-zwischen-volksfest-und-mystischem-kult\/#breadcrumb"},"inLanguage":"de","potentialAction":[{"@type":"ReadAction","target":["https:\/\/www.naturparkmagazin.de\/schwaebisch-fraenkischer-wald\/sonnwendfeier-zwischen-volksfest-und-mystischem-kult\/"]}]},{"@type":"BreadcrumbList","@id":"https:\/\/www.naturparkmagazin.de\/schwaebisch-fraenkischer-wald\/sonnwendfeier-zwischen-volksfest-und-mystischem-kult\/#breadcrumb","itemListElement":[{"@type":"ListItem","position":1,"name":"Home","item":"https:\/\/www.naturparkmagazin.de\/schwaebisch-fraenkischer-wald\/"},{"@type":"ListItem","position":2,"name":"Sonnwendfeier &#8211; zwischen Volksfest und mystischem Kult"}]},{"@type":"WebSite","@id":"https:\/\/www.naturparkmagazin.de\/schwaebisch-fraenkischer-wald\/#website","url":"https:\/\/www.naturparkmagazin.de\/schwaebisch-fraenkischer-wald\/","name":"Naturpark Schw\u00e4bisch-Fr\u00e4nkischer Wald","description":"","potentialAction":[{"@type":"SearchAction","target":{"@type":"EntryPoint","urlTemplate":"https:\/\/www.naturparkmagazin.de\/schwaebisch-fraenkischer-wald\/?s={search_term_string}"},"query-input":"required name=search_term_string"}],"inLanguage":"de"},{"@type":"Person","@id":"https:\/\/www.naturparkmagazin.de\/schwaebisch-fraenkischer-wald\/#\/schema\/person\/f047a3702ae747fd7830cf8ac95e6066","name":"Naturpark-Team","sameAs":["http:\/\/www.naturpark-sfw.de","https:\/\/www.facebook.com\/naturparkSFW"],"url":"https:\/\/www.naturparkmagazin.de\/schwaebisch-fraenkischer-wald\/author\/bernharddrixler\/"}]}},"_links":{"self":[{"href":"https:\/\/www.naturparkmagazin.de\/schwaebisch-fraenkischer-wald\/wp-json\/wp\/v2\/posts\/5154"}],"collection":[{"href":"https:\/\/www.naturparkmagazin.de\/schwaebisch-fraenkischer-wald\/wp-json\/wp\/v2\/posts"}],"about":[{"href":"https:\/\/www.naturparkmagazin.de\/schwaebisch-fraenkischer-wald\/wp-json\/wp\/v2\/types\/post"}],"author":[{"embeddable":true,"href":"https:\/\/www.naturparkmagazin.de\/schwaebisch-fraenkischer-wald\/wp-json\/wp\/v2\/users\/25"}],"replies":[{"embeddable":true,"href":"https:\/\/www.naturparkmagazin.de\/schwaebisch-fraenkischer-wald\/wp-json\/wp\/v2\/comments?post=5154"}],"version-history":[{"count":1,"href":"https:\/\/www.naturparkmagazin.de\/schwaebisch-fraenkischer-wald\/wp-json\/wp\/v2\/posts\/5154\/revisions"}],"predecessor-version":[{"id":5156,"href":"https:\/\/www.naturparkmagazin.de\/schwaebisch-fraenkischer-wald\/wp-json\/wp\/v2\/posts\/5154\/revisions\/5156"}],"wp:featuredmedia":[{"embeddable":true,"href":"https:\/\/www.naturparkmagazin.de\/schwaebisch-fraenkischer-wald\/wp-json\/wp\/v2\/media\/5155"}],"wp:attachment":[{"href":"https:\/\/www.naturparkmagazin.de\/schwaebisch-fraenkischer-wald\/wp-json\/wp\/v2\/media?parent=5154"}],"wp:term":[{"taxonomy":"category","embeddable":true,"href":"https:\/\/www.naturparkmagazin.de\/schwaebisch-fraenkischer-wald\/wp-json\/wp\/v2\/categories?post=5154"},{"taxonomy":"post_tag","embeddable":true,"href":"https:\/\/www.naturparkmagazin.de\/schwaebisch-fraenkischer-wald\/wp-json\/wp\/v2\/tags?post=5154"}],"curies":[{"name":"wp","href":"https:\/\/api.w.org\/{rel}","templated":true}]}}