{"id":5204,"date":"2017-06-19T13:59:40","date_gmt":"2017-06-19T11:59:40","guid":{"rendered":"http:\/\/www.naturparkmagazin.de\/schwaebisch-fraenkischer-wald\/?p=5204"},"modified":"2017-06-19T13:59:40","modified_gmt":"2017-06-19T11:59:40","slug":"brunch-auf-dem-bauernhof-3","status":"publish","type":"post","link":"https:\/\/www.naturparkmagazin.de\/schwaebisch-fraenkischer-wald\/brunch-auf-dem-bauernhof-3\/","title":{"rendered":"Brunch auf dem Bauernhof"},"content":{"rendered":"<p>Willkommen beim Brunch auf dem Bauernhof 2017!<\/p>\n<div id=\"attachment_5205\" style=\"width: 210px\" class=\"wp-caption alignright\"><a href=\"https:\/\/www.naturparkmagazin.de\/schwaebisch-fraenkischer-wald\/wp-content\/uploads\/sites\/34\/070525_Kuh_Wiese_-103_Titelseite.jpg\"><img aria-describedby=\"caption-attachment-5205\" decoding=\"async\" loading=\"lazy\" class=\"size-full wp-image-5205\" src=\"https:\/\/www.naturparkmagazin.de\/schwaebisch-fraenkischer-wald\/wp-content\/uploads\/sites\/34\/070525_Kuh_Wiese_-103_Titelseite.jpg\" alt=\"Brunch auf dem Bauernhof 2017\" width=\"200\" height=\"200\" srcset=\"https:\/\/www.naturparkmagazin.de\/schwaebisch-fraenkischer-wald\/wp-content\/uploads\/sites\/34\/070525_Kuh_Wiese_-103_Titelseite.jpg 200w, https:\/\/www.naturparkmagazin.de\/schwaebisch-fraenkischer-wald\/wp-content\/uploads\/sites\/34\/070525_Kuh_Wiese_-103_Titelseite-30x30.jpg 30w\" sizes=\"(max-width: 200px) 100vw, 200px\" \/><\/a><p id=\"caption-attachment-5205\" class=\"wp-caption-text\">Brunch auf dem Bauernhof 2017<\/p><\/div>\n<p>Am Sonntag, den 6. August, hei\u00dft es im Naturpark Schw\u00e4bisch-Fr\u00e4nkischer Wald Scheunentore auf und Brunchg\u00e4ste hereinspaziert. Sieben H\u00f6fe aus dem Naturpark laden Sie herzlich ein, einen Tag Landluft zu schnuppern und die regional produzierten K\u00f6stlichkeiten unserer hiesigen Landwirte zu genie\u00dfen. Lernen Sie die Menschen pers\u00f6nlich kennen, die f\u00fcr unsere Region Lebensmittel produzieren und nebenbei die vielf\u00e4ltige Kulturlandschaft erhalten.<\/p>\n<p>Anmelden k\u00f6nnen Sie sich bis <strong>24. Juli<\/strong> direkt bei den teilnehmenden H\u00f6fen:<\/p>\n<p>Hofk\u00e4serei Bundschuh, Mainhardt\n<a href=\"http:\/\/www.hofkaeserei-bundschuh.de\/\">www.hofkaeserei-bundschuh.de<\/a><\/p>\n<p>L\u00e4dle im Riegenhof, Mainhardt\n<a href=\"http:\/\/www.biolaedle.de\">www.biolaedle.de<\/a><\/p>\n<p>Kornberger Viehstall, Oberrot-Kornberg\n<a href=\"http:\/\/www.kornberger-viehstall.de\/\">www.kornberger-viehstall.de<\/a><\/p>\n<p>Uhlbachhof, Sulzbach-Laufen\n<a href=\"http:\/\/www.uhlbachhof.de\">www.uhlbachhof.de<\/a><\/p>\n<p>Demeter Hof Vogel, Welzheim-Eberhardsweiler\n<a href=\"http:\/\/www.biohof-vogel.de\/\">www.biohof-vogel.de<\/a><\/p>\n<p>D\u00b4r Adelsbauer, Gschwend-Ottenried\nOttenried 1 \/\/ 74417 Gschwend-Ottenried \/\/ Telefon: 0 79 72 \/ 8 24<\/p>\n<p>Schafhof Jauernik, Bretzfeld-Wei\u00dflensburg\n<a href=\"http:\/\/www.schafhof-jauernik.de\/\">www.schafhof-jauernik.de<\/a>\n<strong>Wichtiger Hinweis:<\/strong> Der Brunch auf dem Schafhof Jauernik findet dieses Jahr am <strong>13. August 2017<\/strong> statt!<\/p>\n<p>Weitere Informationen zum Brunch auf dem Bauernhof finden Sie im Flyer, der im Naturparkzentrum in Murrhardt ausliegt oder auf der Homepage heruntergeladen werden kann: <a href=\"http:\/\/www.naturpark-sfw.de\">www.naturpark-sfw.de<\/a>.<\/p>\n","protected":false},"excerpt":{"rendered":"<p>Anmeldungen bis 24. Juli f\u00fcr Brunch auf dem Bauerhof m\u00f6glich<\/p>\n","protected":false},"author":25,"featured_media":5205,"comment_status":"open","ping_status":"open","sticky":false,"template":"","format":"standard","meta":[],"categories":[7],"tags":[686],"yoast_head":"<!-- This site is optimized with the Yoast SEO plugin v19.10 - https:\/\/yoast.com\/wordpress\/plugins\/seo\/ -->\n<title>Brunch auf dem Bauernhof - Naturpark Schw\u00e4bisch-Fr\u00e4nkischer Wald<\/title>\n<meta name=\"robots\" content=\"index, follow, max-snippet:-1, max-image-preview:large, max-video-preview:-1\" \/>\n<link rel=\"canonical\" href=\"https:\/\/www.naturparkmagazin.de\/schwaebisch-fraenkischer-wald\/brunch-auf-dem-bauernhof-3\/\" \/>\n<meta property=\"og:locale\" content=\"de_DE\" \/>\n<meta property=\"og:type\" content=\"article\" \/>\n<meta property=\"og:title\" content=\"Brunch auf dem Bauernhof - Naturpark Schw\u00e4bisch-Fr\u00e4nkischer Wald\" \/>\n<meta property=\"og:description\" content=\"Anmeldungen bis 24. Juli f\u00fcr Brunch auf dem Bauerhof m\u00f6glich\" \/>\n<meta property=\"og:url\" content=\"https:\/\/www.naturparkmagazin.de\/schwaebisch-fraenkischer-wald\/brunch-auf-dem-bauernhof-3\/\" \/>\n<meta property=\"og:site_name\" content=\"Naturpark Schw\u00e4bisch-Fr\u00e4nkischer Wald\" \/>\n<meta property=\"article:author\" content=\"https:\/\/www.facebook.com\/naturparkSFW\" \/>\n<meta property=\"article:published_time\" content=\"2017-06-19T11:59:40+00:00\" \/>\n<meta property=\"og:image\" content=\"https:\/\/www.naturparkmagazin.de\/schwaebisch-fraenkischer-wald\/wp-content\/uploads\/sites\/34\/070525_Kuh_Wiese_-103_Titelseite.jpg\" \/>\n\t<meta property=\"og:image:width\" content=\"200\" \/>\n\t<meta property=\"og:image:height\" content=\"200\" \/>\n\t<meta property=\"og:image:type\" content=\"image\/jpeg\" \/>\n<meta name=\"author\" content=\"Naturpark-Team\" \/>\n<meta name=\"twitter:label1\" content=\"Verfasst von\" \/>\n\t<meta name=\"twitter:data1\" content=\"Naturpark-Team\" \/>\n\t<meta name=\"twitter:label2\" content=\"Gesch\u00e4tzte Lesezeit\" \/>\n\t<meta name=\"twitter:data2\" content=\"1\u00a0Minute\" \/>\n<script type=\"application\/ld+json\" class=\"yoast-schema-graph\">{\"@context\":\"https:\/\/schema.org\",\"@graph\":[{\"@type\":\"WebPage\",\"@id\":\"https:\/\/www.naturparkmagazin.de\/schwaebisch-fraenkischer-wald\/brunch-auf-dem-bauernhof-3\/\",\"url\":\"https:\/\/www.naturparkmagazin.de\/schwaebisch-fraenkischer-wald\/brunch-auf-dem-bauernhof-3\/\",\"name\":\"Brunch auf dem Bauernhof - Naturpark Schw\u00e4bisch-Fr\u00e4nkischer Wald\",\"isPartOf\":{\"@id\":\"https:\/\/www.naturparkmagazin.de\/schwaebisch-fraenkischer-wald\/#website\"},\"datePublished\":\"2017-06-19T11:59:40+00:00\",\"dateModified\":\"2017-06-19T11:59:40+00:00\",\"author\":{\"@id\":\"https:\/\/www.naturparkmagazin.de\/schwaebisch-fraenkischer-wald\/#\/schema\/person\/f047a3702ae747fd7830cf8ac95e6066\"},\"breadcrumb\":{\"@id\":\"https:\/\/www.naturparkmagazin.de\/schwaebisch-fraenkischer-wald\/brunch-auf-dem-bauernhof-3\/#breadcrumb\"},\"inLanguage\":\"de\",\"potentialAction\":[{\"@type\":\"ReadAction\",\"target\":[\"https:\/\/www.naturparkmagazin.de\/schwaebisch-fraenkischer-wald\/brunch-auf-dem-bauernhof-3\/\"]}]},{\"@type\":\"BreadcrumbList\",\"@id\":\"https:\/\/www.naturparkmagazin.de\/schwaebisch-fraenkischer-wald\/brunch-auf-dem-bauernhof-3\/#breadcrumb\",\"itemListElement\":[{\"@type\":\"ListItem\",\"position\":1,\"name\":\"Home\",\"item\":\"https:\/\/www.naturparkmagazin.de\/schwaebisch-fraenkischer-wald\/\"},{\"@type\":\"ListItem\",\"position\":2,\"name\":\"Brunch auf dem Bauernhof\"}]},{\"@type\":\"WebSite\",\"@id\":\"https:\/\/www.naturparkmagazin.de\/schwaebisch-fraenkischer-wald\/#website\",\"url\":\"https:\/\/www.naturparkmagazin.de\/schwaebisch-fraenkischer-wald\/\",\"name\":\"Naturpark Schw\u00e4bisch-Fr\u00e4nkischer Wald\",\"description\":\"\",\"potentialAction\":[{\"@type\":\"SearchAction\",\"target\":{\"@type\":\"EntryPoint\",\"urlTemplate\":\"https:\/\/www.naturparkmagazin.de\/schwaebisch-fraenkischer-wald\/?s={search_term_string}\"},\"query-input\":\"required name=search_term_string\"}],\"inLanguage\":\"de\"},{\"@type\":\"Person\",\"@id\":\"https:\/\/www.naturparkmagazin.de\/schwaebisch-fraenkischer-wald\/#\/schema\/person\/f047a3702ae747fd7830cf8ac95e6066\",\"name\":\"Naturpark-Team\",\"sameAs\":[\"http:\/\/www.naturpark-sfw.de\",\"https:\/\/www.facebook.com\/naturparkSFW\"],\"url\":\"https:\/\/www.naturparkmagazin.de\/schwaebisch-fraenkischer-wald\/author\/bernharddrixler\/\"}]}<\/script>\n<!-- \/ Yoast SEO plugin. -->","yoast_head_json":{"title":"Brunch auf dem Bauernhof - Naturpark Schw\u00e4bisch-Fr\u00e4nkischer Wald","robots":{"index":"index","follow":"follow","max-snippet":"max-snippet:-1","max-image-preview":"max-image-preview:large","max-video-preview":"max-video-preview:-1"},"canonical":"https:\/\/www.naturparkmagazin.de\/schwaebisch-fraenkischer-wald\/brunch-auf-dem-bauernhof-3\/","og_locale":"de_DE","og_type":"article","og_title":"Brunch auf dem Bauernhof - Naturpark Schw\u00e4bisch-Fr\u00e4nkischer Wald","og_description":"Anmeldungen bis 24. Juli f\u00fcr Brunch auf dem Bauerhof m\u00f6glich","og_url":"https:\/\/www.naturparkmagazin.de\/schwaebisch-fraenkischer-wald\/brunch-auf-dem-bauernhof-3\/","og_site_name":"Naturpark Schw\u00e4bisch-Fr\u00e4nkischer Wald","article_author":"https:\/\/www.facebook.com\/naturparkSFW","article_published_time":"2017-06-19T11:59:40+00:00","og_image":[{"width":200,"height":200,"url":"https:\/\/www.naturparkmagazin.de\/schwaebisch-fraenkischer-wald\/wp-content\/uploads\/sites\/34\/070525_Kuh_Wiese_-103_Titelseite.jpg","type":"image\/jpeg"}],"author":"Naturpark-Team","twitter_misc":{"Verfasst von":"Naturpark-Team","Gesch\u00e4tzte Lesezeit":"1\u00a0Minute"},"schema":{"@context":"https:\/\/schema.org","@graph":[{"@type":"WebPage","@id":"https:\/\/www.naturparkmagazin.de\/schwaebisch-fraenkischer-wald\/brunch-auf-dem-bauernhof-3\/","url":"https:\/\/www.naturparkmagazin.de\/schwaebisch-fraenkischer-wald\/brunch-auf-dem-bauernhof-3\/","name":"Brunch auf dem Bauernhof - Naturpark Schw\u00e4bisch-Fr\u00e4nkischer Wald","isPartOf":{"@id":"https:\/\/www.naturparkmagazin.de\/schwaebisch-fraenkischer-wald\/#website"},"datePublished":"2017-06-19T11:59:40+00:00","dateModified":"2017-06-19T11:59:40+00:00","author":{"@id":"https:\/\/www.naturparkmagazin.de\/schwaebisch-fraenkischer-wald\/#\/schema\/person\/f047a3702ae747fd7830cf8ac95e6066"},"breadcrumb":{"@id":"https:\/\/www.naturparkmagazin.de\/schwaebisch-fraenkischer-wald\/brunch-auf-dem-bauernhof-3\/#breadcrumb"},"inLanguage":"de","potentialAction":[{"@type":"ReadAction","target":["https:\/\/www.naturparkmagazin.de\/schwaebisch-fraenkischer-wald\/brunch-auf-dem-bauernhof-3\/"]}]},{"@type":"BreadcrumbList","@id":"https:\/\/www.naturparkmagazin.de\/schwaebisch-fraenkischer-wald\/brunch-auf-dem-bauernhof-3\/#breadcrumb","itemListElement":[{"@type":"ListItem","position":1,"name":"Home","item":"https:\/\/www.naturparkmagazin.de\/schwaebisch-fraenkischer-wald\/"},{"@type":"ListItem","position":2,"name":"Brunch auf dem Bauernhof"}]},{"@type":"WebSite","@id":"https:\/\/www.naturparkmagazin.de\/schwaebisch-fraenkischer-wald\/#website","url":"https:\/\/www.naturparkmagazin.de\/schwaebisch-fraenkischer-wald\/","name":"Naturpark Schw\u00e4bisch-Fr\u00e4nkischer Wald","description":"","potentialAction":[{"@type":"SearchAction","target":{"@type":"EntryPoint","urlTemplate":"https:\/\/www.naturparkmagazin.de\/schwaebisch-fraenkischer-wald\/?s={search_term_string}"},"query-input":"required name=search_term_string"}],"inLanguage":"de"},{"@type":"Person","@id":"https:\/\/www.naturparkmagazin.de\/schwaebisch-fraenkischer-wald\/#\/schema\/person\/f047a3702ae747fd7830cf8ac95e6066","name":"Naturpark-Team","sameAs":["http:\/\/www.naturpark-sfw.de","https:\/\/www.facebook.com\/naturparkSFW"],"url":"https:\/\/www.naturparkmagazin.de\/schwaebisch-fraenkischer-wald\/author\/bernharddrixler\/"}]}},"_links":{"self":[{"href":"https:\/\/www.naturparkmagazin.de\/schwaebisch-fraenkischer-wald\/wp-json\/wp\/v2\/posts\/5204"}],"collection":[{"href":"https:\/\/www.naturparkmagazin.de\/schwaebisch-fraenkischer-wald\/wp-json\/wp\/v2\/posts"}],"about":[{"href":"https:\/\/www.naturparkmagazin.de\/schwaebisch-fraenkischer-wald\/wp-json\/wp\/v2\/types\/post"}],"author":[{"embeddable":true,"href":"https:\/\/www.naturparkmagazin.de\/schwaebisch-fraenkischer-wald\/wp-json\/wp\/v2\/users\/25"}],"replies":[{"embeddable":true,"href":"https:\/\/www.naturparkmagazin.de\/schwaebisch-fraenkischer-wald\/wp-json\/wp\/v2\/comments?post=5204"}],"version-history":[{"count":1,"href":"https:\/\/www.naturparkmagazin.de\/schwaebisch-fraenkischer-wald\/wp-json\/wp\/v2\/posts\/5204\/revisions"}],"predecessor-version":[{"id":5206,"href":"https:\/\/www.naturparkmagazin.de\/schwaebisch-fraenkischer-wald\/wp-json\/wp\/v2\/posts\/5204\/revisions\/5206"}],"wp:featuredmedia":[{"embeddable":true,"href":"https:\/\/www.naturparkmagazin.de\/schwaebisch-fraenkischer-wald\/wp-json\/wp\/v2\/media\/5205"}],"wp:attachment":[{"href":"https:\/\/www.naturparkmagazin.de\/schwaebisch-fraenkischer-wald\/wp-json\/wp\/v2\/media?parent=5204"}],"wp:term":[{"taxonomy":"category","embeddable":true,"href":"https:\/\/www.naturparkmagazin.de\/schwaebisch-fraenkischer-wald\/wp-json\/wp\/v2\/categories?post=5204"},{"taxonomy":"post_tag","embeddable":true,"href":"https:\/\/www.naturparkmagazin.de\/schwaebisch-fraenkischer-wald\/wp-json\/wp\/v2\/tags?post=5204"}],"curies":[{"name":"wp","href":"https:\/\/api.w.org\/{rel}","templated":true}]}}