{"id":521,"date":"2013-12-16T12:00:25","date_gmt":"2013-12-16T10:00:25","guid":{"rendered":"http:\/\/www.naturparkmagazin.de\/schwaebisch-fraenkischer-wald\/?p=521"},"modified":"2013-12-12T10:58:33","modified_gmt":"2013-12-12T08:58:33","slug":"unterwegs-mit-den-naturparkfuehrer-im-januar","status":"publish","type":"post","link":"https:\/\/www.naturparkmagazin.de\/schwaebisch-fraenkischer-wald\/unterwegs-mit-den-naturparkfuehrer-im-januar\/","title":{"rendered":"Unterwegs mit den Naturparkf\u00fchrer im Januar"},"content":{"rendered":"<p>Weder Schnee noch Sturm halten unsere Naturparkf\u00fchrer ab! Sie sind diesen Monat wieder \u00fcberall im Naturpark unterwegs \u2013 und nat\u00fcrlich sind Sie herzlich eingeladen mitzukommen. Im Januar gibt\u2019s viele spanende F\u00fchrungen, dienach den ganzen Weihnachtss\u00fc\u00dfigkeiten \u00a0nicht nur dem K\u00f6rper gut tun. Lernen Sie etwas Neues zur Tradition der Raunacht oder zu den R\u00f6mern und Limes. Begeben Sie sich auf einem spanende Schlittenfahrt oder einer kuscheligen Lamawanderung. Auf jeden Fall ist Spa\u00df f\u00fcr die ganze Familie dabei!<\/p>\n<p><b>Mittwoch, 1. Januar &#8211; Neujahr\nNeujahrswanderung <\/b><\/p>\n<p>Wir begr\u00fc\u00dfen das neue Jahr mit Liedern, Ritualen, Gedichten, Geschichten und vor allem mit einer Gabe f\u00fcr die Tiere. Hinter der Traubenm\u00fchle f\u00fchrt der Weg entlang der Fichtenberger Rot, am Katzenbach den Berg hinauf und \u00fcber die Hankertsm\u00fchle wieder zur\u00fcck. An der Hankertsm\u00fchle entz\u00fcnden wir ein kleines Grillfeuer. Um 14 Uhr geht\u2019s mit Naturparkf\u00fchrerin Michaela K\u00f6hler in Mainhardt am Wanderparkplatz Traubenm\u00fchle im Rottal los. Auf die ca. drei st\u00fcndige Wanderung sollten Sie eine Tasse, etwas Holz f\u00fcr das Feuer und N\u00fcsse, \u00c4pfel und Kerne f\u00fcr die Tiere mitbringen. Die Kosten betragen 6 \u20ac f\u00fcr Erwachsene und 3 \u20ac f\u00fcr Kinder. Eine Anmeldung ist bis 1. Januar m\u00f6glich.<\/p>\n<p>Weitere Infos unter:\nTelefon 0160-3557831\n<a href=\"mailto:koehler@die-naturparkfuehrer.de\">koehler@die-naturparkfuehrer.de<\/a><\/p>\n<p><b>Mittwoch, 1. Januar &#8211; Neujahr <\/b><\/p>\n<p><b>Raunachtwanderung \u00fcber dem Remstal <\/b><\/p>\n<p>Zum Start ins neue Jahr l\u00fcften wir mit Naturparkf\u00fchrerin Eva Rombach das Geheimnis der Raun\u00e4chte, der heiligen Zeit zwischen Weihnachten und Heilige Drei K\u00f6nige. Wir h\u00f6ren Geschichten \u00fcber mystische Wesen und historische Br\u00e4uche und genie\u00dfen auf dem Weg durch die winterlichen Obstwiesen die herrliche Aussicht auf das Remstal. Zum Aufw\u00e4rmen gibt es hei\u00dfen Apfelpunsch und Geb\u00e4ck, bevor es im Fackelschein wieder ins Tal geht. Diese Abendwanderung startet um 16 Uhr in Urbach vom Parkplatz am Friedhof und dauert ca. zwei Stunden. Erwachsene zahlen 6 \u20ac und Kinder 2 \u20ac inklusive warmer Getr\u00e4nke und Geb\u00e4ck. Fackeln k\u00f6nnen vor Ort f\u00fcr 2 \u20ac erworben werden. Eine Anmeldung ist bis 30. Dezember m\u00f6glich.<\/p>\n<p>Weitere Infos unter:<b><a href=\"https:\/\/www.naturparkmagazin.de\/schwaebisch-fraenkischer-wald\/wp-content\/uploads\/sites\/34\/140106_k\u00f6hler.jpg\"><img decoding=\"async\" loading=\"lazy\" class=\"alignright\" title=\"Frostige Winterwanderung\" alt=\"\" src=\"https:\/\/www.naturparkmagazin.de\/schwaebisch-fraenkischer-wald\/wp-content\/uploads\/sites\/34\/140106_k\u00f6hler-300x225.jpg\" width=\"307\" height=\"231\" \/><\/a><\/b>\nTelefon 07181-994738\nrombach@die-naturparkfuehrer.de<\/p>\n<p><b>Sonntag, 5. Januar <\/b><\/p>\n<p><b>Familien-Winterwanderung zur Burg L\u00f6wenstein\u00a0<\/b><\/p>\n<p>mit Naturparkf\u00fchrer Klaus Pfeffer wandern wir vom Bleichsee aus auf spannenden Wegen zur Burg L\u00f6wenstein. Dort erwarten uns Gl\u00fchwein und Punsch am offenen Feuer. Bei ausreichender Schneelage befahren wir unterwegs die sch\u00f6nsten Schlittenh\u00e4ngen rund um L\u00f6wenstein und genie\u00dfen die wilden Abfahrten. Wenn es keinen Schnee hat, gibt es andere interessante Dinge zu entdecken. Die dreist\u00fcndige Wanderung startet um 14 Uhr. Treffpunkt ist in L\u00f6wenstein beim Parkplatz Bleichsee an der L 1111 zwischen L\u00f6wenstein und Vorhof. Die Kosten betragen 7,50 \u20ac f\u00fcr Erwachsene inklusive Umtrunk, Kinder k\u00f6nnen kostenlos mitwandern. Allerdings ist die Strecke nicht kinderwangentauglich und nicht barrierefrei. Mitzubringen ist ein kleines Vesper, weitere Getr\u00e4nke und, bei ausreichendem Schnee, Schlitten, Bobs und entsprechende Kleidung. Eine Anmeldung ist nicht erforderlich.<\/p>\n<p>Weitere Infos unter:\nTelefon 07131-477960\n<a href=\"mailto:pfeffer@die-naturparkfuehrer.de\">pfeffer@die-naturparkfuehrer.de<\/a><\/p>\n<p><b>Montag, 6. Januar &#8211; Heilige drei K\u00f6nige <\/b><\/p>\n<p><b>Stummelesfest im WieslaufCamp <\/b><\/p>\n<p>Der etwas andere \u201eNeujahrsempfang\u201c f\u00fcr Gro\u00df und Klein. Wer will, darf etwas mitbringen: Kerzenstummeln, aus denen bauen wir eine Riesenkerze und gie\u00dfen neue Kerzen. Am Lagerfeuer wird gespielt und gebastelt. Die letzten Weihnachtspl\u00e4tzchen werden zum s\u00fc\u00dfen B\u00fcffet. Gl\u00fchwein, Punsch, Getr\u00e4nke gibt\u2019s von uns. Diese offene Veranstaltung mit Naturparkf\u00fchrer Walter Hieber geht von 14 bis etwa 17 Uhr und findet in Rahmen von einer gr\u00f6\u00dferen Veranstaltung in WeislaufCamp statt. Einzelne Angebote sind kostenpflichtig und eine Anmeldung ist nicht erforderlich. Das WieslaufCamp ist in Rudersberg-Oberndorf an der (Wald-) Bushaltestelle Grauhaldenhof bzw. am Haltepunkt Oberndorf der Wieslaufbahn.<\/p>\n<p>Weitere Infos unter:\nTelefon 07182-935697\nhieber@die-naturparkfuehrer.de<\/p>\n<p><b>Montag, 6. Januar &#8211; Heilige drei K\u00f6nige <\/b><\/p>\n<p><b>Raunachtwanderung <\/b><\/p>\n<p>Das wilde Heer mit Odin braust in den rauen N\u00e4chten \u00fcber die Welt. Mit Geschichten, Liedern und Ritualen l\u00e4sst uns Naturparkf\u00fchrerin Michaela K\u00f6hler alte Br\u00e4uche wieder aufleben. Vom Forellenparadies in Frohnfalls laufen wir am \u00a0Gleichener See vorbei zu einer Grillstelle und wieder zur\u00fcck. Von Mainhardt-Frohnfalls am Parkplatz Forellenparadies geht es um 15 Uhr auf die dreist\u00fcndige Wanderung. Erwachsene zahlen 6 \u20ac und Kinder 3 \u20ac inklusive Getr\u00e4nke. Eine Tasse, etwas Holz und Grillgut f\u00fcr das Feuer nicht vergessen! Eine Anmeldung ist nicht erforderlich.<\/p>\n<p>Weitere Infos unter:<a href=\"https:\/\/www.naturparkmagazin.de\/schwaebisch-fraenkischer-wald\/wp-content\/uploads\/sites\/34\/140112_Jordan.jpg\"><img decoding=\"async\" loading=\"lazy\" class=\"alignright size-thumbnail wp-image-524\" title=\"Lamawanderung im Schnee\" alt=\"Lamawanderung im Schnee\" src=\"https:\/\/www.naturparkmagazin.de\/schwaebisch-fraenkischer-wald\/wp-content\/uploads\/sites\/34\/140112_Jordan-300x225.jpg\" width=\"300\" height=\"225\" srcset=\"https:\/\/www.naturparkmagazin.de\/schwaebisch-fraenkischer-wald\/wp-content\/uploads\/sites\/34\/140112_Jordan-300x225.jpg 300w, https:\/\/www.naturparkmagazin.de\/schwaebisch-fraenkischer-wald\/wp-content\/uploads\/sites\/34\/140112_Jordan-420x315.jpg 420w, https:\/\/www.naturparkmagazin.de\/schwaebisch-fraenkischer-wald\/wp-content\/uploads\/sites\/34\/140112_Jordan-180x135.jpg 180w, https:\/\/www.naturparkmagazin.de\/schwaebisch-fraenkischer-wald\/wp-content\/uploads\/sites\/34\/140112_Jordan-95x71.jpg 95w, https:\/\/www.naturparkmagazin.de\/schwaebisch-fraenkischer-wald\/wp-content\/uploads\/sites\/34\/140112_Jordan-200x150.jpg 200w, https:\/\/www.naturparkmagazin.de\/schwaebisch-fraenkischer-wald\/wp-content\/uploads\/sites\/34\/140112_Jordan.jpg 480w\" sizes=\"(max-width: 300px) 100vw, 300px\" \/><\/a>\nTelefon 0160-3557831\n<a href=\"mailto:koehler@die-naturparkfuehrer.de\">koehler@die-naturparkfuehrer.de<\/a><\/p>\n<p><b>Sonntag, 12. Januar <\/b><\/p>\n<p><b>Winterliche Familienwanderung mit Lamas <\/b><\/p>\n<p>Mit Naturparkf\u00fchrerin Sabine Jordan und ihren Lamas wandern wir durch das verschneite Fichtenberger Rottal, ein FFH-Gebiet, und lernen dabei die Haustiere aus den Anden besser kennen. Au\u00dferdem werden uns auf einem Pirschgang sicher noch viele weitere Waldbewohner vor die F\u00fc\u00dfe und Hufe laufen. Los geht die Wanderung um 14 Uhr und dauert ca. zweiundeinhalb Stunden. Der Treffpunkt ist in Oberrot-Badhaus beim RedRiverRanch. Die Kosten betragen 8 \u20ac pro Person inklusive Punsch. Bringen Sie bitte eine Tasse mit. Eine Anmeldung ist bis 10. Januar m\u00f6glich.<\/p>\n<p>Weitere Infos unter:\nTelefon 07977-911364 oder 0171-5372280\n<a href=\"mailto:jordan@die-naturparkfuehrer.de\">jordan@die-naturparkfuehrer.de<\/a><\/p>\n<p><b>Sonntag, 19 Januar <\/b><\/p>\n<p><b>Familienwanderung mit Lamas <\/b><\/p>\n<p>Im Schnee f\u00fchlen sich die Lamas beinahe wie zu Hause. Wandern Sie mit Naturparkf\u00fchrerin Sabine Jordan und ihren Lamas \u00a0auf einer geheimnisvollen Pirsch durch den Wald und lernen Sie dabei die Haustiere aus den Anden und den Winterwald besser kennen. Die Wanderung geht in Oberrot-Badhaus bei der RedRiverRanch um 14 Uhr los. Die Kosten betragen 8 \u20ac pro Person inklusive Punsch. Denken Sie bitte daran, eine Tasse mitzubringen. Eine Anmeldung ist bis 17. Januar m\u00f6glich.<\/p>\n<p>Weitere Infos unter:<a href=\"https:\/\/www.naturparkmagazin.de\/schwaebisch-fraenkischer-wald\/wp-content\/uploads\/sites\/34\/140126_grabe.jpg\"><img decoding=\"async\" loading=\"lazy\" class=\"alignright size-thumbnail wp-image-525\" title=\"Das R\u00f6mische Museum in Welzheim\" alt=\"Das R\u00f6mische Museum in Welzheim\" src=\"https:\/\/www.naturparkmagazin.de\/schwaebisch-fraenkischer-wald\/wp-content\/uploads\/sites\/34\/140126_grabe-300x168.jpg\" width=\"300\" height=\"168\" \/><\/a>\nTelefon 07977-911364 oder 0171-5372280\njordan@die-naturparkfuehrer.de<\/p>\n<p><b>Sonntag, 26. Januar<\/b><\/p>\n<p><b>Das r\u00f6mische Welzheim im St\u00e4dtischen Museum<\/b><\/p>\n<p>Die r\u00f6mische Abteilung wurde im April 2013 nach umfangreichen Renovierungsarbeiten neu er\u00f6ffnet. Das Museum wurde damit zum zentralen Vermittlungsschwerpunkt f\u00fcr das UNESCO-Weltkulturerbe Limes in der Region Stuttgart. 110 Jahre waren r\u00f6mische Soldaten am Milit\u00e4rstandort Welzheim stationiert. \u00dcber 300 Funde aus Welzheim geben ein anschauliches Bild der damaligen Zeit. Unterst\u00fctzt durch moderne Medien dient dieser Nachmittag zur Einf\u00fchrung in das Thema Limes. Diese Sonderf\u00fchrung mit Naturparkf\u00fchrer und Limes-Cicerone Wolfgang Grabe findet w\u00e4hrend der Winterpause im Museum statt, daher ist es einen exklusive Chance die R\u00f6mer im neuen Jahr zu erleben. Los geht\u2019s um 14 Uhr am Museumshof, Pfarrstra\u00dfe 8 in Welzheim. Erwachsen zahlen 6 \u20ac f\u00fcr die F\u00fchrung, Kinder kommen kostenlos mit. Das Welzheimer Museum ist kinderwagentauglich und barrierefrei. Eine Anmeldung ist nicht erforderlich.<\/p>\n<p>Weitere Infos unter:\nTelefon 07182-7726\ngrabe@die-naturparkfuehrer.de<\/p>\n","protected":false},"excerpt":{"rendered":"<p>Weder Schnee noch Sturm halten unsere Naturparkf\u00fchrer ab! Sie sind diesen Monat wieder \u00fcberall im Naturpark unterwegs \u2013 und nat\u00fcrlich sind Sie herzlich eingeladen mitzukommen. Im Januar gibt\u2019s viele spanende F\u00fchrungen, dienach den ganzen Weihnachtss\u00fc\u00dfigkeiten  nicht nur dem K\u00f6rper gut tun. Lernen Sie etwas Neues zur Tradition der Raunacht oder zu den R\u00f6mern und Limes. Begeben Sie sich auf einem spanende Schlittenfahrt oder einer kuscheligen Lamawanderung. Auf jeden Fall ist Spa\u00df f\u00fcr die ganze Familie dabei!<\/p>\n","protected":false},"author":25,"featured_media":523,"comment_status":"open","ping_status":"open","sticky":false,"template":"","format":"standard","meta":[],"categories":[11],"tags":[142,28,95,170],"yoast_head":"<!-- This site is optimized with the Yoast SEO plugin v19.10 - https:\/\/yoast.com\/wordpress\/plugins\/seo\/ -->\n<title>Unterwegs mit den Naturparkf\u00fchrer im Januar - Naturpark Schw\u00e4bisch-Fr\u00e4nkischer Wald<\/title>\n<meta name=\"robots\" content=\"index, follow, max-snippet:-1, max-image-preview:large, max-video-preview:-1\" \/>\n<link rel=\"canonical\" href=\"https:\/\/www.naturparkmagazin.de\/schwaebisch-fraenkischer-wald\/unterwegs-mit-den-naturparkfuehrer-im-januar\/\" \/>\n<meta property=\"og:locale\" content=\"de_DE\" \/>\n<meta property=\"og:type\" content=\"article\" \/>\n<meta property=\"og:title\" content=\"Unterwegs mit den Naturparkf\u00fchrer im Januar - Naturpark Schw\u00e4bisch-Fr\u00e4nkischer Wald\" \/>\n<meta property=\"og:description\" content=\"Weder Schnee noch Sturm halten unsere Naturparkf\u00fchrer ab! Sie sind diesen Monat wieder \u00fcberall im Naturpark unterwegs \u2013 und nat\u00fcrlich sind Sie herzlich eingeladen mitzukommen. Im Januar gibt\u2019s viele spanende F\u00fchrungen, dienach den ganzen Weihnachtss\u00fc\u00dfigkeiten nicht nur dem K\u00f6rper gut tun. Lernen Sie etwas Neues zur Tradition der Raunacht oder zu den R\u00f6mern und Limes. Begeben Sie sich auf einem spanende Schlittenfahrt oder einer kuscheligen Lamawanderung. Auf jeden Fall ist Spa\u00df f\u00fcr die ganze Familie dabei!\" \/>\n<meta property=\"og:url\" content=\"https:\/\/www.naturparkmagazin.de\/schwaebisch-fraenkischer-wald\/unterwegs-mit-den-naturparkfuehrer-im-januar\/\" \/>\n<meta property=\"og:site_name\" content=\"Naturpark Schw\u00e4bisch-Fr\u00e4nkischer Wald\" \/>\n<meta property=\"article:author\" content=\"https:\/\/www.facebook.com\/naturparkSFW\" \/>\n<meta property=\"article:published_time\" content=\"2013-12-16T10:00:25+00:00\" \/>\n<meta property=\"article:modified_time\" content=\"2013-12-12T08:58:33+00:00\" \/>\n<meta property=\"og:image\" content=\"https:\/\/www.naturparkmagazin.de\/schwaebisch-fraenkischer-wald\/wp-content\/uploads\/sites\/34\/140106_k\u00f6hler.jpg\" \/>\n\t<meta property=\"og:image:width\" content=\"2048\" \/>\n\t<meta property=\"og:image:height\" content=\"1536\" \/>\n\t<meta property=\"og:image:type\" content=\"image\/jpeg\" \/>\n<meta name=\"author\" content=\"Naturpark-Team\" \/>\n<meta name=\"twitter:label1\" content=\"Verfasst von\" \/>\n\t<meta name=\"twitter:data1\" content=\"Naturpark-Team\" \/>\n\t<meta name=\"twitter:label2\" content=\"Gesch\u00e4tzte Lesezeit\" \/>\n\t<meta name=\"twitter:data2\" content=\"5\u00a0Minuten\" \/>\n<script type=\"application\/ld+json\" class=\"yoast-schema-graph\">{\"@context\":\"https:\/\/schema.org\",\"@graph\":[{\"@type\":\"WebPage\",\"@id\":\"https:\/\/www.naturparkmagazin.de\/schwaebisch-fraenkischer-wald\/unterwegs-mit-den-naturparkfuehrer-im-januar\/\",\"url\":\"https:\/\/www.naturparkmagazin.de\/schwaebisch-fraenkischer-wald\/unterwegs-mit-den-naturparkfuehrer-im-januar\/\",\"name\":\"Unterwegs mit den Naturparkf\u00fchrer im Januar - Naturpark Schw\u00e4bisch-Fr\u00e4nkischer Wald\",\"isPartOf\":{\"@id\":\"https:\/\/www.naturparkmagazin.de\/schwaebisch-fraenkischer-wald\/#website\"},\"datePublished\":\"2013-12-16T10:00:25+00:00\",\"dateModified\":\"2013-12-12T08:58:33+00:00\",\"author\":{\"@id\":\"https:\/\/www.naturparkmagazin.de\/schwaebisch-fraenkischer-wald\/#\/schema\/person\/f047a3702ae747fd7830cf8ac95e6066\"},\"breadcrumb\":{\"@id\":\"https:\/\/www.naturparkmagazin.de\/schwaebisch-fraenkischer-wald\/unterwegs-mit-den-naturparkfuehrer-im-januar\/#breadcrumb\"},\"inLanguage\":\"de\",\"potentialAction\":[{\"@type\":\"ReadAction\",\"target\":[\"https:\/\/www.naturparkmagazin.de\/schwaebisch-fraenkischer-wald\/unterwegs-mit-den-naturparkfuehrer-im-januar\/\"]}]},{\"@type\":\"BreadcrumbList\",\"@id\":\"https:\/\/www.naturparkmagazin.de\/schwaebisch-fraenkischer-wald\/unterwegs-mit-den-naturparkfuehrer-im-januar\/#breadcrumb\",\"itemListElement\":[{\"@type\":\"ListItem\",\"position\":1,\"name\":\"Home\",\"item\":\"https:\/\/www.naturparkmagazin.de\/schwaebisch-fraenkischer-wald\/\"},{\"@type\":\"ListItem\",\"position\":2,\"name\":\"Unterwegs mit den Naturparkf\u00fchrer im Januar\"}]},{\"@type\":\"WebSite\",\"@id\":\"https:\/\/www.naturparkmagazin.de\/schwaebisch-fraenkischer-wald\/#website\",\"url\":\"https:\/\/www.naturparkmagazin.de\/schwaebisch-fraenkischer-wald\/\",\"name\":\"Naturpark Schw\u00e4bisch-Fr\u00e4nkischer Wald\",\"description\":\"\",\"potentialAction\":[{\"@type\":\"SearchAction\",\"target\":{\"@type\":\"EntryPoint\",\"urlTemplate\":\"https:\/\/www.naturparkmagazin.de\/schwaebisch-fraenkischer-wald\/?s={search_term_string}\"},\"query-input\":\"required name=search_term_string\"}],\"inLanguage\":\"de\"},{\"@type\":\"Person\",\"@id\":\"https:\/\/www.naturparkmagazin.de\/schwaebisch-fraenkischer-wald\/#\/schema\/person\/f047a3702ae747fd7830cf8ac95e6066\",\"name\":\"Naturpark-Team\",\"sameAs\":[\"http:\/\/www.naturpark-sfw.de\",\"https:\/\/www.facebook.com\/naturparkSFW\"],\"url\":\"https:\/\/www.naturparkmagazin.de\/schwaebisch-fraenkischer-wald\/author\/bernharddrixler\/\"}]}<\/script>\n<!-- \/ Yoast SEO plugin. -->","yoast_head_json":{"title":"Unterwegs mit den Naturparkf\u00fchrer im Januar - Naturpark Schw\u00e4bisch-Fr\u00e4nkischer Wald","robots":{"index":"index","follow":"follow","max-snippet":"max-snippet:-1","max-image-preview":"max-image-preview:large","max-video-preview":"max-video-preview:-1"},"canonical":"https:\/\/www.naturparkmagazin.de\/schwaebisch-fraenkischer-wald\/unterwegs-mit-den-naturparkfuehrer-im-januar\/","og_locale":"de_DE","og_type":"article","og_title":"Unterwegs mit den Naturparkf\u00fchrer im Januar - Naturpark Schw\u00e4bisch-Fr\u00e4nkischer Wald","og_description":"Weder Schnee noch Sturm halten unsere Naturparkf\u00fchrer ab! Sie sind diesen Monat wieder \u00fcberall im Naturpark unterwegs \u2013 und nat\u00fcrlich sind Sie herzlich eingeladen mitzukommen. Im Januar gibt\u2019s viele spanende F\u00fchrungen, dienach den ganzen Weihnachtss\u00fc\u00dfigkeiten nicht nur dem K\u00f6rper gut tun. Lernen Sie etwas Neues zur Tradition der Raunacht oder zu den R\u00f6mern und Limes. Begeben Sie sich auf einem spanende Schlittenfahrt oder einer kuscheligen Lamawanderung. Auf jeden Fall ist Spa\u00df f\u00fcr die ganze Familie dabei!","og_url":"https:\/\/www.naturparkmagazin.de\/schwaebisch-fraenkischer-wald\/unterwegs-mit-den-naturparkfuehrer-im-januar\/","og_site_name":"Naturpark Schw\u00e4bisch-Fr\u00e4nkischer Wald","article_author":"https:\/\/www.facebook.com\/naturparkSFW","article_published_time":"2013-12-16T10:00:25+00:00","article_modified_time":"2013-12-12T08:58:33+00:00","og_image":[{"width":2048,"height":1536,"url":"https:\/\/www.naturparkmagazin.de\/schwaebisch-fraenkischer-wald\/wp-content\/uploads\/sites\/34\/140106_k\u00f6hler.jpg","type":"image\/jpeg"}],"author":"Naturpark-Team","twitter_misc":{"Verfasst von":"Naturpark-Team","Gesch\u00e4tzte Lesezeit":"5\u00a0Minuten"},"schema":{"@context":"https:\/\/schema.org","@graph":[{"@type":"WebPage","@id":"https:\/\/www.naturparkmagazin.de\/schwaebisch-fraenkischer-wald\/unterwegs-mit-den-naturparkfuehrer-im-januar\/","url":"https:\/\/www.naturparkmagazin.de\/schwaebisch-fraenkischer-wald\/unterwegs-mit-den-naturparkfuehrer-im-januar\/","name":"Unterwegs mit den Naturparkf\u00fchrer im Januar - Naturpark Schw\u00e4bisch-Fr\u00e4nkischer Wald","isPartOf":{"@id":"https:\/\/www.naturparkmagazin.de\/schwaebisch-fraenkischer-wald\/#website"},"datePublished":"2013-12-16T10:00:25+00:00","dateModified":"2013-12-12T08:58:33+00:00","author":{"@id":"https:\/\/www.naturparkmagazin.de\/schwaebisch-fraenkischer-wald\/#\/schema\/person\/f047a3702ae747fd7830cf8ac95e6066"},"breadcrumb":{"@id":"https:\/\/www.naturparkmagazin.de\/schwaebisch-fraenkischer-wald\/unterwegs-mit-den-naturparkfuehrer-im-januar\/#breadcrumb"},"inLanguage":"de","potentialAction":[{"@type":"ReadAction","target":["https:\/\/www.naturparkmagazin.de\/schwaebisch-fraenkischer-wald\/unterwegs-mit-den-naturparkfuehrer-im-januar\/"]}]},{"@type":"BreadcrumbList","@id":"https:\/\/www.naturparkmagazin.de\/schwaebisch-fraenkischer-wald\/unterwegs-mit-den-naturparkfuehrer-im-januar\/#breadcrumb","itemListElement":[{"@type":"ListItem","position":1,"name":"Home","item":"https:\/\/www.naturparkmagazin.de\/schwaebisch-fraenkischer-wald\/"},{"@type":"ListItem","position":2,"name":"Unterwegs mit den Naturparkf\u00fchrer im Januar"}]},{"@type":"WebSite","@id":"https:\/\/www.naturparkmagazin.de\/schwaebisch-fraenkischer-wald\/#website","url":"https:\/\/www.naturparkmagazin.de\/schwaebisch-fraenkischer-wald\/","name":"Naturpark Schw\u00e4bisch-Fr\u00e4nkischer Wald","description":"","potentialAction":[{"@type":"SearchAction","target":{"@type":"EntryPoint","urlTemplate":"https:\/\/www.naturparkmagazin.de\/schwaebisch-fraenkischer-wald\/?s={search_term_string}"},"query-input":"required name=search_term_string"}],"inLanguage":"de"},{"@type":"Person","@id":"https:\/\/www.naturparkmagazin.de\/schwaebisch-fraenkischer-wald\/#\/schema\/person\/f047a3702ae747fd7830cf8ac95e6066","name":"Naturpark-Team","sameAs":["http:\/\/www.naturpark-sfw.de","https:\/\/www.facebook.com\/naturparkSFW"],"url":"https:\/\/www.naturparkmagazin.de\/schwaebisch-fraenkischer-wald\/author\/bernharddrixler\/"}]}},"_links":{"self":[{"href":"https:\/\/www.naturparkmagazin.de\/schwaebisch-fraenkischer-wald\/wp-json\/wp\/v2\/posts\/521"}],"collection":[{"href":"https:\/\/www.naturparkmagazin.de\/schwaebisch-fraenkischer-wald\/wp-json\/wp\/v2\/posts"}],"about":[{"href":"https:\/\/www.naturparkmagazin.de\/schwaebisch-fraenkischer-wald\/wp-json\/wp\/v2\/types\/post"}],"author":[{"embeddable":true,"href":"https:\/\/www.naturparkmagazin.de\/schwaebisch-fraenkischer-wald\/wp-json\/wp\/v2\/users\/25"}],"replies":[{"embeddable":true,"href":"https:\/\/www.naturparkmagazin.de\/schwaebisch-fraenkischer-wald\/wp-json\/wp\/v2\/comments?post=521"}],"version-history":[{"count":4,"href":"https:\/\/www.naturparkmagazin.de\/schwaebisch-fraenkischer-wald\/wp-json\/wp\/v2\/posts\/521\/revisions"}],"predecessor-version":[{"id":548,"href":"https:\/\/www.naturparkmagazin.de\/schwaebisch-fraenkischer-wald\/wp-json\/wp\/v2\/posts\/521\/revisions\/548"}],"wp:featuredmedia":[{"embeddable":true,"href":"https:\/\/www.naturparkmagazin.de\/schwaebisch-fraenkischer-wald\/wp-json\/wp\/v2\/media\/523"}],"wp:attachment":[{"href":"https:\/\/www.naturparkmagazin.de\/schwaebisch-fraenkischer-wald\/wp-json\/wp\/v2\/media?parent=521"}],"wp:term":[{"taxonomy":"category","embeddable":true,"href":"https:\/\/www.naturparkmagazin.de\/schwaebisch-fraenkischer-wald\/wp-json\/wp\/v2\/categories?post=521"},{"taxonomy":"post_tag","embeddable":true,"href":"https:\/\/www.naturparkmagazin.de\/schwaebisch-fraenkischer-wald\/wp-json\/wp\/v2\/tags?post=521"}],"curies":[{"name":"wp","href":"https:\/\/api.w.org\/{rel}","templated":true}]}}