{"id":5245,"date":"2017-07-14T08:42:35","date_gmt":"2017-07-14T06:42:35","guid":{"rendered":"http:\/\/www.naturparkmagazin.de\/schwaebisch-fraenkischer-wald\/?p=5245"},"modified":"2017-07-05T10:51:00","modified_gmt":"2017-07-05T08:51:00","slug":"pilzberatungen-im-naturparkzentrum","status":"publish","type":"post","link":"https:\/\/www.naturparkmagazin.de\/schwaebisch-fraenkischer-wald\/pilzberatungen-im-naturparkzentrum\/","title":{"rendered":"Pilzberatungen vom 27. August bis zum 29. Oktober"},"content":{"rendered":"<p>In der Touristinfo im Naturparkzentrum am Marktplatz finden in der Zeit vom 27. August bis zum 29. Oktober wieder Pilzberatungen statt. Jeweils sonntags von 16 \u2013 18 Uhr k\u00f6nnen die Pilzsammler ihre Pilzfunde mitbringen und von Pilzsachverst\u00e4ndigen kontrollieren lassen, damit sie die Speisepilze mit ruhigem Gewissen zubereiten k\u00f6nnen.<\/p>\n<div id=\"attachment_5246\" style=\"width: 210px\" class=\"wp-caption alignright\"><a href=\"https:\/\/www.naturparkmagazin.de\/schwaebisch-fraenkischer-wald\/wp-content\/uploads\/sites\/34\/2016_Pilzberatungen1.jpg\"><img aria-describedby=\"caption-attachment-5246\" decoding=\"async\" loading=\"lazy\" class=\"size-full wp-image-5246\" src=\"https:\/\/www.naturparkmagazin.de\/schwaebisch-fraenkischer-wald\/wp-content\/uploads\/sites\/34\/2016_Pilzberatungen1.jpg\" alt=\"2017 Pilzberatungen\" width=\"200\" height=\"200\" srcset=\"https:\/\/www.naturparkmagazin.de\/schwaebisch-fraenkischer-wald\/wp-content\/uploads\/sites\/34\/2016_Pilzberatungen1.jpg 200w, https:\/\/www.naturparkmagazin.de\/schwaebisch-fraenkischer-wald\/wp-content\/uploads\/sites\/34\/2016_Pilzberatungen1-30x30.jpg 30w\" sizes=\"(max-width: 200px) 100vw, 200px\" \/><\/a><p id=\"caption-attachment-5246\" class=\"wp-caption-text\">Foto: \u00a9 Heinz K\u00fcbler<\/p><\/div>\n<p>Pilzsammler d\u00fcrfen auch Pilze mitbringen, die sie nicht kennen. Davon aber immer nur zwei oder drei Exemplare, m\u00f6glichst verschiedener Wachstumsstadien. Das ist zum Schutz der Arten h\u00f6chst wichtig. Bitte nicht mehr als f\u00fcnf unbekannte Arten mitbringen! Wahllos gef\u00fcllte Pilzk\u00f6rbe k\u00f6nnen nicht begutachtet werden. Anf\u00e4nger sollten sich zun\u00e4chst auf R\u00f6hrlings-Arten beschr\u00e4nken.<\/p>\n<p>Die Pilzberatung ist kostenlos.\nSollte die Pilzsaison fr\u00fcher beginnen oder sich verl\u00e4ngern, werden weitere Termine im Internet unter <a href=\"http:\/\/www.murrhardt.de\/pilze\" target=\"_blank\">www.murrhardt.de\/pilze<\/a> bekannt gegeben.<\/p>\n<p><strong>Tipps zum Sammeln<\/strong>\nSchneiden Sie die Pilze nicht ab, sondern l\u00f6sen Sie diese vorsichtig mit dem ganzen Stiel aus dem Boden oder vom Holz. Reinigen Sie die Pilze nicht mit dem Messer sondern h\u00f6chstens mit einem Pinsel, damit alle Merkmale erhalten bleiben. Legen Sie un-bekannte Pilze vorsichtig und klar getrennt von den Speisepilzen in ein extra Gef\u00e4\u00df. Benutzen Sie zum Sammeln stets einen Korb, niemals Plastikt\u00fcten oder Stofftaschen, in denen die Pilze zerdr\u00fcckt w\u00fcrden. Merken Sie sich bei unbekannten Arten Standort und Art des Bodens, z.B. Fichtenwald, Buchenwald, Hecke, Wiese, Laubstreu, feucht, trocken. Madige und vergammelte Pilze sollten Sie im Wald lassen!<\/p>\n<p>Weitere Informationen:\n<a href=\"http:\/\/www.murrhardt.de\/pilze\" target=\"_blank\">www.murrhardt.de\/pilze<\/a> | <a href=\"http:\/\/www.naturbegegnungen.de\" target=\"_blank\">www.naturbegegnungen.de<\/a>\nHerausgeber:\nStadtverwaltung Murrhardt\nMarktplatz 10\n71540 Murrhardt\nTel. 07192\/213-777\n<a href=\"http:\/\/www.murrhardt.de\" target=\"_blank\">www.murrhardt.de<\/a><\/p>\n","protected":false},"excerpt":{"rendered":"<p>Kostenlose Pilzberatung im Naturparkzentrum in Murrhardt<\/p>\n","protected":false},"author":25,"featured_media":5246,"comment_status":"open","ping_status":"open","sticky":false,"template":"","format":"standard","meta":[],"categories":[7],"tags":[686],"yoast_head":"<!-- This site is optimized with the Yoast SEO plugin v19.10 - https:\/\/yoast.com\/wordpress\/plugins\/seo\/ -->\n<title>Pilzberatungen vom 27. August bis zum 29. Oktober - Naturpark Schw\u00e4bisch-Fr\u00e4nkischer Wald<\/title>\n<meta name=\"robots\" content=\"index, follow, max-snippet:-1, max-image-preview:large, max-video-preview:-1\" \/>\n<link rel=\"canonical\" href=\"https:\/\/www.naturparkmagazin.de\/schwaebisch-fraenkischer-wald\/pilzberatungen-im-naturparkzentrum\/\" \/>\n<meta property=\"og:locale\" content=\"de_DE\" \/>\n<meta property=\"og:type\" content=\"article\" \/>\n<meta property=\"og:title\" content=\"Pilzberatungen vom 27. August bis zum 29. Oktober - Naturpark Schw\u00e4bisch-Fr\u00e4nkischer Wald\" \/>\n<meta property=\"og:description\" content=\"Kostenlose Pilzberatung im Naturparkzentrum in Murrhardt\" \/>\n<meta property=\"og:url\" content=\"https:\/\/www.naturparkmagazin.de\/schwaebisch-fraenkischer-wald\/pilzberatungen-im-naturparkzentrum\/\" \/>\n<meta property=\"og:site_name\" content=\"Naturpark Schw\u00e4bisch-Fr\u00e4nkischer Wald\" \/>\n<meta property=\"article:author\" content=\"https:\/\/www.facebook.com\/naturparkSFW\" \/>\n<meta property=\"article:published_time\" content=\"2017-07-14T06:42:35+00:00\" \/>\n<meta property=\"article:modified_time\" content=\"2017-07-05T08:51:00+00:00\" \/>\n<meta property=\"og:image\" content=\"https:\/\/www.naturparkmagazin.de\/schwaebisch-fraenkischer-wald\/wp-content\/uploads\/sites\/34\/2016_Pilzberatungen1.jpg\" \/>\n\t<meta property=\"og:image:width\" content=\"200\" \/>\n\t<meta property=\"og:image:height\" content=\"200\" \/>\n\t<meta property=\"og:image:type\" content=\"image\/jpeg\" \/>\n<meta name=\"author\" content=\"Naturpark-Team\" \/>\n<meta name=\"twitter:label1\" content=\"Verfasst von\" \/>\n\t<meta name=\"twitter:data1\" content=\"Naturpark-Team\" \/>\n\t<meta name=\"twitter:label2\" content=\"Gesch\u00e4tzte Lesezeit\" \/>\n\t<meta name=\"twitter:data2\" content=\"1\u00a0Minute\" \/>\n<script type=\"application\/ld+json\" class=\"yoast-schema-graph\">{\"@context\":\"https:\/\/schema.org\",\"@graph\":[{\"@type\":\"WebPage\",\"@id\":\"https:\/\/www.naturparkmagazin.de\/schwaebisch-fraenkischer-wald\/pilzberatungen-im-naturparkzentrum\/\",\"url\":\"https:\/\/www.naturparkmagazin.de\/schwaebisch-fraenkischer-wald\/pilzberatungen-im-naturparkzentrum\/\",\"name\":\"Pilzberatungen vom 27. August bis zum 29. Oktober - Naturpark Schw\u00e4bisch-Fr\u00e4nkischer Wald\",\"isPartOf\":{\"@id\":\"https:\/\/www.naturparkmagazin.de\/schwaebisch-fraenkischer-wald\/#website\"},\"datePublished\":\"2017-07-14T06:42:35+00:00\",\"dateModified\":\"2017-07-05T08:51:00+00:00\",\"author\":{\"@id\":\"https:\/\/www.naturparkmagazin.de\/schwaebisch-fraenkischer-wald\/#\/schema\/person\/f047a3702ae747fd7830cf8ac95e6066\"},\"breadcrumb\":{\"@id\":\"https:\/\/www.naturparkmagazin.de\/schwaebisch-fraenkischer-wald\/pilzberatungen-im-naturparkzentrum\/#breadcrumb\"},\"inLanguage\":\"de\",\"potentialAction\":[{\"@type\":\"ReadAction\",\"target\":[\"https:\/\/www.naturparkmagazin.de\/schwaebisch-fraenkischer-wald\/pilzberatungen-im-naturparkzentrum\/\"]}]},{\"@type\":\"BreadcrumbList\",\"@id\":\"https:\/\/www.naturparkmagazin.de\/schwaebisch-fraenkischer-wald\/pilzberatungen-im-naturparkzentrum\/#breadcrumb\",\"itemListElement\":[{\"@type\":\"ListItem\",\"position\":1,\"name\":\"Home\",\"item\":\"https:\/\/www.naturparkmagazin.de\/schwaebisch-fraenkischer-wald\/\"},{\"@type\":\"ListItem\",\"position\":2,\"name\":\"Pilzberatungen vom 27. August bis zum 29. Oktober\"}]},{\"@type\":\"WebSite\",\"@id\":\"https:\/\/www.naturparkmagazin.de\/schwaebisch-fraenkischer-wald\/#website\",\"url\":\"https:\/\/www.naturparkmagazin.de\/schwaebisch-fraenkischer-wald\/\",\"name\":\"Naturpark Schw\u00e4bisch-Fr\u00e4nkischer Wald\",\"description\":\"\",\"potentialAction\":[{\"@type\":\"SearchAction\",\"target\":{\"@type\":\"EntryPoint\",\"urlTemplate\":\"https:\/\/www.naturparkmagazin.de\/schwaebisch-fraenkischer-wald\/?s={search_term_string}\"},\"query-input\":\"required name=search_term_string\"}],\"inLanguage\":\"de\"},{\"@type\":\"Person\",\"@id\":\"https:\/\/www.naturparkmagazin.de\/schwaebisch-fraenkischer-wald\/#\/schema\/person\/f047a3702ae747fd7830cf8ac95e6066\",\"name\":\"Naturpark-Team\",\"sameAs\":[\"http:\/\/www.naturpark-sfw.de\",\"https:\/\/www.facebook.com\/naturparkSFW\"],\"url\":\"https:\/\/www.naturparkmagazin.de\/schwaebisch-fraenkischer-wald\/author\/bernharddrixler\/\"}]}<\/script>\n<!-- \/ Yoast SEO plugin. -->","yoast_head_json":{"title":"Pilzberatungen vom 27. August bis zum 29. Oktober - Naturpark Schw\u00e4bisch-Fr\u00e4nkischer Wald","robots":{"index":"index","follow":"follow","max-snippet":"max-snippet:-1","max-image-preview":"max-image-preview:large","max-video-preview":"max-video-preview:-1"},"canonical":"https:\/\/www.naturparkmagazin.de\/schwaebisch-fraenkischer-wald\/pilzberatungen-im-naturparkzentrum\/","og_locale":"de_DE","og_type":"article","og_title":"Pilzberatungen vom 27. August bis zum 29. Oktober - Naturpark Schw\u00e4bisch-Fr\u00e4nkischer Wald","og_description":"Kostenlose Pilzberatung im Naturparkzentrum in Murrhardt","og_url":"https:\/\/www.naturparkmagazin.de\/schwaebisch-fraenkischer-wald\/pilzberatungen-im-naturparkzentrum\/","og_site_name":"Naturpark Schw\u00e4bisch-Fr\u00e4nkischer Wald","article_author":"https:\/\/www.facebook.com\/naturparkSFW","article_published_time":"2017-07-14T06:42:35+00:00","article_modified_time":"2017-07-05T08:51:00+00:00","og_image":[{"width":200,"height":200,"url":"https:\/\/www.naturparkmagazin.de\/schwaebisch-fraenkischer-wald\/wp-content\/uploads\/sites\/34\/2016_Pilzberatungen1.jpg","type":"image\/jpeg"}],"author":"Naturpark-Team","twitter_misc":{"Verfasst von":"Naturpark-Team","Gesch\u00e4tzte Lesezeit":"1\u00a0Minute"},"schema":{"@context":"https:\/\/schema.org","@graph":[{"@type":"WebPage","@id":"https:\/\/www.naturparkmagazin.de\/schwaebisch-fraenkischer-wald\/pilzberatungen-im-naturparkzentrum\/","url":"https:\/\/www.naturparkmagazin.de\/schwaebisch-fraenkischer-wald\/pilzberatungen-im-naturparkzentrum\/","name":"Pilzberatungen vom 27. August bis zum 29. Oktober - Naturpark Schw\u00e4bisch-Fr\u00e4nkischer Wald","isPartOf":{"@id":"https:\/\/www.naturparkmagazin.de\/schwaebisch-fraenkischer-wald\/#website"},"datePublished":"2017-07-14T06:42:35+00:00","dateModified":"2017-07-05T08:51:00+00:00","author":{"@id":"https:\/\/www.naturparkmagazin.de\/schwaebisch-fraenkischer-wald\/#\/schema\/person\/f047a3702ae747fd7830cf8ac95e6066"},"breadcrumb":{"@id":"https:\/\/www.naturparkmagazin.de\/schwaebisch-fraenkischer-wald\/pilzberatungen-im-naturparkzentrum\/#breadcrumb"},"inLanguage":"de","potentialAction":[{"@type":"ReadAction","target":["https:\/\/www.naturparkmagazin.de\/schwaebisch-fraenkischer-wald\/pilzberatungen-im-naturparkzentrum\/"]}]},{"@type":"BreadcrumbList","@id":"https:\/\/www.naturparkmagazin.de\/schwaebisch-fraenkischer-wald\/pilzberatungen-im-naturparkzentrum\/#breadcrumb","itemListElement":[{"@type":"ListItem","position":1,"name":"Home","item":"https:\/\/www.naturparkmagazin.de\/schwaebisch-fraenkischer-wald\/"},{"@type":"ListItem","position":2,"name":"Pilzberatungen vom 27. August bis zum 29. Oktober"}]},{"@type":"WebSite","@id":"https:\/\/www.naturparkmagazin.de\/schwaebisch-fraenkischer-wald\/#website","url":"https:\/\/www.naturparkmagazin.de\/schwaebisch-fraenkischer-wald\/","name":"Naturpark Schw\u00e4bisch-Fr\u00e4nkischer Wald","description":"","potentialAction":[{"@type":"SearchAction","target":{"@type":"EntryPoint","urlTemplate":"https:\/\/www.naturparkmagazin.de\/schwaebisch-fraenkischer-wald\/?s={search_term_string}"},"query-input":"required name=search_term_string"}],"inLanguage":"de"},{"@type":"Person","@id":"https:\/\/www.naturparkmagazin.de\/schwaebisch-fraenkischer-wald\/#\/schema\/person\/f047a3702ae747fd7830cf8ac95e6066","name":"Naturpark-Team","sameAs":["http:\/\/www.naturpark-sfw.de","https:\/\/www.facebook.com\/naturparkSFW"],"url":"https:\/\/www.naturparkmagazin.de\/schwaebisch-fraenkischer-wald\/author\/bernharddrixler\/"}]}},"_links":{"self":[{"href":"https:\/\/www.naturparkmagazin.de\/schwaebisch-fraenkischer-wald\/wp-json\/wp\/v2\/posts\/5245"}],"collection":[{"href":"https:\/\/www.naturparkmagazin.de\/schwaebisch-fraenkischer-wald\/wp-json\/wp\/v2\/posts"}],"about":[{"href":"https:\/\/www.naturparkmagazin.de\/schwaebisch-fraenkischer-wald\/wp-json\/wp\/v2\/types\/post"}],"author":[{"embeddable":true,"href":"https:\/\/www.naturparkmagazin.de\/schwaebisch-fraenkischer-wald\/wp-json\/wp\/v2\/users\/25"}],"replies":[{"embeddable":true,"href":"https:\/\/www.naturparkmagazin.de\/schwaebisch-fraenkischer-wald\/wp-json\/wp\/v2\/comments?post=5245"}],"version-history":[{"count":2,"href":"https:\/\/www.naturparkmagazin.de\/schwaebisch-fraenkischer-wald\/wp-json\/wp\/v2\/posts\/5245\/revisions"}],"predecessor-version":[{"id":5268,"href":"https:\/\/www.naturparkmagazin.de\/schwaebisch-fraenkischer-wald\/wp-json\/wp\/v2\/posts\/5245\/revisions\/5268"}],"wp:featuredmedia":[{"embeddable":true,"href":"https:\/\/www.naturparkmagazin.de\/schwaebisch-fraenkischer-wald\/wp-json\/wp\/v2\/media\/5246"}],"wp:attachment":[{"href":"https:\/\/www.naturparkmagazin.de\/schwaebisch-fraenkischer-wald\/wp-json\/wp\/v2\/media?parent=5245"}],"wp:term":[{"taxonomy":"category","embeddable":true,"href":"https:\/\/www.naturparkmagazin.de\/schwaebisch-fraenkischer-wald\/wp-json\/wp\/v2\/categories?post=5245"},{"taxonomy":"post_tag","embeddable":true,"href":"https:\/\/www.naturparkmagazin.de\/schwaebisch-fraenkischer-wald\/wp-json\/wp\/v2\/tags?post=5245"}],"curies":[{"name":"wp","href":"https:\/\/api.w.org\/{rel}","templated":true}]}}