{"id":528,"date":"2013-12-16T12:01:11","date_gmt":"2013-12-16T10:01:11","guid":{"rendered":"http:\/\/www.naturparkmagazin.de\/schwaebisch-fraenkischer-wald\/?p=528"},"modified":"2013-12-12T10:57:22","modified_gmt":"2013-12-12T08:57:22","slug":"der-naturpark-im-ueberblick-alle-termine-fuer-2014","status":"publish","type":"post","link":"https:\/\/www.naturparkmagazin.de\/schwaebisch-fraenkischer-wald\/der-naturpark-im-ueberblick-alle-termine-fuer-2014\/","title":{"rendered":"Der Naturpark im \u00dcberblick \u2013 Alle Termine f\u00fcr 2014"},"content":{"rendered":"<p>Der Naturpark bietet \u00fcber das gesamte Jahr 2014 eine Vielzahl an interessanten Veranstaltungen. Von Naturparkm\u00e4rkten \u00fcber Brunch auf dem Bauernhof bis zum Naturschutztag, jeden Monat ist im Naturpark was los! Dieses Jahr feiern wir zus\u00e4tzlich unser 35-j\u00e4hriges Bestehen, 10 Jahre Naturparkzentrum in Murrhardt und unsere Gebietserweiterung. Es gibt also Grund zu feiern! Hier finden Sie alle Termine des Naturparks im \u00dcberblick. Merken Sie sich Ihre Lieblingsveranstaltungen schon vor!<\/p>\n<p><strong>11. &#8211; 19. Januar, CMT Messe in Stuttgart<\/strong><\/p>\n<p>Wir pr\u00e4sentieren uns und unsere wichtigsten Brosch\u00fcren zusammen mit den anderen 6 Naturparken in Baden-W\u00fcrttemberg. Dort k\u00f6nnen Sie schon die neue Ausgabe von Naturpark aktiv, Naturparkteller und ECHTZEIT Magazin bekommen. Kommen Sie vorbei und besuchen Sie uns am Stand.<\/p>\n<p><strong>29.&amp;30. M\u00e4rz, Messe Gesund &amp; Vital in Waiblingen<\/strong><\/p>\n<p>F\u00fcr die meisten Menschen, egal welchen Alters, geh\u00f6rt es zum t\u00e4glichen Leben, etwas f\u00fcr das \u201eSich-Rundum-Wohlf\u00fchlen\u201c und den Erhalt der Gesundheit zu tun. Zwei Tage lang dreht sich deshalb alles nur um die Themen Ern\u00e4hrung, Wellness, Pr\u00e4vention und Sch\u00f6nheit auf der Messe gesund &amp; vital.<a href=\"https:\/\/www.naturparkmagazin.de\/schwaebisch-fraenkischer-wald\/wp-content\/uploads\/sites\/34\/130609_Ebniseef\u00fcrAlle_Kathi-28.jpg\"><img decoding=\"async\" loading=\"lazy\" class=\"alignright size-thumbnail wp-image-534\" title=\"spannende Fledermausf\u00fchrung\" alt=\"spannende Fledermausf\u00fchrung\" src=\"https:\/\/www.naturparkmagazin.de\/schwaebisch-fraenkischer-wald\/wp-content\/uploads\/sites\/34\/130609_Ebniseef\u00fcrAlle_Kathi-28-300x200.jpg\" width=\"300\" height=\"200\" srcset=\"https:\/\/www.naturparkmagazin.de\/schwaebisch-fraenkischer-wald\/wp-content\/uploads\/sites\/34\/130609_Ebniseef\u00fcrAlle_Kathi-28-300x200.jpg 300w, https:\/\/www.naturparkmagazin.de\/schwaebisch-fraenkischer-wald\/wp-content\/uploads\/sites\/34\/130609_Ebniseef\u00fcrAlle_Kathi-28-620x413.jpg 620w, https:\/\/www.naturparkmagazin.de\/schwaebisch-fraenkischer-wald\/wp-content\/uploads\/sites\/34\/130609_Ebniseef\u00fcrAlle_Kathi-28-940x627.jpg 940w, https:\/\/www.naturparkmagazin.de\/schwaebisch-fraenkischer-wald\/wp-content\/uploads\/sites\/34\/130609_Ebniseef\u00fcrAlle_Kathi-28-670x447.jpg 670w, https:\/\/www.naturparkmagazin.de\/schwaebisch-fraenkischer-wald\/wp-content\/uploads\/sites\/34\/130609_Ebniseef\u00fcrAlle_Kathi-28-200x133.jpg 200w, https:\/\/www.naturparkmagazin.de\/schwaebisch-fraenkischer-wald\/wp-content\/uploads\/sites\/34\/130609_Ebniseef\u00fcrAlle_Kathi-28.jpg 1500w\" sizes=\"(max-width: 300px) 100vw, 300px\" \/><\/a><\/p>\n<p><strong>Sonntag, 25. Mai, Zweiter Naturschutztag im Naturpark<\/strong><\/p>\n<p>Im Mai zeigt sich die Natur von ihrer sch\u00f6nsten und vielf\u00e4ltigsten Seite. Das reiche Artenspektrum des Naturparks Schw\u00e4bisch-Fr\u00e4nkischer Wald wird nun f\u00fcr jedermann erlebbar. Am Naturschutztag laden Experten zu F\u00fchrungen in die Schutzgebiete ein und zeigen die Vielfalt Ihrer Heimat und dass es sich lohnt f\u00fcr deren Erhalt zu k\u00e4mpfen.<\/p>\n<p><strong>Montag, 09. Juni, &#8211; Pfingstmontag &#8211; Deutscher M\u00fchlentag<\/strong><\/p>\n<p>Pfingstmontag \u00f6ffnen die M\u00fchlen am M\u00fchlenwanderweg im Naturpark ihre T\u00fcren. Die Besichtigung der historischen und technischen Zeitzeugen ist in dieser Form und Vielfalt nur am M\u00fchlentag m\u00f6glich. Deshalb die Chance ergreifen!<\/p>\n<p><strong>Sonntag, 01. Juni, Naturparktag in Aspach<\/strong><\/p>\n<p>Die Gemeinde Aspach und der Naturpark haben f\u00fcr diesen Tag ein umfangreiches Programm mit vielen Wanderungen, F\u00fchrungen sowie Spiel- und Sportangeboten f\u00fcr Erwachsene und Kinder zusammengestellt.<a href=\"https:\/\/www.naturparkmagazin.de\/schwaebisch-fraenkischer-wald\/wp-content\/uploads\/sites\/34\/090802_brunch-194.jpg\"><img decoding=\"async\" loading=\"lazy\" class=\"size-thumbnail wp-image-531 alignleft\" title=\"In der Idylle gem\u00fctlich brunchen\" alt=\"In der Idylle gem\u00fctlich brunchen\" src=\"https:\/\/www.naturparkmagazin.de\/schwaebisch-fraenkischer-wald\/wp-content\/uploads\/sites\/34\/090802_brunch-194-300x199.jpg\" width=\"300\" height=\"199\" \/><\/a><\/p>\n<p><strong>Sonntag, 03. August, Brunch auf dem Bauernhof<\/strong><\/p>\n<p>Die Landwirte im Naturpark Schw\u00e4bisch-Fr\u00e4nkischer Wald laden auf ihre H\u00f6fe ein. Dort k\u00f6nnen Sie Landluft schnuppern, das b\u00e4uerliche Leben hautnah erkunden und das reichhaltige Angebot regionaler Produkte kennenlernen. Dazu bieten unsere Landwirte das Feinste, was sie t\u00e4glich erwirtschaften \u2013 unverf\u00e4lschte Nahrungsmittel direkt vom Hof als leckeren Brunch f\u00fcr die ganze Familie. Diese Veranstaltung findet in alle 7 Naturparke in Baden-W\u00fcrttemberg gleichzeitig statt.<\/p>\n<p><strong>Sonntag, 21. September, Tag des Schw\u00e4bischen Waldes<\/strong><\/p>\n<p>Der Tag des Schw\u00e4bischen Waldes bietet Veranstaltungen, Wanderungen und Aktionen f\u00fcr die ganze Familie. Kleine und gro\u00dfe Waldentdecker k\u00f6nnen sich \u00fcber das gro\u00dfe Angebot an Veranstaltungen freuen und sich auf einen spanenden Tag gefasst machen.<a href=\"https:\/\/www.naturparkmagazin.de\/schwaebisch-fraenkischer-wald\/wp-content\/uploads\/sites\/34\/110911_NPMopp-153_klein1.jpg\"><img decoding=\"async\" loading=\"lazy\" class=\"size-full wp-image-532 alignright\" title=\"Die F\u00fclle der Region erleben\" alt=\"Die F\u00fclle der Region erleben\" src=\"https:\/\/www.naturparkmagazin.de\/schwaebisch-fraenkischer-wald\/wp-content\/uploads\/sites\/34\/110911_NPMopp-153_klein1.jpg\" width=\"244\" height=\"367\" srcset=\"https:\/\/www.naturparkmagazin.de\/schwaebisch-fraenkischer-wald\/wp-content\/uploads\/sites\/34\/110911_NPMopp-153_klein1.jpg 283w, https:\/\/www.naturparkmagazin.de\/schwaebisch-fraenkischer-wald\/wp-content\/uploads\/sites\/34\/110911_NPMopp-153_klein1-200x300.jpg 200w\" sizes=\"(max-width: 244px) 100vw, 244px\" \/><\/a><\/p>\n<p><strong>Naturparkm\u00e4rkte 2014<\/strong><\/p>\n<p>Gesunde und schmackhafte Lebensmittel aus der Region, direkt \u201evor Ort\u201c essen, trinken und probieren sowie ein buntes Rahmenprogramm f\u00fcr Gro\u00df und Klein &#8211; das ist der Naturparkmarkt. Wanderungen der Naturparkf\u00fchrer runden das Programm ab und machen die Naturparkm\u00e4rkte doppelt so spannend. Hier finden Sie eine \u00dcbersicht der Naturparkm\u00e4rkte in diesem Jahr.<\/p>\n<p>Sonntag, 11. Mai: Sulzbach a. d. Murr<\/p>\n<p>Sonntag, 22. Juni: Rudersberg<\/p>\n<p>Sonntag, 20. Juli: Alth\u00fctte<\/p>\n<p>Sonntag, 07. September: Mainhardt<\/p>\n<p>Sonntag, 05. Oktober: Murrhardt<\/p>\n<p><strong>Ebnisee f\u00fcr Alle, Integrative Veranstaltungen am Ebnisee<\/strong><\/p>\n<p>Sommer, Sonne, Eis &#8211; und Ebnisee f\u00fcr Alle! Nicht mehr wegzudenken aus der sch\u00f6nsten Jahreszeit sind die Veranstaltungen des Naturparkes Schw\u00e4bisch- Fr\u00e4nkischer Wald und des Ebnisee-Vereins, die an drei Terminen zwischen Juni und August Menschen mit und ohne Einschr\u00e4nkungen durch Spiel und Spa\u00df zusammenbringen. Die folgenden Termine sind geplant:<\/p>\n<p>Sonntag, 29. Juni<\/p>\n<p>Sonntag, 20. Juli<\/p>\n<p>Donnerstag, 07. August<\/p>\n<p><strong>\u201eNatur-Erlebniscamp W\u00fcstenrot\u201c<a href=\"https:\/\/www.naturparkmagazin.de\/schwaebisch-fraenkischer-wald\/wp-content\/uploads\/sites\/34\/130414_NEC_Waldolympiade_Kathi-49.jpg\"><img decoding=\"async\" loading=\"lazy\" class=\"size-thumbnail wp-image-533 alignleft\" title=\"Spa\u00df bei der Waldolympiade\" alt=\"Spa\u00df bei der Waldolympiade\" src=\"https:\/\/www.naturparkmagazin.de\/schwaebisch-fraenkischer-wald\/wp-content\/uploads\/sites\/34\/130414_NEC_Waldolympiade_Kathi-49-300x225.jpg\" width=\"300\" height=\"225\" srcset=\"https:\/\/www.naturparkmagazin.de\/schwaebisch-fraenkischer-wald\/wp-content\/uploads\/sites\/34\/130414_NEC_Waldolympiade_Kathi-49-300x225.jpg 300w, https:\/\/www.naturparkmagazin.de\/schwaebisch-fraenkischer-wald\/wp-content\/uploads\/sites\/34\/130414_NEC_Waldolympiade_Kathi-49-620x465.jpg 620w, https:\/\/www.naturparkmagazin.de\/schwaebisch-fraenkischer-wald\/wp-content\/uploads\/sites\/34\/130414_NEC_Waldolympiade_Kathi-49-940x705.jpg 940w, https:\/\/www.naturparkmagazin.de\/schwaebisch-fraenkischer-wald\/wp-content\/uploads\/sites\/34\/130414_NEC_Waldolympiade_Kathi-49-580x435.jpg 580w, https:\/\/www.naturparkmagazin.de\/schwaebisch-fraenkischer-wald\/wp-content\/uploads\/sites\/34\/130414_NEC_Waldolympiade_Kathi-49-420x315.jpg 420w, https:\/\/www.naturparkmagazin.de\/schwaebisch-fraenkischer-wald\/wp-content\/uploads\/sites\/34\/130414_NEC_Waldolympiade_Kathi-49-180x135.jpg 180w, https:\/\/www.naturparkmagazin.de\/schwaebisch-fraenkischer-wald\/wp-content\/uploads\/sites\/34\/130414_NEC_Waldolympiade_Kathi-49-95x71.jpg 95w, https:\/\/www.naturparkmagazin.de\/schwaebisch-fraenkischer-wald\/wp-content\/uploads\/sites\/34\/130414_NEC_Waldolympiade_Kathi-49-670x503.jpg 670w, https:\/\/www.naturparkmagazin.de\/schwaebisch-fraenkischer-wald\/wp-content\/uploads\/sites\/34\/130414_NEC_Waldolympiade_Kathi-49-200x150.jpg 200w, https:\/\/www.naturparkmagazin.de\/schwaebisch-fraenkischer-wald\/wp-content\/uploads\/sites\/34\/130414_NEC_Waldolympiade_Kathi-49.jpg 1333w\" sizes=\"(max-width: 300px) 100vw, 300px\" \/><\/a><\/strong><\/p>\n<p>Das Team des \u201eNatur-Erlebniscamps W\u00fcstenrot\u201c erm\u00f6glicht auf vielf\u00e4ltige Weise ein Naturerleben mit allen Sinnen f\u00fcr Jung und Alt und Gro\u00df und Klein. Durch spielerische Naturerfahrungen werden Kopf, Hand und Herz angesprochen sowie ein individuelles Naturwissen vermittelt. Das Erlebniscamp findet dieses Jahr an drei Terminen statt.<\/p>\n<p>Sonntag, 13. April: Waldolympiade Steinknickle, Naturfreundehaus<\/p>\n<p>Donnerstag, 29. Mai (Himmelfahrt): Wellingtonien, Thementag Altes Waldgewerbe<\/p>\n<p>Sonntag, 28.September: Exkursionstag um den Finsterroter See<\/p>\n","protected":false},"excerpt":{"rendered":"<p>Der Naturpark bietet \u00fcber das gesamte Jahr 2014 eine Vielzahl an interessanten Veranstaltungen. Von Naturparkm\u00e4rkten \u00fcber Brunch auf dem Bauernhof bis zum Naturschutztag, jeden Monat ist im Naturpark was los! Dieses Jahr feiern wir zus\u00e4tzlich unser 35-j\u00e4hriges Bestehen, 10 Jahre Naturparkzentrum in Murrhardt und unsere Gebietserweiterung. Es gibt also Grund zu feiern! Hier finden Sie alle Termine des Naturparks im \u00dcberblick. Merken Sie sich Ihre Lieblingsveranstaltungen schon vor!<\/p>\n","protected":false},"author":25,"featured_media":530,"comment_status":"open","ping_status":"open","sticky":false,"template":"","format":"standard","meta":[],"categories":[11],"tags":[29,35,28],"yoast_head":"<!-- This site is optimized with the Yoast SEO plugin v19.10 - https:\/\/yoast.com\/wordpress\/plugins\/seo\/ -->\n<title>Der Naturpark im \u00dcberblick \u2013 Alle Termine f\u00fcr 2014 - Naturpark Schw\u00e4bisch-Fr\u00e4nkischer Wald<\/title>\n<meta name=\"robots\" content=\"index, follow, max-snippet:-1, max-image-preview:large, max-video-preview:-1\" \/>\n<link rel=\"canonical\" href=\"https:\/\/www.naturparkmagazin.de\/schwaebisch-fraenkischer-wald\/der-naturpark-im-ueberblick-alle-termine-fuer-2014\/\" \/>\n<meta property=\"og:locale\" content=\"de_DE\" \/>\n<meta property=\"og:type\" content=\"article\" \/>\n<meta property=\"og:title\" content=\"Der Naturpark im \u00dcberblick \u2013 Alle Termine f\u00fcr 2014 - Naturpark Schw\u00e4bisch-Fr\u00e4nkischer Wald\" \/>\n<meta property=\"og:description\" content=\"Der Naturpark bietet \u00fcber das gesamte Jahr 2014 eine Vielzahl an interessanten Veranstaltungen. Von Naturparkm\u00e4rkten \u00fcber Brunch auf dem Bauernhof bis zum Naturschutztag, jeden Monat ist im Naturpark was los! Dieses Jahr feiern wir zus\u00e4tzlich unser 35-j\u00e4hriges Bestehen, 10 Jahre Naturparkzentrum in Murrhardt und unsere Gebietserweiterung. Es gibt also Grund zu feiern! Hier finden Sie alle Termine des Naturparks im \u00dcberblick. Merken Sie sich Ihre Lieblingsveranstaltungen schon vor!\" \/>\n<meta property=\"og:url\" content=\"https:\/\/www.naturparkmagazin.de\/schwaebisch-fraenkischer-wald\/der-naturpark-im-ueberblick-alle-termine-fuer-2014\/\" \/>\n<meta property=\"og:site_name\" content=\"Naturpark Schw\u00e4bisch-Fr\u00e4nkischer Wald\" \/>\n<meta property=\"article:author\" content=\"https:\/\/www.facebook.com\/naturparkSFW\" \/>\n<meta property=\"article:published_time\" content=\"2013-12-16T10:01:11+00:00\" \/>\n<meta property=\"article:modified_time\" content=\"2013-12-12T08:57:22+00:00\" \/>\n<meta property=\"og:image\" content=\"https:\/\/www.naturparkmagazin.de\/schwaebisch-fraenkischer-wald\/wp-content\/uploads\/sites\/34\/MG_0040.jpg\" \/>\n\t<meta property=\"og:image:width\" content=\"1000\" \/>\n\t<meta property=\"og:image:height\" content=\"1500\" \/>\n\t<meta property=\"og:image:type\" content=\"image\/jpeg\" \/>\n<meta name=\"author\" content=\"Naturpark-Team\" \/>\n<meta name=\"twitter:label1\" content=\"Verfasst von\" \/>\n\t<meta name=\"twitter:data1\" content=\"Naturpark-Team\" \/>\n\t<meta name=\"twitter:label2\" content=\"Gesch\u00e4tzte Lesezeit\" \/>\n\t<meta name=\"twitter:data2\" content=\"3\u00a0Minuten\" \/>\n<script type=\"application\/ld+json\" class=\"yoast-schema-graph\">{\"@context\":\"https:\/\/schema.org\",\"@graph\":[{\"@type\":\"WebPage\",\"@id\":\"https:\/\/www.naturparkmagazin.de\/schwaebisch-fraenkischer-wald\/der-naturpark-im-ueberblick-alle-termine-fuer-2014\/\",\"url\":\"https:\/\/www.naturparkmagazin.de\/schwaebisch-fraenkischer-wald\/der-naturpark-im-ueberblick-alle-termine-fuer-2014\/\",\"name\":\"Der Naturpark im \u00dcberblick \u2013 Alle Termine f\u00fcr 2014 - Naturpark Schw\u00e4bisch-Fr\u00e4nkischer Wald\",\"isPartOf\":{\"@id\":\"https:\/\/www.naturparkmagazin.de\/schwaebisch-fraenkischer-wald\/#website\"},\"datePublished\":\"2013-12-16T10:01:11+00:00\",\"dateModified\":\"2013-12-12T08:57:22+00:00\",\"author\":{\"@id\":\"https:\/\/www.naturparkmagazin.de\/schwaebisch-fraenkischer-wald\/#\/schema\/person\/f047a3702ae747fd7830cf8ac95e6066\"},\"breadcrumb\":{\"@id\":\"https:\/\/www.naturparkmagazin.de\/schwaebisch-fraenkischer-wald\/der-naturpark-im-ueberblick-alle-termine-fuer-2014\/#breadcrumb\"},\"inLanguage\":\"de\",\"potentialAction\":[{\"@type\":\"ReadAction\",\"target\":[\"https:\/\/www.naturparkmagazin.de\/schwaebisch-fraenkischer-wald\/der-naturpark-im-ueberblick-alle-termine-fuer-2014\/\"]}]},{\"@type\":\"BreadcrumbList\",\"@id\":\"https:\/\/www.naturparkmagazin.de\/schwaebisch-fraenkischer-wald\/der-naturpark-im-ueberblick-alle-termine-fuer-2014\/#breadcrumb\",\"itemListElement\":[{\"@type\":\"ListItem\",\"position\":1,\"name\":\"Home\",\"item\":\"https:\/\/www.naturparkmagazin.de\/schwaebisch-fraenkischer-wald\/\"},{\"@type\":\"ListItem\",\"position\":2,\"name\":\"Der Naturpark im \u00dcberblick \u2013 Alle Termine f\u00fcr 2014\"}]},{\"@type\":\"WebSite\",\"@id\":\"https:\/\/www.naturparkmagazin.de\/schwaebisch-fraenkischer-wald\/#website\",\"url\":\"https:\/\/www.naturparkmagazin.de\/schwaebisch-fraenkischer-wald\/\",\"name\":\"Naturpark Schw\u00e4bisch-Fr\u00e4nkischer Wald\",\"description\":\"\",\"potentialAction\":[{\"@type\":\"SearchAction\",\"target\":{\"@type\":\"EntryPoint\",\"urlTemplate\":\"https:\/\/www.naturparkmagazin.de\/schwaebisch-fraenkischer-wald\/?s={search_term_string}\"},\"query-input\":\"required name=search_term_string\"}],\"inLanguage\":\"de\"},{\"@type\":\"Person\",\"@id\":\"https:\/\/www.naturparkmagazin.de\/schwaebisch-fraenkischer-wald\/#\/schema\/person\/f047a3702ae747fd7830cf8ac95e6066\",\"name\":\"Naturpark-Team\",\"sameAs\":[\"http:\/\/www.naturpark-sfw.de\",\"https:\/\/www.facebook.com\/naturparkSFW\"],\"url\":\"https:\/\/www.naturparkmagazin.de\/schwaebisch-fraenkischer-wald\/author\/bernharddrixler\/\"}]}<\/script>\n<!-- \/ Yoast SEO plugin. -->","yoast_head_json":{"title":"Der Naturpark im \u00dcberblick \u2013 Alle Termine f\u00fcr 2014 - Naturpark Schw\u00e4bisch-Fr\u00e4nkischer Wald","robots":{"index":"index","follow":"follow","max-snippet":"max-snippet:-1","max-image-preview":"max-image-preview:large","max-video-preview":"max-video-preview:-1"},"canonical":"https:\/\/www.naturparkmagazin.de\/schwaebisch-fraenkischer-wald\/der-naturpark-im-ueberblick-alle-termine-fuer-2014\/","og_locale":"de_DE","og_type":"article","og_title":"Der Naturpark im \u00dcberblick \u2013 Alle Termine f\u00fcr 2014 - Naturpark Schw\u00e4bisch-Fr\u00e4nkischer Wald","og_description":"Der Naturpark bietet \u00fcber das gesamte Jahr 2014 eine Vielzahl an interessanten Veranstaltungen. Von Naturparkm\u00e4rkten \u00fcber Brunch auf dem Bauernhof bis zum Naturschutztag, jeden Monat ist im Naturpark was los! Dieses Jahr feiern wir zus\u00e4tzlich unser 35-j\u00e4hriges Bestehen, 10 Jahre Naturparkzentrum in Murrhardt und unsere Gebietserweiterung. Es gibt also Grund zu feiern! Hier finden Sie alle Termine des Naturparks im \u00dcberblick. Merken Sie sich Ihre Lieblingsveranstaltungen schon vor!","og_url":"https:\/\/www.naturparkmagazin.de\/schwaebisch-fraenkischer-wald\/der-naturpark-im-ueberblick-alle-termine-fuer-2014\/","og_site_name":"Naturpark Schw\u00e4bisch-Fr\u00e4nkischer Wald","article_author":"https:\/\/www.facebook.com\/naturparkSFW","article_published_time":"2013-12-16T10:01:11+00:00","article_modified_time":"2013-12-12T08:57:22+00:00","og_image":[{"width":1000,"height":1500,"url":"https:\/\/www.naturparkmagazin.de\/schwaebisch-fraenkischer-wald\/wp-content\/uploads\/sites\/34\/MG_0040.jpg","type":"image\/jpeg"}],"author":"Naturpark-Team","twitter_misc":{"Verfasst von":"Naturpark-Team","Gesch\u00e4tzte Lesezeit":"3\u00a0Minuten"},"schema":{"@context":"https:\/\/schema.org","@graph":[{"@type":"WebPage","@id":"https:\/\/www.naturparkmagazin.de\/schwaebisch-fraenkischer-wald\/der-naturpark-im-ueberblick-alle-termine-fuer-2014\/","url":"https:\/\/www.naturparkmagazin.de\/schwaebisch-fraenkischer-wald\/der-naturpark-im-ueberblick-alle-termine-fuer-2014\/","name":"Der Naturpark im \u00dcberblick \u2013 Alle Termine f\u00fcr 2014 - Naturpark Schw\u00e4bisch-Fr\u00e4nkischer Wald","isPartOf":{"@id":"https:\/\/www.naturparkmagazin.de\/schwaebisch-fraenkischer-wald\/#website"},"datePublished":"2013-12-16T10:01:11+00:00","dateModified":"2013-12-12T08:57:22+00:00","author":{"@id":"https:\/\/www.naturparkmagazin.de\/schwaebisch-fraenkischer-wald\/#\/schema\/person\/f047a3702ae747fd7830cf8ac95e6066"},"breadcrumb":{"@id":"https:\/\/www.naturparkmagazin.de\/schwaebisch-fraenkischer-wald\/der-naturpark-im-ueberblick-alle-termine-fuer-2014\/#breadcrumb"},"inLanguage":"de","potentialAction":[{"@type":"ReadAction","target":["https:\/\/www.naturparkmagazin.de\/schwaebisch-fraenkischer-wald\/der-naturpark-im-ueberblick-alle-termine-fuer-2014\/"]}]},{"@type":"BreadcrumbList","@id":"https:\/\/www.naturparkmagazin.de\/schwaebisch-fraenkischer-wald\/der-naturpark-im-ueberblick-alle-termine-fuer-2014\/#breadcrumb","itemListElement":[{"@type":"ListItem","position":1,"name":"Home","item":"https:\/\/www.naturparkmagazin.de\/schwaebisch-fraenkischer-wald\/"},{"@type":"ListItem","position":2,"name":"Der Naturpark im \u00dcberblick \u2013 Alle Termine f\u00fcr 2014"}]},{"@type":"WebSite","@id":"https:\/\/www.naturparkmagazin.de\/schwaebisch-fraenkischer-wald\/#website","url":"https:\/\/www.naturparkmagazin.de\/schwaebisch-fraenkischer-wald\/","name":"Naturpark Schw\u00e4bisch-Fr\u00e4nkischer Wald","description":"","potentialAction":[{"@type":"SearchAction","target":{"@type":"EntryPoint","urlTemplate":"https:\/\/www.naturparkmagazin.de\/schwaebisch-fraenkischer-wald\/?s={search_term_string}"},"query-input":"required name=search_term_string"}],"inLanguage":"de"},{"@type":"Person","@id":"https:\/\/www.naturparkmagazin.de\/schwaebisch-fraenkischer-wald\/#\/schema\/person\/f047a3702ae747fd7830cf8ac95e6066","name":"Naturpark-Team","sameAs":["http:\/\/www.naturpark-sfw.de","https:\/\/www.facebook.com\/naturparkSFW"],"url":"https:\/\/www.naturparkmagazin.de\/schwaebisch-fraenkischer-wald\/author\/bernharddrixler\/"}]}},"_links":{"self":[{"href":"https:\/\/www.naturparkmagazin.de\/schwaebisch-fraenkischer-wald\/wp-json\/wp\/v2\/posts\/528"}],"collection":[{"href":"https:\/\/www.naturparkmagazin.de\/schwaebisch-fraenkischer-wald\/wp-json\/wp\/v2\/posts"}],"about":[{"href":"https:\/\/www.naturparkmagazin.de\/schwaebisch-fraenkischer-wald\/wp-json\/wp\/v2\/types\/post"}],"author":[{"embeddable":true,"href":"https:\/\/www.naturparkmagazin.de\/schwaebisch-fraenkischer-wald\/wp-json\/wp\/v2\/users\/25"}],"replies":[{"embeddable":true,"href":"https:\/\/www.naturparkmagazin.de\/schwaebisch-fraenkischer-wald\/wp-json\/wp\/v2\/comments?post=528"}],"version-history":[{"count":4,"href":"https:\/\/www.naturparkmagazin.de\/schwaebisch-fraenkischer-wald\/wp-json\/wp\/v2\/posts\/528\/revisions"}],"predecessor-version":[{"id":547,"href":"https:\/\/www.naturparkmagazin.de\/schwaebisch-fraenkischer-wald\/wp-json\/wp\/v2\/posts\/528\/revisions\/547"}],"wp:featuredmedia":[{"embeddable":true,"href":"https:\/\/www.naturparkmagazin.de\/schwaebisch-fraenkischer-wald\/wp-json\/wp\/v2\/media\/530"}],"wp:attachment":[{"href":"https:\/\/www.naturparkmagazin.de\/schwaebisch-fraenkischer-wald\/wp-json\/wp\/v2\/media?parent=528"}],"wp:term":[{"taxonomy":"category","embeddable":true,"href":"https:\/\/www.naturparkmagazin.de\/schwaebisch-fraenkischer-wald\/wp-json\/wp\/v2\/categories?post=528"},{"taxonomy":"post_tag","embeddable":true,"href":"https:\/\/www.naturparkmagazin.de\/schwaebisch-fraenkischer-wald\/wp-json\/wp\/v2\/tags?post=528"}],"curies":[{"name":"wp","href":"https:\/\/api.w.org\/{rel}","templated":true}]}}