{"id":5311,"date":"2017-07-14T10:46:47","date_gmt":"2017-07-14T08:46:47","guid":{"rendered":"http:\/\/www.naturparkmagazin.de\/schwaebisch-fraenkischer-wald\/?p=5311"},"modified":"2017-07-13T10:49:41","modified_gmt":"2017-07-13T08:49:41","slug":"der-naturpark-schwaebisch-fraenkischer-wald-soll-aufbluehen","status":"publish","type":"post","link":"https:\/\/www.naturparkmagazin.de\/schwaebisch-fraenkischer-wald\/der-naturpark-schwaebisch-fraenkischer-wald-soll-aufbluehen\/","title":{"rendered":"Der Naturpark Schw\u00e4bisch-Fr\u00e4nkischer Wald soll aufbl\u00fchen!"},"content":{"rendered":"<p>Um die Artenvielfalt in der Region zu erh\u00f6hen und um dem fortschreitenden Insektensterben ein St\u00fcck entgegenzuwirken, hat sich der<\/p>\n<div id=\"attachment_5303\" style=\"width: 510px\" class=\"wp-caption alignright\"><a href=\"https:\/\/www.naturparkmagazin.de\/schwaebisch-fraenkischer-wald\/wp-content\/uploads\/sites\/34\/B_Fotoarchiv-NP-SFW_Wiesensalbei.jpg\"><img aria-describedby=\"caption-attachment-5303\" decoding=\"async\" loading=\"lazy\" class=\"size-full wp-image-5303\" src=\"https:\/\/www.naturparkmagazin.de\/schwaebisch-fraenkischer-wald\/wp-content\/uploads\/sites\/34\/B_Fotoarchiv-NP-SFW_Wiesensalbei.jpg\" alt=\"Der Weg zum bl\u00fchenden Naturpark\" width=\"500\" height=\"300\" srcset=\"https:\/\/www.naturparkmagazin.de\/schwaebisch-fraenkischer-wald\/wp-content\/uploads\/sites\/34\/B_Fotoarchiv-NP-SFW_Wiesensalbei.jpg 500w, https:\/\/www.naturparkmagazin.de\/schwaebisch-fraenkischer-wald\/wp-content\/uploads\/sites\/34\/B_Fotoarchiv-NP-SFW_Wiesensalbei-300x180.jpg 300w, https:\/\/www.naturparkmagazin.de\/schwaebisch-fraenkischer-wald\/wp-content\/uploads\/sites\/34\/B_Fotoarchiv-NP-SFW_Wiesensalbei-200x120.jpg 200w\" sizes=\"(max-width: 500px) 100vw, 500px\" \/><\/a><p id=\"caption-attachment-5303\" class=\"wp-caption-text\">Der Weg zum bl\u00fchenden Naturpark<\/p><\/div>\n<p>Naturparkverein in Kooperation mit dem Landesnaturschutzverband Baden-W\u00fcrttemberg (LNV) das Ziel gesetzt, naturnahe Wiesenfl\u00e4chen und Staudenrabatte im inner\u00f6rtlichen Bereich anzulegen.<\/p>\n<p>Am 27. Juni konnten sich interessierte Mitgliedsgemeinden auf der Bienenkonferenz in Welzheim \u00fcber den Weg zum \u201ebl\u00fchenden Naturpark\u201c informieren. Bis zum 40-j\u00e4hrigen Jubil\u00e4um im Jahr 2019 sollen im Naturpark erste Erfolge sichtbar sein. \u201eDer Weg zum bl\u00fchenden Naturpark ist ein interkommunaler Prozess, der auch nach 2019 weitergeht\u201c, betont Meika Bakker, stellvertretende Gesch\u00e4ftsf\u00fchrerin des Naturparks, \u201edie Bauh\u00f6fe und weitere Akteure k\u00f6nnen mit- und voneinander lernen und sich gegenseitig unterst\u00fctzen.\u201c Projektmanagerin Lisa-Marie Funke erg\u00e4nzt, dass sich die Region 2019 als bl\u00fchender Naturpark zwischen den Gartenschauen in Heilbronn und im Remstal vermarkten lie\u00dfe.\nInteressierte Naturparkkommunen haben nun die M\u00f6glichkeit, sich bis zum 21. Juli f\u00fcr das erste Umsetzungsjahr 2017\/18 anzumelden. Kommunen, die sich am bl\u00fchenden Naturpark beteiligen m\u00f6chten, k\u00f6nnen sich auf der Gesch\u00e4ftsstelle \u00fcber die Teilnahmebedingungen informieren: 0 71 92 \/ 21 38 87.<\/p>\n","protected":false},"excerpt":{"rendered":"<p>Der Weg zum bl\u00fchenden Naturpark<\/p>\n","protected":false},"author":25,"featured_media":5301,"comment_status":"open","ping_status":"open","sticky":false,"template":"","format":"standard","meta":[],"categories":[7],"tags":[686],"yoast_head":"<!-- This site is optimized with the Yoast SEO plugin v19.10 - https:\/\/yoast.com\/wordpress\/plugins\/seo\/ -->\n<title>Der Naturpark Schw\u00e4bisch-Fr\u00e4nkischer Wald soll aufbl\u00fchen! - Naturpark Schw\u00e4bisch-Fr\u00e4nkischer Wald<\/title>\n<meta name=\"robots\" content=\"index, follow, max-snippet:-1, max-image-preview:large, max-video-preview:-1\" \/>\n<link rel=\"canonical\" href=\"https:\/\/www.naturparkmagazin.de\/schwaebisch-fraenkischer-wald\/der-naturpark-schwaebisch-fraenkischer-wald-soll-aufbluehen\/\" \/>\n<meta property=\"og:locale\" content=\"de_DE\" \/>\n<meta property=\"og:type\" content=\"article\" \/>\n<meta property=\"og:title\" content=\"Der Naturpark Schw\u00e4bisch-Fr\u00e4nkischer Wald soll aufbl\u00fchen! - Naturpark Schw\u00e4bisch-Fr\u00e4nkischer Wald\" \/>\n<meta property=\"og:description\" content=\"Der Weg zum bl\u00fchenden Naturpark\" \/>\n<meta property=\"og:url\" content=\"https:\/\/www.naturparkmagazin.de\/schwaebisch-fraenkischer-wald\/der-naturpark-schwaebisch-fraenkischer-wald-soll-aufbluehen\/\" \/>\n<meta property=\"og:site_name\" content=\"Naturpark Schw\u00e4bisch-Fr\u00e4nkischer Wald\" \/>\n<meta property=\"article:author\" content=\"https:\/\/www.facebook.com\/naturparkSFW\" \/>\n<meta property=\"article:published_time\" content=\"2017-07-14T08:46:47+00:00\" \/>\n<meta property=\"article:modified_time\" content=\"2017-07-13T08:49:41+00:00\" \/>\n<meta property=\"og:image\" content=\"https:\/\/www.naturparkmagazin.de\/schwaebisch-fraenkischer-wald\/wp-content\/uploads\/sites\/34\/200_Fotoarchiv-NP-SFW_Wiesensalbei.jpg\" \/>\n\t<meta property=\"og:image:width\" content=\"200\" \/>\n\t<meta property=\"og:image:height\" content=\"200\" \/>\n\t<meta property=\"og:image:type\" content=\"image\/jpeg\" \/>\n<meta name=\"author\" content=\"Naturpark-Team\" \/>\n<meta name=\"twitter:label1\" content=\"Verfasst von\" \/>\n\t<meta name=\"twitter:data1\" content=\"Naturpark-Team\" \/>\n\t<meta name=\"twitter:label2\" content=\"Gesch\u00e4tzte Lesezeit\" \/>\n\t<meta name=\"twitter:data2\" content=\"1\u00a0Minute\" \/>\n<script type=\"application\/ld+json\" class=\"yoast-schema-graph\">{\"@context\":\"https:\/\/schema.org\",\"@graph\":[{\"@type\":\"WebPage\",\"@id\":\"https:\/\/www.naturparkmagazin.de\/schwaebisch-fraenkischer-wald\/der-naturpark-schwaebisch-fraenkischer-wald-soll-aufbluehen\/\",\"url\":\"https:\/\/www.naturparkmagazin.de\/schwaebisch-fraenkischer-wald\/der-naturpark-schwaebisch-fraenkischer-wald-soll-aufbluehen\/\",\"name\":\"Der Naturpark Schw\u00e4bisch-Fr\u00e4nkischer Wald soll aufbl\u00fchen! - Naturpark Schw\u00e4bisch-Fr\u00e4nkischer Wald\",\"isPartOf\":{\"@id\":\"https:\/\/www.naturparkmagazin.de\/schwaebisch-fraenkischer-wald\/#website\"},\"datePublished\":\"2017-07-14T08:46:47+00:00\",\"dateModified\":\"2017-07-13T08:49:41+00:00\",\"author\":{\"@id\":\"https:\/\/www.naturparkmagazin.de\/schwaebisch-fraenkischer-wald\/#\/schema\/person\/f047a3702ae747fd7830cf8ac95e6066\"},\"breadcrumb\":{\"@id\":\"https:\/\/www.naturparkmagazin.de\/schwaebisch-fraenkischer-wald\/der-naturpark-schwaebisch-fraenkischer-wald-soll-aufbluehen\/#breadcrumb\"},\"inLanguage\":\"de\",\"potentialAction\":[{\"@type\":\"ReadAction\",\"target\":[\"https:\/\/www.naturparkmagazin.de\/schwaebisch-fraenkischer-wald\/der-naturpark-schwaebisch-fraenkischer-wald-soll-aufbluehen\/\"]}]},{\"@type\":\"BreadcrumbList\",\"@id\":\"https:\/\/www.naturparkmagazin.de\/schwaebisch-fraenkischer-wald\/der-naturpark-schwaebisch-fraenkischer-wald-soll-aufbluehen\/#breadcrumb\",\"itemListElement\":[{\"@type\":\"ListItem\",\"position\":1,\"name\":\"Home\",\"item\":\"https:\/\/www.naturparkmagazin.de\/schwaebisch-fraenkischer-wald\/\"},{\"@type\":\"ListItem\",\"position\":2,\"name\":\"Der Naturpark Schw\u00e4bisch-Fr\u00e4nkischer Wald soll aufbl\u00fchen!\"}]},{\"@type\":\"WebSite\",\"@id\":\"https:\/\/www.naturparkmagazin.de\/schwaebisch-fraenkischer-wald\/#website\",\"url\":\"https:\/\/www.naturparkmagazin.de\/schwaebisch-fraenkischer-wald\/\",\"name\":\"Naturpark Schw\u00e4bisch-Fr\u00e4nkischer Wald\",\"description\":\"\",\"potentialAction\":[{\"@type\":\"SearchAction\",\"target\":{\"@type\":\"EntryPoint\",\"urlTemplate\":\"https:\/\/www.naturparkmagazin.de\/schwaebisch-fraenkischer-wald\/?s={search_term_string}\"},\"query-input\":\"required name=search_term_string\"}],\"inLanguage\":\"de\"},{\"@type\":\"Person\",\"@id\":\"https:\/\/www.naturparkmagazin.de\/schwaebisch-fraenkischer-wald\/#\/schema\/person\/f047a3702ae747fd7830cf8ac95e6066\",\"name\":\"Naturpark-Team\",\"sameAs\":[\"http:\/\/www.naturpark-sfw.de\",\"https:\/\/www.facebook.com\/naturparkSFW\"],\"url\":\"https:\/\/www.naturparkmagazin.de\/schwaebisch-fraenkischer-wald\/author\/bernharddrixler\/\"}]}<\/script>\n<!-- \/ Yoast SEO plugin. -->","yoast_head_json":{"title":"Der Naturpark Schw\u00e4bisch-Fr\u00e4nkischer Wald soll aufbl\u00fchen! - Naturpark Schw\u00e4bisch-Fr\u00e4nkischer Wald","robots":{"index":"index","follow":"follow","max-snippet":"max-snippet:-1","max-image-preview":"max-image-preview:large","max-video-preview":"max-video-preview:-1"},"canonical":"https:\/\/www.naturparkmagazin.de\/schwaebisch-fraenkischer-wald\/der-naturpark-schwaebisch-fraenkischer-wald-soll-aufbluehen\/","og_locale":"de_DE","og_type":"article","og_title":"Der Naturpark Schw\u00e4bisch-Fr\u00e4nkischer Wald soll aufbl\u00fchen! - Naturpark Schw\u00e4bisch-Fr\u00e4nkischer Wald","og_description":"Der Weg zum bl\u00fchenden Naturpark","og_url":"https:\/\/www.naturparkmagazin.de\/schwaebisch-fraenkischer-wald\/der-naturpark-schwaebisch-fraenkischer-wald-soll-aufbluehen\/","og_site_name":"Naturpark Schw\u00e4bisch-Fr\u00e4nkischer Wald","article_author":"https:\/\/www.facebook.com\/naturparkSFW","article_published_time":"2017-07-14T08:46:47+00:00","article_modified_time":"2017-07-13T08:49:41+00:00","og_image":[{"width":200,"height":200,"url":"https:\/\/www.naturparkmagazin.de\/schwaebisch-fraenkischer-wald\/wp-content\/uploads\/sites\/34\/200_Fotoarchiv-NP-SFW_Wiesensalbei.jpg","type":"image\/jpeg"}],"author":"Naturpark-Team","twitter_misc":{"Verfasst von":"Naturpark-Team","Gesch\u00e4tzte Lesezeit":"1\u00a0Minute"},"schema":{"@context":"https:\/\/schema.org","@graph":[{"@type":"WebPage","@id":"https:\/\/www.naturparkmagazin.de\/schwaebisch-fraenkischer-wald\/der-naturpark-schwaebisch-fraenkischer-wald-soll-aufbluehen\/","url":"https:\/\/www.naturparkmagazin.de\/schwaebisch-fraenkischer-wald\/der-naturpark-schwaebisch-fraenkischer-wald-soll-aufbluehen\/","name":"Der Naturpark Schw\u00e4bisch-Fr\u00e4nkischer Wald soll aufbl\u00fchen! - Naturpark Schw\u00e4bisch-Fr\u00e4nkischer Wald","isPartOf":{"@id":"https:\/\/www.naturparkmagazin.de\/schwaebisch-fraenkischer-wald\/#website"},"datePublished":"2017-07-14T08:46:47+00:00","dateModified":"2017-07-13T08:49:41+00:00","author":{"@id":"https:\/\/www.naturparkmagazin.de\/schwaebisch-fraenkischer-wald\/#\/schema\/person\/f047a3702ae747fd7830cf8ac95e6066"},"breadcrumb":{"@id":"https:\/\/www.naturparkmagazin.de\/schwaebisch-fraenkischer-wald\/der-naturpark-schwaebisch-fraenkischer-wald-soll-aufbluehen\/#breadcrumb"},"inLanguage":"de","potentialAction":[{"@type":"ReadAction","target":["https:\/\/www.naturparkmagazin.de\/schwaebisch-fraenkischer-wald\/der-naturpark-schwaebisch-fraenkischer-wald-soll-aufbluehen\/"]}]},{"@type":"BreadcrumbList","@id":"https:\/\/www.naturparkmagazin.de\/schwaebisch-fraenkischer-wald\/der-naturpark-schwaebisch-fraenkischer-wald-soll-aufbluehen\/#breadcrumb","itemListElement":[{"@type":"ListItem","position":1,"name":"Home","item":"https:\/\/www.naturparkmagazin.de\/schwaebisch-fraenkischer-wald\/"},{"@type":"ListItem","position":2,"name":"Der Naturpark Schw\u00e4bisch-Fr\u00e4nkischer Wald soll aufbl\u00fchen!"}]},{"@type":"WebSite","@id":"https:\/\/www.naturparkmagazin.de\/schwaebisch-fraenkischer-wald\/#website","url":"https:\/\/www.naturparkmagazin.de\/schwaebisch-fraenkischer-wald\/","name":"Naturpark Schw\u00e4bisch-Fr\u00e4nkischer Wald","description":"","potentialAction":[{"@type":"SearchAction","target":{"@type":"EntryPoint","urlTemplate":"https:\/\/www.naturparkmagazin.de\/schwaebisch-fraenkischer-wald\/?s={search_term_string}"},"query-input":"required name=search_term_string"}],"inLanguage":"de"},{"@type":"Person","@id":"https:\/\/www.naturparkmagazin.de\/schwaebisch-fraenkischer-wald\/#\/schema\/person\/f047a3702ae747fd7830cf8ac95e6066","name":"Naturpark-Team","sameAs":["http:\/\/www.naturpark-sfw.de","https:\/\/www.facebook.com\/naturparkSFW"],"url":"https:\/\/www.naturparkmagazin.de\/schwaebisch-fraenkischer-wald\/author\/bernharddrixler\/"}]}},"_links":{"self":[{"href":"https:\/\/www.naturparkmagazin.de\/schwaebisch-fraenkischer-wald\/wp-json\/wp\/v2\/posts\/5311"}],"collection":[{"href":"https:\/\/www.naturparkmagazin.de\/schwaebisch-fraenkischer-wald\/wp-json\/wp\/v2\/posts"}],"about":[{"href":"https:\/\/www.naturparkmagazin.de\/schwaebisch-fraenkischer-wald\/wp-json\/wp\/v2\/types\/post"}],"author":[{"embeddable":true,"href":"https:\/\/www.naturparkmagazin.de\/schwaebisch-fraenkischer-wald\/wp-json\/wp\/v2\/users\/25"}],"replies":[{"embeddable":true,"href":"https:\/\/www.naturparkmagazin.de\/schwaebisch-fraenkischer-wald\/wp-json\/wp\/v2\/comments?post=5311"}],"version-history":[{"count":1,"href":"https:\/\/www.naturparkmagazin.de\/schwaebisch-fraenkischer-wald\/wp-json\/wp\/v2\/posts\/5311\/revisions"}],"predecessor-version":[{"id":5312,"href":"https:\/\/www.naturparkmagazin.de\/schwaebisch-fraenkischer-wald\/wp-json\/wp\/v2\/posts\/5311\/revisions\/5312"}],"wp:featuredmedia":[{"embeddable":true,"href":"https:\/\/www.naturparkmagazin.de\/schwaebisch-fraenkischer-wald\/wp-json\/wp\/v2\/media\/5301"}],"wp:attachment":[{"href":"https:\/\/www.naturparkmagazin.de\/schwaebisch-fraenkischer-wald\/wp-json\/wp\/v2\/media?parent=5311"}],"wp:term":[{"taxonomy":"category","embeddable":true,"href":"https:\/\/www.naturparkmagazin.de\/schwaebisch-fraenkischer-wald\/wp-json\/wp\/v2\/categories?post=5311"},{"taxonomy":"post_tag","embeddable":true,"href":"https:\/\/www.naturparkmagazin.de\/schwaebisch-fraenkischer-wald\/wp-json\/wp\/v2\/tags?post=5311"}],"curies":[{"name":"wp","href":"https:\/\/api.w.org\/{rel}","templated":true}]}}