{"id":5366,"date":"2017-08-21T12:00:30","date_gmt":"2017-08-21T10:00:30","guid":{"rendered":"http:\/\/www.naturparkmagazin.de\/schwaebisch-fraenkischer-wald\/?p=5366"},"modified":"2017-08-14T09:54:38","modified_gmt":"2017-08-14T07:54:38","slug":"einblicke-in-die-welt-der-honigbienen","status":"publish","type":"post","link":"https:\/\/www.naturparkmagazin.de\/schwaebisch-fraenkischer-wald\/einblicke-in-die-welt-der-honigbienen\/","title":{"rendered":"Einblicke in die Welt der Honigbienen"},"content":{"rendered":"<div id=\"attachment_5367\" style=\"width: 310px\" class=\"wp-caption alignright\"><a href=\"https:\/\/www.naturparkmagazin.de\/schwaebisch-fraenkischer-wald\/wp-content\/uploads\/sites\/34\/500_17_Bienenjahr_Fotoseite_VDN-Ulrike-Sobick-.jpg\"><img aria-describedby=\"caption-attachment-5367\" decoding=\"async\" loading=\"lazy\" class=\"wp-image-5367 size-full\" src=\"https:\/\/www.naturparkmagazin.de\/schwaebisch-fraenkischer-wald\/wp-content\/uploads\/sites\/34\/500_17_Bienenjahr_Fotoseite_VDN-Ulrike-Sobick-.jpg\" alt=\"Bienenjahr im Naturpark\" width=\"300\" height=\"500\" srcset=\"https:\/\/www.naturparkmagazin.de\/schwaebisch-fraenkischer-wald\/wp-content\/uploads\/sites\/34\/500_17_Bienenjahr_Fotoseite_VDN-Ulrike-Sobick-.jpg 300w, https:\/\/www.naturparkmagazin.de\/schwaebisch-fraenkischer-wald\/wp-content\/uploads\/sites\/34\/500_17_Bienenjahr_Fotoseite_VDN-Ulrike-Sobick--200x333.jpg 200w\" sizes=\"(max-width: 300px) 100vw, 300px\" \/><\/a><p id=\"caption-attachment-5367\" class=\"wp-caption-text\">Foto: VDN Fotoseite, Ulrike Sobick<\/p><\/div>\n<p>Ebenso wie \u00bbNutzpflanzen\u00ab und \u00bbWildpflanzen\u00ab unterschieden werden, so werden alle wildlebenden Bienenarten als \u00bbWildbienen\u00ab bezeichnet, um sie von den \u00bbNutzbienen\u00ab, die zur Honiggewinnung oder Nutzpflanzenbest\u00e4ubung eingesetzt werden, zu unterscheiden. Biene Maja w\u00fcrde wohl zur Art Apis mellifera geh\u00f6ren, die weltweit am weitesten verbreitete Honigbiene. 40.000-60.000 Individuen k\u00f6nnen im Fr\u00fchsommer in einem Bienenvolk leben, im Winter sind es bis zu 20.000 Bienen. Und alles ist perfekt organisiert: es gibt die\nK\u00f6nigin, die zur Brutzeit bis zu 2.000 Eier am Tag legt und sozusagen die Mutter des gesamten Bienenstaates ist. Die Arbeiterinnen sammeln Nektar und Pollen, produzieren Honig, Wachs und Propolis, f\u00fcttern die K\u00f6nigin und die Larven, reinigen, k\u00fchlen und heizen den Stock und halten Wache. Zwischen April und Juli leben noch die Drohnen, die m\u00e4nnlichen Bienen, mit im Volk. Sie besitzen gro\u00dfe Augen, haben keinen Giftstachel, sind etwas gr\u00f6\u00dfer als die Arbeiterinnen und f\u00fcr die Fortpflanzung verantwortlich. Alle zusammen bilden sie den sogenannten Bien \u2013 den Superorganismus Bienenvolk.<\/p>\n<p>Vielfalt aus Pollen und Nektar<\/p>\n<p>W\u00e4hrend der Vegetationszeit sammeln die Honigbienen Nektar und Pollen als Vorrat f\u00fcr den Winter. Da sie gemeinsam als Volk \u00fcberwintern, ist ihr Sammeleifer sehr stark ausgepr\u00e4gt. Honigbienen sind \u00fcberwiegend bl\u00fctenstet. Das bedeutet, dass Pflanzenarten, sogenannte Bienentrachtpflanzen, solange angeflogen werden, wie sich deren Nektarausbeute f\u00fcr die Honigbiene lohnt. Nach der Honigernte m\u00fcssen die\nHonigbienen zugef\u00fcttert werden, damit sie im Winter nicht verhungern.\nDies geschieht durch Zuckerwasser oder durch \u00dcberlassen einer bestimmten Menge Honig. Honigbienen produzieren nicht nur Honig, sondern auch Wachs und Propolis. All diese Produkte nutzt auch der Mensch f\u00fcr sich, ob in Lebensmitteln, Kosmetika oder als Medikament.<\/p>\n","protected":false},"excerpt":{"rendered":"<p>Das Bienenjahr im Naturpark<\/p>\n","protected":false},"author":25,"featured_media":5368,"comment_status":"open","ping_status":"open","sticky":false,"template":"","format":"standard","meta":[],"categories":[617],"tags":[686],"yoast_head":"<!-- This site is optimized with the Yoast SEO plugin v19.10 - https:\/\/yoast.com\/wordpress\/plugins\/seo\/ -->\n<title>Einblicke in die Welt der Honigbienen - Naturpark Schw\u00e4bisch-Fr\u00e4nkischer Wald<\/title>\n<meta name=\"robots\" content=\"index, follow, max-snippet:-1, max-image-preview:large, max-video-preview:-1\" \/>\n<link rel=\"canonical\" href=\"https:\/\/www.naturparkmagazin.de\/schwaebisch-fraenkischer-wald\/einblicke-in-die-welt-der-honigbienen\/\" \/>\n<meta property=\"og:locale\" content=\"de_DE\" \/>\n<meta property=\"og:type\" content=\"article\" \/>\n<meta property=\"og:title\" content=\"Einblicke in die Welt der Honigbienen - Naturpark Schw\u00e4bisch-Fr\u00e4nkischer Wald\" \/>\n<meta property=\"og:description\" content=\"Das Bienenjahr im Naturpark\" \/>\n<meta property=\"og:url\" content=\"https:\/\/www.naturparkmagazin.de\/schwaebisch-fraenkischer-wald\/einblicke-in-die-welt-der-honigbienen\/\" \/>\n<meta property=\"og:site_name\" content=\"Naturpark Schw\u00e4bisch-Fr\u00e4nkischer Wald\" \/>\n<meta property=\"article:author\" content=\"https:\/\/www.facebook.com\/naturparkSFW\" \/>\n<meta property=\"article:published_time\" content=\"2017-08-21T10:00:30+00:00\" \/>\n<meta property=\"article:modified_time\" content=\"2017-08-14T07:54:38+00:00\" \/>\n<meta property=\"og:image\" content=\"https:\/\/www.naturparkmagazin.de\/schwaebisch-fraenkischer-wald\/wp-content\/uploads\/sites\/34\/200_17_Bienenjahr_Fotoseite_VDN-Ulrike-Sobick-.jpg\" \/>\n\t<meta property=\"og:image:width\" content=\"200\" \/>\n\t<meta property=\"og:image:height\" content=\"200\" \/>\n\t<meta property=\"og:image:type\" content=\"image\/jpeg\" \/>\n<meta name=\"author\" content=\"Naturpark-Team\" \/>\n<meta name=\"twitter:label1\" content=\"Verfasst von\" \/>\n\t<meta name=\"twitter:data1\" content=\"Naturpark-Team\" \/>\n\t<meta name=\"twitter:label2\" content=\"Gesch\u00e4tzte Lesezeit\" \/>\n\t<meta name=\"twitter:data2\" content=\"1\u00a0Minute\" \/>\n<script type=\"application\/ld+json\" class=\"yoast-schema-graph\">{\"@context\":\"https:\/\/schema.org\",\"@graph\":[{\"@type\":\"WebPage\",\"@id\":\"https:\/\/www.naturparkmagazin.de\/schwaebisch-fraenkischer-wald\/einblicke-in-die-welt-der-honigbienen\/\",\"url\":\"https:\/\/www.naturparkmagazin.de\/schwaebisch-fraenkischer-wald\/einblicke-in-die-welt-der-honigbienen\/\",\"name\":\"Einblicke in die Welt der Honigbienen - Naturpark Schw\u00e4bisch-Fr\u00e4nkischer Wald\",\"isPartOf\":{\"@id\":\"https:\/\/www.naturparkmagazin.de\/schwaebisch-fraenkischer-wald\/#website\"},\"datePublished\":\"2017-08-21T10:00:30+00:00\",\"dateModified\":\"2017-08-14T07:54:38+00:00\",\"author\":{\"@id\":\"https:\/\/www.naturparkmagazin.de\/schwaebisch-fraenkischer-wald\/#\/schema\/person\/f047a3702ae747fd7830cf8ac95e6066\"},\"breadcrumb\":{\"@id\":\"https:\/\/www.naturparkmagazin.de\/schwaebisch-fraenkischer-wald\/einblicke-in-die-welt-der-honigbienen\/#breadcrumb\"},\"inLanguage\":\"de\",\"potentialAction\":[{\"@type\":\"ReadAction\",\"target\":[\"https:\/\/www.naturparkmagazin.de\/schwaebisch-fraenkischer-wald\/einblicke-in-die-welt-der-honigbienen\/\"]}]},{\"@type\":\"BreadcrumbList\",\"@id\":\"https:\/\/www.naturparkmagazin.de\/schwaebisch-fraenkischer-wald\/einblicke-in-die-welt-der-honigbienen\/#breadcrumb\",\"itemListElement\":[{\"@type\":\"ListItem\",\"position\":1,\"name\":\"Home\",\"item\":\"https:\/\/www.naturparkmagazin.de\/schwaebisch-fraenkischer-wald\/\"},{\"@type\":\"ListItem\",\"position\":2,\"name\":\"Einblicke in die Welt der Honigbienen\"}]},{\"@type\":\"WebSite\",\"@id\":\"https:\/\/www.naturparkmagazin.de\/schwaebisch-fraenkischer-wald\/#website\",\"url\":\"https:\/\/www.naturparkmagazin.de\/schwaebisch-fraenkischer-wald\/\",\"name\":\"Naturpark Schw\u00e4bisch-Fr\u00e4nkischer Wald\",\"description\":\"\",\"potentialAction\":[{\"@type\":\"SearchAction\",\"target\":{\"@type\":\"EntryPoint\",\"urlTemplate\":\"https:\/\/www.naturparkmagazin.de\/schwaebisch-fraenkischer-wald\/?s={search_term_string}\"},\"query-input\":\"required name=search_term_string\"}],\"inLanguage\":\"de\"},{\"@type\":\"Person\",\"@id\":\"https:\/\/www.naturparkmagazin.de\/schwaebisch-fraenkischer-wald\/#\/schema\/person\/f047a3702ae747fd7830cf8ac95e6066\",\"name\":\"Naturpark-Team\",\"sameAs\":[\"http:\/\/www.naturpark-sfw.de\",\"https:\/\/www.facebook.com\/naturparkSFW\"],\"url\":\"https:\/\/www.naturparkmagazin.de\/schwaebisch-fraenkischer-wald\/author\/bernharddrixler\/\"}]}<\/script>\n<!-- \/ Yoast SEO plugin. -->","yoast_head_json":{"title":"Einblicke in die Welt der Honigbienen - Naturpark Schw\u00e4bisch-Fr\u00e4nkischer Wald","robots":{"index":"index","follow":"follow","max-snippet":"max-snippet:-1","max-image-preview":"max-image-preview:large","max-video-preview":"max-video-preview:-1"},"canonical":"https:\/\/www.naturparkmagazin.de\/schwaebisch-fraenkischer-wald\/einblicke-in-die-welt-der-honigbienen\/","og_locale":"de_DE","og_type":"article","og_title":"Einblicke in die Welt der Honigbienen - Naturpark Schw\u00e4bisch-Fr\u00e4nkischer Wald","og_description":"Das Bienenjahr im Naturpark","og_url":"https:\/\/www.naturparkmagazin.de\/schwaebisch-fraenkischer-wald\/einblicke-in-die-welt-der-honigbienen\/","og_site_name":"Naturpark Schw\u00e4bisch-Fr\u00e4nkischer Wald","article_author":"https:\/\/www.facebook.com\/naturparkSFW","article_published_time":"2017-08-21T10:00:30+00:00","article_modified_time":"2017-08-14T07:54:38+00:00","og_image":[{"width":200,"height":200,"url":"https:\/\/www.naturparkmagazin.de\/schwaebisch-fraenkischer-wald\/wp-content\/uploads\/sites\/34\/200_17_Bienenjahr_Fotoseite_VDN-Ulrike-Sobick-.jpg","type":"image\/jpeg"}],"author":"Naturpark-Team","twitter_misc":{"Verfasst von":"Naturpark-Team","Gesch\u00e4tzte Lesezeit":"1\u00a0Minute"},"schema":{"@context":"https:\/\/schema.org","@graph":[{"@type":"WebPage","@id":"https:\/\/www.naturparkmagazin.de\/schwaebisch-fraenkischer-wald\/einblicke-in-die-welt-der-honigbienen\/","url":"https:\/\/www.naturparkmagazin.de\/schwaebisch-fraenkischer-wald\/einblicke-in-die-welt-der-honigbienen\/","name":"Einblicke in die Welt der Honigbienen - Naturpark Schw\u00e4bisch-Fr\u00e4nkischer Wald","isPartOf":{"@id":"https:\/\/www.naturparkmagazin.de\/schwaebisch-fraenkischer-wald\/#website"},"datePublished":"2017-08-21T10:00:30+00:00","dateModified":"2017-08-14T07:54:38+00:00","author":{"@id":"https:\/\/www.naturparkmagazin.de\/schwaebisch-fraenkischer-wald\/#\/schema\/person\/f047a3702ae747fd7830cf8ac95e6066"},"breadcrumb":{"@id":"https:\/\/www.naturparkmagazin.de\/schwaebisch-fraenkischer-wald\/einblicke-in-die-welt-der-honigbienen\/#breadcrumb"},"inLanguage":"de","potentialAction":[{"@type":"ReadAction","target":["https:\/\/www.naturparkmagazin.de\/schwaebisch-fraenkischer-wald\/einblicke-in-die-welt-der-honigbienen\/"]}]},{"@type":"BreadcrumbList","@id":"https:\/\/www.naturparkmagazin.de\/schwaebisch-fraenkischer-wald\/einblicke-in-die-welt-der-honigbienen\/#breadcrumb","itemListElement":[{"@type":"ListItem","position":1,"name":"Home","item":"https:\/\/www.naturparkmagazin.de\/schwaebisch-fraenkischer-wald\/"},{"@type":"ListItem","position":2,"name":"Einblicke in die Welt der Honigbienen"}]},{"@type":"WebSite","@id":"https:\/\/www.naturparkmagazin.de\/schwaebisch-fraenkischer-wald\/#website","url":"https:\/\/www.naturparkmagazin.de\/schwaebisch-fraenkischer-wald\/","name":"Naturpark Schw\u00e4bisch-Fr\u00e4nkischer Wald","description":"","potentialAction":[{"@type":"SearchAction","target":{"@type":"EntryPoint","urlTemplate":"https:\/\/www.naturparkmagazin.de\/schwaebisch-fraenkischer-wald\/?s={search_term_string}"},"query-input":"required name=search_term_string"}],"inLanguage":"de"},{"@type":"Person","@id":"https:\/\/www.naturparkmagazin.de\/schwaebisch-fraenkischer-wald\/#\/schema\/person\/f047a3702ae747fd7830cf8ac95e6066","name":"Naturpark-Team","sameAs":["http:\/\/www.naturpark-sfw.de","https:\/\/www.facebook.com\/naturparkSFW"],"url":"https:\/\/www.naturparkmagazin.de\/schwaebisch-fraenkischer-wald\/author\/bernharddrixler\/"}]}},"_links":{"self":[{"href":"https:\/\/www.naturparkmagazin.de\/schwaebisch-fraenkischer-wald\/wp-json\/wp\/v2\/posts\/5366"}],"collection":[{"href":"https:\/\/www.naturparkmagazin.de\/schwaebisch-fraenkischer-wald\/wp-json\/wp\/v2\/posts"}],"about":[{"href":"https:\/\/www.naturparkmagazin.de\/schwaebisch-fraenkischer-wald\/wp-json\/wp\/v2\/types\/post"}],"author":[{"embeddable":true,"href":"https:\/\/www.naturparkmagazin.de\/schwaebisch-fraenkischer-wald\/wp-json\/wp\/v2\/users\/25"}],"replies":[{"embeddable":true,"href":"https:\/\/www.naturparkmagazin.de\/schwaebisch-fraenkischer-wald\/wp-json\/wp\/v2\/comments?post=5366"}],"version-history":[{"count":1,"href":"https:\/\/www.naturparkmagazin.de\/schwaebisch-fraenkischer-wald\/wp-json\/wp\/v2\/posts\/5366\/revisions"}],"predecessor-version":[{"id":5369,"href":"https:\/\/www.naturparkmagazin.de\/schwaebisch-fraenkischer-wald\/wp-json\/wp\/v2\/posts\/5366\/revisions\/5369"}],"wp:featuredmedia":[{"embeddable":true,"href":"https:\/\/www.naturparkmagazin.de\/schwaebisch-fraenkischer-wald\/wp-json\/wp\/v2\/media\/5368"}],"wp:attachment":[{"href":"https:\/\/www.naturparkmagazin.de\/schwaebisch-fraenkischer-wald\/wp-json\/wp\/v2\/media?parent=5366"}],"wp:term":[{"taxonomy":"category","embeddable":true,"href":"https:\/\/www.naturparkmagazin.de\/schwaebisch-fraenkischer-wald\/wp-json\/wp\/v2\/categories?post=5366"},{"taxonomy":"post_tag","embeddable":true,"href":"https:\/\/www.naturparkmagazin.de\/schwaebisch-fraenkischer-wald\/wp-json\/wp\/v2\/tags?post=5366"}],"curies":[{"name":"wp","href":"https:\/\/api.w.org\/{rel}","templated":true}]}}