{"id":537,"date":"2013-12-16T12:00:14","date_gmt":"2013-12-16T11:00:14","guid":{"rendered":"http:\/\/www.naturparkmagazin.de\/schwaebisch-fraenkischer-wald\/?p=537"},"modified":"2014-04-09T12:02:29","modified_gmt":"2014-04-09T10:02:29","slug":"naturpark-aktiv-der-erlebnisfuehrer-des-naturparks","status":"publish","type":"post","link":"https:\/\/www.naturparkmagazin.de\/schwaebisch-fraenkischer-wald\/naturpark-aktiv-der-erlebnisfuehrer-des-naturparks\/","title":{"rendered":"Naturpark aktiv &#8211; Der Erlebnisf\u00fchrer des Naturparks"},"content":{"rendered":"<p>Ein neues Jahr ist angebrochen und bringt viele neue Chancen und Erlebnisse mit sich; unter anderem, die Chance die Natur hautnah durch vielf\u00e4ltige Veranstaltungen zu erleben und zu erlernen. Daf\u00fcr sorgen unser Naturparkf\u00fchrer, die 2014 insgesamt 109 verschiedene Veranstaltungen anbieten. Schon am ersten Tag des neuen Jahres geht es los.<a href=\"https:\/\/www.naturparkmagazin.de\/schwaebisch-fraenkischer-wald\/wp-content\/uploads\/sites\/34\/141003_Kuch.jpg\"><img decoding=\"async\" loading=\"lazy\" class=\"alignleft size-thumbnail wp-image-543\" title=\"Auf Kr\u00e4utersuche im Naturpark\" alt=\"Auf Kr\u00e4utersuche im Naturpark\" src=\"https:\/\/www.naturparkmagazin.de\/schwaebisch-fraenkischer-wald\/wp-content\/uploads\/sites\/34\/141003_Kuch-300x225.jpg\" width=\"300\" height=\"225\" srcset=\"https:\/\/www.naturparkmagazin.de\/schwaebisch-fraenkischer-wald\/wp-content\/uploads\/sites\/34\/141003_Kuch-300x225.jpg 300w, https:\/\/www.naturparkmagazin.de\/schwaebisch-fraenkischer-wald\/wp-content\/uploads\/sites\/34\/141003_Kuch-620x465.jpg 620w, https:\/\/www.naturparkmagazin.de\/schwaebisch-fraenkischer-wald\/wp-content\/uploads\/sites\/34\/141003_Kuch-940x705.jpg 940w, https:\/\/www.naturparkmagazin.de\/schwaebisch-fraenkischer-wald\/wp-content\/uploads\/sites\/34\/141003_Kuch-580x435.jpg 580w, https:\/\/www.naturparkmagazin.de\/schwaebisch-fraenkischer-wald\/wp-content\/uploads\/sites\/34\/141003_Kuch-420x315.jpg 420w, https:\/\/www.naturparkmagazin.de\/schwaebisch-fraenkischer-wald\/wp-content\/uploads\/sites\/34\/141003_Kuch-180x135.jpg 180w, https:\/\/www.naturparkmagazin.de\/schwaebisch-fraenkischer-wald\/wp-content\/uploads\/sites\/34\/141003_Kuch-95x71.jpg 95w, https:\/\/www.naturparkmagazin.de\/schwaebisch-fraenkischer-wald\/wp-content\/uploads\/sites\/34\/141003_Kuch-670x503.jpg 670w, https:\/\/www.naturparkmagazin.de\/schwaebisch-fraenkischer-wald\/wp-content\/uploads\/sites\/34\/141003_Kuch-200x150.jpg 200w, https:\/\/www.naturparkmagazin.de\/schwaebisch-fraenkischer-wald\/wp-content\/uploads\/sites\/34\/141003_Kuch.jpg 1500w\" sizes=\"(max-width: 300px) 100vw, 300px\" \/><\/a><\/p>\n<p>Die 20 Naturparkf\u00fchrer sind die \u201eBotschafter\u201c unseres Naturparks. Sie bieten mit ihren Erlebniswanderungen an allen 52 Sonntagen und an allen Feiertagen des Jahres ein attraktives und abwechslungsreiches Angebot an. Auf ihren gef\u00fchrten Wanderungen geben sie die M\u00f6glichkeit, den Naturpark individuell zu entdecken, Einblicke in die jahrhundertealte Kultur zu erhalten und die N\u00e4he zur Natur zu genie\u00dfen. Neben der bundesweit zertifizierten Naturparkf\u00fchrer- Ausbildung sind einige von ihnen Experten auf Gebieten wie Geologie, Insekten-, Pflanzen- und Pilzkunde, sind gleichzeitig Waldp\u00e4dagoge oder auch Limes-Cicerone. Lassen Sie sich auf spannende und unterhaltsame Wanderungen im Naturpark Schw\u00e4bisch-Fr\u00e4nkischer Wald mitnehmen! Ob Familienwanderung mit Lagerfeuer, Touren mit Lamas, eine n\u00e4chtliche Fledermausf\u00fchrung oder eine Limeswanderung auf den Spuren der R\u00f6mer \u2013 machen Sie sich auf spannende Stunden mit Freunden und Familie gefasst.<a href=\"https:\/\/www.naturparkmagazin.de\/schwaebisch-fraenkischer-wald\/wp-content\/uploads\/sites\/34\/141116_Pfeffer.jpg\"><img decoding=\"async\" loading=\"lazy\" class=\"alignright size-thumbnail wp-image-544\" title=\"Adrenalin hoch fahren bei einer Mountainbike Tour\" alt=\"Adrenalin hoch fahren bei einer Mountainbike Tour\" src=\"https:\/\/www.naturparkmagazin.de\/schwaebisch-fraenkischer-wald\/wp-content\/uploads\/sites\/34\/141116_Pfeffer-300x200.jpg\" width=\"300\" height=\"200\" srcset=\"https:\/\/www.naturparkmagazin.de\/schwaebisch-fraenkischer-wald\/wp-content\/uploads\/sites\/34\/141116_Pfeffer-300x200.jpg 300w, https:\/\/www.naturparkmagazin.de\/schwaebisch-fraenkischer-wald\/wp-content\/uploads\/sites\/34\/141116_Pfeffer-620x413.jpg 620w, https:\/\/www.naturparkmagazin.de\/schwaebisch-fraenkischer-wald\/wp-content\/uploads\/sites\/34\/141116_Pfeffer-940x627.jpg 940w, https:\/\/www.naturparkmagazin.de\/schwaebisch-fraenkischer-wald\/wp-content\/uploads\/sites\/34\/141116_Pfeffer-670x447.jpg 670w, https:\/\/www.naturparkmagazin.de\/schwaebisch-fraenkischer-wald\/wp-content\/uploads\/sites\/34\/141116_Pfeffer-200x133.jpg 200w, https:\/\/www.naturparkmagazin.de\/schwaebisch-fraenkischer-wald\/wp-content\/uploads\/sites\/34\/141116_Pfeffer.jpg 1350w\" sizes=\"(max-width: 300px) 100vw, 300px\" \/><\/a><\/p>\n<p>Die Naturpark aktiv Brosch\u00fcre gibt einen \u00dcberblick \u00fcber alle F\u00fchrungen im Jahr. Kompakt und praktisch, findet man dort alle die wichtigen Infos wie Startzeit und Treffpunkt sowie Kosten und Kontaktinfos. Unsere langj\u00e4hrigen Naturparkfans werden auch einen Unterschied zu unseren vorherigen Brosch\u00fcren merken, denn dieses Jahr erscheint die Brosch\u00fcre Naturpark aktiv, genauso wie unsere Naturparkteller Brosch\u00fcre, im neuen Naturpark-Design mit unserem neuen Logo. Die Brosch\u00fcre selbst bekommen Sie bei uns im Naturparkzentrum oder k\u00f6nnen Sie auf unsere Webseite <a href=\"http:\/\/www.naturpark-sfw.de\">www.naturpark-sfw.de<\/a> bestellen oder herunterladen.<\/p>\n","protected":false},"excerpt":{"rendered":"<p>Ein neues Jahr ist angebrochen und bringt viele neue Chancen und Erlebnisse mit sich; unter anderem, die Chance die Natur hautnah durch vielf\u00e4ltige Veranstaltungen zu erleben und zu erlernen. Daf\u00fcr sorgen unser Naturparkf\u00fchrer, die 2014 insgesamt 109 verschiedene Veranstaltungen anbieten. Schon am ersten Tag des neuen Jahres geht es los.<\/p>\n","protected":false},"author":25,"featured_media":542,"comment_status":"open","ping_status":"open","sticky":false,"template":"","format":"standard","meta":[],"categories":[11],"tags":[33,91,28,95],"yoast_head":"<!-- This site is optimized with the Yoast SEO plugin v19.10 - https:\/\/yoast.com\/wordpress\/plugins\/seo\/ -->\n<title>Naturpark aktiv - Der Erlebnisf\u00fchrer des Naturparks - Naturpark Schw\u00e4bisch-Fr\u00e4nkischer Wald<\/title>\n<meta name=\"robots\" content=\"index, follow, max-snippet:-1, max-image-preview:large, max-video-preview:-1\" \/>\n<link rel=\"canonical\" href=\"https:\/\/www.naturparkmagazin.de\/schwaebisch-fraenkischer-wald\/naturpark-aktiv-der-erlebnisfuehrer-des-naturparks\/\" \/>\n<meta property=\"og:locale\" content=\"de_DE\" \/>\n<meta property=\"og:type\" content=\"article\" \/>\n<meta property=\"og:title\" content=\"Naturpark aktiv - Der Erlebnisf\u00fchrer des Naturparks - Naturpark Schw\u00e4bisch-Fr\u00e4nkischer Wald\" \/>\n<meta property=\"og:description\" content=\"Ein neues Jahr ist angebrochen und bringt viele neue Chancen und Erlebnisse mit sich; unter anderem, die Chance die Natur hautnah durch vielf\u00e4ltige Veranstaltungen zu erleben und zu erlernen. Daf\u00fcr sorgen unser Naturparkf\u00fchrer, die 2014 insgesamt 109 verschiedene Veranstaltungen anbieten. Schon am ersten Tag des neuen Jahres geht es los.\" \/>\n<meta property=\"og:url\" content=\"https:\/\/www.naturparkmagazin.de\/schwaebisch-fraenkischer-wald\/naturpark-aktiv-der-erlebnisfuehrer-des-naturparks\/\" \/>\n<meta property=\"og:site_name\" content=\"Naturpark Schw\u00e4bisch-Fr\u00e4nkischer Wald\" \/>\n<meta property=\"article:author\" content=\"https:\/\/www.facebook.com\/naturparkSFW\" \/>\n<meta property=\"article:published_time\" content=\"2013-12-16T11:00:14+00:00\" \/>\n<meta property=\"article:modified_time\" content=\"2014-04-09T10:02:29+00:00\" \/>\n<meta property=\"og:image\" content=\"https:\/\/www.naturparkmagazin.de\/schwaebisch-fraenkischer-wald\/wp-content\/uploads\/sites\/34\/140727_Kuch.jpg\" \/>\n\t<meta property=\"og:image:width\" content=\"970\" \/>\n\t<meta property=\"og:image:height\" content=\"884\" \/>\n\t<meta property=\"og:image:type\" content=\"image\/jpeg\" \/>\n<meta name=\"author\" content=\"Naturpark-Team\" \/>\n<meta name=\"twitter:label1\" content=\"Verfasst von\" \/>\n\t<meta name=\"twitter:data1\" content=\"Naturpark-Team\" \/>\n\t<meta name=\"twitter:label2\" content=\"Gesch\u00e4tzte Lesezeit\" \/>\n\t<meta name=\"twitter:data2\" content=\"1\u00a0Minute\" \/>\n<script type=\"application\/ld+json\" class=\"yoast-schema-graph\">{\"@context\":\"https:\/\/schema.org\",\"@graph\":[{\"@type\":\"WebPage\",\"@id\":\"https:\/\/www.naturparkmagazin.de\/schwaebisch-fraenkischer-wald\/naturpark-aktiv-der-erlebnisfuehrer-des-naturparks\/\",\"url\":\"https:\/\/www.naturparkmagazin.de\/schwaebisch-fraenkischer-wald\/naturpark-aktiv-der-erlebnisfuehrer-des-naturparks\/\",\"name\":\"Naturpark aktiv - Der Erlebnisf\u00fchrer des Naturparks - Naturpark Schw\u00e4bisch-Fr\u00e4nkischer Wald\",\"isPartOf\":{\"@id\":\"https:\/\/www.naturparkmagazin.de\/schwaebisch-fraenkischer-wald\/#website\"},\"datePublished\":\"2013-12-16T11:00:14+00:00\",\"dateModified\":\"2014-04-09T10:02:29+00:00\",\"author\":{\"@id\":\"https:\/\/www.naturparkmagazin.de\/schwaebisch-fraenkischer-wald\/#\/schema\/person\/f047a3702ae747fd7830cf8ac95e6066\"},\"breadcrumb\":{\"@id\":\"https:\/\/www.naturparkmagazin.de\/schwaebisch-fraenkischer-wald\/naturpark-aktiv-der-erlebnisfuehrer-des-naturparks\/#breadcrumb\"},\"inLanguage\":\"de\",\"potentialAction\":[{\"@type\":\"ReadAction\",\"target\":[\"https:\/\/www.naturparkmagazin.de\/schwaebisch-fraenkischer-wald\/naturpark-aktiv-der-erlebnisfuehrer-des-naturparks\/\"]}]},{\"@type\":\"BreadcrumbList\",\"@id\":\"https:\/\/www.naturparkmagazin.de\/schwaebisch-fraenkischer-wald\/naturpark-aktiv-der-erlebnisfuehrer-des-naturparks\/#breadcrumb\",\"itemListElement\":[{\"@type\":\"ListItem\",\"position\":1,\"name\":\"Home\",\"item\":\"https:\/\/www.naturparkmagazin.de\/schwaebisch-fraenkischer-wald\/\"},{\"@type\":\"ListItem\",\"position\":2,\"name\":\"Naturpark aktiv &#8211; Der Erlebnisf\u00fchrer des Naturparks\"}]},{\"@type\":\"WebSite\",\"@id\":\"https:\/\/www.naturparkmagazin.de\/schwaebisch-fraenkischer-wald\/#website\",\"url\":\"https:\/\/www.naturparkmagazin.de\/schwaebisch-fraenkischer-wald\/\",\"name\":\"Naturpark Schw\u00e4bisch-Fr\u00e4nkischer Wald\",\"description\":\"\",\"potentialAction\":[{\"@type\":\"SearchAction\",\"target\":{\"@type\":\"EntryPoint\",\"urlTemplate\":\"https:\/\/www.naturparkmagazin.de\/schwaebisch-fraenkischer-wald\/?s={search_term_string}\"},\"query-input\":\"required name=search_term_string\"}],\"inLanguage\":\"de\"},{\"@type\":\"Person\",\"@id\":\"https:\/\/www.naturparkmagazin.de\/schwaebisch-fraenkischer-wald\/#\/schema\/person\/f047a3702ae747fd7830cf8ac95e6066\",\"name\":\"Naturpark-Team\",\"sameAs\":[\"http:\/\/www.naturpark-sfw.de\",\"https:\/\/www.facebook.com\/naturparkSFW\"],\"url\":\"https:\/\/www.naturparkmagazin.de\/schwaebisch-fraenkischer-wald\/author\/bernharddrixler\/\"}]}<\/script>\n<!-- \/ Yoast SEO plugin. -->","yoast_head_json":{"title":"Naturpark aktiv - Der Erlebnisf\u00fchrer des Naturparks - Naturpark Schw\u00e4bisch-Fr\u00e4nkischer Wald","robots":{"index":"index","follow":"follow","max-snippet":"max-snippet:-1","max-image-preview":"max-image-preview:large","max-video-preview":"max-video-preview:-1"},"canonical":"https:\/\/www.naturparkmagazin.de\/schwaebisch-fraenkischer-wald\/naturpark-aktiv-der-erlebnisfuehrer-des-naturparks\/","og_locale":"de_DE","og_type":"article","og_title":"Naturpark aktiv - Der Erlebnisf\u00fchrer des Naturparks - Naturpark Schw\u00e4bisch-Fr\u00e4nkischer Wald","og_description":"Ein neues Jahr ist angebrochen und bringt viele neue Chancen und Erlebnisse mit sich; unter anderem, die Chance die Natur hautnah durch vielf\u00e4ltige Veranstaltungen zu erleben und zu erlernen. Daf\u00fcr sorgen unser Naturparkf\u00fchrer, die 2014 insgesamt 109 verschiedene Veranstaltungen anbieten. Schon am ersten Tag des neuen Jahres geht es los.","og_url":"https:\/\/www.naturparkmagazin.de\/schwaebisch-fraenkischer-wald\/naturpark-aktiv-der-erlebnisfuehrer-des-naturparks\/","og_site_name":"Naturpark Schw\u00e4bisch-Fr\u00e4nkischer Wald","article_author":"https:\/\/www.facebook.com\/naturparkSFW","article_published_time":"2013-12-16T11:00:14+00:00","article_modified_time":"2014-04-09T10:02:29+00:00","og_image":[{"width":970,"height":884,"url":"https:\/\/www.naturparkmagazin.de\/schwaebisch-fraenkischer-wald\/wp-content\/uploads\/sites\/34\/140727_Kuch.jpg","type":"image\/jpeg"}],"author":"Naturpark-Team","twitter_misc":{"Verfasst von":"Naturpark-Team","Gesch\u00e4tzte Lesezeit":"1\u00a0Minute"},"schema":{"@context":"https:\/\/schema.org","@graph":[{"@type":"WebPage","@id":"https:\/\/www.naturparkmagazin.de\/schwaebisch-fraenkischer-wald\/naturpark-aktiv-der-erlebnisfuehrer-des-naturparks\/","url":"https:\/\/www.naturparkmagazin.de\/schwaebisch-fraenkischer-wald\/naturpark-aktiv-der-erlebnisfuehrer-des-naturparks\/","name":"Naturpark aktiv - Der Erlebnisf\u00fchrer des Naturparks - Naturpark Schw\u00e4bisch-Fr\u00e4nkischer Wald","isPartOf":{"@id":"https:\/\/www.naturparkmagazin.de\/schwaebisch-fraenkischer-wald\/#website"},"datePublished":"2013-12-16T11:00:14+00:00","dateModified":"2014-04-09T10:02:29+00:00","author":{"@id":"https:\/\/www.naturparkmagazin.de\/schwaebisch-fraenkischer-wald\/#\/schema\/person\/f047a3702ae747fd7830cf8ac95e6066"},"breadcrumb":{"@id":"https:\/\/www.naturparkmagazin.de\/schwaebisch-fraenkischer-wald\/naturpark-aktiv-der-erlebnisfuehrer-des-naturparks\/#breadcrumb"},"inLanguage":"de","potentialAction":[{"@type":"ReadAction","target":["https:\/\/www.naturparkmagazin.de\/schwaebisch-fraenkischer-wald\/naturpark-aktiv-der-erlebnisfuehrer-des-naturparks\/"]}]},{"@type":"BreadcrumbList","@id":"https:\/\/www.naturparkmagazin.de\/schwaebisch-fraenkischer-wald\/naturpark-aktiv-der-erlebnisfuehrer-des-naturparks\/#breadcrumb","itemListElement":[{"@type":"ListItem","position":1,"name":"Home","item":"https:\/\/www.naturparkmagazin.de\/schwaebisch-fraenkischer-wald\/"},{"@type":"ListItem","position":2,"name":"Naturpark aktiv &#8211; Der Erlebnisf\u00fchrer des Naturparks"}]},{"@type":"WebSite","@id":"https:\/\/www.naturparkmagazin.de\/schwaebisch-fraenkischer-wald\/#website","url":"https:\/\/www.naturparkmagazin.de\/schwaebisch-fraenkischer-wald\/","name":"Naturpark Schw\u00e4bisch-Fr\u00e4nkischer Wald","description":"","potentialAction":[{"@type":"SearchAction","target":{"@type":"EntryPoint","urlTemplate":"https:\/\/www.naturparkmagazin.de\/schwaebisch-fraenkischer-wald\/?s={search_term_string}"},"query-input":"required name=search_term_string"}],"inLanguage":"de"},{"@type":"Person","@id":"https:\/\/www.naturparkmagazin.de\/schwaebisch-fraenkischer-wald\/#\/schema\/person\/f047a3702ae747fd7830cf8ac95e6066","name":"Naturpark-Team","sameAs":["http:\/\/www.naturpark-sfw.de","https:\/\/www.facebook.com\/naturparkSFW"],"url":"https:\/\/www.naturparkmagazin.de\/schwaebisch-fraenkischer-wald\/author\/bernharddrixler\/"}]}},"_links":{"self":[{"href":"https:\/\/www.naturparkmagazin.de\/schwaebisch-fraenkischer-wald\/wp-json\/wp\/v2\/posts\/537"}],"collection":[{"href":"https:\/\/www.naturparkmagazin.de\/schwaebisch-fraenkischer-wald\/wp-json\/wp\/v2\/posts"}],"about":[{"href":"https:\/\/www.naturparkmagazin.de\/schwaebisch-fraenkischer-wald\/wp-json\/wp\/v2\/types\/post"}],"author":[{"embeddable":true,"href":"https:\/\/www.naturparkmagazin.de\/schwaebisch-fraenkischer-wald\/wp-json\/wp\/v2\/users\/25"}],"replies":[{"embeddable":true,"href":"https:\/\/www.naturparkmagazin.de\/schwaebisch-fraenkischer-wald\/wp-json\/wp\/v2\/comments?post=537"}],"version-history":[{"count":3,"href":"https:\/\/www.naturparkmagazin.de\/schwaebisch-fraenkischer-wald\/wp-json\/wp\/v2\/posts\/537\/revisions"}],"predecessor-version":[{"id":546,"href":"https:\/\/www.naturparkmagazin.de\/schwaebisch-fraenkischer-wald\/wp-json\/wp\/v2\/posts\/537\/revisions\/546"}],"wp:featuredmedia":[{"embeddable":true,"href":"https:\/\/www.naturparkmagazin.de\/schwaebisch-fraenkischer-wald\/wp-json\/wp\/v2\/media\/542"}],"wp:attachment":[{"href":"https:\/\/www.naturparkmagazin.de\/schwaebisch-fraenkischer-wald\/wp-json\/wp\/v2\/media?parent=537"}],"wp:term":[{"taxonomy":"category","embeddable":true,"href":"https:\/\/www.naturparkmagazin.de\/schwaebisch-fraenkischer-wald\/wp-json\/wp\/v2\/categories?post=537"},{"taxonomy":"post_tag","embeddable":true,"href":"https:\/\/www.naturparkmagazin.de\/schwaebisch-fraenkischer-wald\/wp-json\/wp\/v2\/tags?post=537"}],"curies":[{"name":"wp","href":"https:\/\/api.w.org\/{rel}","templated":true}]}}