{"id":5370,"date":"2017-09-18T12:00:14","date_gmt":"2017-09-18T10:00:14","guid":{"rendered":"http:\/\/www.naturparkmagazin.de\/schwaebisch-fraenkischer-wald\/?p=5370"},"modified":"2017-08-14T10:01:48","modified_gmt":"2017-08-14T08:01:48","slug":"bienen-fleissige-helferinnen-in-der-landwirtschaft","status":"publish","type":"post","link":"https:\/\/www.naturparkmagazin.de\/schwaebisch-fraenkischer-wald\/bienen-fleissige-helferinnen-in-der-landwirtschaft\/","title":{"rendered":"Bienen &#8211; fleissige Helferinnen in der Landwirtschaft"},"content":{"rendered":"<p>Landwirtschaftliche und g\u00e4rtnerische Betriebe profitieren besonders von den flei\u00dfigen Damen, nicht umsonst gilt die Honigbiene als drittwichtigstes landwirtschaftliches Nutztier. Ihre hohe Wirksamkeit der Best\u00e4ubung ist f\u00fcr die Landwirtschaft unentbehrlich, da sie zu Ertragssteigerungen und zu einer h\u00f6heren Qualit\u00e4t der Fr\u00fcchte f\u00fchrt. Eine maximale Ernte kann jedoch nur durch eine Vielfalt an Best\u00e4ubern, wie Honigbienen, Wildbienen, K\u00e4fer, Fliegen und Schmetterlinge, geleistet werden. Eine ertragreiche Landwirtschaft kann ohne Artenvielfalt nicht \u00fcberleben.<\/p>\n<p>Wer sind die wilden Verwandten von Biene Maja?<\/p>\n<div id=\"attachment_5371\" style=\"width: 310px\" class=\"wp-caption alignright\"><a href=\"https:\/\/www.naturparkmagazin.de\/schwaebisch-fraenkischer-wald\/wp-content\/uploads\/sites\/34\/500_17_Bienenjahr_Fotoseite_Wildbiene_Stefan-Klett.jpg\"><img aria-describedby=\"caption-attachment-5371\" decoding=\"async\" loading=\"lazy\" class=\"size-full wp-image-5371\" src=\"https:\/\/www.naturparkmagazin.de\/schwaebisch-fraenkischer-wald\/wp-content\/uploads\/sites\/34\/500_17_Bienenjahr_Fotoseite_Wildbiene_Stefan-Klett.jpg\" alt=\"Bienenjahr im Naturpark\" width=\"300\" height=\"500\" srcset=\"https:\/\/www.naturparkmagazin.de\/schwaebisch-fraenkischer-wald\/wp-content\/uploads\/sites\/34\/500_17_Bienenjahr_Fotoseite_Wildbiene_Stefan-Klett.jpg 300w, https:\/\/www.naturparkmagazin.de\/schwaebisch-fraenkischer-wald\/wp-content\/uploads\/sites\/34\/500_17_Bienenjahr_Fotoseite_Wildbiene_Stefan-Klett-200x333.jpg 200w\" sizes=\"(max-width: 300px) 100vw, 300px\" \/><\/a><p id=\"caption-attachment-5371\" class=\"wp-caption-text\">Foto: Wildbiene, VDN Fotoseite, Stefan Klett<\/p><\/div>\n<p>Haben Sie schon einmal von der Wei\u00dfbinden-Schmalbiene (Lasioglossum leucozonium), Gew\u00f6hnliche Maskenbiene (Hylaeus com-\nmunis) oder Ackerhummel (Bombus pascuorum) geh\u00f6rt? Diese drei Arten leben auch im Naturpark, sie geh\u00f6ren zu den 570 bisher in Deutschland nachgewiesenen Wildbienenarten. Anders als die Honigbiene sammeln Wildbienen Nektar und Pollen nicht zur\nHonigherstellung sondern f\u00fcr die direkte Eigenversorgung und ihren Nachwuchs.<\/p>\n<p>Wildbienen haben eine faszinierende Lebensweise. Die meisten von ihnen leben als Einzelg\u00e4nger, jedes Weibchen baut sein eigenes Nest und versorgt seine Brut alleine. Einige Wildbienen, wie etwa die Hummeln, sind sozialer eingestellt und leben in Staaten zusammen. Dann gibt es noch die Schmarotzer, sie legen ihre Eier in die Brutzellen nestbauender Arten und werden daher \u00bbKuckucksbienen\u00ab genannt.\nWildbienen sind besonders effiziente Best\u00e4uber. Manche Arten befliegen in derselben Zeit das 3 bis 5-fache an Bl\u00fcten als die Honigbiene. Allerdings nutzen viele Wildbienen ausschlie\u00dflich den Pollen bestimmter Pflanzenarten, auch, wenn andere Pollenquellen vorhanden sind. Dies sind sogenannte oligolektische Arten. Die Knautien-Sandbiene (Andrena hattorfiana) etwa ist auf Knautien und Skabiosen spezialisiert. Diese Anpassung an ganz bestimmte Bl\u00fctenformen macht sie jedoch auch abh\u00e4ngig \u2013 verschwindet die Nahrungsgrundlage, kann auch die dazugeh\u00f6rige Wildbiene nicht \u00fcberleben. In Deutschland sind mittlerweile mehr als die H\u00e4lfte der Wildbienenarten in ihrem Bestand gef\u00e4hrdet oder vom Aussterben bedroht \u2013 obwohl sie durch die Bundesartenschutzverordnung unter besonderen Schutz gestellt sind.<\/p>\n","protected":false},"excerpt":{"rendered":"<p>Das Bienenjahr im Naturpark<\/p>\n","protected":false},"author":25,"featured_media":5372,"comment_status":"open","ping_status":"open","sticky":false,"template":"","format":"standard","meta":[],"categories":[617],"tags":[686],"yoast_head":"<!-- This site is optimized with the Yoast SEO plugin v19.10 - https:\/\/yoast.com\/wordpress\/plugins\/seo\/ -->\n<title>Bienen - fleissige Helferinnen in der Landwirtschaft - Naturpark Schw\u00e4bisch-Fr\u00e4nkischer Wald<\/title>\n<meta name=\"robots\" content=\"index, follow, max-snippet:-1, max-image-preview:large, max-video-preview:-1\" \/>\n<link rel=\"canonical\" href=\"https:\/\/www.naturparkmagazin.de\/schwaebisch-fraenkischer-wald\/bienen-fleissige-helferinnen-in-der-landwirtschaft\/\" \/>\n<meta property=\"og:locale\" content=\"de_DE\" \/>\n<meta property=\"og:type\" content=\"article\" \/>\n<meta property=\"og:title\" content=\"Bienen - fleissige Helferinnen in der Landwirtschaft - Naturpark Schw\u00e4bisch-Fr\u00e4nkischer Wald\" \/>\n<meta property=\"og:description\" content=\"Das Bienenjahr im Naturpark\" \/>\n<meta property=\"og:url\" content=\"https:\/\/www.naturparkmagazin.de\/schwaebisch-fraenkischer-wald\/bienen-fleissige-helferinnen-in-der-landwirtschaft\/\" \/>\n<meta property=\"og:site_name\" content=\"Naturpark Schw\u00e4bisch-Fr\u00e4nkischer Wald\" \/>\n<meta property=\"article:author\" content=\"https:\/\/www.facebook.com\/naturparkSFW\" \/>\n<meta property=\"article:published_time\" content=\"2017-09-18T10:00:14+00:00\" \/>\n<meta property=\"article:modified_time\" content=\"2017-08-14T08:01:48+00:00\" \/>\n<meta property=\"og:image\" content=\"https:\/\/www.naturparkmagazin.de\/schwaebisch-fraenkischer-wald\/wp-content\/uploads\/sites\/34\/200_17_Bienenjahr_Fotoseite_Wildbiene_Stefan-Klett.jpg\" \/>\n\t<meta property=\"og:image:width\" content=\"200\" \/>\n\t<meta property=\"og:image:height\" content=\"200\" \/>\n\t<meta property=\"og:image:type\" content=\"image\/jpeg\" \/>\n<meta name=\"author\" content=\"Naturpark-Team\" \/>\n<meta name=\"twitter:label1\" content=\"Verfasst von\" \/>\n\t<meta name=\"twitter:data1\" content=\"Naturpark-Team\" \/>\n\t<meta name=\"twitter:label2\" content=\"Gesch\u00e4tzte Lesezeit\" \/>\n\t<meta name=\"twitter:data2\" content=\"2\u00a0Minuten\" \/>\n<script type=\"application\/ld+json\" class=\"yoast-schema-graph\">{\"@context\":\"https:\/\/schema.org\",\"@graph\":[{\"@type\":\"WebPage\",\"@id\":\"https:\/\/www.naturparkmagazin.de\/schwaebisch-fraenkischer-wald\/bienen-fleissige-helferinnen-in-der-landwirtschaft\/\",\"url\":\"https:\/\/www.naturparkmagazin.de\/schwaebisch-fraenkischer-wald\/bienen-fleissige-helferinnen-in-der-landwirtschaft\/\",\"name\":\"Bienen - fleissige Helferinnen in der Landwirtschaft - Naturpark Schw\u00e4bisch-Fr\u00e4nkischer Wald\",\"isPartOf\":{\"@id\":\"https:\/\/www.naturparkmagazin.de\/schwaebisch-fraenkischer-wald\/#website\"},\"datePublished\":\"2017-09-18T10:00:14+00:00\",\"dateModified\":\"2017-08-14T08:01:48+00:00\",\"author\":{\"@id\":\"https:\/\/www.naturparkmagazin.de\/schwaebisch-fraenkischer-wald\/#\/schema\/person\/f047a3702ae747fd7830cf8ac95e6066\"},\"breadcrumb\":{\"@id\":\"https:\/\/www.naturparkmagazin.de\/schwaebisch-fraenkischer-wald\/bienen-fleissige-helferinnen-in-der-landwirtschaft\/#breadcrumb\"},\"inLanguage\":\"de\",\"potentialAction\":[{\"@type\":\"ReadAction\",\"target\":[\"https:\/\/www.naturparkmagazin.de\/schwaebisch-fraenkischer-wald\/bienen-fleissige-helferinnen-in-der-landwirtschaft\/\"]}]},{\"@type\":\"BreadcrumbList\",\"@id\":\"https:\/\/www.naturparkmagazin.de\/schwaebisch-fraenkischer-wald\/bienen-fleissige-helferinnen-in-der-landwirtschaft\/#breadcrumb\",\"itemListElement\":[{\"@type\":\"ListItem\",\"position\":1,\"name\":\"Home\",\"item\":\"https:\/\/www.naturparkmagazin.de\/schwaebisch-fraenkischer-wald\/\"},{\"@type\":\"ListItem\",\"position\":2,\"name\":\"Bienen &#8211; fleissige Helferinnen in der Landwirtschaft\"}]},{\"@type\":\"WebSite\",\"@id\":\"https:\/\/www.naturparkmagazin.de\/schwaebisch-fraenkischer-wald\/#website\",\"url\":\"https:\/\/www.naturparkmagazin.de\/schwaebisch-fraenkischer-wald\/\",\"name\":\"Naturpark Schw\u00e4bisch-Fr\u00e4nkischer Wald\",\"description\":\"\",\"potentialAction\":[{\"@type\":\"SearchAction\",\"target\":{\"@type\":\"EntryPoint\",\"urlTemplate\":\"https:\/\/www.naturparkmagazin.de\/schwaebisch-fraenkischer-wald\/?s={search_term_string}\"},\"query-input\":\"required name=search_term_string\"}],\"inLanguage\":\"de\"},{\"@type\":\"Person\",\"@id\":\"https:\/\/www.naturparkmagazin.de\/schwaebisch-fraenkischer-wald\/#\/schema\/person\/f047a3702ae747fd7830cf8ac95e6066\",\"name\":\"Naturpark-Team\",\"sameAs\":[\"http:\/\/www.naturpark-sfw.de\",\"https:\/\/www.facebook.com\/naturparkSFW\"],\"url\":\"https:\/\/www.naturparkmagazin.de\/schwaebisch-fraenkischer-wald\/author\/bernharddrixler\/\"}]}<\/script>\n<!-- \/ Yoast SEO plugin. -->","yoast_head_json":{"title":"Bienen - fleissige Helferinnen in der Landwirtschaft - Naturpark Schw\u00e4bisch-Fr\u00e4nkischer Wald","robots":{"index":"index","follow":"follow","max-snippet":"max-snippet:-1","max-image-preview":"max-image-preview:large","max-video-preview":"max-video-preview:-1"},"canonical":"https:\/\/www.naturparkmagazin.de\/schwaebisch-fraenkischer-wald\/bienen-fleissige-helferinnen-in-der-landwirtschaft\/","og_locale":"de_DE","og_type":"article","og_title":"Bienen - fleissige Helferinnen in der Landwirtschaft - Naturpark Schw\u00e4bisch-Fr\u00e4nkischer Wald","og_description":"Das Bienenjahr im Naturpark","og_url":"https:\/\/www.naturparkmagazin.de\/schwaebisch-fraenkischer-wald\/bienen-fleissige-helferinnen-in-der-landwirtschaft\/","og_site_name":"Naturpark Schw\u00e4bisch-Fr\u00e4nkischer Wald","article_author":"https:\/\/www.facebook.com\/naturparkSFW","article_published_time":"2017-09-18T10:00:14+00:00","article_modified_time":"2017-08-14T08:01:48+00:00","og_image":[{"width":200,"height":200,"url":"https:\/\/www.naturparkmagazin.de\/schwaebisch-fraenkischer-wald\/wp-content\/uploads\/sites\/34\/200_17_Bienenjahr_Fotoseite_Wildbiene_Stefan-Klett.jpg","type":"image\/jpeg"}],"author":"Naturpark-Team","twitter_misc":{"Verfasst von":"Naturpark-Team","Gesch\u00e4tzte Lesezeit":"2\u00a0Minuten"},"schema":{"@context":"https:\/\/schema.org","@graph":[{"@type":"WebPage","@id":"https:\/\/www.naturparkmagazin.de\/schwaebisch-fraenkischer-wald\/bienen-fleissige-helferinnen-in-der-landwirtschaft\/","url":"https:\/\/www.naturparkmagazin.de\/schwaebisch-fraenkischer-wald\/bienen-fleissige-helferinnen-in-der-landwirtschaft\/","name":"Bienen - fleissige Helferinnen in der Landwirtschaft - Naturpark Schw\u00e4bisch-Fr\u00e4nkischer Wald","isPartOf":{"@id":"https:\/\/www.naturparkmagazin.de\/schwaebisch-fraenkischer-wald\/#website"},"datePublished":"2017-09-18T10:00:14+00:00","dateModified":"2017-08-14T08:01:48+00:00","author":{"@id":"https:\/\/www.naturparkmagazin.de\/schwaebisch-fraenkischer-wald\/#\/schema\/person\/f047a3702ae747fd7830cf8ac95e6066"},"breadcrumb":{"@id":"https:\/\/www.naturparkmagazin.de\/schwaebisch-fraenkischer-wald\/bienen-fleissige-helferinnen-in-der-landwirtschaft\/#breadcrumb"},"inLanguage":"de","potentialAction":[{"@type":"ReadAction","target":["https:\/\/www.naturparkmagazin.de\/schwaebisch-fraenkischer-wald\/bienen-fleissige-helferinnen-in-der-landwirtschaft\/"]}]},{"@type":"BreadcrumbList","@id":"https:\/\/www.naturparkmagazin.de\/schwaebisch-fraenkischer-wald\/bienen-fleissige-helferinnen-in-der-landwirtschaft\/#breadcrumb","itemListElement":[{"@type":"ListItem","position":1,"name":"Home","item":"https:\/\/www.naturparkmagazin.de\/schwaebisch-fraenkischer-wald\/"},{"@type":"ListItem","position":2,"name":"Bienen &#8211; fleissige Helferinnen in der Landwirtschaft"}]},{"@type":"WebSite","@id":"https:\/\/www.naturparkmagazin.de\/schwaebisch-fraenkischer-wald\/#website","url":"https:\/\/www.naturparkmagazin.de\/schwaebisch-fraenkischer-wald\/","name":"Naturpark Schw\u00e4bisch-Fr\u00e4nkischer Wald","description":"","potentialAction":[{"@type":"SearchAction","target":{"@type":"EntryPoint","urlTemplate":"https:\/\/www.naturparkmagazin.de\/schwaebisch-fraenkischer-wald\/?s={search_term_string}"},"query-input":"required name=search_term_string"}],"inLanguage":"de"},{"@type":"Person","@id":"https:\/\/www.naturparkmagazin.de\/schwaebisch-fraenkischer-wald\/#\/schema\/person\/f047a3702ae747fd7830cf8ac95e6066","name":"Naturpark-Team","sameAs":["http:\/\/www.naturpark-sfw.de","https:\/\/www.facebook.com\/naturparkSFW"],"url":"https:\/\/www.naturparkmagazin.de\/schwaebisch-fraenkischer-wald\/author\/bernharddrixler\/"}]}},"_links":{"self":[{"href":"https:\/\/www.naturparkmagazin.de\/schwaebisch-fraenkischer-wald\/wp-json\/wp\/v2\/posts\/5370"}],"collection":[{"href":"https:\/\/www.naturparkmagazin.de\/schwaebisch-fraenkischer-wald\/wp-json\/wp\/v2\/posts"}],"about":[{"href":"https:\/\/www.naturparkmagazin.de\/schwaebisch-fraenkischer-wald\/wp-json\/wp\/v2\/types\/post"}],"author":[{"embeddable":true,"href":"https:\/\/www.naturparkmagazin.de\/schwaebisch-fraenkischer-wald\/wp-json\/wp\/v2\/users\/25"}],"replies":[{"embeddable":true,"href":"https:\/\/www.naturparkmagazin.de\/schwaebisch-fraenkischer-wald\/wp-json\/wp\/v2\/comments?post=5370"}],"version-history":[{"count":1,"href":"https:\/\/www.naturparkmagazin.de\/schwaebisch-fraenkischer-wald\/wp-json\/wp\/v2\/posts\/5370\/revisions"}],"predecessor-version":[{"id":5373,"href":"https:\/\/www.naturparkmagazin.de\/schwaebisch-fraenkischer-wald\/wp-json\/wp\/v2\/posts\/5370\/revisions\/5373"}],"wp:featuredmedia":[{"embeddable":true,"href":"https:\/\/www.naturparkmagazin.de\/schwaebisch-fraenkischer-wald\/wp-json\/wp\/v2\/media\/5372"}],"wp:attachment":[{"href":"https:\/\/www.naturparkmagazin.de\/schwaebisch-fraenkischer-wald\/wp-json\/wp\/v2\/media?parent=5370"}],"wp:term":[{"taxonomy":"category","embeddable":true,"href":"https:\/\/www.naturparkmagazin.de\/schwaebisch-fraenkischer-wald\/wp-json\/wp\/v2\/categories?post=5370"},{"taxonomy":"post_tag","embeddable":true,"href":"https:\/\/www.naturparkmagazin.de\/schwaebisch-fraenkischer-wald\/wp-json\/wp\/v2\/tags?post=5370"}],"curies":[{"name":"wp","href":"https:\/\/api.w.org\/{rel}","templated":true}]}}