{"id":5378,"date":"2017-11-15T12:08:25","date_gmt":"2017-11-15T11:08:25","guid":{"rendered":"http:\/\/www.naturparkmagazin.de\/schwaebisch-fraenkischer-wald\/?p=5378"},"modified":"2017-08-14T10:15:03","modified_gmt":"2017-08-14T08:15:03","slug":"so-lassen-sie-ihren-garten-bienenfreundlich-aufbluehen","status":"publish","type":"post","link":"https:\/\/www.naturparkmagazin.de\/schwaebisch-fraenkischer-wald\/so-lassen-sie-ihren-garten-bienenfreundlich-aufbluehen\/","title":{"rendered":"So lassen Sie Ihren Garten bienenfreundlich aufbl\u00fchen"},"content":{"rendered":"<p>Auch wenn sich Wild- und Honigbienen im Wonnemonat Mai mit der Obstbl\u00fcte bei uns wie im Schlaraffenland f\u00fchlen \u2013 nach der Obstbl\u00fcte fehlt den Insekten h\u00e4ufig Nahrung, da bl\u00fchende M\u00e4hwiesen oder Ackerwildkr\u00e4uter immer seltener werden. <a href=\"https:\/\/www.naturparkmagazin.de\/schwaebisch-fraenkischer-wald\/wp-content\/uploads\/sites\/34\/NL_Wildblumensommer-II-20161.jpg\"><img decoding=\"async\" loading=\"lazy\" class=\"alignright size-full wp-image-4984\" src=\"https:\/\/www.naturparkmagazin.de\/schwaebisch-fraenkischer-wald\/wp-content\/uploads\/sites\/34\/NL_Wildblumensommer-II-20161.jpg\" alt=\"Wildblumensommer Abtsgm\u00fcnd\" width=\"200\" height=\"200\" srcset=\"https:\/\/www.naturparkmagazin.de\/schwaebisch-fraenkischer-wald\/wp-content\/uploads\/sites\/34\/NL_Wildblumensommer-II-20161.jpg 200w, https:\/\/www.naturparkmagazin.de\/schwaebisch-fraenkischer-wald\/wp-content\/uploads\/sites\/34\/NL_Wildblumensommer-II-20161-30x30.jpg 30w\" sizes=\"(max-width: 200px) 100vw, 200px\" \/><\/a><\/p>\n<p>Bienenfreundliche G\u00e4rten oder Balkone k\u00f6nnen hier eine wichtige Erg\u00e4nzung leisten, um Bienen ganzj\u00e4hrig Nahrung zu bieten. Wichtig ist es, keine gef\u00fcllten Bl\u00fcten (ohne Pollen und Nektar) oder z\u00fcchterisch ver\u00e4nderte Sorten zu kaufen, weil diese f\u00fcr Bienen nutzlos sind. Empfehlenswert sind Wildstauden &#8211; diese stammen aus der Natur und sind nicht durch Z\u00fcchterhand ver\u00e4ndert. Auch verschiedene Bl\u00fchzeiten sollten in einem Bienengarten kombiniert werden.<\/p>\n<p>Hier haben wir eine Auswahl von bienenfreundlichen Gartengew\u00e4chsen f\u00fcr Sie zusammengestellt:<\/p>\n<p><strong>Wildkr\u00e4uter:<\/strong> Brennnessel, Distelarten, Dost, Flockenblume, Glockenblume, Klappertopf, Kleearten, Kornblume, K\u00f6nigskerze, Lerchensporn, Lungenkraut, Luzerne, L\u00f6wenzahn, M\u00e4des\u00fc\u00df, Natternkopf, Vogelwicke, Wiesenknautie, Zaunwicke<\/p>\n<p><strong>B\u00e4ume und Str\u00e4ucher:<\/strong> Apfel, Berberitze, Birne, Brombeere, Eberesche, Efeu, Felsenbirne, Ginster, Haselstrauch, Himbeere, Johannisbeere, Kirsche, Kornelkirsche, Pfaffenh\u00fctchen, Schlehe, Stachelbeere, Weiden, Wei\u00dfdorn, Wildrosen, Wilder Wein,\nZwergmispel<\/p>\n<p><strong>Blumenbeet:<\/strong> Akelei, Astern, B\u00e4rlauch, Beinwell, Blauer Eisenhut, B\u00fcschelsch\u00f6n, Fetthenne, Glockenblume, Herzgespann, Kaiserkrone, Lerchensporn, Lupine, L\u00f6wenm\u00e4ulchen, Roter Fingerhut, Schafgarbe, Schwarznessel, Taubnessel, ungef\u00fcllte Dahliensorten, Wilde Malve<\/p>\n<p><strong>Gem\u00fcsebeet:<\/strong> Ackerbohnen, Borretsch, Ringelblumen, K\u00fcrbisgew\u00e4chse, Zwiebeln, Kohl, M\u00f6hren, K\u00fcchenkr\u00e4uter (Salbei, Rosmarin, Lavendel, Pfefferminze, Thymian)<\/p>\n<p>Quellen: Robert Ripberger (2012) \/\/ Nicole Fl\u00f6per (NABU 2017)<\/p>\n","protected":false},"excerpt":{"rendered":"<p>Das Bienenjahr im Naturpark &#8211; Teil 4<\/p>\n","protected":false},"author":25,"featured_media":4984,"comment_status":"open","ping_status":"open","sticky":false,"template":"","format":"standard","meta":[],"categories":[617],"tags":[686],"yoast_head":"<!-- This site is optimized with the Yoast SEO plugin v19.10 - https:\/\/yoast.com\/wordpress\/plugins\/seo\/ -->\n<title>So lassen Sie Ihren Garten bienenfreundlich aufbl\u00fchen - Naturpark Schw\u00e4bisch-Fr\u00e4nkischer Wald<\/title>\n<meta name=\"robots\" content=\"index, follow, max-snippet:-1, max-image-preview:large, max-video-preview:-1\" \/>\n<link rel=\"canonical\" href=\"https:\/\/www.naturparkmagazin.de\/schwaebisch-fraenkischer-wald\/so-lassen-sie-ihren-garten-bienenfreundlich-aufbluehen\/\" \/>\n<meta property=\"og:locale\" content=\"de_DE\" \/>\n<meta property=\"og:type\" content=\"article\" \/>\n<meta property=\"og:title\" content=\"So lassen Sie Ihren Garten bienenfreundlich aufbl\u00fchen - Naturpark Schw\u00e4bisch-Fr\u00e4nkischer Wald\" \/>\n<meta property=\"og:description\" content=\"Das Bienenjahr im Naturpark - Teil 4\" \/>\n<meta property=\"og:url\" content=\"https:\/\/www.naturparkmagazin.de\/schwaebisch-fraenkischer-wald\/so-lassen-sie-ihren-garten-bienenfreundlich-aufbluehen\/\" \/>\n<meta property=\"og:site_name\" content=\"Naturpark Schw\u00e4bisch-Fr\u00e4nkischer Wald\" \/>\n<meta property=\"article:author\" content=\"https:\/\/www.facebook.com\/naturparkSFW\" \/>\n<meta property=\"article:published_time\" content=\"2017-11-15T11:08:25+00:00\" \/>\n<meta property=\"article:modified_time\" content=\"2017-08-14T08:15:03+00:00\" \/>\n<meta property=\"og:image\" content=\"https:\/\/www.naturparkmagazin.de\/schwaebisch-fraenkischer-wald\/wp-content\/uploads\/sites\/34\/NL_Wildblumensommer-II-20161.jpg\" \/>\n\t<meta property=\"og:image:width\" content=\"200\" \/>\n\t<meta property=\"og:image:height\" content=\"200\" \/>\n\t<meta property=\"og:image:type\" content=\"image\/jpeg\" \/>\n<meta name=\"author\" content=\"Naturpark-Team\" \/>\n<meta name=\"twitter:label1\" content=\"Verfasst von\" \/>\n\t<meta name=\"twitter:data1\" content=\"Naturpark-Team\" \/>\n\t<meta name=\"twitter:label2\" content=\"Gesch\u00e4tzte Lesezeit\" \/>\n\t<meta name=\"twitter:data2\" content=\"1\u00a0Minute\" \/>\n<script type=\"application\/ld+json\" class=\"yoast-schema-graph\">{\"@context\":\"https:\/\/schema.org\",\"@graph\":[{\"@type\":\"WebPage\",\"@id\":\"https:\/\/www.naturparkmagazin.de\/schwaebisch-fraenkischer-wald\/so-lassen-sie-ihren-garten-bienenfreundlich-aufbluehen\/\",\"url\":\"https:\/\/www.naturparkmagazin.de\/schwaebisch-fraenkischer-wald\/so-lassen-sie-ihren-garten-bienenfreundlich-aufbluehen\/\",\"name\":\"So lassen Sie Ihren Garten bienenfreundlich aufbl\u00fchen - Naturpark Schw\u00e4bisch-Fr\u00e4nkischer Wald\",\"isPartOf\":{\"@id\":\"https:\/\/www.naturparkmagazin.de\/schwaebisch-fraenkischer-wald\/#website\"},\"datePublished\":\"2017-11-15T11:08:25+00:00\",\"dateModified\":\"2017-08-14T08:15:03+00:00\",\"author\":{\"@id\":\"https:\/\/www.naturparkmagazin.de\/schwaebisch-fraenkischer-wald\/#\/schema\/person\/f047a3702ae747fd7830cf8ac95e6066\"},\"breadcrumb\":{\"@id\":\"https:\/\/www.naturparkmagazin.de\/schwaebisch-fraenkischer-wald\/so-lassen-sie-ihren-garten-bienenfreundlich-aufbluehen\/#breadcrumb\"},\"inLanguage\":\"de\",\"potentialAction\":[{\"@type\":\"ReadAction\",\"target\":[\"https:\/\/www.naturparkmagazin.de\/schwaebisch-fraenkischer-wald\/so-lassen-sie-ihren-garten-bienenfreundlich-aufbluehen\/\"]}]},{\"@type\":\"BreadcrumbList\",\"@id\":\"https:\/\/www.naturparkmagazin.de\/schwaebisch-fraenkischer-wald\/so-lassen-sie-ihren-garten-bienenfreundlich-aufbluehen\/#breadcrumb\",\"itemListElement\":[{\"@type\":\"ListItem\",\"position\":1,\"name\":\"Home\",\"item\":\"https:\/\/www.naturparkmagazin.de\/schwaebisch-fraenkischer-wald\/\"},{\"@type\":\"ListItem\",\"position\":2,\"name\":\"So lassen Sie Ihren Garten bienenfreundlich aufbl\u00fchen\"}]},{\"@type\":\"WebSite\",\"@id\":\"https:\/\/www.naturparkmagazin.de\/schwaebisch-fraenkischer-wald\/#website\",\"url\":\"https:\/\/www.naturparkmagazin.de\/schwaebisch-fraenkischer-wald\/\",\"name\":\"Naturpark Schw\u00e4bisch-Fr\u00e4nkischer Wald\",\"description\":\"\",\"potentialAction\":[{\"@type\":\"SearchAction\",\"target\":{\"@type\":\"EntryPoint\",\"urlTemplate\":\"https:\/\/www.naturparkmagazin.de\/schwaebisch-fraenkischer-wald\/?s={search_term_string}\"},\"query-input\":\"required name=search_term_string\"}],\"inLanguage\":\"de\"},{\"@type\":\"Person\",\"@id\":\"https:\/\/www.naturparkmagazin.de\/schwaebisch-fraenkischer-wald\/#\/schema\/person\/f047a3702ae747fd7830cf8ac95e6066\",\"name\":\"Naturpark-Team\",\"sameAs\":[\"http:\/\/www.naturpark-sfw.de\",\"https:\/\/www.facebook.com\/naturparkSFW\"],\"url\":\"https:\/\/www.naturparkmagazin.de\/schwaebisch-fraenkischer-wald\/author\/bernharddrixler\/\"}]}<\/script>\n<!-- \/ Yoast SEO plugin. -->","yoast_head_json":{"title":"So lassen Sie Ihren Garten bienenfreundlich aufbl\u00fchen - Naturpark Schw\u00e4bisch-Fr\u00e4nkischer Wald","robots":{"index":"index","follow":"follow","max-snippet":"max-snippet:-1","max-image-preview":"max-image-preview:large","max-video-preview":"max-video-preview:-1"},"canonical":"https:\/\/www.naturparkmagazin.de\/schwaebisch-fraenkischer-wald\/so-lassen-sie-ihren-garten-bienenfreundlich-aufbluehen\/","og_locale":"de_DE","og_type":"article","og_title":"So lassen Sie Ihren Garten bienenfreundlich aufbl\u00fchen - Naturpark Schw\u00e4bisch-Fr\u00e4nkischer Wald","og_description":"Das Bienenjahr im Naturpark - Teil 4","og_url":"https:\/\/www.naturparkmagazin.de\/schwaebisch-fraenkischer-wald\/so-lassen-sie-ihren-garten-bienenfreundlich-aufbluehen\/","og_site_name":"Naturpark Schw\u00e4bisch-Fr\u00e4nkischer Wald","article_author":"https:\/\/www.facebook.com\/naturparkSFW","article_published_time":"2017-11-15T11:08:25+00:00","article_modified_time":"2017-08-14T08:15:03+00:00","og_image":[{"width":200,"height":200,"url":"https:\/\/www.naturparkmagazin.de\/schwaebisch-fraenkischer-wald\/wp-content\/uploads\/sites\/34\/NL_Wildblumensommer-II-20161.jpg","type":"image\/jpeg"}],"author":"Naturpark-Team","twitter_misc":{"Verfasst von":"Naturpark-Team","Gesch\u00e4tzte Lesezeit":"1\u00a0Minute"},"schema":{"@context":"https:\/\/schema.org","@graph":[{"@type":"WebPage","@id":"https:\/\/www.naturparkmagazin.de\/schwaebisch-fraenkischer-wald\/so-lassen-sie-ihren-garten-bienenfreundlich-aufbluehen\/","url":"https:\/\/www.naturparkmagazin.de\/schwaebisch-fraenkischer-wald\/so-lassen-sie-ihren-garten-bienenfreundlich-aufbluehen\/","name":"So lassen Sie Ihren Garten bienenfreundlich aufbl\u00fchen - Naturpark Schw\u00e4bisch-Fr\u00e4nkischer Wald","isPartOf":{"@id":"https:\/\/www.naturparkmagazin.de\/schwaebisch-fraenkischer-wald\/#website"},"datePublished":"2017-11-15T11:08:25+00:00","dateModified":"2017-08-14T08:15:03+00:00","author":{"@id":"https:\/\/www.naturparkmagazin.de\/schwaebisch-fraenkischer-wald\/#\/schema\/person\/f047a3702ae747fd7830cf8ac95e6066"},"breadcrumb":{"@id":"https:\/\/www.naturparkmagazin.de\/schwaebisch-fraenkischer-wald\/so-lassen-sie-ihren-garten-bienenfreundlich-aufbluehen\/#breadcrumb"},"inLanguage":"de","potentialAction":[{"@type":"ReadAction","target":["https:\/\/www.naturparkmagazin.de\/schwaebisch-fraenkischer-wald\/so-lassen-sie-ihren-garten-bienenfreundlich-aufbluehen\/"]}]},{"@type":"BreadcrumbList","@id":"https:\/\/www.naturparkmagazin.de\/schwaebisch-fraenkischer-wald\/so-lassen-sie-ihren-garten-bienenfreundlich-aufbluehen\/#breadcrumb","itemListElement":[{"@type":"ListItem","position":1,"name":"Home","item":"https:\/\/www.naturparkmagazin.de\/schwaebisch-fraenkischer-wald\/"},{"@type":"ListItem","position":2,"name":"So lassen Sie Ihren Garten bienenfreundlich aufbl\u00fchen"}]},{"@type":"WebSite","@id":"https:\/\/www.naturparkmagazin.de\/schwaebisch-fraenkischer-wald\/#website","url":"https:\/\/www.naturparkmagazin.de\/schwaebisch-fraenkischer-wald\/","name":"Naturpark Schw\u00e4bisch-Fr\u00e4nkischer Wald","description":"","potentialAction":[{"@type":"SearchAction","target":{"@type":"EntryPoint","urlTemplate":"https:\/\/www.naturparkmagazin.de\/schwaebisch-fraenkischer-wald\/?s={search_term_string}"},"query-input":"required name=search_term_string"}],"inLanguage":"de"},{"@type":"Person","@id":"https:\/\/www.naturparkmagazin.de\/schwaebisch-fraenkischer-wald\/#\/schema\/person\/f047a3702ae747fd7830cf8ac95e6066","name":"Naturpark-Team","sameAs":["http:\/\/www.naturpark-sfw.de","https:\/\/www.facebook.com\/naturparkSFW"],"url":"https:\/\/www.naturparkmagazin.de\/schwaebisch-fraenkischer-wald\/author\/bernharddrixler\/"}]}},"_links":{"self":[{"href":"https:\/\/www.naturparkmagazin.de\/schwaebisch-fraenkischer-wald\/wp-json\/wp\/v2\/posts\/5378"}],"collection":[{"href":"https:\/\/www.naturparkmagazin.de\/schwaebisch-fraenkischer-wald\/wp-json\/wp\/v2\/posts"}],"about":[{"href":"https:\/\/www.naturparkmagazin.de\/schwaebisch-fraenkischer-wald\/wp-json\/wp\/v2\/types\/post"}],"author":[{"embeddable":true,"href":"https:\/\/www.naturparkmagazin.de\/schwaebisch-fraenkischer-wald\/wp-json\/wp\/v2\/users\/25"}],"replies":[{"embeddable":true,"href":"https:\/\/www.naturparkmagazin.de\/schwaebisch-fraenkischer-wald\/wp-json\/wp\/v2\/comments?post=5378"}],"version-history":[{"count":1,"href":"https:\/\/www.naturparkmagazin.de\/schwaebisch-fraenkischer-wald\/wp-json\/wp\/v2\/posts\/5378\/revisions"}],"predecessor-version":[{"id":5379,"href":"https:\/\/www.naturparkmagazin.de\/schwaebisch-fraenkischer-wald\/wp-json\/wp\/v2\/posts\/5378\/revisions\/5379"}],"wp:featuredmedia":[{"embeddable":true,"href":"https:\/\/www.naturparkmagazin.de\/schwaebisch-fraenkischer-wald\/wp-json\/wp\/v2\/media\/4984"}],"wp:attachment":[{"href":"https:\/\/www.naturparkmagazin.de\/schwaebisch-fraenkischer-wald\/wp-json\/wp\/v2\/media?parent=5378"}],"wp:term":[{"taxonomy":"category","embeddable":true,"href":"https:\/\/www.naturparkmagazin.de\/schwaebisch-fraenkischer-wald\/wp-json\/wp\/v2\/categories?post=5378"},{"taxonomy":"post_tag","embeddable":true,"href":"https:\/\/www.naturparkmagazin.de\/schwaebisch-fraenkischer-wald\/wp-json\/wp\/v2\/tags?post=5378"}],"curies":[{"name":"wp","href":"https:\/\/api.w.org\/{rel}","templated":true}]}}