{"id":5380,"date":"2017-12-11T12:15:10","date_gmt":"2017-12-11T11:15:10","guid":{"rendered":"http:\/\/www.naturparkmagazin.de\/schwaebisch-fraenkischer-wald\/?p=5380"},"modified":"2017-12-11T09:38:09","modified_gmt":"2017-12-11T08:38:09","slug":"bauarbeiten-im-winter-ein-haeusle-fuer-wildbienen","status":"publish","type":"post","link":"https:\/\/www.naturparkmagazin.de\/schwaebisch-fraenkischer-wald\/bauarbeiten-im-winter-ein-haeusle-fuer-wildbienen\/","title":{"rendered":"Bauarbeiten im Winter: Ein H\u00e4usle f\u00fcr Wildbienen"},"content":{"rendered":"<p>Eine tolle Einstimmung in die Bl\u00fchzeit 2018 w\u00e4re zum Beispiel der Bau eines Wildbienenhotels!<\/p>\n<div id=\"attachment_4356\" style=\"width: 210px\" class=\"wp-caption alignright\"><a href=\"https:\/\/www.naturparkmagazin.de\/schwaebisch-fraenkischer-wald\/wp-content\/uploads\/sites\/34\/17_NPT_Wer-summt-den-da_Raimund-Knauf-VDN.jpg\"><img aria-describedby=\"caption-attachment-4356\" decoding=\"async\" loading=\"lazy\" class=\"size-full wp-image-4356\" src=\"https:\/\/www.naturparkmagazin.de\/schwaebisch-fraenkischer-wald\/wp-content\/uploads\/sites\/34\/17_NPT_Wer-summt-den-da_Raimund-Knauf-VDN.jpg\" alt=\"Foto: Wer summt den da von Raimund Knauf, VDN\" width=\"200\" height=\"200\" srcset=\"https:\/\/www.naturparkmagazin.de\/schwaebisch-fraenkischer-wald\/wp-content\/uploads\/sites\/34\/17_NPT_Wer-summt-den-da_Raimund-Knauf-VDN.jpg 200w, https:\/\/www.naturparkmagazin.de\/schwaebisch-fraenkischer-wald\/wp-content\/uploads\/sites\/34\/17_NPT_Wer-summt-den-da_Raimund-Knauf-VDN-30x30.jpg 30w\" sizes=\"(max-width: 200px) 100vw, 200px\" \/><\/a><p id=\"caption-attachment-4356\" class=\"wp-caption-text\">Foto: Wer summt den da von Raimund Knauf, VDN<\/p><\/div>\n<p>Mit Nisthilfen f\u00fcr Wildbienen k\u00f6nnen Sie das Wohnungsangebot f\u00fcr die flei\u00dfigen Best\u00e4uber verbessern. Da die meisten Wildbienen zwischen Nist- und Futterplatz nur wenige hundert Meter zur\u00fccklegen, sollte auch Ihr Garten oder Balkon bienenfreundlich gestaltet sein. Sogenannte \u00bbWildbienenhotels\u00ab erfreuen sich gro\u00dfer Beliebtheit. Die im Baumarkt erh\u00e4ltlichen Baus\u00e4tze sind jedoch oftmals unbrauchbar oder sogar verletzungsgef\u00e4hrdend f\u00fcr Wildbienen.<\/p>\n<ul>\n<li>Mit den folgenden Tipps k\u00f6nnen Sie \u00fcberpr\u00fcfen, ob ihre Nisthilfe f\u00fcr Wildbienen geeignet ist:<\/li>\n<li>Das F\u00fcllmaterial besteht aus trockenem Hartholz und gleichlangen Pflanzenst\u00e4ngeln (Bambus, Schilf)<\/li>\n<li>Die Nisthilfe weist eine Tiefe von mindestens 10 cm auf<\/li>\n<li>Die Durchmesser der Bohrungen variieren zwischen 3 und 8 Millimeter<\/li>\n<li>Die Bohrungen erfolgen quer zur Faserrichtung des Holzes und nicht zu dicht aneinander<\/li>\n<li>Die Nisteing\u00e4nge weisen keine hervorstehenden, verletzungsgef\u00e4hrdenden Fasern auf<\/li>\n<li>Die \u201eKnoten\u201c der Pflanzenst\u00e4ngel liegen hinten<\/li>\n<li>Die Nistg\u00e4nge sind vor N\u00e4sse und Witterung durch ein \u00fcberstehendes Dach gesch\u00fctzt<\/li>\n<li>Die Nisthilfe steht an einem sonnigen Standort in Richtung S\u00fcdost bis S\u00fcdwest<\/li>\n<li>Die Nisthilfe steht nicht direkt auf feuchtem Boden und ist wackelfrei montiert.<\/li>\n<\/ul>\n<p>Bitte nicht die von Wildbienen verschlossenen Eing\u00e4nge \u00f6ffnen.<\/p>\n<p>(Tipps zur Nisthilfe \u00fcbernommen von \u201eDeutschland summt\u201c: www.bienenfreundlich-gaertnern.de)<\/p>\n","protected":false},"excerpt":{"rendered":"<p>Machen Sie 2018 zu IHREM Bienenjahr!<\/p>\n","protected":false},"author":25,"featured_media":4356,"comment_status":"open","ping_status":"open","sticky":false,"template":"","format":"standard","meta":[],"categories":[617],"tags":[686,1069],"yoast_head":"<!-- This site is optimized with the Yoast SEO plugin v19.10 - https:\/\/yoast.com\/wordpress\/plugins\/seo\/ -->\n<title>Bauarbeiten im Winter: Ein H\u00e4usle f\u00fcr Wildbienen - Naturpark Schw\u00e4bisch-Fr\u00e4nkischer Wald<\/title>\n<meta name=\"robots\" content=\"index, follow, max-snippet:-1, max-image-preview:large, max-video-preview:-1\" \/>\n<link rel=\"canonical\" href=\"https:\/\/www.naturparkmagazin.de\/schwaebisch-fraenkischer-wald\/bauarbeiten-im-winter-ein-haeusle-fuer-wildbienen\/\" \/>\n<meta property=\"og:locale\" content=\"de_DE\" \/>\n<meta property=\"og:type\" content=\"article\" \/>\n<meta property=\"og:title\" content=\"Bauarbeiten im Winter: Ein H\u00e4usle f\u00fcr Wildbienen - Naturpark Schw\u00e4bisch-Fr\u00e4nkischer Wald\" \/>\n<meta property=\"og:description\" content=\"Machen Sie 2018 zu IHREM Bienenjahr!\" \/>\n<meta property=\"og:url\" content=\"https:\/\/www.naturparkmagazin.de\/schwaebisch-fraenkischer-wald\/bauarbeiten-im-winter-ein-haeusle-fuer-wildbienen\/\" \/>\n<meta property=\"og:site_name\" content=\"Naturpark Schw\u00e4bisch-Fr\u00e4nkischer Wald\" \/>\n<meta property=\"article:author\" content=\"https:\/\/www.facebook.com\/naturparkSFW\" \/>\n<meta property=\"article:published_time\" content=\"2017-12-11T11:15:10+00:00\" \/>\n<meta property=\"article:modified_time\" content=\"2017-12-11T08:38:09+00:00\" \/>\n<meta property=\"og:image\" content=\"https:\/\/www.naturparkmagazin.de\/schwaebisch-fraenkischer-wald\/wp-content\/uploads\/sites\/34\/17_NPT_Wer-summt-den-da_Raimund-Knauf-VDN.jpg\" \/>\n\t<meta property=\"og:image:width\" content=\"200\" \/>\n\t<meta property=\"og:image:height\" content=\"200\" \/>\n\t<meta property=\"og:image:type\" content=\"image\/jpeg\" \/>\n<meta name=\"author\" content=\"Naturpark-Team\" \/>\n<meta name=\"twitter:label1\" content=\"Verfasst von\" \/>\n\t<meta name=\"twitter:data1\" content=\"Naturpark-Team\" \/>\n\t<meta name=\"twitter:label2\" content=\"Gesch\u00e4tzte Lesezeit\" \/>\n\t<meta name=\"twitter:data2\" content=\"1\u00a0Minute\" \/>\n<script type=\"application\/ld+json\" class=\"yoast-schema-graph\">{\"@context\":\"https:\/\/schema.org\",\"@graph\":[{\"@type\":\"WebPage\",\"@id\":\"https:\/\/www.naturparkmagazin.de\/schwaebisch-fraenkischer-wald\/bauarbeiten-im-winter-ein-haeusle-fuer-wildbienen\/\",\"url\":\"https:\/\/www.naturparkmagazin.de\/schwaebisch-fraenkischer-wald\/bauarbeiten-im-winter-ein-haeusle-fuer-wildbienen\/\",\"name\":\"Bauarbeiten im Winter: Ein H\u00e4usle f\u00fcr Wildbienen - Naturpark Schw\u00e4bisch-Fr\u00e4nkischer Wald\",\"isPartOf\":{\"@id\":\"https:\/\/www.naturparkmagazin.de\/schwaebisch-fraenkischer-wald\/#website\"},\"datePublished\":\"2017-12-11T11:15:10+00:00\",\"dateModified\":\"2017-12-11T08:38:09+00:00\",\"author\":{\"@id\":\"https:\/\/www.naturparkmagazin.de\/schwaebisch-fraenkischer-wald\/#\/schema\/person\/f047a3702ae747fd7830cf8ac95e6066\"},\"breadcrumb\":{\"@id\":\"https:\/\/www.naturparkmagazin.de\/schwaebisch-fraenkischer-wald\/bauarbeiten-im-winter-ein-haeusle-fuer-wildbienen\/#breadcrumb\"},\"inLanguage\":\"de\",\"potentialAction\":[{\"@type\":\"ReadAction\",\"target\":[\"https:\/\/www.naturparkmagazin.de\/schwaebisch-fraenkischer-wald\/bauarbeiten-im-winter-ein-haeusle-fuer-wildbienen\/\"]}]},{\"@type\":\"BreadcrumbList\",\"@id\":\"https:\/\/www.naturparkmagazin.de\/schwaebisch-fraenkischer-wald\/bauarbeiten-im-winter-ein-haeusle-fuer-wildbienen\/#breadcrumb\",\"itemListElement\":[{\"@type\":\"ListItem\",\"position\":1,\"name\":\"Home\",\"item\":\"https:\/\/www.naturparkmagazin.de\/schwaebisch-fraenkischer-wald\/\"},{\"@type\":\"ListItem\",\"position\":2,\"name\":\"Bauarbeiten im Winter: Ein H\u00e4usle f\u00fcr Wildbienen\"}]},{\"@type\":\"WebSite\",\"@id\":\"https:\/\/www.naturparkmagazin.de\/schwaebisch-fraenkischer-wald\/#website\",\"url\":\"https:\/\/www.naturparkmagazin.de\/schwaebisch-fraenkischer-wald\/\",\"name\":\"Naturpark Schw\u00e4bisch-Fr\u00e4nkischer Wald\",\"description\":\"\",\"potentialAction\":[{\"@type\":\"SearchAction\",\"target\":{\"@type\":\"EntryPoint\",\"urlTemplate\":\"https:\/\/www.naturparkmagazin.de\/schwaebisch-fraenkischer-wald\/?s={search_term_string}\"},\"query-input\":\"required name=search_term_string\"}],\"inLanguage\":\"de\"},{\"@type\":\"Person\",\"@id\":\"https:\/\/www.naturparkmagazin.de\/schwaebisch-fraenkischer-wald\/#\/schema\/person\/f047a3702ae747fd7830cf8ac95e6066\",\"name\":\"Naturpark-Team\",\"sameAs\":[\"http:\/\/www.naturpark-sfw.de\",\"https:\/\/www.facebook.com\/naturparkSFW\"],\"url\":\"https:\/\/www.naturparkmagazin.de\/schwaebisch-fraenkischer-wald\/author\/bernharddrixler\/\"}]}<\/script>\n<!-- \/ Yoast SEO plugin. -->","yoast_head_json":{"title":"Bauarbeiten im Winter: Ein H\u00e4usle f\u00fcr Wildbienen - Naturpark Schw\u00e4bisch-Fr\u00e4nkischer Wald","robots":{"index":"index","follow":"follow","max-snippet":"max-snippet:-1","max-image-preview":"max-image-preview:large","max-video-preview":"max-video-preview:-1"},"canonical":"https:\/\/www.naturparkmagazin.de\/schwaebisch-fraenkischer-wald\/bauarbeiten-im-winter-ein-haeusle-fuer-wildbienen\/","og_locale":"de_DE","og_type":"article","og_title":"Bauarbeiten im Winter: Ein H\u00e4usle f\u00fcr Wildbienen - Naturpark Schw\u00e4bisch-Fr\u00e4nkischer Wald","og_description":"Machen Sie 2018 zu IHREM Bienenjahr!","og_url":"https:\/\/www.naturparkmagazin.de\/schwaebisch-fraenkischer-wald\/bauarbeiten-im-winter-ein-haeusle-fuer-wildbienen\/","og_site_name":"Naturpark Schw\u00e4bisch-Fr\u00e4nkischer Wald","article_author":"https:\/\/www.facebook.com\/naturparkSFW","article_published_time":"2017-12-11T11:15:10+00:00","article_modified_time":"2017-12-11T08:38:09+00:00","og_image":[{"width":200,"height":200,"url":"https:\/\/www.naturparkmagazin.de\/schwaebisch-fraenkischer-wald\/wp-content\/uploads\/sites\/34\/17_NPT_Wer-summt-den-da_Raimund-Knauf-VDN.jpg","type":"image\/jpeg"}],"author":"Naturpark-Team","twitter_misc":{"Verfasst von":"Naturpark-Team","Gesch\u00e4tzte Lesezeit":"1\u00a0Minute"},"schema":{"@context":"https:\/\/schema.org","@graph":[{"@type":"WebPage","@id":"https:\/\/www.naturparkmagazin.de\/schwaebisch-fraenkischer-wald\/bauarbeiten-im-winter-ein-haeusle-fuer-wildbienen\/","url":"https:\/\/www.naturparkmagazin.de\/schwaebisch-fraenkischer-wald\/bauarbeiten-im-winter-ein-haeusle-fuer-wildbienen\/","name":"Bauarbeiten im Winter: Ein H\u00e4usle f\u00fcr Wildbienen - Naturpark Schw\u00e4bisch-Fr\u00e4nkischer Wald","isPartOf":{"@id":"https:\/\/www.naturparkmagazin.de\/schwaebisch-fraenkischer-wald\/#website"},"datePublished":"2017-12-11T11:15:10+00:00","dateModified":"2017-12-11T08:38:09+00:00","author":{"@id":"https:\/\/www.naturparkmagazin.de\/schwaebisch-fraenkischer-wald\/#\/schema\/person\/f047a3702ae747fd7830cf8ac95e6066"},"breadcrumb":{"@id":"https:\/\/www.naturparkmagazin.de\/schwaebisch-fraenkischer-wald\/bauarbeiten-im-winter-ein-haeusle-fuer-wildbienen\/#breadcrumb"},"inLanguage":"de","potentialAction":[{"@type":"ReadAction","target":["https:\/\/www.naturparkmagazin.de\/schwaebisch-fraenkischer-wald\/bauarbeiten-im-winter-ein-haeusle-fuer-wildbienen\/"]}]},{"@type":"BreadcrumbList","@id":"https:\/\/www.naturparkmagazin.de\/schwaebisch-fraenkischer-wald\/bauarbeiten-im-winter-ein-haeusle-fuer-wildbienen\/#breadcrumb","itemListElement":[{"@type":"ListItem","position":1,"name":"Home","item":"https:\/\/www.naturparkmagazin.de\/schwaebisch-fraenkischer-wald\/"},{"@type":"ListItem","position":2,"name":"Bauarbeiten im Winter: Ein H\u00e4usle f\u00fcr Wildbienen"}]},{"@type":"WebSite","@id":"https:\/\/www.naturparkmagazin.de\/schwaebisch-fraenkischer-wald\/#website","url":"https:\/\/www.naturparkmagazin.de\/schwaebisch-fraenkischer-wald\/","name":"Naturpark Schw\u00e4bisch-Fr\u00e4nkischer Wald","description":"","potentialAction":[{"@type":"SearchAction","target":{"@type":"EntryPoint","urlTemplate":"https:\/\/www.naturparkmagazin.de\/schwaebisch-fraenkischer-wald\/?s={search_term_string}"},"query-input":"required name=search_term_string"}],"inLanguage":"de"},{"@type":"Person","@id":"https:\/\/www.naturparkmagazin.de\/schwaebisch-fraenkischer-wald\/#\/schema\/person\/f047a3702ae747fd7830cf8ac95e6066","name":"Naturpark-Team","sameAs":["http:\/\/www.naturpark-sfw.de","https:\/\/www.facebook.com\/naturparkSFW"],"url":"https:\/\/www.naturparkmagazin.de\/schwaebisch-fraenkischer-wald\/author\/bernharddrixler\/"}]}},"_links":{"self":[{"href":"https:\/\/www.naturparkmagazin.de\/schwaebisch-fraenkischer-wald\/wp-json\/wp\/v2\/posts\/5380"}],"collection":[{"href":"https:\/\/www.naturparkmagazin.de\/schwaebisch-fraenkischer-wald\/wp-json\/wp\/v2\/posts"}],"about":[{"href":"https:\/\/www.naturparkmagazin.de\/schwaebisch-fraenkischer-wald\/wp-json\/wp\/v2\/types\/post"}],"author":[{"embeddable":true,"href":"https:\/\/www.naturparkmagazin.de\/schwaebisch-fraenkischer-wald\/wp-json\/wp\/v2\/users\/25"}],"replies":[{"embeddable":true,"href":"https:\/\/www.naturparkmagazin.de\/schwaebisch-fraenkischer-wald\/wp-json\/wp\/v2\/comments?post=5380"}],"version-history":[{"count":2,"href":"https:\/\/www.naturparkmagazin.de\/schwaebisch-fraenkischer-wald\/wp-json\/wp\/v2\/posts\/5380\/revisions"}],"predecessor-version":[{"id":5382,"href":"https:\/\/www.naturparkmagazin.de\/schwaebisch-fraenkischer-wald\/wp-json\/wp\/v2\/posts\/5380\/revisions\/5382"}],"wp:featuredmedia":[{"embeddable":true,"href":"https:\/\/www.naturparkmagazin.de\/schwaebisch-fraenkischer-wald\/wp-json\/wp\/v2\/media\/4356"}],"wp:attachment":[{"href":"https:\/\/www.naturparkmagazin.de\/schwaebisch-fraenkischer-wald\/wp-json\/wp\/v2\/media?parent=5380"}],"wp:term":[{"taxonomy":"category","embeddable":true,"href":"https:\/\/www.naturparkmagazin.de\/schwaebisch-fraenkischer-wald\/wp-json\/wp\/v2\/categories?post=5380"},{"taxonomy":"post_tag","embeddable":true,"href":"https:\/\/www.naturparkmagazin.de\/schwaebisch-fraenkischer-wald\/wp-json\/wp\/v2\/tags?post=5380"}],"curies":[{"name":"wp","href":"https:\/\/api.w.org\/{rel}","templated":true}]}}