{"id":5451,"date":"2017-09-18T12:00:10","date_gmt":"2017-09-18T10:00:10","guid":{"rendered":"http:\/\/www.naturparkmagazin.de\/schwaebisch-fraenkischer-wald\/?p=5451"},"modified":"2017-09-21T09:12:25","modified_gmt":"2017-09-21T07:12:25","slug":"der-gaildorf-chillt-pirschpfad","status":"publish","type":"post","link":"https:\/\/www.naturparkmagazin.de\/schwaebisch-fraenkischer-wald\/der-gaildorf-chillt-pirschpfad\/","title":{"rendered":"Der Gaildorf-chillt-Pirschpfad"},"content":{"rendered":"<p>In Gaildorf darf am Sonntag, 15.10., wieder gechillt werden. Aber bis dahin und auch dar\u00fcber hinaus lassen sich am Veranstaltungsort seit Neuestem dauerhaft Waldtiere entdecken. Das sind zwar \u201enur\u201c Silhouetten aus Metall die durch die Sch\u00fclerfirma \u201eParkis\u201c der Gaildorfer Parkschule in Kooperation mit \u00f6rtlichen Firmen in Lebensgr\u00f6\u00dfe aus Metall geschnitten wurden. Aber anschlie\u00dfend wurden sie von der Gaildorfer K\u00fcnstlerin Verena Geiger so lebensecht bemalt, dass sie sich wie echte Tiere entlang des Waldstreifens am Gaildorfer Hagersbach in die Landschaft einf\u00fcgen. Jedoch mit einem gro\u00dfen Vorteil: sie laufen nicht weg.<\/p>\n<div id=\"attachment_5453\" style=\"width: 510px\" class=\"wp-caption alignright\"><a href=\"https:\/\/www.naturparkmagazin.de\/schwaebisch-fraenkischer-wald\/wp-content\/uploads\/sites\/34\/Pirschpfad_Reh2.jpg\"><img aria-describedby=\"caption-attachment-5453\" decoding=\"async\" loading=\"lazy\" class=\"size-full wp-image-5453\" src=\"https:\/\/www.naturparkmagazin.de\/schwaebisch-fraenkischer-wald\/wp-content\/uploads\/sites\/34\/Pirschpfad_Reh2.jpg\" alt=\"Pirschpfad Gaildorf\" width=\"500\" height=\"300\" srcset=\"https:\/\/www.naturparkmagazin.de\/schwaebisch-fraenkischer-wald\/wp-content\/uploads\/sites\/34\/Pirschpfad_Reh2.jpg 500w, https:\/\/www.naturparkmagazin.de\/schwaebisch-fraenkischer-wald\/wp-content\/uploads\/sites\/34\/Pirschpfad_Reh2-300x180.jpg 300w, https:\/\/www.naturparkmagazin.de\/schwaebisch-fraenkischer-wald\/wp-content\/uploads\/sites\/34\/Pirschpfad_Reh2-200x120.jpg 200w\" sizes=\"(max-width: 500px) 100vw, 500px\" \/><\/a><p id=\"caption-attachment-5453\" class=\"wp-caption-text\">Pirschpfad Gaildorf &#8211; Reh<\/p><\/div>\n<p>Diese sechzehn Tiere, die auf dem Pfad zu entdecken sind machen es dem Besucher aber trotzdem nicht ganz einfach. Wer alle finden will, muss vielleicht mehrmals hingehen oder sich von der Karte helfen lassen, die man als Pirschender mit dem Smartphone herunterladen kann. Das geht ganz einfach vor Ort mit einem QR-Code.<\/p>\n<p>Dann kann man sich fast bis zu den Tieren hinf\u00fchren lassen. Fragen und eingeblendete Fotos helfen endg\u00fcltig, bis zum Tier zu finden. Wer m\u00f6chte, kann mit den Tieren Selfies machen. Aber einen Preis f\u00fcr die meisten eingesandten Tierselfies gibt es nur bei \u201eGaildorf chillt\u201c selbst.<\/p>\n<p>Der Pfad ist f\u00fcr Jedermann jederzeit zug\u00e4nglich. Egal ob Familien mit und ohne Kinder, Kindergartengruppen oder Schulklassen. Gerade f\u00fcr Schulen bietet sich mit dem Pirschpfad eine ideale, dazu noch nahe beim \u00f6rtlichen Schulzentrum gelegene M\u00f6glichkeit, das Thema Waldtiere vor Ort zu erkunden.<\/p>\n<p>\u201eDie Idee zum Pirschpfad entstammt urspr\u00fcnglich dem \u201eMasterplan Gaildorf\u201c, einem kommunalen Ideenprojekt, das Gaildorf attraktiver machen soll.\u201c, so Karl Diemer, \u00f6rtlicher F\u00f6rster und Naturparkf\u00fchrer. \u201eBei \u201eGaildorf chillt\u201c habe ich mehrere Anl\u00e4ufe unternommen bis der \u201eVirtuelle Pirschpfad\u201c seine heutige Form fand. Ich wollte diese klassische Suchaufgabe aus der Waldp\u00e4dagogik mit moderner Technik verbinden. Dass da die Gaildorfer Stadtverwaltung und die Parkis zur Hilfe kamen, hat das Ganze wunderbar vorangebracht.\u201c<\/p>\n<p>F\u00fcr weitere Tiere gibt es noch jede Menge Platz. Die k\u00f6nnen ohne weiteres eingebunden werden ohne dass der Pfad dazu verl\u00e4ngert werden muss. Denn eines ist auch wichtig: durch diesen Pfad und seine Besucher sollen die echten Wildtiere nicht gest\u00f6rt werden. Dazu sind die Tiere auf einer Strecke von nicht einmal 500m entlang eines Baches in einem wundersch\u00f6nen Eichenwald konzentriert.<\/p>\n<div id=\"attachment_5454\" style=\"width: 510px\" class=\"wp-caption alignright\"><a href=\"https:\/\/www.naturparkmagazin.de\/schwaebisch-fraenkischer-wald\/wp-content\/uploads\/sites\/34\/Pirschpfad_Frischling2.jpg\"><img aria-describedby=\"caption-attachment-5454\" decoding=\"async\" loading=\"lazy\" class=\"size-full wp-image-5454\" src=\"https:\/\/www.naturparkmagazin.de\/schwaebisch-fraenkischer-wald\/wp-content\/uploads\/sites\/34\/Pirschpfad_Frischling2.jpg\" alt=\"Pirschpfad Gaildorf\" width=\"500\" height=\"300\" srcset=\"https:\/\/www.naturparkmagazin.de\/schwaebisch-fraenkischer-wald\/wp-content\/uploads\/sites\/34\/Pirschpfad_Frischling2.jpg 500w, https:\/\/www.naturparkmagazin.de\/schwaebisch-fraenkischer-wald\/wp-content\/uploads\/sites\/34\/Pirschpfad_Frischling2-300x180.jpg 300w, https:\/\/www.naturparkmagazin.de\/schwaebisch-fraenkischer-wald\/wp-content\/uploads\/sites\/34\/Pirschpfad_Frischling2-200x120.jpg 200w\" sizes=\"(max-width: 500px) 100vw, 500px\" \/><\/a><p id=\"caption-attachment-5454\" class=\"wp-caption-text\">Pirschpfad Gaildorf<\/p><\/div>\n<p>\u201eEs reizt mich, den Pirschpfad als Ausgangspunkt f\u00fcr das, was man in der modernen P\u00e4dagogik \u201emobiles, ortsbezogenes Lernen\u201c nennt, weiterzuentwickeln. Dann k\u00f6nnte ich auch mein Wissen, das ich dazu in einer Fortbildung erworben habe anbringen.\u201c, so Diemer weiter. Man darf also gespannt sein, wie es mit dem \u201eGaildorf-chillt-Pirschpfad\u201c weitergeht.<\/p>\n<p>&nbsp;<\/p>\n","protected":false},"excerpt":{"rendered":"<p>Karl Diemer, \u00f6rtlicher F\u00f6rster und Naturparkf\u00fchrer, beschreibt Pirschpfad als Ausgangspunkt f\u00fcr \u201emobiles, ortsbezogenes Lernen\u201c <\/p>\n","protected":false},"author":25,"featured_media":5452,"comment_status":"open","ping_status":"open","sticky":false,"template":"","format":"standard","meta":[],"categories":[7],"tags":[686],"yoast_head":"<!-- This site is optimized with the Yoast SEO plugin v19.10 - https:\/\/yoast.com\/wordpress\/plugins\/seo\/ -->\n<title>Der Gaildorf-chillt-Pirschpfad - Naturpark Schw\u00e4bisch-Fr\u00e4nkischer Wald<\/title>\n<meta name=\"robots\" content=\"index, follow, max-snippet:-1, max-image-preview:large, max-video-preview:-1\" \/>\n<link rel=\"canonical\" href=\"https:\/\/www.naturparkmagazin.de\/schwaebisch-fraenkischer-wald\/der-gaildorf-chillt-pirschpfad\/\" \/>\n<meta property=\"og:locale\" content=\"de_DE\" \/>\n<meta property=\"og:type\" content=\"article\" \/>\n<meta property=\"og:title\" content=\"Der Gaildorf-chillt-Pirschpfad - Naturpark Schw\u00e4bisch-Fr\u00e4nkischer Wald\" \/>\n<meta property=\"og:description\" content=\"Karl Diemer, \u00f6rtlicher F\u00f6rster und Naturparkf\u00fchrer, beschreibt Pirschpfad als Ausgangspunkt f\u00fcr \u201emobiles, ortsbezogenes Lernen\u201c\" \/>\n<meta property=\"og:url\" content=\"https:\/\/www.naturparkmagazin.de\/schwaebisch-fraenkischer-wald\/der-gaildorf-chillt-pirschpfad\/\" \/>\n<meta property=\"og:site_name\" content=\"Naturpark Schw\u00e4bisch-Fr\u00e4nkischer Wald\" \/>\n<meta property=\"article:author\" content=\"https:\/\/www.facebook.com\/naturparkSFW\" \/>\n<meta property=\"article:published_time\" content=\"2017-09-18T10:00:10+00:00\" \/>\n<meta property=\"article:modified_time\" content=\"2017-09-21T07:12:25+00:00\" \/>\n<meta property=\"og:image\" content=\"https:\/\/www.naturparkmagazin.de\/schwaebisch-fraenkischer-wald\/wp-content\/uploads\/sites\/34\/Gaildorf_chillt_QR.jpg\" \/>\n\t<meta property=\"og:image:width\" content=\"200\" \/>\n\t<meta property=\"og:image:height\" content=\"200\" \/>\n\t<meta property=\"og:image:type\" content=\"image\/jpeg\" \/>\n<meta name=\"author\" content=\"Naturpark-Team\" \/>\n<meta name=\"twitter:label1\" content=\"Verfasst von\" \/>\n\t<meta name=\"twitter:data1\" content=\"Naturpark-Team\" \/>\n\t<meta name=\"twitter:label2\" content=\"Gesch\u00e4tzte Lesezeit\" \/>\n\t<meta name=\"twitter:data2\" content=\"2\u00a0Minuten\" \/>\n<script type=\"application\/ld+json\" class=\"yoast-schema-graph\">{\"@context\":\"https:\/\/schema.org\",\"@graph\":[{\"@type\":\"WebPage\",\"@id\":\"https:\/\/www.naturparkmagazin.de\/schwaebisch-fraenkischer-wald\/der-gaildorf-chillt-pirschpfad\/\",\"url\":\"https:\/\/www.naturparkmagazin.de\/schwaebisch-fraenkischer-wald\/der-gaildorf-chillt-pirschpfad\/\",\"name\":\"Der Gaildorf-chillt-Pirschpfad - Naturpark Schw\u00e4bisch-Fr\u00e4nkischer Wald\",\"isPartOf\":{\"@id\":\"https:\/\/www.naturparkmagazin.de\/schwaebisch-fraenkischer-wald\/#website\"},\"datePublished\":\"2017-09-18T10:00:10+00:00\",\"dateModified\":\"2017-09-21T07:12:25+00:00\",\"author\":{\"@id\":\"https:\/\/www.naturparkmagazin.de\/schwaebisch-fraenkischer-wald\/#\/schema\/person\/f047a3702ae747fd7830cf8ac95e6066\"},\"breadcrumb\":{\"@id\":\"https:\/\/www.naturparkmagazin.de\/schwaebisch-fraenkischer-wald\/der-gaildorf-chillt-pirschpfad\/#breadcrumb\"},\"inLanguage\":\"de\",\"potentialAction\":[{\"@type\":\"ReadAction\",\"target\":[\"https:\/\/www.naturparkmagazin.de\/schwaebisch-fraenkischer-wald\/der-gaildorf-chillt-pirschpfad\/\"]}]},{\"@type\":\"BreadcrumbList\",\"@id\":\"https:\/\/www.naturparkmagazin.de\/schwaebisch-fraenkischer-wald\/der-gaildorf-chillt-pirschpfad\/#breadcrumb\",\"itemListElement\":[{\"@type\":\"ListItem\",\"position\":1,\"name\":\"Home\",\"item\":\"https:\/\/www.naturparkmagazin.de\/schwaebisch-fraenkischer-wald\/\"},{\"@type\":\"ListItem\",\"position\":2,\"name\":\"Der Gaildorf-chillt-Pirschpfad\"}]},{\"@type\":\"WebSite\",\"@id\":\"https:\/\/www.naturparkmagazin.de\/schwaebisch-fraenkischer-wald\/#website\",\"url\":\"https:\/\/www.naturparkmagazin.de\/schwaebisch-fraenkischer-wald\/\",\"name\":\"Naturpark Schw\u00e4bisch-Fr\u00e4nkischer Wald\",\"description\":\"\",\"potentialAction\":[{\"@type\":\"SearchAction\",\"target\":{\"@type\":\"EntryPoint\",\"urlTemplate\":\"https:\/\/www.naturparkmagazin.de\/schwaebisch-fraenkischer-wald\/?s={search_term_string}\"},\"query-input\":\"required name=search_term_string\"}],\"inLanguage\":\"de\"},{\"@type\":\"Person\",\"@id\":\"https:\/\/www.naturparkmagazin.de\/schwaebisch-fraenkischer-wald\/#\/schema\/person\/f047a3702ae747fd7830cf8ac95e6066\",\"name\":\"Naturpark-Team\",\"sameAs\":[\"http:\/\/www.naturpark-sfw.de\",\"https:\/\/www.facebook.com\/naturparkSFW\"],\"url\":\"https:\/\/www.naturparkmagazin.de\/schwaebisch-fraenkischer-wald\/author\/bernharddrixler\/\"}]}<\/script>\n<!-- \/ Yoast SEO plugin. -->","yoast_head_json":{"title":"Der Gaildorf-chillt-Pirschpfad - Naturpark Schw\u00e4bisch-Fr\u00e4nkischer Wald","robots":{"index":"index","follow":"follow","max-snippet":"max-snippet:-1","max-image-preview":"max-image-preview:large","max-video-preview":"max-video-preview:-1"},"canonical":"https:\/\/www.naturparkmagazin.de\/schwaebisch-fraenkischer-wald\/der-gaildorf-chillt-pirschpfad\/","og_locale":"de_DE","og_type":"article","og_title":"Der Gaildorf-chillt-Pirschpfad - Naturpark Schw\u00e4bisch-Fr\u00e4nkischer Wald","og_description":"Karl Diemer, \u00f6rtlicher F\u00f6rster und Naturparkf\u00fchrer, beschreibt Pirschpfad als Ausgangspunkt f\u00fcr \u201emobiles, ortsbezogenes Lernen\u201c","og_url":"https:\/\/www.naturparkmagazin.de\/schwaebisch-fraenkischer-wald\/der-gaildorf-chillt-pirschpfad\/","og_site_name":"Naturpark Schw\u00e4bisch-Fr\u00e4nkischer Wald","article_author":"https:\/\/www.facebook.com\/naturparkSFW","article_published_time":"2017-09-18T10:00:10+00:00","article_modified_time":"2017-09-21T07:12:25+00:00","og_image":[{"width":200,"height":200,"url":"https:\/\/www.naturparkmagazin.de\/schwaebisch-fraenkischer-wald\/wp-content\/uploads\/sites\/34\/Gaildorf_chillt_QR.jpg","type":"image\/jpeg"}],"author":"Naturpark-Team","twitter_misc":{"Verfasst von":"Naturpark-Team","Gesch\u00e4tzte Lesezeit":"2\u00a0Minuten"},"schema":{"@context":"https:\/\/schema.org","@graph":[{"@type":"WebPage","@id":"https:\/\/www.naturparkmagazin.de\/schwaebisch-fraenkischer-wald\/der-gaildorf-chillt-pirschpfad\/","url":"https:\/\/www.naturparkmagazin.de\/schwaebisch-fraenkischer-wald\/der-gaildorf-chillt-pirschpfad\/","name":"Der Gaildorf-chillt-Pirschpfad - Naturpark Schw\u00e4bisch-Fr\u00e4nkischer Wald","isPartOf":{"@id":"https:\/\/www.naturparkmagazin.de\/schwaebisch-fraenkischer-wald\/#website"},"datePublished":"2017-09-18T10:00:10+00:00","dateModified":"2017-09-21T07:12:25+00:00","author":{"@id":"https:\/\/www.naturparkmagazin.de\/schwaebisch-fraenkischer-wald\/#\/schema\/person\/f047a3702ae747fd7830cf8ac95e6066"},"breadcrumb":{"@id":"https:\/\/www.naturparkmagazin.de\/schwaebisch-fraenkischer-wald\/der-gaildorf-chillt-pirschpfad\/#breadcrumb"},"inLanguage":"de","potentialAction":[{"@type":"ReadAction","target":["https:\/\/www.naturparkmagazin.de\/schwaebisch-fraenkischer-wald\/der-gaildorf-chillt-pirschpfad\/"]}]},{"@type":"BreadcrumbList","@id":"https:\/\/www.naturparkmagazin.de\/schwaebisch-fraenkischer-wald\/der-gaildorf-chillt-pirschpfad\/#breadcrumb","itemListElement":[{"@type":"ListItem","position":1,"name":"Home","item":"https:\/\/www.naturparkmagazin.de\/schwaebisch-fraenkischer-wald\/"},{"@type":"ListItem","position":2,"name":"Der Gaildorf-chillt-Pirschpfad"}]},{"@type":"WebSite","@id":"https:\/\/www.naturparkmagazin.de\/schwaebisch-fraenkischer-wald\/#website","url":"https:\/\/www.naturparkmagazin.de\/schwaebisch-fraenkischer-wald\/","name":"Naturpark Schw\u00e4bisch-Fr\u00e4nkischer Wald","description":"","potentialAction":[{"@type":"SearchAction","target":{"@type":"EntryPoint","urlTemplate":"https:\/\/www.naturparkmagazin.de\/schwaebisch-fraenkischer-wald\/?s={search_term_string}"},"query-input":"required name=search_term_string"}],"inLanguage":"de"},{"@type":"Person","@id":"https:\/\/www.naturparkmagazin.de\/schwaebisch-fraenkischer-wald\/#\/schema\/person\/f047a3702ae747fd7830cf8ac95e6066","name":"Naturpark-Team","sameAs":["http:\/\/www.naturpark-sfw.de","https:\/\/www.facebook.com\/naturparkSFW"],"url":"https:\/\/www.naturparkmagazin.de\/schwaebisch-fraenkischer-wald\/author\/bernharddrixler\/"}]}},"_links":{"self":[{"href":"https:\/\/www.naturparkmagazin.de\/schwaebisch-fraenkischer-wald\/wp-json\/wp\/v2\/posts\/5451"}],"collection":[{"href":"https:\/\/www.naturparkmagazin.de\/schwaebisch-fraenkischer-wald\/wp-json\/wp\/v2\/posts"}],"about":[{"href":"https:\/\/www.naturparkmagazin.de\/schwaebisch-fraenkischer-wald\/wp-json\/wp\/v2\/types\/post"}],"author":[{"embeddable":true,"href":"https:\/\/www.naturparkmagazin.de\/schwaebisch-fraenkischer-wald\/wp-json\/wp\/v2\/users\/25"}],"replies":[{"embeddable":true,"href":"https:\/\/www.naturparkmagazin.de\/schwaebisch-fraenkischer-wald\/wp-json\/wp\/v2\/comments?post=5451"}],"version-history":[{"count":4,"href":"https:\/\/www.naturparkmagazin.de\/schwaebisch-fraenkischer-wald\/wp-json\/wp\/v2\/posts\/5451\/revisions"}],"predecessor-version":[{"id":5495,"href":"https:\/\/www.naturparkmagazin.de\/schwaebisch-fraenkischer-wald\/wp-json\/wp\/v2\/posts\/5451\/revisions\/5495"}],"wp:featuredmedia":[{"embeddable":true,"href":"https:\/\/www.naturparkmagazin.de\/schwaebisch-fraenkischer-wald\/wp-json\/wp\/v2\/media\/5452"}],"wp:attachment":[{"href":"https:\/\/www.naturparkmagazin.de\/schwaebisch-fraenkischer-wald\/wp-json\/wp\/v2\/media?parent=5451"}],"wp:term":[{"taxonomy":"category","embeddable":true,"href":"https:\/\/www.naturparkmagazin.de\/schwaebisch-fraenkischer-wald\/wp-json\/wp\/v2\/categories?post=5451"},{"taxonomy":"post_tag","embeddable":true,"href":"https:\/\/www.naturparkmagazin.de\/schwaebisch-fraenkischer-wald\/wp-json\/wp\/v2\/tags?post=5451"}],"curies":[{"name":"wp","href":"https:\/\/api.w.org\/{rel}","templated":true}]}}