{"id":5469,"date":"2017-09-18T12:00:12","date_gmt":"2017-09-18T10:00:12","guid":{"rendered":"http:\/\/www.naturparkmagazin.de\/schwaebisch-fraenkischer-wald\/?p=5469"},"modified":"2017-09-21T09:19:02","modified_gmt":"2017-09-21T07:19:02","slug":"5469","status":"publish","type":"post","link":"https:\/\/www.naturparkmagazin.de\/schwaebisch-fraenkischer-wald\/5469\/","title":{"rendered":"Naturpark-Schulen lernen von einander"},"content":{"rendered":"<p>Am 05.09.2017 machte sich die Projektgruppe Naturpark-Schule des Naturparks Schw\u00e4bisch-Fr\u00e4nkischer Wald auf, die Dom-Clemente-Schule in Schonach zu besuchen. Die Dom-Clemente-Schule ist eine zertifizierte Naturpark-Schule im Naturpark S\u00fcdschwarzwald. Ziel war das Kennenlernen und der Austausch der unterschiedlichen Naturpark-Schule Konzepte in den beiden Naturparken.<\/p>\n<div id=\"attachment_5470\" style=\"width: 510px\" class=\"wp-caption alignright\"><a href=\"https:\/\/www.naturparkmagazin.de\/schwaebisch-fraenkischer-wald\/wp-content\/uploads\/sites\/34\/170912_NewsletterSFW_Exkursion_NP-Schule-SSW_Bild1.jpg\"><img aria-describedby=\"caption-attachment-5470\" decoding=\"async\" loading=\"lazy\" class=\"size-full wp-image-5470\" src=\"https:\/\/www.naturparkmagazin.de\/schwaebisch-fraenkischer-wald\/wp-content\/uploads\/sites\/34\/170912_NewsletterSFW_Exkursion_NP-Schule-SSW_Bild1.jpg\" alt=\"\u00dcbergabe des Gastgeschenks. V.l.n.r.: Frau Schl\u00fcter (Staatliches Schulamt Backnang), Herr Drixler (Naturpark Schw\u00e4bisch-Fr\u00e4nkischer Wald) und Frau Emde (Dom-Clemente-Schule Schonach)\" width=\"500\" height=\"300\" srcset=\"https:\/\/www.naturparkmagazin.de\/schwaebisch-fraenkischer-wald\/wp-content\/uploads\/sites\/34\/170912_NewsletterSFW_Exkursion_NP-Schule-SSW_Bild1.jpg 500w, https:\/\/www.naturparkmagazin.de\/schwaebisch-fraenkischer-wald\/wp-content\/uploads\/sites\/34\/170912_NewsletterSFW_Exkursion_NP-Schule-SSW_Bild1-300x180.jpg 300w, https:\/\/www.naturparkmagazin.de\/schwaebisch-fraenkischer-wald\/wp-content\/uploads\/sites\/34\/170912_NewsletterSFW_Exkursion_NP-Schule-SSW_Bild1-200x120.jpg 200w\" sizes=\"(max-width: 500px) 100vw, 500px\" \/><\/a><p id=\"caption-attachment-5470\" class=\"wp-caption-text\">\u00dcbergabe des Gastgeschenks. V.l.n.r.: Frau Schl\u00fcter (Staatliches Schulamt Backnang), Herr Drixler (Naturpark Schw\u00e4bisch-Fr\u00e4nkischer Wald) und Frau Emde (Dom-Clemente-Schule Schonach)<\/p><\/div>\n<p>Herzlich begr\u00fc\u00dft wurde die Projektgruppe aus dem Naturpark Schw\u00e4bisch-Fr\u00e4nkischer Wald von Frau Emde, der Schulleiterin der Dom-Clemente-Schule, Frau Schyle, Naturf\u00fchrerin und Projektleiterin f\u00fcr die Naturpark-Schule in Schonach, und Herrn M\u00fcller, dem Projektmanager f\u00fcr die Naturpark-Schulen auf der Gesch\u00e4ftsstelle des Naturparks S\u00fcdschwarzwald. Der Vormittag verflog rasch, w\u00e4hrend Frau Emde und Frau Schyle das Konzept der Naturpark-Schulen im S\u00fcdschwarzwald im Allgemeinen und die Arbeit an der Dom-Clemente-Schule im Besonderen vorstellten. Daran schloss sich ein angeregter Austausch \u00fcber die Unterschiede zur Naturpark-Schule Arbeit im Naturpark Schw\u00e4bisch-Fr\u00e4nkischer Wald an.<\/p>\n<p>Nach dieser angeregten Diskussion war es Zeit f\u00fcr einen praktischen Teil an der frischen Luft: Bei einer Wanderung zum Hochmoor Blindensee zeigte Frau Schyle Praxisbeispiele aus den Exkursionen der Naturpark-Schule Schonach. An einem lauschigen Pl\u00e4tzchen mitten im Wald wartete au\u00dferdem ein typisch Schwarzw\u00e4lder Mittagsvesper auf die Teilnehmer: Bauernbrot mit selbstgemachtem Kr\u00e4uterquark und Schwarzw\u00e4lder Speck.<\/p>\n<div id=\"attachment_5471\" style=\"width: 310px\" class=\"wp-caption alignright\"><a href=\"https:\/\/www.naturparkmagazin.de\/schwaebisch-fraenkischer-wald\/wp-content\/uploads\/sites\/34\/170912_b_NewsletterSFW_Exkursion_NP-Schule-SSW_Bild2.jpg\"><img aria-describedby=\"caption-attachment-5471\" decoding=\"async\" loading=\"lazy\" class=\"size-full wp-image-5471\" src=\"https:\/\/www.naturparkmagazin.de\/schwaebisch-fraenkischer-wald\/wp-content\/uploads\/sites\/34\/170912_b_NewsletterSFW_Exkursion_NP-Schule-SSW_Bild2.jpg\" alt=\"Schwarzw\u00e4lder Mittagsvesper mitten im Wald\" width=\"300\" height=\"500\" srcset=\"https:\/\/www.naturparkmagazin.de\/schwaebisch-fraenkischer-wald\/wp-content\/uploads\/sites\/34\/170912_b_NewsletterSFW_Exkursion_NP-Schule-SSW_Bild2.jpg 300w, https:\/\/www.naturparkmagazin.de\/schwaebisch-fraenkischer-wald\/wp-content\/uploads\/sites\/34\/170912_b_NewsletterSFW_Exkursion_NP-Schule-SSW_Bild2-200x333.jpg 200w\" sizes=\"(max-width: 300px) 100vw, 300px\" \/><\/a><p id=\"caption-attachment-5471\" class=\"wp-caption-text\">Schwarzw\u00e4lder Mittagsvesper mitten im Wald<\/p><\/div>\n<p>Zur\u00fcck an der Schule erl\u00e4uterte Herr M\u00fcller am Nachmittag noch die geplante Weiterentwicklung der Naturpark-Schulen im S\u00fcdschwarzwald. Insbesondere wurde die Ausweitung des Projekts auf weiterf\u00fchrende Schulen thematisiert.<\/p>\n<p>Am Ende des Tages waren sich alle Teilnehmer einig, dass solche Treffen und der gemeinsame Austausch innerhalb des Projekts Naturpark-Schule weitergef\u00fchrt werden sollen. Der Gegenbesuch der Schonacher Gruppe wurde f\u00fcr das kommende Jahr fest eingeplant. Ein Schwerpunkt wird dann das Thema Weiterentwicklung des Netzwerkes \u201eNaturpark-Schulen\u201c in den 7 Naturparken in Baden-W\u00fcrttemberg sein.<\/p>\n","protected":false},"excerpt":{"rendered":"<p>Die Naturpark-Schulen im Naturpark S\u00fcdschwarzwald und Naturpark Schw\u00e4bisch-Fr\u00e4nkischer Wald<\/p>\n","protected":false},"author":25,"featured_media":5472,"comment_status":"open","ping_status":"open","sticky":false,"template":"","format":"standard","meta":[],"categories":[8],"tags":[686],"yoast_head":"<!-- This site is optimized with the Yoast SEO plugin v19.10 - https:\/\/yoast.com\/wordpress\/plugins\/seo\/ -->\n<title>Naturpark-Schulen lernen von einander - Naturpark Schw\u00e4bisch-Fr\u00e4nkischer Wald<\/title>\n<meta name=\"robots\" content=\"index, follow, max-snippet:-1, max-image-preview:large, max-video-preview:-1\" \/>\n<link rel=\"canonical\" href=\"https:\/\/www.naturparkmagazin.de\/schwaebisch-fraenkischer-wald\/5469\/\" \/>\n<meta property=\"og:locale\" content=\"de_DE\" \/>\n<meta property=\"og:type\" content=\"article\" \/>\n<meta property=\"og:title\" content=\"Naturpark-Schulen lernen von einander - Naturpark Schw\u00e4bisch-Fr\u00e4nkischer Wald\" \/>\n<meta property=\"og:description\" content=\"Die Naturpark-Schulen im Naturpark S\u00fcdschwarzwald und Naturpark Schw\u00e4bisch-Fr\u00e4nkischer Wald\" \/>\n<meta property=\"og:url\" content=\"https:\/\/www.naturparkmagazin.de\/schwaebisch-fraenkischer-wald\/5469\/\" \/>\n<meta property=\"og:site_name\" content=\"Naturpark Schw\u00e4bisch-Fr\u00e4nkischer Wald\" \/>\n<meta property=\"article:author\" content=\"https:\/\/www.facebook.com\/naturparkSFW\" \/>\n<meta property=\"article:published_time\" content=\"2017-09-18T10:00:12+00:00\" \/>\n<meta property=\"article:modified_time\" content=\"2017-09-21T07:19:02+00:00\" \/>\n<meta property=\"og:image\" content=\"https:\/\/www.naturparkmagazin.de\/schwaebisch-fraenkischer-wald\/wp-content\/uploads\/sites\/34\/170912_NewsletterSFW_Exkursion_NP-Schule-SSW_Bild2.jpg\" \/>\n\t<meta property=\"og:image:width\" content=\"200\" \/>\n\t<meta property=\"og:image:height\" content=\"200\" \/>\n\t<meta property=\"og:image:type\" content=\"image\/jpeg\" \/>\n<meta name=\"author\" content=\"Naturpark-Team\" \/>\n<meta name=\"twitter:label1\" content=\"Verfasst von\" \/>\n\t<meta name=\"twitter:data1\" content=\"Naturpark-Team\" \/>\n\t<meta name=\"twitter:label2\" content=\"Gesch\u00e4tzte Lesezeit\" \/>\n\t<meta name=\"twitter:data2\" content=\"2\u00a0Minuten\" \/>\n<script type=\"application\/ld+json\" class=\"yoast-schema-graph\">{\"@context\":\"https:\/\/schema.org\",\"@graph\":[{\"@type\":\"WebPage\",\"@id\":\"https:\/\/www.naturparkmagazin.de\/schwaebisch-fraenkischer-wald\/5469\/\",\"url\":\"https:\/\/www.naturparkmagazin.de\/schwaebisch-fraenkischer-wald\/5469\/\",\"name\":\"Naturpark-Schulen lernen von einander - Naturpark Schw\u00e4bisch-Fr\u00e4nkischer Wald\",\"isPartOf\":{\"@id\":\"https:\/\/www.naturparkmagazin.de\/schwaebisch-fraenkischer-wald\/#website\"},\"datePublished\":\"2017-09-18T10:00:12+00:00\",\"dateModified\":\"2017-09-21T07:19:02+00:00\",\"author\":{\"@id\":\"https:\/\/www.naturparkmagazin.de\/schwaebisch-fraenkischer-wald\/#\/schema\/person\/f047a3702ae747fd7830cf8ac95e6066\"},\"breadcrumb\":{\"@id\":\"https:\/\/www.naturparkmagazin.de\/schwaebisch-fraenkischer-wald\/5469\/#breadcrumb\"},\"inLanguage\":\"de\",\"potentialAction\":[{\"@type\":\"ReadAction\",\"target\":[\"https:\/\/www.naturparkmagazin.de\/schwaebisch-fraenkischer-wald\/5469\/\"]}]},{\"@type\":\"BreadcrumbList\",\"@id\":\"https:\/\/www.naturparkmagazin.de\/schwaebisch-fraenkischer-wald\/5469\/#breadcrumb\",\"itemListElement\":[{\"@type\":\"ListItem\",\"position\":1,\"name\":\"Home\",\"item\":\"https:\/\/www.naturparkmagazin.de\/schwaebisch-fraenkischer-wald\/\"},{\"@type\":\"ListItem\",\"position\":2,\"name\":\"Naturpark-Schulen lernen von einander\"}]},{\"@type\":\"WebSite\",\"@id\":\"https:\/\/www.naturparkmagazin.de\/schwaebisch-fraenkischer-wald\/#website\",\"url\":\"https:\/\/www.naturparkmagazin.de\/schwaebisch-fraenkischer-wald\/\",\"name\":\"Naturpark Schw\u00e4bisch-Fr\u00e4nkischer Wald\",\"description\":\"\",\"potentialAction\":[{\"@type\":\"SearchAction\",\"target\":{\"@type\":\"EntryPoint\",\"urlTemplate\":\"https:\/\/www.naturparkmagazin.de\/schwaebisch-fraenkischer-wald\/?s={search_term_string}\"},\"query-input\":\"required name=search_term_string\"}],\"inLanguage\":\"de\"},{\"@type\":\"Person\",\"@id\":\"https:\/\/www.naturparkmagazin.de\/schwaebisch-fraenkischer-wald\/#\/schema\/person\/f047a3702ae747fd7830cf8ac95e6066\",\"name\":\"Naturpark-Team\",\"sameAs\":[\"http:\/\/www.naturpark-sfw.de\",\"https:\/\/www.facebook.com\/naturparkSFW\"],\"url\":\"https:\/\/www.naturparkmagazin.de\/schwaebisch-fraenkischer-wald\/author\/bernharddrixler\/\"}]}<\/script>\n<!-- \/ Yoast SEO plugin. -->","yoast_head_json":{"title":"Naturpark-Schulen lernen von einander - Naturpark Schw\u00e4bisch-Fr\u00e4nkischer Wald","robots":{"index":"index","follow":"follow","max-snippet":"max-snippet:-1","max-image-preview":"max-image-preview:large","max-video-preview":"max-video-preview:-1"},"canonical":"https:\/\/www.naturparkmagazin.de\/schwaebisch-fraenkischer-wald\/5469\/","og_locale":"de_DE","og_type":"article","og_title":"Naturpark-Schulen lernen von einander - Naturpark Schw\u00e4bisch-Fr\u00e4nkischer Wald","og_description":"Die Naturpark-Schulen im Naturpark S\u00fcdschwarzwald und Naturpark Schw\u00e4bisch-Fr\u00e4nkischer Wald","og_url":"https:\/\/www.naturparkmagazin.de\/schwaebisch-fraenkischer-wald\/5469\/","og_site_name":"Naturpark Schw\u00e4bisch-Fr\u00e4nkischer Wald","article_author":"https:\/\/www.facebook.com\/naturparkSFW","article_published_time":"2017-09-18T10:00:12+00:00","article_modified_time":"2017-09-21T07:19:02+00:00","og_image":[{"width":200,"height":200,"url":"https:\/\/www.naturparkmagazin.de\/schwaebisch-fraenkischer-wald\/wp-content\/uploads\/sites\/34\/170912_NewsletterSFW_Exkursion_NP-Schule-SSW_Bild2.jpg","type":"image\/jpeg"}],"author":"Naturpark-Team","twitter_misc":{"Verfasst von":"Naturpark-Team","Gesch\u00e4tzte Lesezeit":"2\u00a0Minuten"},"schema":{"@context":"https:\/\/schema.org","@graph":[{"@type":"WebPage","@id":"https:\/\/www.naturparkmagazin.de\/schwaebisch-fraenkischer-wald\/5469\/","url":"https:\/\/www.naturparkmagazin.de\/schwaebisch-fraenkischer-wald\/5469\/","name":"Naturpark-Schulen lernen von einander - Naturpark Schw\u00e4bisch-Fr\u00e4nkischer Wald","isPartOf":{"@id":"https:\/\/www.naturparkmagazin.de\/schwaebisch-fraenkischer-wald\/#website"},"datePublished":"2017-09-18T10:00:12+00:00","dateModified":"2017-09-21T07:19:02+00:00","author":{"@id":"https:\/\/www.naturparkmagazin.de\/schwaebisch-fraenkischer-wald\/#\/schema\/person\/f047a3702ae747fd7830cf8ac95e6066"},"breadcrumb":{"@id":"https:\/\/www.naturparkmagazin.de\/schwaebisch-fraenkischer-wald\/5469\/#breadcrumb"},"inLanguage":"de","potentialAction":[{"@type":"ReadAction","target":["https:\/\/www.naturparkmagazin.de\/schwaebisch-fraenkischer-wald\/5469\/"]}]},{"@type":"BreadcrumbList","@id":"https:\/\/www.naturparkmagazin.de\/schwaebisch-fraenkischer-wald\/5469\/#breadcrumb","itemListElement":[{"@type":"ListItem","position":1,"name":"Home","item":"https:\/\/www.naturparkmagazin.de\/schwaebisch-fraenkischer-wald\/"},{"@type":"ListItem","position":2,"name":"Naturpark-Schulen lernen von einander"}]},{"@type":"WebSite","@id":"https:\/\/www.naturparkmagazin.de\/schwaebisch-fraenkischer-wald\/#website","url":"https:\/\/www.naturparkmagazin.de\/schwaebisch-fraenkischer-wald\/","name":"Naturpark Schw\u00e4bisch-Fr\u00e4nkischer Wald","description":"","potentialAction":[{"@type":"SearchAction","target":{"@type":"EntryPoint","urlTemplate":"https:\/\/www.naturparkmagazin.de\/schwaebisch-fraenkischer-wald\/?s={search_term_string}"},"query-input":"required name=search_term_string"}],"inLanguage":"de"},{"@type":"Person","@id":"https:\/\/www.naturparkmagazin.de\/schwaebisch-fraenkischer-wald\/#\/schema\/person\/f047a3702ae747fd7830cf8ac95e6066","name":"Naturpark-Team","sameAs":["http:\/\/www.naturpark-sfw.de","https:\/\/www.facebook.com\/naturparkSFW"],"url":"https:\/\/www.naturparkmagazin.de\/schwaebisch-fraenkischer-wald\/author\/bernharddrixler\/"}]}},"_links":{"self":[{"href":"https:\/\/www.naturparkmagazin.de\/schwaebisch-fraenkischer-wald\/wp-json\/wp\/v2\/posts\/5469"}],"collection":[{"href":"https:\/\/www.naturparkmagazin.de\/schwaebisch-fraenkischer-wald\/wp-json\/wp\/v2\/posts"}],"about":[{"href":"https:\/\/www.naturparkmagazin.de\/schwaebisch-fraenkischer-wald\/wp-json\/wp\/v2\/types\/post"}],"author":[{"embeddable":true,"href":"https:\/\/www.naturparkmagazin.de\/schwaebisch-fraenkischer-wald\/wp-json\/wp\/v2\/users\/25"}],"replies":[{"embeddable":true,"href":"https:\/\/www.naturparkmagazin.de\/schwaebisch-fraenkischer-wald\/wp-json\/wp\/v2\/comments?post=5469"}],"version-history":[{"count":3,"href":"https:\/\/www.naturparkmagazin.de\/schwaebisch-fraenkischer-wald\/wp-json\/wp\/v2\/posts\/5469\/revisions"}],"predecessor-version":[{"id":5499,"href":"https:\/\/www.naturparkmagazin.de\/schwaebisch-fraenkischer-wald\/wp-json\/wp\/v2\/posts\/5469\/revisions\/5499"}],"wp:featuredmedia":[{"embeddable":true,"href":"https:\/\/www.naturparkmagazin.de\/schwaebisch-fraenkischer-wald\/wp-json\/wp\/v2\/media\/5472"}],"wp:attachment":[{"href":"https:\/\/www.naturparkmagazin.de\/schwaebisch-fraenkischer-wald\/wp-json\/wp\/v2\/media?parent=5469"}],"wp:term":[{"taxonomy":"category","embeddable":true,"href":"https:\/\/www.naturparkmagazin.de\/schwaebisch-fraenkischer-wald\/wp-json\/wp\/v2\/categories?post=5469"},{"taxonomy":"post_tag","embeddable":true,"href":"https:\/\/www.naturparkmagazin.de\/schwaebisch-fraenkischer-wald\/wp-json\/wp\/v2\/tags?post=5469"}],"curies":[{"name":"wp","href":"https:\/\/api.w.org\/{rel}","templated":true}]}}