{"id":549,"date":"2013-12-16T12:10:58","date_gmt":"2013-12-16T10:10:58","guid":{"rendered":"http:\/\/www.naturparkmagazin.de\/schwaebisch-fraenkischer-wald\/?p=549"},"modified":"2013-12-18T16:05:49","modified_gmt":"2013-12-18T14:05:49","slug":"landschaftspflege-mit-messer-und-gabel-der-naturparkteller","status":"publish","type":"post","link":"https:\/\/www.naturparkmagazin.de\/schwaebisch-fraenkischer-wald\/landschaftspflege-mit-messer-und-gabel-der-naturparkteller\/","title":{"rendered":"Landschaftspflege mit Messer und Gabel \u2013 der Naturparkteller"},"content":{"rendered":"<p>Die Direktvermarktung ist eines der ganz wichtigen Instrumente f\u00fcr die St\u00e4rkung des l\u00e4ndlichen Raums. Einerseits werden die heimischen Bauernh\u00f6fe und regionalen Anbauer unterst\u00fctzt. Andererseits profitieren die Kunden ebenfalls ganz direkt von gesunden und frischen Lebensmitteln aus der Region. Der Naturparkteller ist dabei eine der M\u00f6glichkeiten, lokale Betriebe mit den Menschen im Naturpark zusammenzubringen. Gemeinsam k\u00f6nnen wir die Region st\u00e4rken und dar\u00fcber hinaus unsere vielf\u00e4ltige Kulturlandschaft erhalten.<a href=\"https:\/\/www.naturparkmagazin.de\/schwaebisch-fraenkischer-wald\/wp-content\/uploads\/sites\/34\/120506_Koehler.jpg\"><img decoding=\"async\" loading=\"lazy\" class=\"alignright size-thumbnail wp-image-540\" title=\"Die Sch\u00f6nheit unsere Kulturlandschaften\" alt=\"Die Sch\u00f6nheit unsere Kulturlandschaften\" src=\"https:\/\/www.naturparkmagazin.de\/schwaebisch-fraenkischer-wald\/wp-content\/uploads\/sites\/34\/120506_Koehler-300x199.jpg\" width=\"300\" height=\"199\" \/><\/a><\/p>\n<p>Mit der Aktion Naturparkteller zeigt der Naturpark Schw\u00e4bisch-Fr\u00e4nkischer Wald auf, wie eng die Verkn\u00fcpfung von Gastronomie, Direktvermarktung bis hin zu den produzierenden Landwirten und der damit verbunden Landschaftspflege ist. Unseren G\u00e4sten und den Bewohnern des Naturparks zeigen wir, welche Vielfalt an Lebensmitteln bei uns produziert wird und wie abwechslungsreich eine regionale Speisekarte sein kann. Mit dem Genuss unsere Naturparkteller unterst\u00fctzen Sie \u00fcber den Tellerrand hinaus die Pflege und den Erhalt unserer vielseitigen Kulturlandschaft.<\/p>\n<p>Die Brosch\u00fcre Naturparkteller gibt ein \u00dcberblick \u00fcber alle teilnehmenden Gastronomen sowie \u00fcber alle Gereichte. Kompakt und praktisch findet man dort alle die wichtigen Infos wie Zertifizierungen, Besonderheiten, und Kontaktinfos der Gastronomen. Unsere langj\u00e4hrigen Naturparkfans werden auch einen Unterscheid zu unsere vorherigen Brosch\u00fcren merken, denn dieses Jahr erscheint der Naturparkteller, genauso wie unsere Brosch\u00fcre Naturpark aktiv, im neuen Naturpark-Design mit unserem neuen Logo. Exemplare der Borsch\u00fcre k\u00f6nnen Sie bei uns im Naturparkzentrum bekommen oder auf unsere Webseite <a href=\"http:\/\/www.naturpark-sfw.de\">www.naturpark-sfw.de<\/a> bestellen oder herunterladen.<\/p>\n<p style=\"text-align: right\"><a href=\"https:\/\/www.naturparkmagazin.de\/schwaebisch-fraenkischer-wald\/wp-content\/uploads\/sites\/34\/131025_Ehrenamt-177.jpg\"><img decoding=\"async\" loading=\"lazy\" class=\"alignleft size-thumbnail wp-image-541\" title=\"Die Sch\u00f6nheit unsere Kulturlandschaften\" alt=\"Die Sch\u00f6nheit unsere Kulturlandschaften\" src=\"https:\/\/www.naturparkmagazin.de\/schwaebisch-fraenkischer-wald\/wp-content\/uploads\/sites\/34\/131025_Ehrenamt-177-300x200.jpg\" width=\"300\" height=\"200\" srcset=\"https:\/\/www.naturparkmagazin.de\/schwaebisch-fraenkischer-wald\/wp-content\/uploads\/sites\/34\/131025_Ehrenamt-177-300x200.jpg 300w, https:\/\/www.naturparkmagazin.de\/schwaebisch-fraenkischer-wald\/wp-content\/uploads\/sites\/34\/131025_Ehrenamt-177-620x413.jpg 620w, https:\/\/www.naturparkmagazin.de\/schwaebisch-fraenkischer-wald\/wp-content\/uploads\/sites\/34\/131025_Ehrenamt-177-940x627.jpg 940w, https:\/\/www.naturparkmagazin.de\/schwaebisch-fraenkischer-wald\/wp-content\/uploads\/sites\/34\/131025_Ehrenamt-177-670x447.jpg 670w, https:\/\/www.naturparkmagazin.de\/schwaebisch-fraenkischer-wald\/wp-content\/uploads\/sites\/34\/131025_Ehrenamt-177-200x133.jpg 200w, https:\/\/www.naturparkmagazin.de\/schwaebisch-fraenkischer-wald\/wp-content\/uploads\/sites\/34\/131025_Ehrenamt-177.jpg 1500w\" sizes=\"(max-width: 300px) 100vw, 300px\" \/><\/a>Anl\u00e4sslich des von der Deutschen Zentrale f\u00fcr Tourismus ausgerufenen Jahres der UNESCO-Welterbest\u00e4tten finden Sie in der aktuellen Brosch\u00fcre au\u00dferdem zahlreiche Ausflugs- und Erlebnistipps zum Thema Welterbe Limes und zur r\u00f6mischen Vergangenheit unserer Region. Denn schon damals galt die Weisheit \u201ePost cenam stabis aut passus mille meabis\u201c (Nach dem Essen sollst du ruhen, oder tausend Schritte tun).<\/p>\n<p>In diesem Sinne w\u00fcnschen wir Ihnen einen guten Appetit!<\/p>\n","protected":false},"excerpt":{"rendered":"<p>Die Direktvermarktung ist eines der ganz wichtigen Instrumente f\u00fcr die St\u00e4rkung des l\u00e4ndlichen Raums. Der Naturparkteller ist dabei eine der M\u00f6glichkeiten, lokale Betriebe mit den Menschen im Naturpark zusammenzubringen. Gemeinsam k\u00f6nnen wir die Region st\u00e4rken und dar\u00fcber hinaus unsere vielf\u00e4ltige Kulturlandschaft erhalten.<\/p>\n","protected":false},"author":25,"featured_media":539,"comment_status":"open","ping_status":"open","sticky":false,"template":"","format":"standard","meta":[],"categories":[7],"tags":[],"yoast_head":"<!-- This site is optimized with the Yoast SEO plugin v19.10 - https:\/\/yoast.com\/wordpress\/plugins\/seo\/ -->\n<title>Landschaftspflege mit Messer und Gabel \u2013 der Naturparkteller - Naturpark Schw\u00e4bisch-Fr\u00e4nkischer Wald<\/title>\n<meta name=\"robots\" content=\"index, follow, max-snippet:-1, max-image-preview:large, max-video-preview:-1\" \/>\n<link rel=\"canonical\" href=\"https:\/\/www.naturparkmagazin.de\/schwaebisch-fraenkischer-wald\/landschaftspflege-mit-messer-und-gabel-der-naturparkteller\/\" \/>\n<meta property=\"og:locale\" content=\"de_DE\" \/>\n<meta property=\"og:type\" content=\"article\" \/>\n<meta property=\"og:title\" content=\"Landschaftspflege mit Messer und Gabel \u2013 der Naturparkteller - Naturpark Schw\u00e4bisch-Fr\u00e4nkischer Wald\" \/>\n<meta property=\"og:description\" content=\"Die Direktvermarktung ist eines der ganz wichtigen Instrumente f\u00fcr die St\u00e4rkung des l\u00e4ndlichen Raums. Der Naturparkteller ist dabei eine der M\u00f6glichkeiten, lokale Betriebe mit den Menschen im Naturpark zusammenzubringen. Gemeinsam k\u00f6nnen wir die Region st\u00e4rken und dar\u00fcber hinaus unsere vielf\u00e4ltige Kulturlandschaft erhalten.\" \/>\n<meta property=\"og:url\" content=\"https:\/\/www.naturparkmagazin.de\/schwaebisch-fraenkischer-wald\/landschaftspflege-mit-messer-und-gabel-der-naturparkteller\/\" \/>\n<meta property=\"og:site_name\" content=\"Naturpark Schw\u00e4bisch-Fr\u00e4nkischer Wald\" \/>\n<meta property=\"article:author\" content=\"https:\/\/www.facebook.com\/naturparkSFW\" \/>\n<meta property=\"article:published_time\" content=\"2013-12-16T10:10:58+00:00\" \/>\n<meta property=\"article:modified_time\" content=\"2013-12-18T14:05:49+00:00\" \/>\n<meta property=\"og:image\" content=\"https:\/\/www.naturparkmagazin.de\/schwaebisch-fraenkischer-wald\/wp-content\/uploads\/sites\/34\/2014_NPT_Titel.jpg\" \/>\n\t<meta property=\"og:image:width\" content=\"1275\" \/>\n\t<meta property=\"og:image:height\" content=\"1700\" \/>\n\t<meta property=\"og:image:type\" content=\"image\/jpeg\" \/>\n<meta name=\"author\" content=\"Naturpark-Team\" \/>\n<meta name=\"twitter:label1\" content=\"Verfasst von\" \/>\n\t<meta name=\"twitter:data1\" content=\"Naturpark-Team\" \/>\n\t<meta name=\"twitter:label2\" content=\"Gesch\u00e4tzte Lesezeit\" \/>\n\t<meta name=\"twitter:data2\" content=\"2\u00a0Minuten\" \/>\n<script type=\"application\/ld+json\" class=\"yoast-schema-graph\">{\"@context\":\"https:\/\/schema.org\",\"@graph\":[{\"@type\":\"WebPage\",\"@id\":\"https:\/\/www.naturparkmagazin.de\/schwaebisch-fraenkischer-wald\/landschaftspflege-mit-messer-und-gabel-der-naturparkteller\/\",\"url\":\"https:\/\/www.naturparkmagazin.de\/schwaebisch-fraenkischer-wald\/landschaftspflege-mit-messer-und-gabel-der-naturparkteller\/\",\"name\":\"Landschaftspflege mit Messer und Gabel \u2013 der Naturparkteller - Naturpark Schw\u00e4bisch-Fr\u00e4nkischer Wald\",\"isPartOf\":{\"@id\":\"https:\/\/www.naturparkmagazin.de\/schwaebisch-fraenkischer-wald\/#website\"},\"datePublished\":\"2013-12-16T10:10:58+00:00\",\"dateModified\":\"2013-12-18T14:05:49+00:00\",\"author\":{\"@id\":\"https:\/\/www.naturparkmagazin.de\/schwaebisch-fraenkischer-wald\/#\/schema\/person\/f047a3702ae747fd7830cf8ac95e6066\"},\"breadcrumb\":{\"@id\":\"https:\/\/www.naturparkmagazin.de\/schwaebisch-fraenkischer-wald\/landschaftspflege-mit-messer-und-gabel-der-naturparkteller\/#breadcrumb\"},\"inLanguage\":\"de\",\"potentialAction\":[{\"@type\":\"ReadAction\",\"target\":[\"https:\/\/www.naturparkmagazin.de\/schwaebisch-fraenkischer-wald\/landschaftspflege-mit-messer-und-gabel-der-naturparkteller\/\"]}]},{\"@type\":\"BreadcrumbList\",\"@id\":\"https:\/\/www.naturparkmagazin.de\/schwaebisch-fraenkischer-wald\/landschaftspflege-mit-messer-und-gabel-der-naturparkteller\/#breadcrumb\",\"itemListElement\":[{\"@type\":\"ListItem\",\"position\":1,\"name\":\"Home\",\"item\":\"https:\/\/www.naturparkmagazin.de\/schwaebisch-fraenkischer-wald\/\"},{\"@type\":\"ListItem\",\"position\":2,\"name\":\"Landschaftspflege mit Messer und Gabel \u2013 der Naturparkteller\"}]},{\"@type\":\"WebSite\",\"@id\":\"https:\/\/www.naturparkmagazin.de\/schwaebisch-fraenkischer-wald\/#website\",\"url\":\"https:\/\/www.naturparkmagazin.de\/schwaebisch-fraenkischer-wald\/\",\"name\":\"Naturpark Schw\u00e4bisch-Fr\u00e4nkischer Wald\",\"description\":\"\",\"potentialAction\":[{\"@type\":\"SearchAction\",\"target\":{\"@type\":\"EntryPoint\",\"urlTemplate\":\"https:\/\/www.naturparkmagazin.de\/schwaebisch-fraenkischer-wald\/?s={search_term_string}\"},\"query-input\":\"required name=search_term_string\"}],\"inLanguage\":\"de\"},{\"@type\":\"Person\",\"@id\":\"https:\/\/www.naturparkmagazin.de\/schwaebisch-fraenkischer-wald\/#\/schema\/person\/f047a3702ae747fd7830cf8ac95e6066\",\"name\":\"Naturpark-Team\",\"sameAs\":[\"http:\/\/www.naturpark-sfw.de\",\"https:\/\/www.facebook.com\/naturparkSFW\"],\"url\":\"https:\/\/www.naturparkmagazin.de\/schwaebisch-fraenkischer-wald\/author\/bernharddrixler\/\"}]}<\/script>\n<!-- \/ Yoast SEO plugin. -->","yoast_head_json":{"title":"Landschaftspflege mit Messer und Gabel \u2013 der Naturparkteller - Naturpark Schw\u00e4bisch-Fr\u00e4nkischer Wald","robots":{"index":"index","follow":"follow","max-snippet":"max-snippet:-1","max-image-preview":"max-image-preview:large","max-video-preview":"max-video-preview:-1"},"canonical":"https:\/\/www.naturparkmagazin.de\/schwaebisch-fraenkischer-wald\/landschaftspflege-mit-messer-und-gabel-der-naturparkteller\/","og_locale":"de_DE","og_type":"article","og_title":"Landschaftspflege mit Messer und Gabel \u2013 der Naturparkteller - Naturpark Schw\u00e4bisch-Fr\u00e4nkischer Wald","og_description":"Die Direktvermarktung ist eines der ganz wichtigen Instrumente f\u00fcr die St\u00e4rkung des l\u00e4ndlichen Raums. Der Naturparkteller ist dabei eine der M\u00f6glichkeiten, lokale Betriebe mit den Menschen im Naturpark zusammenzubringen. Gemeinsam k\u00f6nnen wir die Region st\u00e4rken und dar\u00fcber hinaus unsere vielf\u00e4ltige Kulturlandschaft erhalten.","og_url":"https:\/\/www.naturparkmagazin.de\/schwaebisch-fraenkischer-wald\/landschaftspflege-mit-messer-und-gabel-der-naturparkteller\/","og_site_name":"Naturpark Schw\u00e4bisch-Fr\u00e4nkischer Wald","article_author":"https:\/\/www.facebook.com\/naturparkSFW","article_published_time":"2013-12-16T10:10:58+00:00","article_modified_time":"2013-12-18T14:05:49+00:00","og_image":[{"width":1275,"height":1700,"url":"https:\/\/www.naturparkmagazin.de\/schwaebisch-fraenkischer-wald\/wp-content\/uploads\/sites\/34\/2014_NPT_Titel.jpg","type":"image\/jpeg"}],"author":"Naturpark-Team","twitter_misc":{"Verfasst von":"Naturpark-Team","Gesch\u00e4tzte Lesezeit":"2\u00a0Minuten"},"schema":{"@context":"https:\/\/schema.org","@graph":[{"@type":"WebPage","@id":"https:\/\/www.naturparkmagazin.de\/schwaebisch-fraenkischer-wald\/landschaftspflege-mit-messer-und-gabel-der-naturparkteller\/","url":"https:\/\/www.naturparkmagazin.de\/schwaebisch-fraenkischer-wald\/landschaftspflege-mit-messer-und-gabel-der-naturparkteller\/","name":"Landschaftspflege mit Messer und Gabel \u2013 der Naturparkteller - Naturpark Schw\u00e4bisch-Fr\u00e4nkischer Wald","isPartOf":{"@id":"https:\/\/www.naturparkmagazin.de\/schwaebisch-fraenkischer-wald\/#website"},"datePublished":"2013-12-16T10:10:58+00:00","dateModified":"2013-12-18T14:05:49+00:00","author":{"@id":"https:\/\/www.naturparkmagazin.de\/schwaebisch-fraenkischer-wald\/#\/schema\/person\/f047a3702ae747fd7830cf8ac95e6066"},"breadcrumb":{"@id":"https:\/\/www.naturparkmagazin.de\/schwaebisch-fraenkischer-wald\/landschaftspflege-mit-messer-und-gabel-der-naturparkteller\/#breadcrumb"},"inLanguage":"de","potentialAction":[{"@type":"ReadAction","target":["https:\/\/www.naturparkmagazin.de\/schwaebisch-fraenkischer-wald\/landschaftspflege-mit-messer-und-gabel-der-naturparkteller\/"]}]},{"@type":"BreadcrumbList","@id":"https:\/\/www.naturparkmagazin.de\/schwaebisch-fraenkischer-wald\/landschaftspflege-mit-messer-und-gabel-der-naturparkteller\/#breadcrumb","itemListElement":[{"@type":"ListItem","position":1,"name":"Home","item":"https:\/\/www.naturparkmagazin.de\/schwaebisch-fraenkischer-wald\/"},{"@type":"ListItem","position":2,"name":"Landschaftspflege mit Messer und Gabel \u2013 der Naturparkteller"}]},{"@type":"WebSite","@id":"https:\/\/www.naturparkmagazin.de\/schwaebisch-fraenkischer-wald\/#website","url":"https:\/\/www.naturparkmagazin.de\/schwaebisch-fraenkischer-wald\/","name":"Naturpark Schw\u00e4bisch-Fr\u00e4nkischer Wald","description":"","potentialAction":[{"@type":"SearchAction","target":{"@type":"EntryPoint","urlTemplate":"https:\/\/www.naturparkmagazin.de\/schwaebisch-fraenkischer-wald\/?s={search_term_string}"},"query-input":"required name=search_term_string"}],"inLanguage":"de"},{"@type":"Person","@id":"https:\/\/www.naturparkmagazin.de\/schwaebisch-fraenkischer-wald\/#\/schema\/person\/f047a3702ae747fd7830cf8ac95e6066","name":"Naturpark-Team","sameAs":["http:\/\/www.naturpark-sfw.de","https:\/\/www.facebook.com\/naturparkSFW"],"url":"https:\/\/www.naturparkmagazin.de\/schwaebisch-fraenkischer-wald\/author\/bernharddrixler\/"}]}},"_links":{"self":[{"href":"https:\/\/www.naturparkmagazin.de\/schwaebisch-fraenkischer-wald\/wp-json\/wp\/v2\/posts\/549"}],"collection":[{"href":"https:\/\/www.naturparkmagazin.de\/schwaebisch-fraenkischer-wald\/wp-json\/wp\/v2\/posts"}],"about":[{"href":"https:\/\/www.naturparkmagazin.de\/schwaebisch-fraenkischer-wald\/wp-json\/wp\/v2\/types\/post"}],"author":[{"embeddable":true,"href":"https:\/\/www.naturparkmagazin.de\/schwaebisch-fraenkischer-wald\/wp-json\/wp\/v2\/users\/25"}],"replies":[{"embeddable":true,"href":"https:\/\/www.naturparkmagazin.de\/schwaebisch-fraenkischer-wald\/wp-json\/wp\/v2\/comments?post=549"}],"version-history":[{"count":5,"href":"https:\/\/www.naturparkmagazin.de\/schwaebisch-fraenkischer-wald\/wp-json\/wp\/v2\/posts\/549\/revisions"}],"predecessor-version":[{"id":568,"href":"https:\/\/www.naturparkmagazin.de\/schwaebisch-fraenkischer-wald\/wp-json\/wp\/v2\/posts\/549\/revisions\/568"}],"wp:featuredmedia":[{"embeddable":true,"href":"https:\/\/www.naturparkmagazin.de\/schwaebisch-fraenkischer-wald\/wp-json\/wp\/v2\/media\/539"}],"wp:attachment":[{"href":"https:\/\/www.naturparkmagazin.de\/schwaebisch-fraenkischer-wald\/wp-json\/wp\/v2\/media?parent=549"}],"wp:term":[{"taxonomy":"category","embeddable":true,"href":"https:\/\/www.naturparkmagazin.de\/schwaebisch-fraenkischer-wald\/wp-json\/wp\/v2\/categories?post=549"},{"taxonomy":"post_tag","embeddable":true,"href":"https:\/\/www.naturparkmagazin.de\/schwaebisch-fraenkischer-wald\/wp-json\/wp\/v2\/tags?post=549"}],"curies":[{"name":"wp","href":"https:\/\/api.w.org\/{rel}","templated":true}]}}