{"id":5524,"date":"2017-10-16T09:13:19","date_gmt":"2017-10-16T07:13:19","guid":{"rendered":"http:\/\/www.naturparkmagazin.de\/schwaebisch-fraenkischer-wald\/?p=5524"},"modified":"2017-10-18T09:18:43","modified_gmt":"2017-10-18T07:18:43","slug":"blick-zurueck-nach-vorn-unsere-naturparkfuehrer-berichten-3","status":"publish","type":"post","link":"https:\/\/www.naturparkmagazin.de\/schwaebisch-fraenkischer-wald\/blick-zurueck-nach-vorn-unsere-naturparkfuehrer-berichten-3\/","title":{"rendered":"Blick zur\u00fcck nach vorn: Unsere Naturparkf\u00fchrer berichten"},"content":{"rendered":"<p>Zu den sch\u00f6nsten Aussichtspl\u00e4tzen f\u00fchrte Naturparkf\u00fchrerin Sabine R\u00fccker<\/p>\n<div id=\"attachment_5525\" style=\"width: 510px\" class=\"wp-caption alignright\"><a href=\"https:\/\/www.naturparkmagazin.de\/schwaebisch-fraenkischer-wald\/wp-content\/uploads\/sites\/34\/b-IMG_0007.jpg\"><img aria-describedby=\"caption-attachment-5525\" decoding=\"async\" loading=\"lazy\" class=\"size-full wp-image-5525\" src=\"https:\/\/www.naturparkmagazin.de\/schwaebisch-fraenkischer-wald\/wp-content\/uploads\/sites\/34\/b-IMG_0007.jpg\" alt=\"L\u00f6wensteiner Bergtour im Oktober\" width=\"500\" height=\"300\" srcset=\"https:\/\/www.naturparkmagazin.de\/schwaebisch-fraenkischer-wald\/wp-content\/uploads\/sites\/34\/b-IMG_0007.jpg 500w, https:\/\/www.naturparkmagazin.de\/schwaebisch-fraenkischer-wald\/wp-content\/uploads\/sites\/34\/b-IMG_0007-300x180.jpg 300w, https:\/\/www.naturparkmagazin.de\/schwaebisch-fraenkischer-wald\/wp-content\/uploads\/sites\/34\/b-IMG_0007-200x120.jpg 200w\" sizes=\"(max-width: 500px) 100vw, 500px\" \/><\/a><p id=\"caption-attachment-5525\" class=\"wp-caption-text\">L\u00f6wensteiner Bergtour im Oktober<\/p><\/div>\n<p>17 Teilnehmer am ersten Oktobersonntag rund um L\u00f6wenstein. Morgens das herbstliche Weinsberger Tal noch wolkenverhangen, so klarte das Wetter alsbald auf und strahlend blauer Himmel und w\u00e4rmende Sonnenstrahlen verw\u00f6hnte die Wanderer. Ob beim &#8222;Windhauch&#8220; auf dem Burgturm, als auch an den &#8222;S\u00fc\u00dfen Fr\u00fcchtchen&#8220; an der Aussichtsplatte oder einem echten Geheimtipp, dem &#8222;Sofagefl\u00fcster&#8220; auf dem Wohlfahrtsberg, traumhafte Aussichten konnte jeder Platz bieten.<\/p>\n<p>Einen Gipfelschnaps gab es bei den &#8222;Sch\u00e4ferst\u00fcndchen&#8220; in Hirrweiler und in Reisach wurde die Gruppe zum Mittagsvesper von Wolfgang Meerwart am Pl\u00e4tzchen &#8222;Wochenend und Sonnenschein&#8220; mit Alphornkl\u00e4ngen begr\u00fcsst. Bei einem Gl\u00e4schen L\u00f6wensteiner Wein konnten Alle am gutbesuchten Wengertsh\u00e4usle den Tag mit Blick \u00fcber den Breitenauer See gem\u00fctlich ausklingen lassen.<\/p>\n<p>Der Flyer &#8222;L\u00f6wensteiner Aussichtspl\u00e4tze&#8220; ist im Rathaus L\u00f6wenstein erh\u00e4ltlich.\nDie n\u00e4chsten L\u00f6wensteiner Bergtouren finden statt am:<\/p>\n<ul>\n<li>5. November Sagenhafte Fackelwanderung, 16 Uhr Rittelhof, Weingut Koppenh\u00f6fer<\/li>\n<li>3. Dezember Geschichten im Weihnachtswald, 14 Uhr Parkplatz Aussichtsplatte<\/li>\n<\/ul>\n","protected":false},"excerpt":{"rendered":"<p>L\u00f6wensteiner Bergtour im Oktober war ein Genuss<\/p>\n","protected":false},"author":25,"featured_media":5526,"comment_status":"open","ping_status":"open","sticky":false,"template":"","format":"standard","meta":[],"categories":[7],"tags":[686],"yoast_head":"<!-- This site is optimized with the Yoast SEO plugin v19.10 - https:\/\/yoast.com\/wordpress\/plugins\/seo\/ -->\n<title>Blick zur\u00fcck nach vorn: Unsere Naturparkf\u00fchrer berichten - Naturpark Schw\u00e4bisch-Fr\u00e4nkischer Wald<\/title>\n<meta name=\"robots\" content=\"index, follow, max-snippet:-1, max-image-preview:large, max-video-preview:-1\" \/>\n<link rel=\"canonical\" href=\"https:\/\/www.naturparkmagazin.de\/schwaebisch-fraenkischer-wald\/blick-zurueck-nach-vorn-unsere-naturparkfuehrer-berichten-3\/\" \/>\n<meta property=\"og:locale\" content=\"de_DE\" \/>\n<meta property=\"og:type\" content=\"article\" \/>\n<meta property=\"og:title\" content=\"Blick zur\u00fcck nach vorn: Unsere Naturparkf\u00fchrer berichten - Naturpark Schw\u00e4bisch-Fr\u00e4nkischer Wald\" \/>\n<meta property=\"og:description\" content=\"L\u00f6wensteiner Bergtour im Oktober war ein Genuss\" \/>\n<meta property=\"og:url\" content=\"https:\/\/www.naturparkmagazin.de\/schwaebisch-fraenkischer-wald\/blick-zurueck-nach-vorn-unsere-naturparkfuehrer-berichten-3\/\" \/>\n<meta property=\"og:site_name\" content=\"Naturpark Schw\u00e4bisch-Fr\u00e4nkischer Wald\" \/>\n<meta property=\"article:author\" content=\"https:\/\/www.facebook.com\/naturparkSFW\" \/>\n<meta property=\"article:published_time\" content=\"2017-10-16T07:13:19+00:00\" \/>\n<meta property=\"article:modified_time\" content=\"2017-10-18T07:18:43+00:00\" \/>\n<meta property=\"og:image\" content=\"https:\/\/www.naturparkmagazin.de\/schwaebisch-fraenkischer-wald\/wp-content\/uploads\/sites\/34\/k-IMG_0008.jpg\" \/>\n\t<meta property=\"og:image:width\" content=\"200\" \/>\n\t<meta property=\"og:image:height\" content=\"200\" \/>\n\t<meta property=\"og:image:type\" content=\"image\/jpeg\" \/>\n<meta name=\"author\" content=\"Naturpark-Team\" \/>\n<meta name=\"twitter:label1\" content=\"Verfasst von\" \/>\n\t<meta name=\"twitter:data1\" content=\"Naturpark-Team\" \/>\n\t<meta name=\"twitter:label2\" content=\"Gesch\u00e4tzte Lesezeit\" \/>\n\t<meta name=\"twitter:data2\" content=\"1\u00a0Minute\" \/>\n<script type=\"application\/ld+json\" class=\"yoast-schema-graph\">{\"@context\":\"https:\/\/schema.org\",\"@graph\":[{\"@type\":\"WebPage\",\"@id\":\"https:\/\/www.naturparkmagazin.de\/schwaebisch-fraenkischer-wald\/blick-zurueck-nach-vorn-unsere-naturparkfuehrer-berichten-3\/\",\"url\":\"https:\/\/www.naturparkmagazin.de\/schwaebisch-fraenkischer-wald\/blick-zurueck-nach-vorn-unsere-naturparkfuehrer-berichten-3\/\",\"name\":\"Blick zur\u00fcck nach vorn: Unsere Naturparkf\u00fchrer berichten - Naturpark Schw\u00e4bisch-Fr\u00e4nkischer Wald\",\"isPartOf\":{\"@id\":\"https:\/\/www.naturparkmagazin.de\/schwaebisch-fraenkischer-wald\/#website\"},\"datePublished\":\"2017-10-16T07:13:19+00:00\",\"dateModified\":\"2017-10-18T07:18:43+00:00\",\"author\":{\"@id\":\"https:\/\/www.naturparkmagazin.de\/schwaebisch-fraenkischer-wald\/#\/schema\/person\/f047a3702ae747fd7830cf8ac95e6066\"},\"breadcrumb\":{\"@id\":\"https:\/\/www.naturparkmagazin.de\/schwaebisch-fraenkischer-wald\/blick-zurueck-nach-vorn-unsere-naturparkfuehrer-berichten-3\/#breadcrumb\"},\"inLanguage\":\"de\",\"potentialAction\":[{\"@type\":\"ReadAction\",\"target\":[\"https:\/\/www.naturparkmagazin.de\/schwaebisch-fraenkischer-wald\/blick-zurueck-nach-vorn-unsere-naturparkfuehrer-berichten-3\/\"]}]},{\"@type\":\"BreadcrumbList\",\"@id\":\"https:\/\/www.naturparkmagazin.de\/schwaebisch-fraenkischer-wald\/blick-zurueck-nach-vorn-unsere-naturparkfuehrer-berichten-3\/#breadcrumb\",\"itemListElement\":[{\"@type\":\"ListItem\",\"position\":1,\"name\":\"Home\",\"item\":\"https:\/\/www.naturparkmagazin.de\/schwaebisch-fraenkischer-wald\/\"},{\"@type\":\"ListItem\",\"position\":2,\"name\":\"Blick zur\u00fcck nach vorn: Unsere Naturparkf\u00fchrer berichten\"}]},{\"@type\":\"WebSite\",\"@id\":\"https:\/\/www.naturparkmagazin.de\/schwaebisch-fraenkischer-wald\/#website\",\"url\":\"https:\/\/www.naturparkmagazin.de\/schwaebisch-fraenkischer-wald\/\",\"name\":\"Naturpark Schw\u00e4bisch-Fr\u00e4nkischer Wald\",\"description\":\"\",\"potentialAction\":[{\"@type\":\"SearchAction\",\"target\":{\"@type\":\"EntryPoint\",\"urlTemplate\":\"https:\/\/www.naturparkmagazin.de\/schwaebisch-fraenkischer-wald\/?s={search_term_string}\"},\"query-input\":\"required name=search_term_string\"}],\"inLanguage\":\"de\"},{\"@type\":\"Person\",\"@id\":\"https:\/\/www.naturparkmagazin.de\/schwaebisch-fraenkischer-wald\/#\/schema\/person\/f047a3702ae747fd7830cf8ac95e6066\",\"name\":\"Naturpark-Team\",\"sameAs\":[\"http:\/\/www.naturpark-sfw.de\",\"https:\/\/www.facebook.com\/naturparkSFW\"],\"url\":\"https:\/\/www.naturparkmagazin.de\/schwaebisch-fraenkischer-wald\/author\/bernharddrixler\/\"}]}<\/script>\n<!-- \/ Yoast SEO plugin. -->","yoast_head_json":{"title":"Blick zur\u00fcck nach vorn: Unsere Naturparkf\u00fchrer berichten - Naturpark Schw\u00e4bisch-Fr\u00e4nkischer Wald","robots":{"index":"index","follow":"follow","max-snippet":"max-snippet:-1","max-image-preview":"max-image-preview:large","max-video-preview":"max-video-preview:-1"},"canonical":"https:\/\/www.naturparkmagazin.de\/schwaebisch-fraenkischer-wald\/blick-zurueck-nach-vorn-unsere-naturparkfuehrer-berichten-3\/","og_locale":"de_DE","og_type":"article","og_title":"Blick zur\u00fcck nach vorn: Unsere Naturparkf\u00fchrer berichten - Naturpark Schw\u00e4bisch-Fr\u00e4nkischer Wald","og_description":"L\u00f6wensteiner Bergtour im Oktober war ein Genuss","og_url":"https:\/\/www.naturparkmagazin.de\/schwaebisch-fraenkischer-wald\/blick-zurueck-nach-vorn-unsere-naturparkfuehrer-berichten-3\/","og_site_name":"Naturpark Schw\u00e4bisch-Fr\u00e4nkischer Wald","article_author":"https:\/\/www.facebook.com\/naturparkSFW","article_published_time":"2017-10-16T07:13:19+00:00","article_modified_time":"2017-10-18T07:18:43+00:00","og_image":[{"width":200,"height":200,"url":"https:\/\/www.naturparkmagazin.de\/schwaebisch-fraenkischer-wald\/wp-content\/uploads\/sites\/34\/k-IMG_0008.jpg","type":"image\/jpeg"}],"author":"Naturpark-Team","twitter_misc":{"Verfasst von":"Naturpark-Team","Gesch\u00e4tzte Lesezeit":"1\u00a0Minute"},"schema":{"@context":"https:\/\/schema.org","@graph":[{"@type":"WebPage","@id":"https:\/\/www.naturparkmagazin.de\/schwaebisch-fraenkischer-wald\/blick-zurueck-nach-vorn-unsere-naturparkfuehrer-berichten-3\/","url":"https:\/\/www.naturparkmagazin.de\/schwaebisch-fraenkischer-wald\/blick-zurueck-nach-vorn-unsere-naturparkfuehrer-berichten-3\/","name":"Blick zur\u00fcck nach vorn: Unsere Naturparkf\u00fchrer berichten - Naturpark Schw\u00e4bisch-Fr\u00e4nkischer Wald","isPartOf":{"@id":"https:\/\/www.naturparkmagazin.de\/schwaebisch-fraenkischer-wald\/#website"},"datePublished":"2017-10-16T07:13:19+00:00","dateModified":"2017-10-18T07:18:43+00:00","author":{"@id":"https:\/\/www.naturparkmagazin.de\/schwaebisch-fraenkischer-wald\/#\/schema\/person\/f047a3702ae747fd7830cf8ac95e6066"},"breadcrumb":{"@id":"https:\/\/www.naturparkmagazin.de\/schwaebisch-fraenkischer-wald\/blick-zurueck-nach-vorn-unsere-naturparkfuehrer-berichten-3\/#breadcrumb"},"inLanguage":"de","potentialAction":[{"@type":"ReadAction","target":["https:\/\/www.naturparkmagazin.de\/schwaebisch-fraenkischer-wald\/blick-zurueck-nach-vorn-unsere-naturparkfuehrer-berichten-3\/"]}]},{"@type":"BreadcrumbList","@id":"https:\/\/www.naturparkmagazin.de\/schwaebisch-fraenkischer-wald\/blick-zurueck-nach-vorn-unsere-naturparkfuehrer-berichten-3\/#breadcrumb","itemListElement":[{"@type":"ListItem","position":1,"name":"Home","item":"https:\/\/www.naturparkmagazin.de\/schwaebisch-fraenkischer-wald\/"},{"@type":"ListItem","position":2,"name":"Blick zur\u00fcck nach vorn: Unsere Naturparkf\u00fchrer berichten"}]},{"@type":"WebSite","@id":"https:\/\/www.naturparkmagazin.de\/schwaebisch-fraenkischer-wald\/#website","url":"https:\/\/www.naturparkmagazin.de\/schwaebisch-fraenkischer-wald\/","name":"Naturpark Schw\u00e4bisch-Fr\u00e4nkischer Wald","description":"","potentialAction":[{"@type":"SearchAction","target":{"@type":"EntryPoint","urlTemplate":"https:\/\/www.naturparkmagazin.de\/schwaebisch-fraenkischer-wald\/?s={search_term_string}"},"query-input":"required name=search_term_string"}],"inLanguage":"de"},{"@type":"Person","@id":"https:\/\/www.naturparkmagazin.de\/schwaebisch-fraenkischer-wald\/#\/schema\/person\/f047a3702ae747fd7830cf8ac95e6066","name":"Naturpark-Team","sameAs":["http:\/\/www.naturpark-sfw.de","https:\/\/www.facebook.com\/naturparkSFW"],"url":"https:\/\/www.naturparkmagazin.de\/schwaebisch-fraenkischer-wald\/author\/bernharddrixler\/"}]}},"_links":{"self":[{"href":"https:\/\/www.naturparkmagazin.de\/schwaebisch-fraenkischer-wald\/wp-json\/wp\/v2\/posts\/5524"}],"collection":[{"href":"https:\/\/www.naturparkmagazin.de\/schwaebisch-fraenkischer-wald\/wp-json\/wp\/v2\/posts"}],"about":[{"href":"https:\/\/www.naturparkmagazin.de\/schwaebisch-fraenkischer-wald\/wp-json\/wp\/v2\/types\/post"}],"author":[{"embeddable":true,"href":"https:\/\/www.naturparkmagazin.de\/schwaebisch-fraenkischer-wald\/wp-json\/wp\/v2\/users\/25"}],"replies":[{"embeddable":true,"href":"https:\/\/www.naturparkmagazin.de\/schwaebisch-fraenkischer-wald\/wp-json\/wp\/v2\/comments?post=5524"}],"version-history":[{"count":1,"href":"https:\/\/www.naturparkmagazin.de\/schwaebisch-fraenkischer-wald\/wp-json\/wp\/v2\/posts\/5524\/revisions"}],"predecessor-version":[{"id":5527,"href":"https:\/\/www.naturparkmagazin.de\/schwaebisch-fraenkischer-wald\/wp-json\/wp\/v2\/posts\/5524\/revisions\/5527"}],"wp:featuredmedia":[{"embeddable":true,"href":"https:\/\/www.naturparkmagazin.de\/schwaebisch-fraenkischer-wald\/wp-json\/wp\/v2\/media\/5526"}],"wp:attachment":[{"href":"https:\/\/www.naturparkmagazin.de\/schwaebisch-fraenkischer-wald\/wp-json\/wp\/v2\/media?parent=5524"}],"wp:term":[{"taxonomy":"category","embeddable":true,"href":"https:\/\/www.naturparkmagazin.de\/schwaebisch-fraenkischer-wald\/wp-json\/wp\/v2\/categories?post=5524"},{"taxonomy":"post_tag","embeddable":true,"href":"https:\/\/www.naturparkmagazin.de\/schwaebisch-fraenkischer-wald\/wp-json\/wp\/v2\/tags?post=5524"}],"curies":[{"name":"wp","href":"https:\/\/api.w.org\/{rel}","templated":true}]}}