{"id":553,"date":"2013-12-16T12:00:21","date_gmt":"2013-12-16T10:00:21","guid":{"rendered":"http:\/\/www.naturparkmagazin.de\/schwaebisch-fraenkischer-wald\/?p=553"},"modified":"2013-12-12T12:05:51","modified_gmt":"2013-12-12T10:05:51","slug":"baden-wuerttembergs-naturschaetze-echtzeit-magazin","status":"publish","type":"post","link":"https:\/\/www.naturparkmagazin.de\/schwaebisch-fraenkischer-wald\/baden-wuerttembergs-naturschaetze-echtzeit-magazin\/","title":{"rendered":"Baden-W\u00fcrttembergs Natursch\u00e4tze \u2013 ECHTZEIT Magazin"},"content":{"rendered":"<p>Was passiert da drau\u00dfen in die Natur? Wo kann ich einen sch\u00f6nen Urlaub verbringen? Wie kann ich einen Beitrag zum Landschaftsschutz leisten? Was a\u00dfen die R\u00f6mer? Zu all diesen und noch mehr Fragen finden Sie in der neuen ECHTZEIT Antworten, dem gemeinsamen Magazin der Gro\u00dfschutzgebiete in Baden-W\u00fcrttemberg. Das Magazin bietet Tipps und Infos \u00fcber Natur und Genuss in Baden-W\u00fcrttembergs Gro\u00dfschutzgebieten \u2013 mit der ECHTZEIT erlebt der Leser eine spannende und gleicherma\u00dfen entspannende Reise durch die sch\u00f6nsten Landschaften Baden-W\u00fcrttembergs.<\/p>\n<p><a href=\"https:\/\/www.naturparkmagazin.de\/schwaebisch-fraenkischer-wald\/wp-content\/uploads\/sites\/34\/130630_NPM_Horb-131.jpg\"><img decoding=\"async\" loading=\"lazy\" class=\"alignright size-thumbnail wp-image-555\" title=\"R\u00f6mische K\u00f6stlichkeiten\" alt=\"R\u00f6mische K\u00f6stlichkeiten\" src=\"https:\/\/www.naturparkmagazin.de\/schwaebisch-fraenkischer-wald\/wp-content\/uploads\/sites\/34\/130630_NPM_Horb-131-300x400.jpg\" width=\"194\" height=\"258\" srcset=\"https:\/\/www.naturparkmagazin.de\/schwaebisch-fraenkischer-wald\/wp-content\/uploads\/sites\/34\/130630_NPM_Horb-131-300x400.jpg 300w, https:\/\/www.naturparkmagazin.de\/schwaebisch-fraenkischer-wald\/wp-content\/uploads\/sites\/34\/130630_NPM_Horb-131-620x827.jpg 620w, https:\/\/www.naturparkmagazin.de\/schwaebisch-fraenkischer-wald\/wp-content\/uploads\/sites\/34\/130630_NPM_Horb-131-940x1253.jpg 940w, https:\/\/www.naturparkmagazin.de\/schwaebisch-fraenkischer-wald\/wp-content\/uploads\/sites\/34\/130630_NPM_Horb-131-500x667.jpg 500w, https:\/\/www.naturparkmagazin.de\/schwaebisch-fraenkischer-wald\/wp-content\/uploads\/sites\/34\/130630_NPM_Horb-131-420x560.jpg 420w, https:\/\/www.naturparkmagazin.de\/schwaebisch-fraenkischer-wald\/wp-content\/uploads\/sites\/34\/130630_NPM_Horb-131-135x180.jpg 135w, https:\/\/www.naturparkmagazin.de\/schwaebisch-fraenkischer-wald\/wp-content\/uploads\/sites\/34\/130630_NPM_Horb-131-53x71.jpg 53w, https:\/\/www.naturparkmagazin.de\/schwaebisch-fraenkischer-wald\/wp-content\/uploads\/sites\/34\/130630_NPM_Horb-131-670x893.jpg 670w, https:\/\/www.naturparkmagazin.de\/schwaebisch-fraenkischer-wald\/wp-content\/uploads\/sites\/34\/130630_NPM_Horb-131-200x267.jpg 200w, https:\/\/www.naturparkmagazin.de\/schwaebisch-fraenkischer-wald\/wp-content\/uploads\/sites\/34\/130630_NPM_Horb-131.jpg 1500w\" sizes=\"(max-width: 194px) 100vw, 194px\" \/><\/a>Ab Anfang Januar ist die f\u00fcnfte Ausgabe der ECHTZEIT erh\u00e4ltlich mit vielen spannenden Berichten \u00fcber Menschen und Projekten aus alle Gro\u00dfschutzgebieten Baden-W\u00fcrttembergs. Aus dem Naturpark Schw\u00e4bisch-Fr\u00e4nkischer Wald gibt es Spannende Geschichten zum UNESCO Welterbe Limes, z.B. erl\u00e4utert Naturparkf\u00fchrerin Michaela K\u00f6hler die R\u00f6mische K\u00fcche. Auch das Erfahrungsfeld der Sinne EINS+ALLES pr\u00e4sentiert seinen erlebnisreichen Natur- und Kulturangebote. In jedem Fall verspricht die ECHTZEIT viele sch\u00f6ne Lesestunden f\u00fcr den Januar.<\/p>\n<p>Das ECHTZEIT Magazin ist \u00fcber die Naturparke und die TMBW erh\u00e4ltlich, oder kann unter <a href=\"http:\/\/www.naturparke-bw.de\">www.naturparke-bw.de<\/a> heruntergeladen werden.<\/p>\n","protected":false},"excerpt":{"rendered":"<p>Was passiert da drau\u00dfen in die Natur? Wo kann ich einen sch\u00f6nen Urlaub verbringen? Wie kann ich einen Beitrag zum Landschaftsschutz leisten? Was a\u00dfen die R\u00f6mer? Zu all diesen und noch mehr Fragen finden Sie in der neuen ECHTZEIT Antworten, dem gemeinsamen Magazin der Gro\u00dfschutzgebiete in Baden-W\u00fcrttemberg.<\/p>\n","protected":false},"author":25,"featured_media":556,"comment_status":"open","ping_status":"open","sticky":false,"template":"","format":"standard","meta":[],"categories":[7],"tags":[],"yoast_head":"<!-- This site is optimized with the Yoast SEO plugin v19.10 - https:\/\/yoast.com\/wordpress\/plugins\/seo\/ -->\n<title>Baden-W\u00fcrttembergs Natursch\u00e4tze \u2013 ECHTZEIT Magazin - Naturpark Schw\u00e4bisch-Fr\u00e4nkischer Wald<\/title>\n<meta name=\"robots\" content=\"index, follow, max-snippet:-1, max-image-preview:large, max-video-preview:-1\" \/>\n<link rel=\"canonical\" href=\"https:\/\/www.naturparkmagazin.de\/schwaebisch-fraenkischer-wald\/baden-wuerttembergs-naturschaetze-echtzeit-magazin\/\" \/>\n<meta property=\"og:locale\" content=\"de_DE\" \/>\n<meta property=\"og:type\" content=\"article\" \/>\n<meta property=\"og:title\" content=\"Baden-W\u00fcrttembergs Natursch\u00e4tze \u2013 ECHTZEIT Magazin - Naturpark Schw\u00e4bisch-Fr\u00e4nkischer Wald\" \/>\n<meta property=\"og:description\" content=\"Was passiert da drau\u00dfen in die Natur? Wo kann ich einen sch\u00f6nen Urlaub verbringen? Wie kann ich einen Beitrag zum Landschaftsschutz leisten? Was a\u00dfen die R\u00f6mer? Zu all diesen und noch mehr Fragen finden Sie in der neuen ECHTZEIT Antworten, dem gemeinsamen Magazin der Gro\u00dfschutzgebiete in Baden-W\u00fcrttemberg.\" \/>\n<meta property=\"og:url\" content=\"https:\/\/www.naturparkmagazin.de\/schwaebisch-fraenkischer-wald\/baden-wuerttembergs-naturschaetze-echtzeit-magazin\/\" \/>\n<meta property=\"og:site_name\" content=\"Naturpark Schw\u00e4bisch-Fr\u00e4nkischer Wald\" \/>\n<meta property=\"article:author\" content=\"https:\/\/www.facebook.com\/naturparkSFW\" \/>\n<meta property=\"article:published_time\" content=\"2013-12-16T10:00:21+00:00\" \/>\n<meta property=\"article:modified_time\" content=\"2013-12-12T10:05:51+00:00\" \/>\n<meta property=\"og:image\" content=\"https:\/\/www.naturparkmagazin.de\/schwaebisch-fraenkischer-wald\/wp-content\/uploads\/sites\/34\/MG_9839aa.jpg\" \/>\n\t<meta property=\"og:image:width\" content=\"1300\" \/>\n\t<meta property=\"og:image:height\" content=\"1950\" \/>\n\t<meta property=\"og:image:type\" content=\"image\/jpeg\" \/>\n<meta name=\"author\" content=\"Naturpark-Team\" \/>\n<meta name=\"twitter:label1\" content=\"Verfasst von\" \/>\n\t<meta name=\"twitter:data1\" content=\"Naturpark-Team\" \/>\n\t<meta name=\"twitter:label2\" content=\"Gesch\u00e4tzte Lesezeit\" \/>\n\t<meta name=\"twitter:data2\" content=\"1\u00a0Minute\" \/>\n<script type=\"application\/ld+json\" class=\"yoast-schema-graph\">{\"@context\":\"https:\/\/schema.org\",\"@graph\":[{\"@type\":\"WebPage\",\"@id\":\"https:\/\/www.naturparkmagazin.de\/schwaebisch-fraenkischer-wald\/baden-wuerttembergs-naturschaetze-echtzeit-magazin\/\",\"url\":\"https:\/\/www.naturparkmagazin.de\/schwaebisch-fraenkischer-wald\/baden-wuerttembergs-naturschaetze-echtzeit-magazin\/\",\"name\":\"Baden-W\u00fcrttembergs Natursch\u00e4tze \u2013 ECHTZEIT Magazin - Naturpark Schw\u00e4bisch-Fr\u00e4nkischer Wald\",\"isPartOf\":{\"@id\":\"https:\/\/www.naturparkmagazin.de\/schwaebisch-fraenkischer-wald\/#website\"},\"datePublished\":\"2013-12-16T10:00:21+00:00\",\"dateModified\":\"2013-12-12T10:05:51+00:00\",\"author\":{\"@id\":\"https:\/\/www.naturparkmagazin.de\/schwaebisch-fraenkischer-wald\/#\/schema\/person\/f047a3702ae747fd7830cf8ac95e6066\"},\"breadcrumb\":{\"@id\":\"https:\/\/www.naturparkmagazin.de\/schwaebisch-fraenkischer-wald\/baden-wuerttembergs-naturschaetze-echtzeit-magazin\/#breadcrumb\"},\"inLanguage\":\"de\",\"potentialAction\":[{\"@type\":\"ReadAction\",\"target\":[\"https:\/\/www.naturparkmagazin.de\/schwaebisch-fraenkischer-wald\/baden-wuerttembergs-naturschaetze-echtzeit-magazin\/\"]}]},{\"@type\":\"BreadcrumbList\",\"@id\":\"https:\/\/www.naturparkmagazin.de\/schwaebisch-fraenkischer-wald\/baden-wuerttembergs-naturschaetze-echtzeit-magazin\/#breadcrumb\",\"itemListElement\":[{\"@type\":\"ListItem\",\"position\":1,\"name\":\"Home\",\"item\":\"https:\/\/www.naturparkmagazin.de\/schwaebisch-fraenkischer-wald\/\"},{\"@type\":\"ListItem\",\"position\":2,\"name\":\"Baden-W\u00fcrttembergs Natursch\u00e4tze \u2013 ECHTZEIT Magazin\"}]},{\"@type\":\"WebSite\",\"@id\":\"https:\/\/www.naturparkmagazin.de\/schwaebisch-fraenkischer-wald\/#website\",\"url\":\"https:\/\/www.naturparkmagazin.de\/schwaebisch-fraenkischer-wald\/\",\"name\":\"Naturpark Schw\u00e4bisch-Fr\u00e4nkischer Wald\",\"description\":\"\",\"potentialAction\":[{\"@type\":\"SearchAction\",\"target\":{\"@type\":\"EntryPoint\",\"urlTemplate\":\"https:\/\/www.naturparkmagazin.de\/schwaebisch-fraenkischer-wald\/?s={search_term_string}\"},\"query-input\":\"required name=search_term_string\"}],\"inLanguage\":\"de\"},{\"@type\":\"Person\",\"@id\":\"https:\/\/www.naturparkmagazin.de\/schwaebisch-fraenkischer-wald\/#\/schema\/person\/f047a3702ae747fd7830cf8ac95e6066\",\"name\":\"Naturpark-Team\",\"sameAs\":[\"http:\/\/www.naturpark-sfw.de\",\"https:\/\/www.facebook.com\/naturparkSFW\"],\"url\":\"https:\/\/www.naturparkmagazin.de\/schwaebisch-fraenkischer-wald\/author\/bernharddrixler\/\"}]}<\/script>\n<!-- \/ Yoast SEO plugin. -->","yoast_head_json":{"title":"Baden-W\u00fcrttembergs Natursch\u00e4tze \u2013 ECHTZEIT Magazin - Naturpark Schw\u00e4bisch-Fr\u00e4nkischer Wald","robots":{"index":"index","follow":"follow","max-snippet":"max-snippet:-1","max-image-preview":"max-image-preview:large","max-video-preview":"max-video-preview:-1"},"canonical":"https:\/\/www.naturparkmagazin.de\/schwaebisch-fraenkischer-wald\/baden-wuerttembergs-naturschaetze-echtzeit-magazin\/","og_locale":"de_DE","og_type":"article","og_title":"Baden-W\u00fcrttembergs Natursch\u00e4tze \u2013 ECHTZEIT Magazin - Naturpark Schw\u00e4bisch-Fr\u00e4nkischer Wald","og_description":"Was passiert da drau\u00dfen in die Natur? Wo kann ich einen sch\u00f6nen Urlaub verbringen? Wie kann ich einen Beitrag zum Landschaftsschutz leisten? Was a\u00dfen die R\u00f6mer? Zu all diesen und noch mehr Fragen finden Sie in der neuen ECHTZEIT Antworten, dem gemeinsamen Magazin der Gro\u00dfschutzgebiete in Baden-W\u00fcrttemberg.","og_url":"https:\/\/www.naturparkmagazin.de\/schwaebisch-fraenkischer-wald\/baden-wuerttembergs-naturschaetze-echtzeit-magazin\/","og_site_name":"Naturpark Schw\u00e4bisch-Fr\u00e4nkischer Wald","article_author":"https:\/\/www.facebook.com\/naturparkSFW","article_published_time":"2013-12-16T10:00:21+00:00","article_modified_time":"2013-12-12T10:05:51+00:00","og_image":[{"width":1300,"height":1950,"url":"https:\/\/www.naturparkmagazin.de\/schwaebisch-fraenkischer-wald\/wp-content\/uploads\/sites\/34\/MG_9839aa.jpg","type":"image\/jpeg"}],"author":"Naturpark-Team","twitter_misc":{"Verfasst von":"Naturpark-Team","Gesch\u00e4tzte Lesezeit":"1\u00a0Minute"},"schema":{"@context":"https:\/\/schema.org","@graph":[{"@type":"WebPage","@id":"https:\/\/www.naturparkmagazin.de\/schwaebisch-fraenkischer-wald\/baden-wuerttembergs-naturschaetze-echtzeit-magazin\/","url":"https:\/\/www.naturparkmagazin.de\/schwaebisch-fraenkischer-wald\/baden-wuerttembergs-naturschaetze-echtzeit-magazin\/","name":"Baden-W\u00fcrttembergs Natursch\u00e4tze \u2013 ECHTZEIT Magazin - Naturpark Schw\u00e4bisch-Fr\u00e4nkischer Wald","isPartOf":{"@id":"https:\/\/www.naturparkmagazin.de\/schwaebisch-fraenkischer-wald\/#website"},"datePublished":"2013-12-16T10:00:21+00:00","dateModified":"2013-12-12T10:05:51+00:00","author":{"@id":"https:\/\/www.naturparkmagazin.de\/schwaebisch-fraenkischer-wald\/#\/schema\/person\/f047a3702ae747fd7830cf8ac95e6066"},"breadcrumb":{"@id":"https:\/\/www.naturparkmagazin.de\/schwaebisch-fraenkischer-wald\/baden-wuerttembergs-naturschaetze-echtzeit-magazin\/#breadcrumb"},"inLanguage":"de","potentialAction":[{"@type":"ReadAction","target":["https:\/\/www.naturparkmagazin.de\/schwaebisch-fraenkischer-wald\/baden-wuerttembergs-naturschaetze-echtzeit-magazin\/"]}]},{"@type":"BreadcrumbList","@id":"https:\/\/www.naturparkmagazin.de\/schwaebisch-fraenkischer-wald\/baden-wuerttembergs-naturschaetze-echtzeit-magazin\/#breadcrumb","itemListElement":[{"@type":"ListItem","position":1,"name":"Home","item":"https:\/\/www.naturparkmagazin.de\/schwaebisch-fraenkischer-wald\/"},{"@type":"ListItem","position":2,"name":"Baden-W\u00fcrttembergs Natursch\u00e4tze \u2013 ECHTZEIT Magazin"}]},{"@type":"WebSite","@id":"https:\/\/www.naturparkmagazin.de\/schwaebisch-fraenkischer-wald\/#website","url":"https:\/\/www.naturparkmagazin.de\/schwaebisch-fraenkischer-wald\/","name":"Naturpark Schw\u00e4bisch-Fr\u00e4nkischer Wald","description":"","potentialAction":[{"@type":"SearchAction","target":{"@type":"EntryPoint","urlTemplate":"https:\/\/www.naturparkmagazin.de\/schwaebisch-fraenkischer-wald\/?s={search_term_string}"},"query-input":"required name=search_term_string"}],"inLanguage":"de"},{"@type":"Person","@id":"https:\/\/www.naturparkmagazin.de\/schwaebisch-fraenkischer-wald\/#\/schema\/person\/f047a3702ae747fd7830cf8ac95e6066","name":"Naturpark-Team","sameAs":["http:\/\/www.naturpark-sfw.de","https:\/\/www.facebook.com\/naturparkSFW"],"url":"https:\/\/www.naturparkmagazin.de\/schwaebisch-fraenkischer-wald\/author\/bernharddrixler\/"}]}},"_links":{"self":[{"href":"https:\/\/www.naturparkmagazin.de\/schwaebisch-fraenkischer-wald\/wp-json\/wp\/v2\/posts\/553"}],"collection":[{"href":"https:\/\/www.naturparkmagazin.de\/schwaebisch-fraenkischer-wald\/wp-json\/wp\/v2\/posts"}],"about":[{"href":"https:\/\/www.naturparkmagazin.de\/schwaebisch-fraenkischer-wald\/wp-json\/wp\/v2\/types\/post"}],"author":[{"embeddable":true,"href":"https:\/\/www.naturparkmagazin.de\/schwaebisch-fraenkischer-wald\/wp-json\/wp\/v2\/users\/25"}],"replies":[{"embeddable":true,"href":"https:\/\/www.naturparkmagazin.de\/schwaebisch-fraenkischer-wald\/wp-json\/wp\/v2\/comments?post=553"}],"version-history":[{"count":4,"href":"https:\/\/www.naturparkmagazin.de\/schwaebisch-fraenkischer-wald\/wp-json\/wp\/v2\/posts\/553\/revisions"}],"predecessor-version":[{"id":563,"href":"https:\/\/www.naturparkmagazin.de\/schwaebisch-fraenkischer-wald\/wp-json\/wp\/v2\/posts\/553\/revisions\/563"}],"wp:featuredmedia":[{"embeddable":true,"href":"https:\/\/www.naturparkmagazin.de\/schwaebisch-fraenkischer-wald\/wp-json\/wp\/v2\/media\/556"}],"wp:attachment":[{"href":"https:\/\/www.naturparkmagazin.de\/schwaebisch-fraenkischer-wald\/wp-json\/wp\/v2\/media?parent=553"}],"wp:term":[{"taxonomy":"category","embeddable":true,"href":"https:\/\/www.naturparkmagazin.de\/schwaebisch-fraenkischer-wald\/wp-json\/wp\/v2\/categories?post=553"},{"taxonomy":"post_tag","embeddable":true,"href":"https:\/\/www.naturparkmagazin.de\/schwaebisch-fraenkischer-wald\/wp-json\/wp\/v2\/tags?post=553"}],"curies":[{"name":"wp","href":"https:\/\/api.w.org\/{rel}","templated":true}]}}