{"id":5542,"date":"2017-10-16T09:43:54","date_gmt":"2017-10-16T07:43:54","guid":{"rendered":"http:\/\/www.naturparkmagazin.de\/schwaebisch-fraenkischer-wald\/?p=5542"},"modified":"2017-10-24T12:48:58","modified_gmt":"2017-10-24T10:48:58","slug":"die-naturparkmaerkte-2017","status":"publish","type":"post","link":"https:\/\/www.naturparkmagazin.de\/schwaebisch-fraenkischer-wald\/die-naturparkmaerkte-2017\/","title":{"rendered":"Die Naturparkm\u00e4rkte 2017"},"content":{"rendered":"<p>2017 fanden wieder f\u00fcnf Naturparkm\u00e4rkte statt, auf denen die Direktvermarkter und Kunsthandwerker die regionale Vielfalt an Produkten aus dem Naturparkgebiet pr\u00e4sentieren konnten.<\/p>\n<div id=\"attachment_5543\" style=\"width: 510px\" class=\"wp-caption alignright\"><a href=\"https:\/\/www.naturparkmagazin.de\/schwaebisch-fraenkischer-wald\/wp-content\/uploads\/sites\/34\/b-170521_NPmarkt_Welzheim_b_klein10.jpg\"><img aria-describedby=\"caption-attachment-5543\" decoding=\"async\" loading=\"lazy\" class=\"size-full wp-image-5543\" src=\"https:\/\/www.naturparkmagazin.de\/schwaebisch-fraenkischer-wald\/wp-content\/uploads\/sites\/34\/b-170521_NPmarkt_Welzheim_b_klein10.jpg\" alt=\"Naturparkmarkt in Welzheim\" width=\"500\" height=\"300\" srcset=\"https:\/\/www.naturparkmagazin.de\/schwaebisch-fraenkischer-wald\/wp-content\/uploads\/sites\/34\/b-170521_NPmarkt_Welzheim_b_klein10.jpg 500w, https:\/\/www.naturparkmagazin.de\/schwaebisch-fraenkischer-wald\/wp-content\/uploads\/sites\/34\/b-170521_NPmarkt_Welzheim_b_klein10-300x180.jpg 300w, https:\/\/www.naturparkmagazin.de\/schwaebisch-fraenkischer-wald\/wp-content\/uploads\/sites\/34\/b-170521_NPmarkt_Welzheim_b_klein10-200x120.jpg 200w\" sizes=\"(max-width: 500px) 100vw, 500px\" \/><\/a><p id=\"caption-attachment-5543\" class=\"wp-caption-text\">Naturparkmarkt in Welzheim<\/p><\/div>\n<p>Unter dem bew\u00e4hrten Motto \u201eNaschen, Schlemmen, Schauen und Staunen\u201c begann die Naturparkmarktsaison Ende Mai in der Limesstadt Welzheim. Die Stadt richtete erstmalig einen Naturparkmarkt aus. Rund um den mit B\u00e4umen bewachsenen Kirchplatz herrschte den Tag \u00fcber bei sch\u00f6nem Fr\u00fchlingswetter eine entspannte Stimmung mit vielen Besucherinnen und Besuchern. Das erste Mal auf einem Markt dabei war auch der Bieneninfostand des Naturparks: die Naturparkgesch\u00e4ftsstelle informierte im Rahmen des Bienenjahres 2017 zusammen mit dem Bezirksimkerverein Welzheim \u00fcber die faszinierende Welt der Wild- und Honigbienen. Auf allen f\u00fcnf M\u00e4rkten konnten bspw. Tipps f\u00fcr den Bienenschutz im eigenen Garten mitgenommen werden.<\/p>\n<p>&nbsp;<\/p>\n<div id=\"attachment_5544\" style=\"width: 510px\" class=\"wp-caption alignright\"><a href=\"https:\/\/www.naturparkmagazin.de\/schwaebisch-fraenkischer-wald\/wp-content\/uploads\/sites\/34\/b-170625_NPM-Waldenburg_b-7.jpg\"><img aria-describedby=\"caption-attachment-5544\" decoding=\"async\" loading=\"lazy\" class=\"size-full wp-image-5544\" src=\"https:\/\/www.naturparkmagazin.de\/schwaebisch-fraenkischer-wald\/wp-content\/uploads\/sites\/34\/b-170625_NPM-Waldenburg_b-7.jpg\" alt=\"Naturparkmarkt in Waldenburg\" width=\"500\" height=\"300\" srcset=\"https:\/\/www.naturparkmagazin.de\/schwaebisch-fraenkischer-wald\/wp-content\/uploads\/sites\/34\/b-170625_NPM-Waldenburg_b-7.jpg 500w, https:\/\/www.naturparkmagazin.de\/schwaebisch-fraenkischer-wald\/wp-content\/uploads\/sites\/34\/b-170625_NPM-Waldenburg_b-7-300x180.jpg 300w, https:\/\/www.naturparkmagazin.de\/schwaebisch-fraenkischer-wald\/wp-content\/uploads\/sites\/34\/b-170625_NPM-Waldenburg_b-7-200x120.jpg 200w\" sizes=\"(max-width: 500px) 100vw, 500px\" \/><\/a><p id=\"caption-attachment-5544\" class=\"wp-caption-text\">Naturparkmarkt in Waldenburg<\/p><\/div>\n<p>Im Juni wurde der Naturparkmarkt vor der historischen Kulisse in Waldenburg ausgerichtet. Neben einem herrlichem Blick in die Hohenloher Ebene trugen die engen Gassen und vielen Fachwerkh\u00e4user zur guten Marktatmosph\u00e4re bei.<\/p>\n<p>Passend zur Gegend waren die Hohenloher Weink\u00f6nigin und Weinprinzessin vertreten und konnten die eine oder andere Empfehlung f\u00fcr die edlen Trauben aus der Region abgeben. Auch die Waldfee war an diesem Tag in Waldenburg unterwegs, um f\u00fcr die Urlaubsregion Schw\u00e4bischer Wald zu werben.<\/p>\n<p>&nbsp;<\/p>\n<p>&nbsp;<\/p>\n<p>&nbsp;<\/p>\n<div id=\"attachment_5545\" style=\"width: 510px\" class=\"wp-caption alignright\"><a href=\"https:\/\/www.naturparkmagazin.de\/schwaebisch-fraenkischer-wald\/wp-content\/uploads\/sites\/34\/b-170716_NPM-Alfdorf-103.jpg\"><img aria-describedby=\"caption-attachment-5545\" decoding=\"async\" loading=\"lazy\" class=\"size-full wp-image-5545\" src=\"https:\/\/www.naturparkmagazin.de\/schwaebisch-fraenkischer-wald\/wp-content\/uploads\/sites\/34\/b-170716_NPM-Alfdorf-103.jpg\" alt=\"Naturparkmarkt in Alfdorf\" width=\"500\" height=\"300\" srcset=\"https:\/\/www.naturparkmagazin.de\/schwaebisch-fraenkischer-wald\/wp-content\/uploads\/sites\/34\/b-170716_NPM-Alfdorf-103.jpg 500w, https:\/\/www.naturparkmagazin.de\/schwaebisch-fraenkischer-wald\/wp-content\/uploads\/sites\/34\/b-170716_NPM-Alfdorf-103-300x180.jpg 300w, https:\/\/www.naturparkmagazin.de\/schwaebisch-fraenkischer-wald\/wp-content\/uploads\/sites\/34\/b-170716_NPM-Alfdorf-103-200x120.jpg 200w\" sizes=\"(max-width: 500px) 100vw, 500px\" \/><\/a><p id=\"caption-attachment-5545\" class=\"wp-caption-text\">Naturparkmarkt in Alfdorf<\/p><\/div>\n<p>Der Sommer mit seinem frischen Gem\u00fcse, Obst und Eis konnte im S\u00fcden des Naturparks, in Alfdorf geschmeckt werden. Wie bei den anderen M\u00e4rkten auch, waren wieder um die 45 Direktvermarkter und Kunsthandwerker dabei. Die zahlreichen Besucherinnen und Besucher konnten den Tag vollends genie\u00dfen. Bei sch\u00f6nstem Wetter und eingebettet in den gr\u00fcnen Stadtpark luden die abwechslungsreichen Angebote zum entspannten Flanieren ein. Hier zeigte sich wieder einmal, was die Naturparkm\u00e4rkte so besonders werden l\u00e4sst: bei einem gem\u00fctlichen Plausch am Marktstand k\u00f6nnen Sie sich direkt bei den Direktvermarktern \u00fcber die Geschichten hinter den Produkten informieren.<\/p>\n<p>&nbsp;<\/p>\n<p>&nbsp;<\/p>\n<div id=\"attachment_5546\" style=\"width: 310px\" class=\"wp-caption alignright\"><a href=\"https:\/\/www.naturparkmagazin.de\/schwaebisch-fraenkischer-wald\/wp-content\/uploads\/sites\/34\/b-170910_NPMarkt_Sulzbach_Laufen-9_klein.jpg\"><img aria-describedby=\"caption-attachment-5546\" decoding=\"async\" loading=\"lazy\" class=\"size-full wp-image-5546\" src=\"https:\/\/www.naturparkmagazin.de\/schwaebisch-fraenkischer-wald\/wp-content\/uploads\/sites\/34\/b-170910_NPMarkt_Sulzbach_Laufen-9_klein.jpg\" alt=\"Naturparkmarkt in Sulzbach-Laufen\" width=\"300\" height=\"500\" srcset=\"https:\/\/www.naturparkmagazin.de\/schwaebisch-fraenkischer-wald\/wp-content\/uploads\/sites\/34\/b-170910_NPMarkt_Sulzbach_Laufen-9_klein.jpg 300w, https:\/\/www.naturparkmagazin.de\/schwaebisch-fraenkischer-wald\/wp-content\/uploads\/sites\/34\/b-170910_NPMarkt_Sulzbach_Laufen-9_klein-200x333.jpg 200w\" sizes=\"(max-width: 300px) 100vw, 300px\" \/><\/a><p id=\"caption-attachment-5546\" class=\"wp-caption-text\">Naturparkmarkt in Sulzbach-Laufen<\/p><\/div>\n<p>Im September fand der Naturparkmarkt an einem au\u00dfergew\u00f6hnlichen Marktplatz statt: am Altenbergturm in Sulzbach-Laufen wurde die Produktvielfalt im Gr\u00fcnen angeboten. Die Feierlichkeiten zum zehnj\u00e4hrigen Jubil\u00e4um des Altenbergturms wurden in den Naturparkmarkt integriert, sodass nebenbei ein breites Rahmenprogramm mit F\u00fchrungen und Aktionen angeboten werden konnte. \u00a0Das Wetter hielt den Tag \u00fcber, die gute Stimmung an den Marktst\u00e4nden ebenfalls.<\/p>\n<p>&nbsp;<\/p>\n<p>Der traditionelle Saisonabschluss der Naturparkm\u00e4rkte ist am ersten Oktoberwochenende in Murrhardt. Rund um den Marktplatz nutzen die Besucherinnen und Besucher die M\u00f6glichkeit, K\u00f6stlichkeiten der diesj\u00e4hrigen Ernte und n\u00fctzliches Gebrauchshandwerk f\u00fcr das eigene Heim mitzunehmen. Bei sch\u00f6nsten Herbstwetter war dies einer der M\u00e4rkte mit den bisher h\u00f6chsten Besucherzahlen \u00fcberhaupt.<\/p>\n<p>&nbsp;<\/p>\n<div id=\"attachment_5547\" style=\"width: 310px\" class=\"wp-caption alignright\"><a href=\"https:\/\/www.naturparkmagazin.de\/schwaebisch-fraenkischer-wald\/wp-content\/uploads\/sites\/34\/b-171001_NPmarkt5_Murrhardt-22.jpg\"><img aria-describedby=\"caption-attachment-5547\" decoding=\"async\" loading=\"lazy\" class=\"size-full wp-image-5547\" src=\"https:\/\/www.naturparkmagazin.de\/schwaebisch-fraenkischer-wald\/wp-content\/uploads\/sites\/34\/b-171001_NPmarkt5_Murrhardt-22.jpg\" alt=\"Naturparkmarkt in Murrhardt\" width=\"300\" height=\"500\" srcset=\"https:\/\/www.naturparkmagazin.de\/schwaebisch-fraenkischer-wald\/wp-content\/uploads\/sites\/34\/b-171001_NPmarkt5_Murrhardt-22.jpg 300w, https:\/\/www.naturparkmagazin.de\/schwaebisch-fraenkischer-wald\/wp-content\/uploads\/sites\/34\/b-171001_NPmarkt5_Murrhardt-22-200x333.jpg 200w\" sizes=\"(max-width: 300px) 100vw, 300px\" \/><\/a><p id=\"caption-attachment-5547\" class=\"wp-caption-text\">Naturparkmarkt in Murrhardt<\/p><\/div>\n<p>Die Naturparkgesch\u00e4ftsstelle bedankt sich im Namen vom Naturparkverein ganz herzlich bei den Akteuren, welche die Naturparkm\u00e4rkte erst erm\u00f6glichen: zum einen ist dies Michaela Dolezal von der Agentur Arcos, welche die M\u00e4rkte in diesem Jahr federf\u00fchrend und reibungslos organisiert hat. Zum anderen gilt der Dank den Kommunen, die als Marktausrichter jedem Markt eine ganz besondere Atmosph\u00e4re verleihen und sehr viel Engagement und Zeit investieren. Schlie\u00dflich geht der Dank an alle teilnehmenden Beschicker und Partner aus der Naturparkregion, ohne deren Einsatz, Ideen und regionalen Produkte es keine Naturparkm\u00e4rkte geben k\u00f6nnte!<\/p>\n<p>&nbsp;<\/p>\n<p>Wir freuen uns bereits auf die n\u00e4chste Naturparkmarktsaison 2018 und werden Sie im Newsletter wie gewohnt \u00fcber die Termine informieren.<\/p>\n","protected":false},"excerpt":{"rendered":"<p>\u201eNaschen, Schlemmen, Schauen und Staunen\u201c war das Motto bei den Naturparkm\u00e4rkten 2017<\/p>\n","protected":false},"author":25,"featured_media":5548,"comment_status":"open","ping_status":"open","sticky":false,"template":"","format":"standard","meta":[],"categories":[13],"tags":[686],"yoast_head":"<!-- This site is optimized with the Yoast SEO plugin v19.10 - https:\/\/yoast.com\/wordpress\/plugins\/seo\/ -->\n<title>Die Naturparkm\u00e4rkte 2017 - Naturpark Schw\u00e4bisch-Fr\u00e4nkischer Wald<\/title>\n<meta name=\"robots\" content=\"index, follow, max-snippet:-1, max-image-preview:large, max-video-preview:-1\" \/>\n<link rel=\"canonical\" href=\"https:\/\/www.naturparkmagazin.de\/schwaebisch-fraenkischer-wald\/die-naturparkmaerkte-2017\/\" \/>\n<meta property=\"og:locale\" content=\"de_DE\" \/>\n<meta property=\"og:type\" content=\"article\" \/>\n<meta property=\"og:title\" content=\"Die Naturparkm\u00e4rkte 2017 - Naturpark Schw\u00e4bisch-Fr\u00e4nkischer Wald\" \/>\n<meta property=\"og:description\" content=\"\u201eNaschen, Schlemmen, Schauen und Staunen\u201c war das Motto bei den Naturparkm\u00e4rkten 2017\" \/>\n<meta property=\"og:url\" content=\"https:\/\/www.naturparkmagazin.de\/schwaebisch-fraenkischer-wald\/die-naturparkmaerkte-2017\/\" \/>\n<meta property=\"og:site_name\" content=\"Naturpark Schw\u00e4bisch-Fr\u00e4nkischer Wald\" \/>\n<meta property=\"article:author\" content=\"https:\/\/www.facebook.com\/naturparkSFW\" \/>\n<meta property=\"article:published_time\" content=\"2017-10-16T07:43:54+00:00\" \/>\n<meta property=\"article:modified_time\" content=\"2017-10-24T10:48:58+00:00\" \/>\n<meta property=\"og:image\" content=\"https:\/\/www.naturparkmagazin.de\/schwaebisch-fraenkischer-wald\/wp-content\/uploads\/sites\/34\/k-170716_NPM-Alfdorf-103.jpg\" \/>\n\t<meta property=\"og:image:width\" content=\"200\" \/>\n\t<meta property=\"og:image:height\" content=\"200\" \/>\n\t<meta property=\"og:image:type\" content=\"image\/jpeg\" \/>\n<meta name=\"author\" content=\"Naturpark-Team\" \/>\n<meta name=\"twitter:label1\" content=\"Verfasst von\" \/>\n\t<meta name=\"twitter:data1\" content=\"Naturpark-Team\" \/>\n\t<meta name=\"twitter:label2\" content=\"Gesch\u00e4tzte Lesezeit\" \/>\n\t<meta name=\"twitter:data2\" content=\"3\u00a0Minuten\" \/>\n<script type=\"application\/ld+json\" class=\"yoast-schema-graph\">{\"@context\":\"https:\/\/schema.org\",\"@graph\":[{\"@type\":\"WebPage\",\"@id\":\"https:\/\/www.naturparkmagazin.de\/schwaebisch-fraenkischer-wald\/die-naturparkmaerkte-2017\/\",\"url\":\"https:\/\/www.naturparkmagazin.de\/schwaebisch-fraenkischer-wald\/die-naturparkmaerkte-2017\/\",\"name\":\"Die Naturparkm\u00e4rkte 2017 - Naturpark Schw\u00e4bisch-Fr\u00e4nkischer Wald\",\"isPartOf\":{\"@id\":\"https:\/\/www.naturparkmagazin.de\/schwaebisch-fraenkischer-wald\/#website\"},\"datePublished\":\"2017-10-16T07:43:54+00:00\",\"dateModified\":\"2017-10-24T10:48:58+00:00\",\"author\":{\"@id\":\"https:\/\/www.naturparkmagazin.de\/schwaebisch-fraenkischer-wald\/#\/schema\/person\/f047a3702ae747fd7830cf8ac95e6066\"},\"breadcrumb\":{\"@id\":\"https:\/\/www.naturparkmagazin.de\/schwaebisch-fraenkischer-wald\/die-naturparkmaerkte-2017\/#breadcrumb\"},\"inLanguage\":\"de\",\"potentialAction\":[{\"@type\":\"ReadAction\",\"target\":[\"https:\/\/www.naturparkmagazin.de\/schwaebisch-fraenkischer-wald\/die-naturparkmaerkte-2017\/\"]}]},{\"@type\":\"BreadcrumbList\",\"@id\":\"https:\/\/www.naturparkmagazin.de\/schwaebisch-fraenkischer-wald\/die-naturparkmaerkte-2017\/#breadcrumb\",\"itemListElement\":[{\"@type\":\"ListItem\",\"position\":1,\"name\":\"Home\",\"item\":\"https:\/\/www.naturparkmagazin.de\/schwaebisch-fraenkischer-wald\/\"},{\"@type\":\"ListItem\",\"position\":2,\"name\":\"Die Naturparkm\u00e4rkte 2017\"}]},{\"@type\":\"WebSite\",\"@id\":\"https:\/\/www.naturparkmagazin.de\/schwaebisch-fraenkischer-wald\/#website\",\"url\":\"https:\/\/www.naturparkmagazin.de\/schwaebisch-fraenkischer-wald\/\",\"name\":\"Naturpark Schw\u00e4bisch-Fr\u00e4nkischer Wald\",\"description\":\"\",\"potentialAction\":[{\"@type\":\"SearchAction\",\"target\":{\"@type\":\"EntryPoint\",\"urlTemplate\":\"https:\/\/www.naturparkmagazin.de\/schwaebisch-fraenkischer-wald\/?s={search_term_string}\"},\"query-input\":\"required name=search_term_string\"}],\"inLanguage\":\"de\"},{\"@type\":\"Person\",\"@id\":\"https:\/\/www.naturparkmagazin.de\/schwaebisch-fraenkischer-wald\/#\/schema\/person\/f047a3702ae747fd7830cf8ac95e6066\",\"name\":\"Naturpark-Team\",\"sameAs\":[\"http:\/\/www.naturpark-sfw.de\",\"https:\/\/www.facebook.com\/naturparkSFW\"],\"url\":\"https:\/\/www.naturparkmagazin.de\/schwaebisch-fraenkischer-wald\/author\/bernharddrixler\/\"}]}<\/script>\n<!-- \/ Yoast SEO plugin. -->","yoast_head_json":{"title":"Die Naturparkm\u00e4rkte 2017 - Naturpark Schw\u00e4bisch-Fr\u00e4nkischer Wald","robots":{"index":"index","follow":"follow","max-snippet":"max-snippet:-1","max-image-preview":"max-image-preview:large","max-video-preview":"max-video-preview:-1"},"canonical":"https:\/\/www.naturparkmagazin.de\/schwaebisch-fraenkischer-wald\/die-naturparkmaerkte-2017\/","og_locale":"de_DE","og_type":"article","og_title":"Die Naturparkm\u00e4rkte 2017 - Naturpark Schw\u00e4bisch-Fr\u00e4nkischer Wald","og_description":"\u201eNaschen, Schlemmen, Schauen und Staunen\u201c war das Motto bei den Naturparkm\u00e4rkten 2017","og_url":"https:\/\/www.naturparkmagazin.de\/schwaebisch-fraenkischer-wald\/die-naturparkmaerkte-2017\/","og_site_name":"Naturpark Schw\u00e4bisch-Fr\u00e4nkischer Wald","article_author":"https:\/\/www.facebook.com\/naturparkSFW","article_published_time":"2017-10-16T07:43:54+00:00","article_modified_time":"2017-10-24T10:48:58+00:00","og_image":[{"width":200,"height":200,"url":"https:\/\/www.naturparkmagazin.de\/schwaebisch-fraenkischer-wald\/wp-content\/uploads\/sites\/34\/k-170716_NPM-Alfdorf-103.jpg","type":"image\/jpeg"}],"author":"Naturpark-Team","twitter_misc":{"Verfasst von":"Naturpark-Team","Gesch\u00e4tzte Lesezeit":"3\u00a0Minuten"},"schema":{"@context":"https:\/\/schema.org","@graph":[{"@type":"WebPage","@id":"https:\/\/www.naturparkmagazin.de\/schwaebisch-fraenkischer-wald\/die-naturparkmaerkte-2017\/","url":"https:\/\/www.naturparkmagazin.de\/schwaebisch-fraenkischer-wald\/die-naturparkmaerkte-2017\/","name":"Die Naturparkm\u00e4rkte 2017 - Naturpark Schw\u00e4bisch-Fr\u00e4nkischer Wald","isPartOf":{"@id":"https:\/\/www.naturparkmagazin.de\/schwaebisch-fraenkischer-wald\/#website"},"datePublished":"2017-10-16T07:43:54+00:00","dateModified":"2017-10-24T10:48:58+00:00","author":{"@id":"https:\/\/www.naturparkmagazin.de\/schwaebisch-fraenkischer-wald\/#\/schema\/person\/f047a3702ae747fd7830cf8ac95e6066"},"breadcrumb":{"@id":"https:\/\/www.naturparkmagazin.de\/schwaebisch-fraenkischer-wald\/die-naturparkmaerkte-2017\/#breadcrumb"},"inLanguage":"de","potentialAction":[{"@type":"ReadAction","target":["https:\/\/www.naturparkmagazin.de\/schwaebisch-fraenkischer-wald\/die-naturparkmaerkte-2017\/"]}]},{"@type":"BreadcrumbList","@id":"https:\/\/www.naturparkmagazin.de\/schwaebisch-fraenkischer-wald\/die-naturparkmaerkte-2017\/#breadcrumb","itemListElement":[{"@type":"ListItem","position":1,"name":"Home","item":"https:\/\/www.naturparkmagazin.de\/schwaebisch-fraenkischer-wald\/"},{"@type":"ListItem","position":2,"name":"Die Naturparkm\u00e4rkte 2017"}]},{"@type":"WebSite","@id":"https:\/\/www.naturparkmagazin.de\/schwaebisch-fraenkischer-wald\/#website","url":"https:\/\/www.naturparkmagazin.de\/schwaebisch-fraenkischer-wald\/","name":"Naturpark Schw\u00e4bisch-Fr\u00e4nkischer Wald","description":"","potentialAction":[{"@type":"SearchAction","target":{"@type":"EntryPoint","urlTemplate":"https:\/\/www.naturparkmagazin.de\/schwaebisch-fraenkischer-wald\/?s={search_term_string}"},"query-input":"required name=search_term_string"}],"inLanguage":"de"},{"@type":"Person","@id":"https:\/\/www.naturparkmagazin.de\/schwaebisch-fraenkischer-wald\/#\/schema\/person\/f047a3702ae747fd7830cf8ac95e6066","name":"Naturpark-Team","sameAs":["http:\/\/www.naturpark-sfw.de","https:\/\/www.facebook.com\/naturparkSFW"],"url":"https:\/\/www.naturparkmagazin.de\/schwaebisch-fraenkischer-wald\/author\/bernharddrixler\/"}]}},"_links":{"self":[{"href":"https:\/\/www.naturparkmagazin.de\/schwaebisch-fraenkischer-wald\/wp-json\/wp\/v2\/posts\/5542"}],"collection":[{"href":"https:\/\/www.naturparkmagazin.de\/schwaebisch-fraenkischer-wald\/wp-json\/wp\/v2\/posts"}],"about":[{"href":"https:\/\/www.naturparkmagazin.de\/schwaebisch-fraenkischer-wald\/wp-json\/wp\/v2\/types\/post"}],"author":[{"embeddable":true,"href":"https:\/\/www.naturparkmagazin.de\/schwaebisch-fraenkischer-wald\/wp-json\/wp\/v2\/users\/25"}],"replies":[{"embeddable":true,"href":"https:\/\/www.naturparkmagazin.de\/schwaebisch-fraenkischer-wald\/wp-json\/wp\/v2\/comments?post=5542"}],"version-history":[{"count":3,"href":"https:\/\/www.naturparkmagazin.de\/schwaebisch-fraenkischer-wald\/wp-json\/wp\/v2\/posts\/5542\/revisions"}],"predecessor-version":[{"id":5582,"href":"https:\/\/www.naturparkmagazin.de\/schwaebisch-fraenkischer-wald\/wp-json\/wp\/v2\/posts\/5542\/revisions\/5582"}],"wp:featuredmedia":[{"embeddable":true,"href":"https:\/\/www.naturparkmagazin.de\/schwaebisch-fraenkischer-wald\/wp-json\/wp\/v2\/media\/5548"}],"wp:attachment":[{"href":"https:\/\/www.naturparkmagazin.de\/schwaebisch-fraenkischer-wald\/wp-json\/wp\/v2\/media?parent=5542"}],"wp:term":[{"taxonomy":"category","embeddable":true,"href":"https:\/\/www.naturparkmagazin.de\/schwaebisch-fraenkischer-wald\/wp-json\/wp\/v2\/categories?post=5542"},{"taxonomy":"post_tag","embeddable":true,"href":"https:\/\/www.naturparkmagazin.de\/schwaebisch-fraenkischer-wald\/wp-json\/wp\/v2\/tags?post=5542"}],"curies":[{"name":"wp","href":"https:\/\/api.w.org\/{rel}","templated":true}]}}