{"id":5557,"date":"2017-10-16T08:17:43","date_gmt":"2017-10-16T06:17:43","guid":{"rendered":"http:\/\/www.naturparkmagazin.de\/schwaebisch-fraenkischer-wald\/?p=5557"},"modified":"2017-10-19T08:45:04","modified_gmt":"2017-10-19T06:45:04","slug":"rueckblick-auf-das-bienenjahr-2017","status":"publish","type":"post","link":"https:\/\/www.naturparkmagazin.de\/schwaebisch-fraenkischer-wald\/rueckblick-auf-das-bienenjahr-2017\/","title":{"rendered":"R\u00fcckblick auf das Bienenjahr 2017"},"content":{"rendered":"<p>Das Bienenjahr im Naturpark neigt sich dem Ende entgegen und auch in der Natur kehrt langsam die Winterruhe ein. Honigbienen ziehen sich in ihre Bienenk\u00e4sten zur\u00fcck und die Hummel-Jungk\u00f6niginnen graben sich f\u00fcr die \u00dcberwinterung in weiche humose Erde ein. F\u00fcr uns der richtige Moment um das Bienenjahr und die zahlreichen Aktionen Revue passieren zu lassen.<\/p>\n<p>In der Bienenjahr Brosch\u00fcre wurden alle Informationen in kompakter Form zusammengefasst. Von den Imkereien im Naturpark, bei welchen Sie regionalen Honig und weitere Bienenprodukte erhalten k\u00f6nnen, \u00fcber Veranstaltungen f\u00fcr Gro\u00df und Klein zum Mitmachen und Zuh\u00f6ren bis hin zu Tipps zum Bienenschutz in ihrem Garten. Nebenbei gibt es Empfehlungen zu weiterf\u00fchrender Literatur und Informationsseiten zu Wildbienen und Co. Die Bienenjahrbrosch\u00fcre k\u00f6nnen Sie \u00fcbrigens \u00fcber das Jahr 2017 hinaus auf unserer Homepage herunterladen!<\/p>\n<div id=\"attachment_5559\" style=\"width: 510px\" class=\"wp-caption alignright\"><a href=\"https:\/\/www.naturparkmagazin.de\/schwaebisch-fraenkischer-wald\/wp-content\/uploads\/sites\/34\/170521_b-NPmarkt_Welzheim_b-358.jpg\"><img aria-describedby=\"caption-attachment-5559\" decoding=\"async\" loading=\"lazy\" class=\"size-full wp-image-5559\" src=\"https:\/\/www.naturparkmagazin.de\/schwaebisch-fraenkischer-wald\/wp-content\/uploads\/sites\/34\/170521_b-NPmarkt_Welzheim_b-358.jpg\" alt=\"Naturpark-Bienenjahr 2017\" width=\"500\" height=\"300\" srcset=\"https:\/\/www.naturparkmagazin.de\/schwaebisch-fraenkischer-wald\/wp-content\/uploads\/sites\/34\/170521_b-NPmarkt_Welzheim_b-358.jpg 500w, https:\/\/www.naturparkmagazin.de\/schwaebisch-fraenkischer-wald\/wp-content\/uploads\/sites\/34\/170521_b-NPmarkt_Welzheim_b-358-300x180.jpg 300w, https:\/\/www.naturparkmagazin.de\/schwaebisch-fraenkischer-wald\/wp-content\/uploads\/sites\/34\/170521_b-NPmarkt_Welzheim_b-358-200x120.jpg 200w\" sizes=\"(max-width: 500px) 100vw, 500px\" \/><\/a><p id=\"caption-attachment-5559\" class=\"wp-caption-text\">Naturpark-Bienenjahr 2017<\/p><\/div>\n<p>Auf den Naturparkm\u00e4rkten 2017 in Welzheim, Waldenburg, Alfdorf, Sulzbach-Laufen und Murrhardt konnten Sie am Informations-Pavillon der Naturpark Gesch\u00e4ftsstelle jeweils in Zusammenarbeit mit dem \u00f6rtlichen Bezirksimkerverein Wissen \u00fcber Honigbienen und Imkerkurse sowie \u00fcber Wildbienen sammeln und lernen, was Sie f\u00fcr den Schutz der Insekten leisten k\u00f6nnen.<\/p>\n<p>Wie faszinierend, wichtig und bedroht die Bienen sind, konnten Sie an vier Themenabenden im Rahmen des Bienenkinos im Naturpark erleben. In Zusammenarbeit mit dem Kino im Schafstall Schw\u00e4bisch Hall, den Sonnenlichtspielen Gaildorf, den Murrlichtspielen Murrhardt und den L\u00f6wenlichtspielen Rudersberg sowie den jeweiligen Ortsgruppen des NABU und vor Ort ans\u00e4ssigen Imkereien konnten Sie die Bilder der Dokumentationen \u201eDas Geheimnis des Bienensterbens\u201c, \u201eMore than Honey\u201c oder \u201eBiene Majas wilde Schwestern\u201c auf sich wirken lassen. Die Imker vor Ort luden zu einer kleinen Honigverkostung ein, standen Rede und Antwort und der NABU informierte \u00fcber seine Arbeit. An dieser Stelle noch einmal ein herzliches Dankesch\u00f6n an alle beteiligten Personen!<\/p>\n<div id=\"attachment_5560\" style=\"width: 510px\" class=\"wp-caption alignright\"><a href=\"https:\/\/www.naturparkmagazin.de\/schwaebisch-fraenkischer-wald\/wp-content\/uploads\/sites\/34\/170627_b-Bienenkonferenz-21.jpg\"><img aria-describedby=\"caption-attachment-5560\" decoding=\"async\" loading=\"lazy\" class=\"wp-image-5560 size-full\" src=\"https:\/\/www.naturparkmagazin.de\/schwaebisch-fraenkischer-wald\/wp-content\/uploads\/sites\/34\/170627_b-Bienenkonferenz-21.jpg\" alt=\"Naturpark-Bienenjahr 2017\" width=\"500\" height=\"300\" srcset=\"https:\/\/www.naturparkmagazin.de\/schwaebisch-fraenkischer-wald\/wp-content\/uploads\/sites\/34\/170627_b-Bienenkonferenz-21.jpg 500w, https:\/\/www.naturparkmagazin.de\/schwaebisch-fraenkischer-wald\/wp-content\/uploads\/sites\/34\/170627_b-Bienenkonferenz-21-300x180.jpg 300w, https:\/\/www.naturparkmagazin.de\/schwaebisch-fraenkischer-wald\/wp-content\/uploads\/sites\/34\/170627_b-Bienenkonferenz-21-200x120.jpg 200w\" sizes=\"(max-width: 500px) 100vw, 500px\" \/><\/a><p id=\"caption-attachment-5560\" class=\"wp-caption-text\">Bienenkonferenz in Welzheim<\/p><\/div>\n<p>In Zusammenarbeit mit dem Landesnaturschutzverband Baden-W\u00fcrttemberg fand Ende Juni 2017 in Welzheim die erste Bienenkonferenz im Naturpark statt. Interessierten Mitgliedsgemeinden wurde das Projekt Bl\u00fchender Naturpark vorgestellt, welches nun im Herbst 2017 startet. Das Ziel des Bl\u00fchenden Naturparks ist es, die Artenvielfalt in der Region zu erh\u00f6hen, Gemeinden zur Anlage von Wildblumenwiesen und Staudenbeeten zu motivieren sowie die Bev\u00f6lkerung f\u00fcr dieses Thema zu sensibilisieren.\nZahlreiche kleinere Veranstaltungen zum Thema Wild- und Honigbienen, wie der Vortrag von Prof. Dr. Tautz der Universit\u00e4t W\u00fcrzburg zum Thema \u201eHonigbienen \u2013 die Best\u00e4uber der Welt\u201c am Naturschutztag, gef\u00fchrte Wanderungen und Aktionen der Naturparkf\u00fchrer\/innen oder Sensenm\u00e4hkurse im Rahmen des Wildblumensommers der Gemeinde Abtsgm\u00fcnd lie\u00dfen das Bienenjahr im gesamten Naturpark wirken.<\/p>\n<p>Das Ende des Bienenjahres bedeutet jedoch nicht, dass der Naturpark seinen Einsatz f\u00fcr die Wild- und Honigbienen beendet. Nein \u2013 diese flei\u00dfigen Insekten finden auch weiterhin im Projekt Bl\u00fchender Naturpark Beachtung und nehmen eine zentrale Rolle ein. Zudem werden alle gesammelten Informationen auf der Internetseite des Naturparks zu finden sein. Fragen Sie uns gerne, wenn Sie etwas wissen m\u00f6chten!<\/p>\n","protected":false},"excerpt":{"rendered":"<p>Bienenjahr im Naturpark neigt sich dem Ende entgegen<\/p>\n","protected":false},"author":25,"featured_media":5558,"comment_status":"open","ping_status":"open","sticky":false,"template":"","format":"standard","meta":[],"categories":[7],"tags":[686],"yoast_head":"<!-- This site is optimized with the Yoast SEO plugin v19.10 - https:\/\/yoast.com\/wordpress\/plugins\/seo\/ -->\n<title>R\u00fcckblick auf das Bienenjahr 2017 - Naturpark Schw\u00e4bisch-Fr\u00e4nkischer Wald<\/title>\n<meta name=\"robots\" content=\"index, follow, max-snippet:-1, max-image-preview:large, max-video-preview:-1\" \/>\n<link rel=\"canonical\" href=\"https:\/\/www.naturparkmagazin.de\/schwaebisch-fraenkischer-wald\/rueckblick-auf-das-bienenjahr-2017\/\" \/>\n<meta property=\"og:locale\" content=\"de_DE\" \/>\n<meta property=\"og:type\" content=\"article\" \/>\n<meta property=\"og:title\" content=\"R\u00fcckblick auf das Bienenjahr 2017 - Naturpark Schw\u00e4bisch-Fr\u00e4nkischer Wald\" \/>\n<meta property=\"og:description\" content=\"Bienenjahr im Naturpark neigt sich dem Ende entgegen\" \/>\n<meta property=\"og:url\" content=\"https:\/\/www.naturparkmagazin.de\/schwaebisch-fraenkischer-wald\/rueckblick-auf-das-bienenjahr-2017\/\" \/>\n<meta property=\"og:site_name\" content=\"Naturpark Schw\u00e4bisch-Fr\u00e4nkischer Wald\" \/>\n<meta property=\"article:author\" content=\"https:\/\/www.facebook.com\/naturparkSFW\" \/>\n<meta property=\"article:published_time\" content=\"2017-10-16T06:17:43+00:00\" \/>\n<meta property=\"article:modified_time\" content=\"2017-10-19T06:45:04+00:00\" \/>\n<meta property=\"og:image\" content=\"https:\/\/www.naturparkmagazin.de\/schwaebisch-fraenkischer-wald\/wp-content\/uploads\/sites\/34\/1705_NPM_Welzheim-11.jpg\" \/>\n\t<meta property=\"og:image:width\" content=\"200\" \/>\n\t<meta property=\"og:image:height\" content=\"200\" \/>\n\t<meta property=\"og:image:type\" content=\"image\/jpeg\" \/>\n<meta name=\"author\" content=\"Naturpark-Team\" \/>\n<meta name=\"twitter:label1\" content=\"Verfasst von\" \/>\n\t<meta name=\"twitter:data1\" content=\"Naturpark-Team\" \/>\n\t<meta name=\"twitter:label2\" content=\"Gesch\u00e4tzte Lesezeit\" \/>\n\t<meta name=\"twitter:data2\" content=\"3\u00a0Minuten\" \/>\n<script type=\"application\/ld+json\" class=\"yoast-schema-graph\">{\"@context\":\"https:\/\/schema.org\",\"@graph\":[{\"@type\":\"WebPage\",\"@id\":\"https:\/\/www.naturparkmagazin.de\/schwaebisch-fraenkischer-wald\/rueckblick-auf-das-bienenjahr-2017\/\",\"url\":\"https:\/\/www.naturparkmagazin.de\/schwaebisch-fraenkischer-wald\/rueckblick-auf-das-bienenjahr-2017\/\",\"name\":\"R\u00fcckblick auf das Bienenjahr 2017 - Naturpark Schw\u00e4bisch-Fr\u00e4nkischer Wald\",\"isPartOf\":{\"@id\":\"https:\/\/www.naturparkmagazin.de\/schwaebisch-fraenkischer-wald\/#website\"},\"datePublished\":\"2017-10-16T06:17:43+00:00\",\"dateModified\":\"2017-10-19T06:45:04+00:00\",\"author\":{\"@id\":\"https:\/\/www.naturparkmagazin.de\/schwaebisch-fraenkischer-wald\/#\/schema\/person\/f047a3702ae747fd7830cf8ac95e6066\"},\"breadcrumb\":{\"@id\":\"https:\/\/www.naturparkmagazin.de\/schwaebisch-fraenkischer-wald\/rueckblick-auf-das-bienenjahr-2017\/#breadcrumb\"},\"inLanguage\":\"de\",\"potentialAction\":[{\"@type\":\"ReadAction\",\"target\":[\"https:\/\/www.naturparkmagazin.de\/schwaebisch-fraenkischer-wald\/rueckblick-auf-das-bienenjahr-2017\/\"]}]},{\"@type\":\"BreadcrumbList\",\"@id\":\"https:\/\/www.naturparkmagazin.de\/schwaebisch-fraenkischer-wald\/rueckblick-auf-das-bienenjahr-2017\/#breadcrumb\",\"itemListElement\":[{\"@type\":\"ListItem\",\"position\":1,\"name\":\"Home\",\"item\":\"https:\/\/www.naturparkmagazin.de\/schwaebisch-fraenkischer-wald\/\"},{\"@type\":\"ListItem\",\"position\":2,\"name\":\"R\u00fcckblick auf das Bienenjahr 2017\"}]},{\"@type\":\"WebSite\",\"@id\":\"https:\/\/www.naturparkmagazin.de\/schwaebisch-fraenkischer-wald\/#website\",\"url\":\"https:\/\/www.naturparkmagazin.de\/schwaebisch-fraenkischer-wald\/\",\"name\":\"Naturpark Schw\u00e4bisch-Fr\u00e4nkischer Wald\",\"description\":\"\",\"potentialAction\":[{\"@type\":\"SearchAction\",\"target\":{\"@type\":\"EntryPoint\",\"urlTemplate\":\"https:\/\/www.naturparkmagazin.de\/schwaebisch-fraenkischer-wald\/?s={search_term_string}\"},\"query-input\":\"required name=search_term_string\"}],\"inLanguage\":\"de\"},{\"@type\":\"Person\",\"@id\":\"https:\/\/www.naturparkmagazin.de\/schwaebisch-fraenkischer-wald\/#\/schema\/person\/f047a3702ae747fd7830cf8ac95e6066\",\"name\":\"Naturpark-Team\",\"sameAs\":[\"http:\/\/www.naturpark-sfw.de\",\"https:\/\/www.facebook.com\/naturparkSFW\"],\"url\":\"https:\/\/www.naturparkmagazin.de\/schwaebisch-fraenkischer-wald\/author\/bernharddrixler\/\"}]}<\/script>\n<!-- \/ Yoast SEO plugin. -->","yoast_head_json":{"title":"R\u00fcckblick auf das Bienenjahr 2017 - Naturpark Schw\u00e4bisch-Fr\u00e4nkischer Wald","robots":{"index":"index","follow":"follow","max-snippet":"max-snippet:-1","max-image-preview":"max-image-preview:large","max-video-preview":"max-video-preview:-1"},"canonical":"https:\/\/www.naturparkmagazin.de\/schwaebisch-fraenkischer-wald\/rueckblick-auf-das-bienenjahr-2017\/","og_locale":"de_DE","og_type":"article","og_title":"R\u00fcckblick auf das Bienenjahr 2017 - Naturpark Schw\u00e4bisch-Fr\u00e4nkischer Wald","og_description":"Bienenjahr im Naturpark neigt sich dem Ende entgegen","og_url":"https:\/\/www.naturparkmagazin.de\/schwaebisch-fraenkischer-wald\/rueckblick-auf-das-bienenjahr-2017\/","og_site_name":"Naturpark Schw\u00e4bisch-Fr\u00e4nkischer Wald","article_author":"https:\/\/www.facebook.com\/naturparkSFW","article_published_time":"2017-10-16T06:17:43+00:00","article_modified_time":"2017-10-19T06:45:04+00:00","og_image":[{"width":200,"height":200,"url":"https:\/\/www.naturparkmagazin.de\/schwaebisch-fraenkischer-wald\/wp-content\/uploads\/sites\/34\/1705_NPM_Welzheim-11.jpg","type":"image\/jpeg"}],"author":"Naturpark-Team","twitter_misc":{"Verfasst von":"Naturpark-Team","Gesch\u00e4tzte Lesezeit":"3\u00a0Minuten"},"schema":{"@context":"https:\/\/schema.org","@graph":[{"@type":"WebPage","@id":"https:\/\/www.naturparkmagazin.de\/schwaebisch-fraenkischer-wald\/rueckblick-auf-das-bienenjahr-2017\/","url":"https:\/\/www.naturparkmagazin.de\/schwaebisch-fraenkischer-wald\/rueckblick-auf-das-bienenjahr-2017\/","name":"R\u00fcckblick auf das Bienenjahr 2017 - Naturpark Schw\u00e4bisch-Fr\u00e4nkischer Wald","isPartOf":{"@id":"https:\/\/www.naturparkmagazin.de\/schwaebisch-fraenkischer-wald\/#website"},"datePublished":"2017-10-16T06:17:43+00:00","dateModified":"2017-10-19T06:45:04+00:00","author":{"@id":"https:\/\/www.naturparkmagazin.de\/schwaebisch-fraenkischer-wald\/#\/schema\/person\/f047a3702ae747fd7830cf8ac95e6066"},"breadcrumb":{"@id":"https:\/\/www.naturparkmagazin.de\/schwaebisch-fraenkischer-wald\/rueckblick-auf-das-bienenjahr-2017\/#breadcrumb"},"inLanguage":"de","potentialAction":[{"@type":"ReadAction","target":["https:\/\/www.naturparkmagazin.de\/schwaebisch-fraenkischer-wald\/rueckblick-auf-das-bienenjahr-2017\/"]}]},{"@type":"BreadcrumbList","@id":"https:\/\/www.naturparkmagazin.de\/schwaebisch-fraenkischer-wald\/rueckblick-auf-das-bienenjahr-2017\/#breadcrumb","itemListElement":[{"@type":"ListItem","position":1,"name":"Home","item":"https:\/\/www.naturparkmagazin.de\/schwaebisch-fraenkischer-wald\/"},{"@type":"ListItem","position":2,"name":"R\u00fcckblick auf das Bienenjahr 2017"}]},{"@type":"WebSite","@id":"https:\/\/www.naturparkmagazin.de\/schwaebisch-fraenkischer-wald\/#website","url":"https:\/\/www.naturparkmagazin.de\/schwaebisch-fraenkischer-wald\/","name":"Naturpark Schw\u00e4bisch-Fr\u00e4nkischer Wald","description":"","potentialAction":[{"@type":"SearchAction","target":{"@type":"EntryPoint","urlTemplate":"https:\/\/www.naturparkmagazin.de\/schwaebisch-fraenkischer-wald\/?s={search_term_string}"},"query-input":"required name=search_term_string"}],"inLanguage":"de"},{"@type":"Person","@id":"https:\/\/www.naturparkmagazin.de\/schwaebisch-fraenkischer-wald\/#\/schema\/person\/f047a3702ae747fd7830cf8ac95e6066","name":"Naturpark-Team","sameAs":["http:\/\/www.naturpark-sfw.de","https:\/\/www.facebook.com\/naturparkSFW"],"url":"https:\/\/www.naturparkmagazin.de\/schwaebisch-fraenkischer-wald\/author\/bernharddrixler\/"}]}},"_links":{"self":[{"href":"https:\/\/www.naturparkmagazin.de\/schwaebisch-fraenkischer-wald\/wp-json\/wp\/v2\/posts\/5557"}],"collection":[{"href":"https:\/\/www.naturparkmagazin.de\/schwaebisch-fraenkischer-wald\/wp-json\/wp\/v2\/posts"}],"about":[{"href":"https:\/\/www.naturparkmagazin.de\/schwaebisch-fraenkischer-wald\/wp-json\/wp\/v2\/types\/post"}],"author":[{"embeddable":true,"href":"https:\/\/www.naturparkmagazin.de\/schwaebisch-fraenkischer-wald\/wp-json\/wp\/v2\/users\/25"}],"replies":[{"embeddable":true,"href":"https:\/\/www.naturparkmagazin.de\/schwaebisch-fraenkischer-wald\/wp-json\/wp\/v2\/comments?post=5557"}],"version-history":[{"count":1,"href":"https:\/\/www.naturparkmagazin.de\/schwaebisch-fraenkischer-wald\/wp-json\/wp\/v2\/posts\/5557\/revisions"}],"predecessor-version":[{"id":5561,"href":"https:\/\/www.naturparkmagazin.de\/schwaebisch-fraenkischer-wald\/wp-json\/wp\/v2\/posts\/5557\/revisions\/5561"}],"wp:featuredmedia":[{"embeddable":true,"href":"https:\/\/www.naturparkmagazin.de\/schwaebisch-fraenkischer-wald\/wp-json\/wp\/v2\/media\/5558"}],"wp:attachment":[{"href":"https:\/\/www.naturparkmagazin.de\/schwaebisch-fraenkischer-wald\/wp-json\/wp\/v2\/media?parent=5557"}],"wp:term":[{"taxonomy":"category","embeddable":true,"href":"https:\/\/www.naturparkmagazin.de\/schwaebisch-fraenkischer-wald\/wp-json\/wp\/v2\/categories?post=5557"},{"taxonomy":"post_tag","embeddable":true,"href":"https:\/\/www.naturparkmagazin.de\/schwaebisch-fraenkischer-wald\/wp-json\/wp\/v2\/tags?post=5557"}],"curies":[{"name":"wp","href":"https:\/\/api.w.org\/{rel}","templated":true}]}}