{"id":5615,"date":"2017-11-15T10:35:44","date_gmt":"2017-11-15T09:35:44","guid":{"rendered":"http:\/\/www.naturparkmagazin.de\/schwaebisch-fraenkischer-wald\/?p=5615"},"modified":"2017-11-14T10:37:30","modified_gmt":"2017-11-14T09:37:30","slug":"der-naturpark-soll-aufbluehen","status":"publish","type":"post","link":"https:\/\/www.naturparkmagazin.de\/schwaebisch-fraenkischer-wald\/der-naturpark-soll-aufbluehen\/","title":{"rendered":"Der Naturpark soll aufbl\u00fchen!"},"content":{"rendered":"<p>Der weltweite R\u00fcckgang von Insekten macht auch vor unserer Region nicht halt. Es sind verschiedene Faktoren, die f\u00fcr den R\u00fcckgang von Honig- wie Wildbienen, Schmetterlingen und Co. verantwortlich sind. Ein Aspekt ist, dass unsere heimische Insektenwelt\u00a0 an ein bestimmtes diverses Arteninventar in der Landschaft angepasst ist, dessen Artenvielfalt jedoch immer mehr abnimmt. Ein ausreichendes Angebot von Bl\u00fcten und Pollen ist f\u00fcr best\u00e4ubende Insekten vom Fr\u00fchjahr bis in den Herbst hinein lebensnotwendig: wenn Wildblumenwiesen, bl\u00fchende Str\u00e4ucher, Ackerwildkr\u00e4uter und bl\u00fchende Gartenstauden jedoch immer weniger werden, leiden\u00a0 Insekten schlichtweg Hungersn\u00f6te.<\/p>\n<div id=\"attachment_5617\" style=\"width: 510px\" class=\"wp-caption alignright\"><a href=\"https:\/\/www.naturparkmagazin.de\/schwaebisch-fraenkischer-wald\/wp-content\/uploads\/sites\/34\/Fotoarchiv-NP-SFW_Wiesensalbei.jpg\"><img aria-describedby=\"caption-attachment-5617\" decoding=\"async\" loading=\"lazy\" class=\"size-full wp-image-5617\" src=\"https:\/\/www.naturparkmagazin.de\/schwaebisch-fraenkischer-wald\/wp-content\/uploads\/sites\/34\/Fotoarchiv-NP-SFW_Wiesensalbei.jpg\" alt=\"Start des Projektes \u201eBl\u00fchender Naturpark\u201c\" width=\"500\" height=\"300\" srcset=\"https:\/\/www.naturparkmagazin.de\/schwaebisch-fraenkischer-wald\/wp-content\/uploads\/sites\/34\/Fotoarchiv-NP-SFW_Wiesensalbei.jpg 500w, https:\/\/www.naturparkmagazin.de\/schwaebisch-fraenkischer-wald\/wp-content\/uploads\/sites\/34\/Fotoarchiv-NP-SFW_Wiesensalbei-300x180.jpg 300w, https:\/\/www.naturparkmagazin.de\/schwaebisch-fraenkischer-wald\/wp-content\/uploads\/sites\/34\/Fotoarchiv-NP-SFW_Wiesensalbei-200x120.jpg 200w\" sizes=\"(max-width: 500px) 100vw, 500px\" \/><\/a><p id=\"caption-attachment-5617\" class=\"wp-caption-text\">Start des Projektes \u201eBl\u00fchender Naturpark\u201c<\/p><\/div>\n<p>Der Naturpark Schw\u00e4bisch-Fr\u00e4nkischer Wald hat aus diesen Gr\u00fcnden das Projekt \u201eBl\u00fchender Naturpark\u201c initiiert und m\u00f6chte mit den Naturparkgemeinden und weiteren Akteuren zusammen die bl\u00fchende Vielfalt in unserer Region erh\u00f6hen. Nicht nur Einwohner und Besucher, auch die f\u00fcr uns Menschen so wichtigen Best\u00e4uber und Honigproduzenten sollen im Naturpark ein lebenswertes Umfeld vorfinden.<\/p>\n<p>Bis 2019, dem 40j\u00e4hrigen Jubil\u00e4umsjahr des Naturparks, sollen erste Wildblumenwiesen und naturnahe Staudenrabatte auf \u201eEh da\u201c-Fl\u00e4chen in den Gemeinden zu sehen sein. Z.B. entlang von Rad- und Fu\u00dfwegen, auf Verkehrsinseln und \u2013kreiseln, an B\u00f6schungen oder Gr\u00fcnfl\u00e4chen in Gewerbegebieten. 15 Naturparkkommunen beteiligen sich diesen Herbst an der ersten Phase des Bl\u00fchenden Naturparks: Michelfeld, Michelbach a.d. Bilz, Gro\u00dferlach, Sulzbach a.d. Murr, Oppenweiler, Backnang, Alth\u00fctte, Kaisersbach, Welzheim, Alfdorf, Pl\u00fcderhausen, Lorch, Berglen, Abtsgm\u00fcnd und Adelmannsfelden. In einem Bauhoftraining, welches vom Dipl. Biologen Martin Wei\u00df aus Kirchheim\/Ries begleitet wird, werden die Mitarbeiterinnen und Mitarbeiter der kommunalen Bauh\u00f6fe in der Anlage und Pflege von naturnahen, \u00f6ffentlichen Gr\u00fcnfl\u00e4chen geschult. Ein Schwerpunkt in den insgesamt drei Seminaren liegt auf der Entwicklung von mehrj\u00e4hrigen Best\u00e4nden aus gebietsheimischen Saatgut \u2013 also Saatgut, deren Pflanzen aus einem regionalen Verbreitungsgebiet stammen und somit an die hiesigen Verh\u00e4ltnisse angepasst sind.<\/p>\n<p>Ins Projekt eingebunden werden sollen weiterhin die \u00f6rtlichen Imkervereine und interessierte Naturschutzorganisationen. Wer mehr \u00fcber den bl\u00fchenden Naturpark wissen m\u00f6chte, kann sich auf der Naturparkgesch\u00e4ftsstelle melden.<\/p>\n<p>Stellvertretend f\u00fcr alle Insekten im Naturpark m\u00f6chten wir Sie ermuntern, das Projekt zu unterst\u00fctzen und bspw. in Ihrem Garten ein \u201eWildes Eckle\u201c anzulegen, um das Nahrungsangebot f\u00fcr Wild- und Honigbienen zu erh\u00f6hen. Wir freuen uns \u00fcber Fotos und Berichte von Ihren bl\u00fchenden Paradiesen!<\/p>\n","protected":false},"excerpt":{"rendered":"<p>Start des Projektes \u201eBl\u00fchender Naturpark\u201c<\/p>\n","protected":false},"author":25,"featured_media":5616,"comment_status":"open","ping_status":"open","sticky":false,"template":"","format":"standard","meta":[],"categories":[7],"tags":[686],"yoast_head":"<!-- This site is optimized with the Yoast SEO plugin v19.10 - https:\/\/yoast.com\/wordpress\/plugins\/seo\/ -->\n<title>Der Naturpark soll aufbl\u00fchen! - Naturpark Schw\u00e4bisch-Fr\u00e4nkischer Wald<\/title>\n<meta name=\"robots\" content=\"index, follow, max-snippet:-1, max-image-preview:large, max-video-preview:-1\" \/>\n<link rel=\"canonical\" href=\"https:\/\/www.naturparkmagazin.de\/schwaebisch-fraenkischer-wald\/der-naturpark-soll-aufbluehen\/\" \/>\n<meta property=\"og:locale\" content=\"de_DE\" \/>\n<meta property=\"og:type\" content=\"article\" \/>\n<meta property=\"og:title\" content=\"Der Naturpark soll aufbl\u00fchen! - Naturpark Schw\u00e4bisch-Fr\u00e4nkischer Wald\" \/>\n<meta property=\"og:description\" content=\"Start des Projektes \u201eBl\u00fchender Naturpark\u201c\" \/>\n<meta property=\"og:url\" content=\"https:\/\/www.naturparkmagazin.de\/schwaebisch-fraenkischer-wald\/der-naturpark-soll-aufbluehen\/\" \/>\n<meta property=\"og:site_name\" content=\"Naturpark Schw\u00e4bisch-Fr\u00e4nkischer Wald\" \/>\n<meta property=\"article:author\" content=\"https:\/\/www.facebook.com\/naturparkSFW\" \/>\n<meta property=\"article:published_time\" content=\"2017-11-15T09:35:44+00:00\" \/>\n<meta property=\"article:modified_time\" content=\"2017-11-14T09:37:30+00:00\" \/>\n<meta property=\"og:image\" content=\"https:\/\/www.naturparkmagazin.de\/schwaebisch-fraenkischer-wald\/wp-content\/uploads\/sites\/34\/200-Fotoarchiv-NP-SFW_Wiesensalbei.jpg\" \/>\n\t<meta property=\"og:image:width\" content=\"200\" \/>\n\t<meta property=\"og:image:height\" content=\"200\" \/>\n\t<meta property=\"og:image:type\" content=\"image\/jpeg\" \/>\n<meta name=\"author\" content=\"Naturpark-Team\" \/>\n<meta name=\"twitter:label1\" content=\"Verfasst von\" \/>\n\t<meta name=\"twitter:data1\" content=\"Naturpark-Team\" \/>\n\t<meta name=\"twitter:label2\" content=\"Gesch\u00e4tzte Lesezeit\" \/>\n\t<meta name=\"twitter:data2\" content=\"2\u00a0Minuten\" \/>\n<script type=\"application\/ld+json\" class=\"yoast-schema-graph\">{\"@context\":\"https:\/\/schema.org\",\"@graph\":[{\"@type\":\"WebPage\",\"@id\":\"https:\/\/www.naturparkmagazin.de\/schwaebisch-fraenkischer-wald\/der-naturpark-soll-aufbluehen\/\",\"url\":\"https:\/\/www.naturparkmagazin.de\/schwaebisch-fraenkischer-wald\/der-naturpark-soll-aufbluehen\/\",\"name\":\"Der Naturpark soll aufbl\u00fchen! - Naturpark Schw\u00e4bisch-Fr\u00e4nkischer Wald\",\"isPartOf\":{\"@id\":\"https:\/\/www.naturparkmagazin.de\/schwaebisch-fraenkischer-wald\/#website\"},\"datePublished\":\"2017-11-15T09:35:44+00:00\",\"dateModified\":\"2017-11-14T09:37:30+00:00\",\"author\":{\"@id\":\"https:\/\/www.naturparkmagazin.de\/schwaebisch-fraenkischer-wald\/#\/schema\/person\/f047a3702ae747fd7830cf8ac95e6066\"},\"breadcrumb\":{\"@id\":\"https:\/\/www.naturparkmagazin.de\/schwaebisch-fraenkischer-wald\/der-naturpark-soll-aufbluehen\/#breadcrumb\"},\"inLanguage\":\"de\",\"potentialAction\":[{\"@type\":\"ReadAction\",\"target\":[\"https:\/\/www.naturparkmagazin.de\/schwaebisch-fraenkischer-wald\/der-naturpark-soll-aufbluehen\/\"]}]},{\"@type\":\"BreadcrumbList\",\"@id\":\"https:\/\/www.naturparkmagazin.de\/schwaebisch-fraenkischer-wald\/der-naturpark-soll-aufbluehen\/#breadcrumb\",\"itemListElement\":[{\"@type\":\"ListItem\",\"position\":1,\"name\":\"Home\",\"item\":\"https:\/\/www.naturparkmagazin.de\/schwaebisch-fraenkischer-wald\/\"},{\"@type\":\"ListItem\",\"position\":2,\"name\":\"Der Naturpark soll aufbl\u00fchen!\"}]},{\"@type\":\"WebSite\",\"@id\":\"https:\/\/www.naturparkmagazin.de\/schwaebisch-fraenkischer-wald\/#website\",\"url\":\"https:\/\/www.naturparkmagazin.de\/schwaebisch-fraenkischer-wald\/\",\"name\":\"Naturpark Schw\u00e4bisch-Fr\u00e4nkischer Wald\",\"description\":\"\",\"potentialAction\":[{\"@type\":\"SearchAction\",\"target\":{\"@type\":\"EntryPoint\",\"urlTemplate\":\"https:\/\/www.naturparkmagazin.de\/schwaebisch-fraenkischer-wald\/?s={search_term_string}\"},\"query-input\":\"required name=search_term_string\"}],\"inLanguage\":\"de\"},{\"@type\":\"Person\",\"@id\":\"https:\/\/www.naturparkmagazin.de\/schwaebisch-fraenkischer-wald\/#\/schema\/person\/f047a3702ae747fd7830cf8ac95e6066\",\"name\":\"Naturpark-Team\",\"sameAs\":[\"http:\/\/www.naturpark-sfw.de\",\"https:\/\/www.facebook.com\/naturparkSFW\"],\"url\":\"https:\/\/www.naturparkmagazin.de\/schwaebisch-fraenkischer-wald\/author\/bernharddrixler\/\"}]}<\/script>\n<!-- \/ Yoast SEO plugin. -->","yoast_head_json":{"title":"Der Naturpark soll aufbl\u00fchen! - Naturpark Schw\u00e4bisch-Fr\u00e4nkischer Wald","robots":{"index":"index","follow":"follow","max-snippet":"max-snippet:-1","max-image-preview":"max-image-preview:large","max-video-preview":"max-video-preview:-1"},"canonical":"https:\/\/www.naturparkmagazin.de\/schwaebisch-fraenkischer-wald\/der-naturpark-soll-aufbluehen\/","og_locale":"de_DE","og_type":"article","og_title":"Der Naturpark soll aufbl\u00fchen! - Naturpark Schw\u00e4bisch-Fr\u00e4nkischer Wald","og_description":"Start des Projektes \u201eBl\u00fchender Naturpark\u201c","og_url":"https:\/\/www.naturparkmagazin.de\/schwaebisch-fraenkischer-wald\/der-naturpark-soll-aufbluehen\/","og_site_name":"Naturpark Schw\u00e4bisch-Fr\u00e4nkischer Wald","article_author":"https:\/\/www.facebook.com\/naturparkSFW","article_published_time":"2017-11-15T09:35:44+00:00","article_modified_time":"2017-11-14T09:37:30+00:00","og_image":[{"width":200,"height":200,"url":"https:\/\/www.naturparkmagazin.de\/schwaebisch-fraenkischer-wald\/wp-content\/uploads\/sites\/34\/200-Fotoarchiv-NP-SFW_Wiesensalbei.jpg","type":"image\/jpeg"}],"author":"Naturpark-Team","twitter_misc":{"Verfasst von":"Naturpark-Team","Gesch\u00e4tzte Lesezeit":"2\u00a0Minuten"},"schema":{"@context":"https:\/\/schema.org","@graph":[{"@type":"WebPage","@id":"https:\/\/www.naturparkmagazin.de\/schwaebisch-fraenkischer-wald\/der-naturpark-soll-aufbluehen\/","url":"https:\/\/www.naturparkmagazin.de\/schwaebisch-fraenkischer-wald\/der-naturpark-soll-aufbluehen\/","name":"Der Naturpark soll aufbl\u00fchen! - Naturpark Schw\u00e4bisch-Fr\u00e4nkischer Wald","isPartOf":{"@id":"https:\/\/www.naturparkmagazin.de\/schwaebisch-fraenkischer-wald\/#website"},"datePublished":"2017-11-15T09:35:44+00:00","dateModified":"2017-11-14T09:37:30+00:00","author":{"@id":"https:\/\/www.naturparkmagazin.de\/schwaebisch-fraenkischer-wald\/#\/schema\/person\/f047a3702ae747fd7830cf8ac95e6066"},"breadcrumb":{"@id":"https:\/\/www.naturparkmagazin.de\/schwaebisch-fraenkischer-wald\/der-naturpark-soll-aufbluehen\/#breadcrumb"},"inLanguage":"de","potentialAction":[{"@type":"ReadAction","target":["https:\/\/www.naturparkmagazin.de\/schwaebisch-fraenkischer-wald\/der-naturpark-soll-aufbluehen\/"]}]},{"@type":"BreadcrumbList","@id":"https:\/\/www.naturparkmagazin.de\/schwaebisch-fraenkischer-wald\/der-naturpark-soll-aufbluehen\/#breadcrumb","itemListElement":[{"@type":"ListItem","position":1,"name":"Home","item":"https:\/\/www.naturparkmagazin.de\/schwaebisch-fraenkischer-wald\/"},{"@type":"ListItem","position":2,"name":"Der Naturpark soll aufbl\u00fchen!"}]},{"@type":"WebSite","@id":"https:\/\/www.naturparkmagazin.de\/schwaebisch-fraenkischer-wald\/#website","url":"https:\/\/www.naturparkmagazin.de\/schwaebisch-fraenkischer-wald\/","name":"Naturpark Schw\u00e4bisch-Fr\u00e4nkischer Wald","description":"","potentialAction":[{"@type":"SearchAction","target":{"@type":"EntryPoint","urlTemplate":"https:\/\/www.naturparkmagazin.de\/schwaebisch-fraenkischer-wald\/?s={search_term_string}"},"query-input":"required name=search_term_string"}],"inLanguage":"de"},{"@type":"Person","@id":"https:\/\/www.naturparkmagazin.de\/schwaebisch-fraenkischer-wald\/#\/schema\/person\/f047a3702ae747fd7830cf8ac95e6066","name":"Naturpark-Team","sameAs":["http:\/\/www.naturpark-sfw.de","https:\/\/www.facebook.com\/naturparkSFW"],"url":"https:\/\/www.naturparkmagazin.de\/schwaebisch-fraenkischer-wald\/author\/bernharddrixler\/"}]}},"_links":{"self":[{"href":"https:\/\/www.naturparkmagazin.de\/schwaebisch-fraenkischer-wald\/wp-json\/wp\/v2\/posts\/5615"}],"collection":[{"href":"https:\/\/www.naturparkmagazin.de\/schwaebisch-fraenkischer-wald\/wp-json\/wp\/v2\/posts"}],"about":[{"href":"https:\/\/www.naturparkmagazin.de\/schwaebisch-fraenkischer-wald\/wp-json\/wp\/v2\/types\/post"}],"author":[{"embeddable":true,"href":"https:\/\/www.naturparkmagazin.de\/schwaebisch-fraenkischer-wald\/wp-json\/wp\/v2\/users\/25"}],"replies":[{"embeddable":true,"href":"https:\/\/www.naturparkmagazin.de\/schwaebisch-fraenkischer-wald\/wp-json\/wp\/v2\/comments?post=5615"}],"version-history":[{"count":1,"href":"https:\/\/www.naturparkmagazin.de\/schwaebisch-fraenkischer-wald\/wp-json\/wp\/v2\/posts\/5615\/revisions"}],"predecessor-version":[{"id":5618,"href":"https:\/\/www.naturparkmagazin.de\/schwaebisch-fraenkischer-wald\/wp-json\/wp\/v2\/posts\/5615\/revisions\/5618"}],"wp:featuredmedia":[{"embeddable":true,"href":"https:\/\/www.naturparkmagazin.de\/schwaebisch-fraenkischer-wald\/wp-json\/wp\/v2\/media\/5616"}],"wp:attachment":[{"href":"https:\/\/www.naturparkmagazin.de\/schwaebisch-fraenkischer-wald\/wp-json\/wp\/v2\/media?parent=5615"}],"wp:term":[{"taxonomy":"category","embeddable":true,"href":"https:\/\/www.naturparkmagazin.de\/schwaebisch-fraenkischer-wald\/wp-json\/wp\/v2\/categories?post=5615"},{"taxonomy":"post_tag","embeddable":true,"href":"https:\/\/www.naturparkmagazin.de\/schwaebisch-fraenkischer-wald\/wp-json\/wp\/v2\/tags?post=5615"}],"curies":[{"name":"wp","href":"https:\/\/api.w.org\/{rel}","templated":true}]}}