{"id":5623,"date":"2017-11-15T10:39:51","date_gmt":"2017-11-15T09:39:51","guid":{"rendered":"http:\/\/www.naturparkmagazin.de\/schwaebisch-fraenkischer-wald\/?p=5623"},"modified":"2017-12-11T12:47:17","modified_gmt":"2017-12-11T11:47:17","slug":"stimmungsvolle-weihnachtsfeier-im-takt-des-muehlrads","status":"publish","type":"post","link":"https:\/\/www.naturparkmagazin.de\/schwaebisch-fraenkischer-wald\/stimmungsvolle-weihnachtsfeier-im-takt-des-muehlrads\/","title":{"rendered":"Stimmungsvolle Weihnachtsfeier im Takt des M\u00fchlrads"},"content":{"rendered":"<p>Die dritte M\u00fchlenweihnacht im Schw\u00e4bischen Wald findet dieses Jahr am 16. und 17. Dezember an der Glattenzainbachm\u00fchle in Kirchenkirnberg statt.<\/p>\n<div id=\"attachment_5631\" style=\"width: 510px\" class=\"wp-caption alignright\"><a href=\"https:\/\/www.naturparkmagazin.de\/schwaebisch-fraenkischer-wald\/wp-content\/uploads\/sites\/34\/Fiedler2.jpg\"><img aria-describedby=\"caption-attachment-5631\" decoding=\"async\" loading=\"lazy\" class=\"size-full wp-image-5631\" src=\"https:\/\/www.naturparkmagazin.de\/schwaebisch-fraenkischer-wald\/wp-content\/uploads\/sites\/34\/Fiedler2.jpg\" alt=\"Die Glattenzainbachm\u00fchle im leuchtenden M\u00fchlenweihnachtsgewand (Foto: J\u00f6rg Fiedler)\" width=\"500\" height=\"300\" srcset=\"https:\/\/www.naturparkmagazin.de\/schwaebisch-fraenkischer-wald\/wp-content\/uploads\/sites\/34\/Fiedler2.jpg 500w, https:\/\/www.naturparkmagazin.de\/schwaebisch-fraenkischer-wald\/wp-content\/uploads\/sites\/34\/Fiedler2-300x180.jpg 300w, https:\/\/www.naturparkmagazin.de\/schwaebisch-fraenkischer-wald\/wp-content\/uploads\/sites\/34\/Fiedler2-200x120.jpg 200w\" sizes=\"(max-width: 500px) 100vw, 500px\" \/><\/a><p id=\"caption-attachment-5631\" class=\"wp-caption-text\">Die Glattenzainbachm\u00fchle im leuchtenden M\u00fchlenweihnachtsgewand (Foto: J\u00f6rg Fiedler)<\/p><\/div>\n<p>Ermutigt von den begeisterten R\u00fcckmeldungen zur M\u00fchlenweihnacht im vergangenen Jahr laden die Stadt Murrhardt, die \u201eWaldMeister\u201c Naturparkf\u00fchrer Walter Hieber und Dr. Manfred Krautter in diesem Jahr wieder zusammen mit den Bewohnern der Glattenzainbachm\u00fchle, Anja und Timo H\u00fcbner zur dritten M\u00fchlenweihnacht nach Kirchenkirnberg ein. Kein Markt, jedoch viel Stimmung und Programm, dazu wenige ausgew\u00e4hlte leckere Speisen und Getr\u00e4nke aus der Region, so fasst Mitinitiator Naturparkf\u00fchrer Walter Hieber die geplante Veranstaltung zusammen.\nSo folgen die Besucher bereits dem mit vielen Lichtern beleuchteten Weg hinunter vom Ort ins Kirchenkirnberger T\u00e4le. M\u00fchle und Gel\u00e4nde sind ebenfalls mit tausend Lichtern und zahlreichen Feuerschalen in stimmungsvolles Licht getaucht. Kleine Essensst\u00e4ndchen, die gro\u00dfe Feuerwerkstatt, Bastelangebote, Weihnachtsgeschichten und F\u00fchrungen in der Mahlstube, Adventsquiz, Christbaumweitwurf und Weihnachtsm\u00e4nner-Kegeln, Weihnachstd\u00fcfte von leckerem Essen und Trinken, weihnachtliche Kl\u00e4nge beim gemeinsamen Weihnachtsliedersingen, gef\u00fchrte Kurztour und gro\u00dfe Fackelwanderungen. Am Samstag um 15 und 16 Uhr Lesung des mit Christl Schlag: Melchior, die M\u00fchlenmaus\u201c und \u201eMelchior,die Museumsmaus\u201c in der Mahlstube, am Sonntag gibt\u2019s eine Lesung mit Krimiautor J\u00fcrgen Seibold, u.a. aus seinem Kurzkrimi \u201eM\u00fchlenweihnacht\u201c und vieles mehr. Eines garantiert nicht: Vorweihnachtsstress und \u2013 hektik.<\/p>\n<p>Mit im Boot bei der M\u00fchlenweihnacht ist die Stadt Murrhardt, die Naturparkf\u00fchrer und zahlreiche flei\u00dfige Helfer. N\u00e4here Auskunft zur M\u00fchlenwehnacht geben gerne die Naturparkf\u00fchrer Dr. Manfred Krautter, Telefon 07181\/83994, Mail: <a href=\"mailto:eudea@gmx.de\" target=\"_blank\">eudea@gmx.de<\/a> und Walter Hieber, Telefon 07182\/935697, Mail: <a href=\"mailto:Info@waldentdecker.de\" target=\"_blank\">Info@waldentdecker.de<\/a>. Den genauen Programmplan gibt\u2019s kurz vorher auf <a href=\"http:\/\/www.waldentdecker.de\" target=\"_blank\">www.waldentdecker.de<\/a><\/p>\n<p>Hier das Programm im Detail:<\/p>\n<p>Samstag, 16.Dezember 2017<\/p>\n<p>ab 14.Uhr:\nWeihnachtsgeschichten und M\u00e4rchen in der Mahlstube\nM\u00fchlenf\u00fchrungen\nRund ums Feuer: Stockbrot, Brat\u00e4pfel, Glutbrennen\nBasteln mit Naturmaterial in der Adventswerkstatt mit den Naturparkf\u00fchrern\nDie Naturwerkstatt der M\u00fchle hat ge\u00f6ffnet\nMitmachangebote, spielen, raten rund um die M\u00fchle\nWeihnachts-Gedichteweg im Wald\nInteressantes zu Adventsbr\u00e4uchen\nAdventliche Musik zum Zuh\u00f6ren und Mitsingen\n15.00 und\n16 Uhr\u00a0\u00a0 \u00a0\u00a0\u00a0 \u00a0Lesung \u201eMelchior-die M\u00fchlenmaus \/Museumsmaus\u201c mit Autorin Christl Schlag\n17\u00a0 Uhr\u00a0\u00a0 \u00a0Fackelwanderung\nab 16 Uhr\u00a0\u00a0 \u00a0Leuchtende M\u00fchle: Christbaum,Tausend Lichter, Feuerschalen, beleuchtetes Wasserrad<\/p>\n<p>Sonntag, 17.Dezember 2017\nAb 11 Uhr\u00a0\u00a0 \u00a0Weihnachtsgeschichten und M\u00e4rchen in der Mahlstube\nM\u00fchlenf\u00fchrungen\nWeihnachtliche R\u00e4uchermischungen selber mischen mit Anette Siegle\nRund ums Feuer: Stockbrot, Brat\u00e4pfel, Glutbrennen\nBasteln mit Naturmaterial in der Adventswerkstatt mit den Naturparkf\u00fchrern\nDie Naturwerkstatt der M\u00fchle hat ge\u00f6ffnet\nMitmachangebote, spielen, raten rund um die M\u00fchle\nWeihnachts-Gedichteweg im Wald\nInteressantes zu Adventsbr\u00e4uchen\nAdventliche Musik zum Zuh\u00f6ren und Mitsingen\n14.30 Uhr\u00a0\u00a0 \u00a0Kurzwanderung \u201eSchw\u00e4bische Weihnachten\u201c mit Naturparkf\u00fchrer Walter Hieber\nab 16 Uhr\u00a0\u00a0 \u00a0Leuchtende M\u00fchle: Christbaum,Tausend Lichter, Feuerschalen, beleuchtetes Wasserrad\n16.30 Uhr \u00a0\u00a0 Licht- und Feuer-Jongliershow mit Raphael Seyfang\n17 Uhr\u00a0\u00a0 \u00a0\u00a0\u00a0 \u00a0Lesung \u201eM\u00fchlenweihnacht\u201c mit Krimiautor J\u00fcrgen Seibold\n17 Uhr\u00a0\u00a0 \u00a0\u00a0\u00a0 \u00a0Fackelwanderung\nuvm.<\/p>\n<p>\u00c4nderungen vorbehalten<\/p>\n","protected":false},"excerpt":{"rendered":"<p>16.+17.12.: Dritte M\u00fchlenweihnacht im Schw\u00e4bischen Wald<\/p>\n","protected":false},"author":25,"featured_media":5632,"comment_status":"open","ping_status":"open","sticky":false,"template":"","format":"standard","meta":[],"categories":[11],"tags":[686],"yoast_head":"<!-- This site is optimized with the Yoast SEO plugin v19.10 - https:\/\/yoast.com\/wordpress\/plugins\/seo\/ -->\n<title>Stimmungsvolle Weihnachtsfeier im Takt des M\u00fchlrads - Naturpark Schw\u00e4bisch-Fr\u00e4nkischer Wald<\/title>\n<meta name=\"robots\" content=\"index, follow, max-snippet:-1, max-image-preview:large, max-video-preview:-1\" \/>\n<link rel=\"canonical\" href=\"https:\/\/www.naturparkmagazin.de\/schwaebisch-fraenkischer-wald\/stimmungsvolle-weihnachtsfeier-im-takt-des-muehlrads\/\" \/>\n<meta property=\"og:locale\" content=\"de_DE\" \/>\n<meta property=\"og:type\" content=\"article\" \/>\n<meta property=\"og:title\" content=\"Stimmungsvolle Weihnachtsfeier im Takt des M\u00fchlrads - Naturpark Schw\u00e4bisch-Fr\u00e4nkischer Wald\" \/>\n<meta property=\"og:description\" content=\"16.+17.12.: Dritte M\u00fchlenweihnacht im Schw\u00e4bischen Wald\" \/>\n<meta property=\"og:url\" content=\"https:\/\/www.naturparkmagazin.de\/schwaebisch-fraenkischer-wald\/stimmungsvolle-weihnachtsfeier-im-takt-des-muehlrads\/\" \/>\n<meta property=\"og:site_name\" content=\"Naturpark Schw\u00e4bisch-Fr\u00e4nkischer Wald\" \/>\n<meta property=\"article:author\" content=\"https:\/\/www.facebook.com\/naturparkSFW\" \/>\n<meta property=\"article:published_time\" content=\"2017-11-15T09:39:51+00:00\" \/>\n<meta property=\"article:modified_time\" content=\"2017-12-11T11:47:17+00:00\" \/>\n<meta property=\"og:image\" content=\"https:\/\/www.naturparkmagazin.de\/schwaebisch-fraenkischer-wald\/wp-content\/uploads\/sites\/34\/200-Fiedler2.jpg\" \/>\n\t<meta property=\"og:image:width\" content=\"200\" \/>\n\t<meta property=\"og:image:height\" content=\"200\" \/>\n\t<meta property=\"og:image:type\" content=\"image\/jpeg\" \/>\n<meta name=\"author\" content=\"Naturpark-Team\" \/>\n<meta name=\"twitter:label1\" content=\"Verfasst von\" \/>\n\t<meta name=\"twitter:data1\" content=\"Naturpark-Team\" \/>\n\t<meta name=\"twitter:label2\" content=\"Gesch\u00e4tzte Lesezeit\" \/>\n\t<meta name=\"twitter:data2\" content=\"2\u00a0Minuten\" \/>\n<script type=\"application\/ld+json\" class=\"yoast-schema-graph\">{\"@context\":\"https:\/\/schema.org\",\"@graph\":[{\"@type\":\"WebPage\",\"@id\":\"https:\/\/www.naturparkmagazin.de\/schwaebisch-fraenkischer-wald\/stimmungsvolle-weihnachtsfeier-im-takt-des-muehlrads\/\",\"url\":\"https:\/\/www.naturparkmagazin.de\/schwaebisch-fraenkischer-wald\/stimmungsvolle-weihnachtsfeier-im-takt-des-muehlrads\/\",\"name\":\"Stimmungsvolle Weihnachtsfeier im Takt des M\u00fchlrads - Naturpark Schw\u00e4bisch-Fr\u00e4nkischer Wald\",\"isPartOf\":{\"@id\":\"https:\/\/www.naturparkmagazin.de\/schwaebisch-fraenkischer-wald\/#website\"},\"datePublished\":\"2017-11-15T09:39:51+00:00\",\"dateModified\":\"2017-12-11T11:47:17+00:00\",\"author\":{\"@id\":\"https:\/\/www.naturparkmagazin.de\/schwaebisch-fraenkischer-wald\/#\/schema\/person\/f047a3702ae747fd7830cf8ac95e6066\"},\"breadcrumb\":{\"@id\":\"https:\/\/www.naturparkmagazin.de\/schwaebisch-fraenkischer-wald\/stimmungsvolle-weihnachtsfeier-im-takt-des-muehlrads\/#breadcrumb\"},\"inLanguage\":\"de\",\"potentialAction\":[{\"@type\":\"ReadAction\",\"target\":[\"https:\/\/www.naturparkmagazin.de\/schwaebisch-fraenkischer-wald\/stimmungsvolle-weihnachtsfeier-im-takt-des-muehlrads\/\"]}]},{\"@type\":\"BreadcrumbList\",\"@id\":\"https:\/\/www.naturparkmagazin.de\/schwaebisch-fraenkischer-wald\/stimmungsvolle-weihnachtsfeier-im-takt-des-muehlrads\/#breadcrumb\",\"itemListElement\":[{\"@type\":\"ListItem\",\"position\":1,\"name\":\"Home\",\"item\":\"https:\/\/www.naturparkmagazin.de\/schwaebisch-fraenkischer-wald\/\"},{\"@type\":\"ListItem\",\"position\":2,\"name\":\"Stimmungsvolle Weihnachtsfeier im Takt des M\u00fchlrads\"}]},{\"@type\":\"WebSite\",\"@id\":\"https:\/\/www.naturparkmagazin.de\/schwaebisch-fraenkischer-wald\/#website\",\"url\":\"https:\/\/www.naturparkmagazin.de\/schwaebisch-fraenkischer-wald\/\",\"name\":\"Naturpark Schw\u00e4bisch-Fr\u00e4nkischer Wald\",\"description\":\"\",\"potentialAction\":[{\"@type\":\"SearchAction\",\"target\":{\"@type\":\"EntryPoint\",\"urlTemplate\":\"https:\/\/www.naturparkmagazin.de\/schwaebisch-fraenkischer-wald\/?s={search_term_string}\"},\"query-input\":\"required name=search_term_string\"}],\"inLanguage\":\"de\"},{\"@type\":\"Person\",\"@id\":\"https:\/\/www.naturparkmagazin.de\/schwaebisch-fraenkischer-wald\/#\/schema\/person\/f047a3702ae747fd7830cf8ac95e6066\",\"name\":\"Naturpark-Team\",\"sameAs\":[\"http:\/\/www.naturpark-sfw.de\",\"https:\/\/www.facebook.com\/naturparkSFW\"],\"url\":\"https:\/\/www.naturparkmagazin.de\/schwaebisch-fraenkischer-wald\/author\/bernharddrixler\/\"}]}<\/script>\n<!-- \/ Yoast SEO plugin. -->","yoast_head_json":{"title":"Stimmungsvolle Weihnachtsfeier im Takt des M\u00fchlrads - Naturpark Schw\u00e4bisch-Fr\u00e4nkischer Wald","robots":{"index":"index","follow":"follow","max-snippet":"max-snippet:-1","max-image-preview":"max-image-preview:large","max-video-preview":"max-video-preview:-1"},"canonical":"https:\/\/www.naturparkmagazin.de\/schwaebisch-fraenkischer-wald\/stimmungsvolle-weihnachtsfeier-im-takt-des-muehlrads\/","og_locale":"de_DE","og_type":"article","og_title":"Stimmungsvolle Weihnachtsfeier im Takt des M\u00fchlrads - Naturpark Schw\u00e4bisch-Fr\u00e4nkischer Wald","og_description":"16.+17.12.: Dritte M\u00fchlenweihnacht im Schw\u00e4bischen Wald","og_url":"https:\/\/www.naturparkmagazin.de\/schwaebisch-fraenkischer-wald\/stimmungsvolle-weihnachtsfeier-im-takt-des-muehlrads\/","og_site_name":"Naturpark Schw\u00e4bisch-Fr\u00e4nkischer Wald","article_author":"https:\/\/www.facebook.com\/naturparkSFW","article_published_time":"2017-11-15T09:39:51+00:00","article_modified_time":"2017-12-11T11:47:17+00:00","og_image":[{"width":200,"height":200,"url":"https:\/\/www.naturparkmagazin.de\/schwaebisch-fraenkischer-wald\/wp-content\/uploads\/sites\/34\/200-Fiedler2.jpg","type":"image\/jpeg"}],"author":"Naturpark-Team","twitter_misc":{"Verfasst von":"Naturpark-Team","Gesch\u00e4tzte Lesezeit":"2\u00a0Minuten"},"schema":{"@context":"https:\/\/schema.org","@graph":[{"@type":"WebPage","@id":"https:\/\/www.naturparkmagazin.de\/schwaebisch-fraenkischer-wald\/stimmungsvolle-weihnachtsfeier-im-takt-des-muehlrads\/","url":"https:\/\/www.naturparkmagazin.de\/schwaebisch-fraenkischer-wald\/stimmungsvolle-weihnachtsfeier-im-takt-des-muehlrads\/","name":"Stimmungsvolle Weihnachtsfeier im Takt des M\u00fchlrads - Naturpark Schw\u00e4bisch-Fr\u00e4nkischer Wald","isPartOf":{"@id":"https:\/\/www.naturparkmagazin.de\/schwaebisch-fraenkischer-wald\/#website"},"datePublished":"2017-11-15T09:39:51+00:00","dateModified":"2017-12-11T11:47:17+00:00","author":{"@id":"https:\/\/www.naturparkmagazin.de\/schwaebisch-fraenkischer-wald\/#\/schema\/person\/f047a3702ae747fd7830cf8ac95e6066"},"breadcrumb":{"@id":"https:\/\/www.naturparkmagazin.de\/schwaebisch-fraenkischer-wald\/stimmungsvolle-weihnachtsfeier-im-takt-des-muehlrads\/#breadcrumb"},"inLanguage":"de","potentialAction":[{"@type":"ReadAction","target":["https:\/\/www.naturparkmagazin.de\/schwaebisch-fraenkischer-wald\/stimmungsvolle-weihnachtsfeier-im-takt-des-muehlrads\/"]}]},{"@type":"BreadcrumbList","@id":"https:\/\/www.naturparkmagazin.de\/schwaebisch-fraenkischer-wald\/stimmungsvolle-weihnachtsfeier-im-takt-des-muehlrads\/#breadcrumb","itemListElement":[{"@type":"ListItem","position":1,"name":"Home","item":"https:\/\/www.naturparkmagazin.de\/schwaebisch-fraenkischer-wald\/"},{"@type":"ListItem","position":2,"name":"Stimmungsvolle Weihnachtsfeier im Takt des M\u00fchlrads"}]},{"@type":"WebSite","@id":"https:\/\/www.naturparkmagazin.de\/schwaebisch-fraenkischer-wald\/#website","url":"https:\/\/www.naturparkmagazin.de\/schwaebisch-fraenkischer-wald\/","name":"Naturpark Schw\u00e4bisch-Fr\u00e4nkischer Wald","description":"","potentialAction":[{"@type":"SearchAction","target":{"@type":"EntryPoint","urlTemplate":"https:\/\/www.naturparkmagazin.de\/schwaebisch-fraenkischer-wald\/?s={search_term_string}"},"query-input":"required name=search_term_string"}],"inLanguage":"de"},{"@type":"Person","@id":"https:\/\/www.naturparkmagazin.de\/schwaebisch-fraenkischer-wald\/#\/schema\/person\/f047a3702ae747fd7830cf8ac95e6066","name":"Naturpark-Team","sameAs":["http:\/\/www.naturpark-sfw.de","https:\/\/www.facebook.com\/naturparkSFW"],"url":"https:\/\/www.naturparkmagazin.de\/schwaebisch-fraenkischer-wald\/author\/bernharddrixler\/"}]}},"_links":{"self":[{"href":"https:\/\/www.naturparkmagazin.de\/schwaebisch-fraenkischer-wald\/wp-json\/wp\/v2\/posts\/5623"}],"collection":[{"href":"https:\/\/www.naturparkmagazin.de\/schwaebisch-fraenkischer-wald\/wp-json\/wp\/v2\/posts"}],"about":[{"href":"https:\/\/www.naturparkmagazin.de\/schwaebisch-fraenkischer-wald\/wp-json\/wp\/v2\/types\/post"}],"author":[{"embeddable":true,"href":"https:\/\/www.naturparkmagazin.de\/schwaebisch-fraenkischer-wald\/wp-json\/wp\/v2\/users\/25"}],"replies":[{"embeddable":true,"href":"https:\/\/www.naturparkmagazin.de\/schwaebisch-fraenkischer-wald\/wp-json\/wp\/v2\/comments?post=5623"}],"version-history":[{"count":5,"href":"https:\/\/www.naturparkmagazin.de\/schwaebisch-fraenkischer-wald\/wp-json\/wp\/v2\/posts\/5623\/revisions"}],"predecessor-version":[{"id":5713,"href":"https:\/\/www.naturparkmagazin.de\/schwaebisch-fraenkischer-wald\/wp-json\/wp\/v2\/posts\/5623\/revisions\/5713"}],"wp:featuredmedia":[{"embeddable":true,"href":"https:\/\/www.naturparkmagazin.de\/schwaebisch-fraenkischer-wald\/wp-json\/wp\/v2\/media\/5632"}],"wp:attachment":[{"href":"https:\/\/www.naturparkmagazin.de\/schwaebisch-fraenkischer-wald\/wp-json\/wp\/v2\/media?parent=5623"}],"wp:term":[{"taxonomy":"category","embeddable":true,"href":"https:\/\/www.naturparkmagazin.de\/schwaebisch-fraenkischer-wald\/wp-json\/wp\/v2\/categories?post=5623"},{"taxonomy":"post_tag","embeddable":true,"href":"https:\/\/www.naturparkmagazin.de\/schwaebisch-fraenkischer-wald\/wp-json\/wp\/v2\/tags?post=5623"}],"curies":[{"name":"wp","href":"https:\/\/api.w.org\/{rel}","templated":true}]}}