{"id":5656,"date":"2017-12-11T10:05:27","date_gmt":"2017-12-11T09:05:27","guid":{"rendered":"http:\/\/www.naturparkmagazin.de\/schwaebisch-fraenkischer-wald\/?p=5656"},"modified":"2017-12-11T10:05:27","modified_gmt":"2017-12-11T09:05:27","slug":"neuer-besucher-rekord-bei-den-naturparkfuehrern","status":"publish","type":"post","link":"https:\/\/www.naturparkmagazin.de\/schwaebisch-fraenkischer-wald\/neuer-besucher-rekord-bei-den-naturparkfuehrern\/","title":{"rendered":"Neuer Besucher-Rekord bei den Naturparkf\u00fchrern"},"content":{"rendered":"<p>Wie im vergangenen Jahr konnte die Mitgliederversammlung des Vereins \u201eDie Naturparkf\u00fchrer Schw\u00e4bisch-Fr\u00e4nkischer Wald e.V.\u201c am 17.11.2017 erneut mit der Verk\u00fcndung eines Besucherrekords er\u00f6ffnet werden. F\u00fcr ihre rund 910 Veranstaltungen konnten die Naturparkf\u00fchrer im vergangenen Jahr \u00fcber 31.000 Besucher gewinnen. Dies waren noch einmal etwa 3.200 Besucher mehr als im Vorjahr.<\/p>\n<p>2017 feierten die Naturparkf\u00fchrer unter dem Motto \u201eEbbes ganz B&#8217;sonders\u201c ihr 10-j\u00e4hriges Jubil\u00e4um. Die Auftaktveranstaltung zum Jubil\u00e4umsjahr war die Ausstellungser\u00f6ffnung der \u201eLieblingspl\u00e4tze\u201c der Naturparkf\u00fchrer im Naturparkzentrum am 28.04.2017. Das gro\u00dfe Jubil\u00e4umsfestwochenende fand am 17. und 18.06.2017 im Stadtgarten in Murrhardt satt. Hier war mit verschiedenen F\u00fchrungen und Mitmachaktionen, dem Naturparkf\u00fchrer-M\u00e4rktle, einem Entschleunigungs-Rekordversuch, dem \u201eHoimspiel\u201c-Konzert der Schwabenrock-Band \u201eWendrsonn\u201c und dem Landestreffen der Natur- und Landschaftsf\u00fchrer f\u00fcr jeden Geschmack etwas geboten. Insgesamt bewerteten die Naturparkf\u00fchrer ihr Jubil\u00e4umsjahr als eine gelungene Veranstaltung. Neben den Jubil\u00e4umsterminen und den bereits etablierten Veranstaltungsreihen wie \u201eNaturpark aktiv\u201c, verschiedene Ferienfreizeiten, \u201eEbnisee f\u00fcr alle\u201c oder der \u201eNaturparkschule der Naturparkf\u00fchrer\u201c wurden im vergangenen Jahr auch wieder neue Aktionen aus der Taufe gehoben. Als Beispiele seien hier \u201eAdvent im Stadtpark\u201c in Welzheim oder die \u201eBegegnungen am Br\u00fcdenbach\u201c, welche die Gemeinden Auenwald und Weissach im Tal verbanden, genannt.<\/p>\n<p>Au\u00dferdem wurde auf der Mitgliederversammlung der Vorstand und Beirat des Vereins der Naturparkf\u00fchrer neu gew\u00e4hlt.<\/p>\n<div id=\"attachment_5657\" style=\"width: 510px\" class=\"wp-caption alignright\"><a href=\"https:\/\/www.naturparkmagazin.de\/schwaebisch-fraenkischer-wald\/wp-content\/uploads\/sites\/34\/171121_BILD_Vorstand-und-Beirat-der-Naturparkfuehrer_Angstenberger.jpg\"><img aria-describedby=\"caption-attachment-5657\" decoding=\"async\" loading=\"lazy\" class=\"size-full wp-image-5657\" src=\"https:\/\/www.naturparkmagazin.de\/schwaebisch-fraenkischer-wald\/wp-content\/uploads\/sites\/34\/171121_BILD_Vorstand-und-Beirat-der-Naturparkfuehrer_Angstenberger.jpg\" alt=\"Neuer Besucher-Rekord bei den Naturparkf\u00fchrern \" width=\"500\" height=\"300\" srcset=\"https:\/\/www.naturparkmagazin.de\/schwaebisch-fraenkischer-wald\/wp-content\/uploads\/sites\/34\/171121_BILD_Vorstand-und-Beirat-der-Naturparkfuehrer_Angstenberger.jpg 500w, https:\/\/www.naturparkmagazin.de\/schwaebisch-fraenkischer-wald\/wp-content\/uploads\/sites\/34\/171121_BILD_Vorstand-und-Beirat-der-Naturparkfuehrer_Angstenberger-300x180.jpg 300w, https:\/\/www.naturparkmagazin.de\/schwaebisch-fraenkischer-wald\/wp-content\/uploads\/sites\/34\/171121_BILD_Vorstand-und-Beirat-der-Naturparkfuehrer_Angstenberger-200x120.jpg 200w\" sizes=\"(max-width: 500px) 100vw, 500px\" \/><\/a><p id=\"caption-attachment-5657\" class=\"wp-caption-text\">Neuer Besucher-Rekord bei den Naturparkf\u00fchrern<\/p><\/div>\n<p>Als Vereinsvorsitzende wurde Sabine R\u00fccker im Amt best\u00e4tigt und Karl-Dieter Diemer neu gew\u00e4hlt. Der langj\u00e4hrige Vorsitzende Walter Hieber wurde mit gro\u00dfem Dank verabschiedet und steht dem Verein weiterhin im Beirat zur Verf\u00fcgung. Des Weiteren wurden Klaus Pfeffer als Schatzmeister, Gisela Weigle als Schriftf\u00fchrerin und Sandra K\u00fchnle als Pressesprecherin in ihren \u00c4mtern best\u00e4tigt. Als Rechnungspr\u00fcfer wurden Sabine Reiss und Oliver Frey neu gew\u00e4hlt. Der Beirat wird nun gestellt von Ruth Bohn, Andrea Schr\u00f6der, Tanja Uter, Rolf Angstenberger, Walter Hieber und Prof. Dr. Manfred Krautter. Nach dem offiziellen Teil der Mitgliederversammlung folgten noch ein gem\u00fctliches Beisammensein und ein reger Austausch der Naturparkf\u00fchrer untereinander.<\/p>\n","protected":false},"excerpt":{"rendered":"<p>Naturparkf\u00fchrer weiter auf Erfolgskurs<\/p>\n","protected":false},"author":25,"featured_media":5658,"comment_status":"open","ping_status":"open","sticky":false,"template":"","format":"standard","meta":[],"categories":[7],"tags":[1069],"yoast_head":"<!-- This site is optimized with the Yoast SEO plugin v19.10 - https:\/\/yoast.com\/wordpress\/plugins\/seo\/ -->\n<title>Neuer Besucher-Rekord bei den Naturparkf\u00fchrern - Naturpark Schw\u00e4bisch-Fr\u00e4nkischer Wald<\/title>\n<meta name=\"robots\" content=\"index, follow, max-snippet:-1, max-image-preview:large, max-video-preview:-1\" \/>\n<link rel=\"canonical\" href=\"https:\/\/www.naturparkmagazin.de\/schwaebisch-fraenkischer-wald\/neuer-besucher-rekord-bei-den-naturparkfuehrern\/\" \/>\n<meta property=\"og:locale\" content=\"de_DE\" \/>\n<meta property=\"og:type\" content=\"article\" \/>\n<meta property=\"og:title\" content=\"Neuer Besucher-Rekord bei den Naturparkf\u00fchrern - Naturpark Schw\u00e4bisch-Fr\u00e4nkischer Wald\" \/>\n<meta property=\"og:description\" content=\"Naturparkf\u00fchrer weiter auf Erfolgskurs\" \/>\n<meta property=\"og:url\" content=\"https:\/\/www.naturparkmagazin.de\/schwaebisch-fraenkischer-wald\/neuer-besucher-rekord-bei-den-naturparkfuehrern\/\" \/>\n<meta property=\"og:site_name\" content=\"Naturpark Schw\u00e4bisch-Fr\u00e4nkischer Wald\" \/>\n<meta property=\"article:author\" content=\"https:\/\/www.facebook.com\/naturparkSFW\" \/>\n<meta property=\"article:published_time\" content=\"2017-12-11T09:05:27+00:00\" \/>\n<meta property=\"og:image\" content=\"https:\/\/www.naturparkmagazin.de\/schwaebisch-fraenkischer-wald\/wp-content\/uploads\/sites\/34\/171121_BILD_Vorstand-und-Beirat-der-Naturparkfuehrer_Angstenberger1.jpg\" \/>\n\t<meta property=\"og:image:width\" content=\"200\" \/>\n\t<meta property=\"og:image:height\" content=\"200\" \/>\n\t<meta property=\"og:image:type\" content=\"image\/jpeg\" \/>\n<meta name=\"author\" content=\"Naturpark-Team\" \/>\n<meta name=\"twitter:label1\" content=\"Verfasst von\" \/>\n\t<meta name=\"twitter:data1\" content=\"Naturpark-Team\" \/>\n\t<meta name=\"twitter:label2\" content=\"Gesch\u00e4tzte Lesezeit\" \/>\n\t<meta name=\"twitter:data2\" content=\"2\u00a0Minuten\" \/>\n<script type=\"application\/ld+json\" class=\"yoast-schema-graph\">{\"@context\":\"https:\/\/schema.org\",\"@graph\":[{\"@type\":\"WebPage\",\"@id\":\"https:\/\/www.naturparkmagazin.de\/schwaebisch-fraenkischer-wald\/neuer-besucher-rekord-bei-den-naturparkfuehrern\/\",\"url\":\"https:\/\/www.naturparkmagazin.de\/schwaebisch-fraenkischer-wald\/neuer-besucher-rekord-bei-den-naturparkfuehrern\/\",\"name\":\"Neuer Besucher-Rekord bei den Naturparkf\u00fchrern - Naturpark Schw\u00e4bisch-Fr\u00e4nkischer Wald\",\"isPartOf\":{\"@id\":\"https:\/\/www.naturparkmagazin.de\/schwaebisch-fraenkischer-wald\/#website\"},\"datePublished\":\"2017-12-11T09:05:27+00:00\",\"dateModified\":\"2017-12-11T09:05:27+00:00\",\"author\":{\"@id\":\"https:\/\/www.naturparkmagazin.de\/schwaebisch-fraenkischer-wald\/#\/schema\/person\/f047a3702ae747fd7830cf8ac95e6066\"},\"breadcrumb\":{\"@id\":\"https:\/\/www.naturparkmagazin.de\/schwaebisch-fraenkischer-wald\/neuer-besucher-rekord-bei-den-naturparkfuehrern\/#breadcrumb\"},\"inLanguage\":\"de\",\"potentialAction\":[{\"@type\":\"ReadAction\",\"target\":[\"https:\/\/www.naturparkmagazin.de\/schwaebisch-fraenkischer-wald\/neuer-besucher-rekord-bei-den-naturparkfuehrern\/\"]}]},{\"@type\":\"BreadcrumbList\",\"@id\":\"https:\/\/www.naturparkmagazin.de\/schwaebisch-fraenkischer-wald\/neuer-besucher-rekord-bei-den-naturparkfuehrern\/#breadcrumb\",\"itemListElement\":[{\"@type\":\"ListItem\",\"position\":1,\"name\":\"Home\",\"item\":\"https:\/\/www.naturparkmagazin.de\/schwaebisch-fraenkischer-wald\/\"},{\"@type\":\"ListItem\",\"position\":2,\"name\":\"Neuer Besucher-Rekord bei den Naturparkf\u00fchrern\"}]},{\"@type\":\"WebSite\",\"@id\":\"https:\/\/www.naturparkmagazin.de\/schwaebisch-fraenkischer-wald\/#website\",\"url\":\"https:\/\/www.naturparkmagazin.de\/schwaebisch-fraenkischer-wald\/\",\"name\":\"Naturpark Schw\u00e4bisch-Fr\u00e4nkischer Wald\",\"description\":\"\",\"potentialAction\":[{\"@type\":\"SearchAction\",\"target\":{\"@type\":\"EntryPoint\",\"urlTemplate\":\"https:\/\/www.naturparkmagazin.de\/schwaebisch-fraenkischer-wald\/?s={search_term_string}\"},\"query-input\":\"required name=search_term_string\"}],\"inLanguage\":\"de\"},{\"@type\":\"Person\",\"@id\":\"https:\/\/www.naturparkmagazin.de\/schwaebisch-fraenkischer-wald\/#\/schema\/person\/f047a3702ae747fd7830cf8ac95e6066\",\"name\":\"Naturpark-Team\",\"sameAs\":[\"http:\/\/www.naturpark-sfw.de\",\"https:\/\/www.facebook.com\/naturparkSFW\"],\"url\":\"https:\/\/www.naturparkmagazin.de\/schwaebisch-fraenkischer-wald\/author\/bernharddrixler\/\"}]}<\/script>\n<!-- \/ Yoast SEO plugin. -->","yoast_head_json":{"title":"Neuer Besucher-Rekord bei den Naturparkf\u00fchrern - Naturpark Schw\u00e4bisch-Fr\u00e4nkischer Wald","robots":{"index":"index","follow":"follow","max-snippet":"max-snippet:-1","max-image-preview":"max-image-preview:large","max-video-preview":"max-video-preview:-1"},"canonical":"https:\/\/www.naturparkmagazin.de\/schwaebisch-fraenkischer-wald\/neuer-besucher-rekord-bei-den-naturparkfuehrern\/","og_locale":"de_DE","og_type":"article","og_title":"Neuer Besucher-Rekord bei den Naturparkf\u00fchrern - Naturpark Schw\u00e4bisch-Fr\u00e4nkischer Wald","og_description":"Naturparkf\u00fchrer weiter auf Erfolgskurs","og_url":"https:\/\/www.naturparkmagazin.de\/schwaebisch-fraenkischer-wald\/neuer-besucher-rekord-bei-den-naturparkfuehrern\/","og_site_name":"Naturpark Schw\u00e4bisch-Fr\u00e4nkischer Wald","article_author":"https:\/\/www.facebook.com\/naturparkSFW","article_published_time":"2017-12-11T09:05:27+00:00","og_image":[{"width":200,"height":200,"url":"https:\/\/www.naturparkmagazin.de\/schwaebisch-fraenkischer-wald\/wp-content\/uploads\/sites\/34\/171121_BILD_Vorstand-und-Beirat-der-Naturparkfuehrer_Angstenberger1.jpg","type":"image\/jpeg"}],"author":"Naturpark-Team","twitter_misc":{"Verfasst von":"Naturpark-Team","Gesch\u00e4tzte Lesezeit":"2\u00a0Minuten"},"schema":{"@context":"https:\/\/schema.org","@graph":[{"@type":"WebPage","@id":"https:\/\/www.naturparkmagazin.de\/schwaebisch-fraenkischer-wald\/neuer-besucher-rekord-bei-den-naturparkfuehrern\/","url":"https:\/\/www.naturparkmagazin.de\/schwaebisch-fraenkischer-wald\/neuer-besucher-rekord-bei-den-naturparkfuehrern\/","name":"Neuer Besucher-Rekord bei den Naturparkf\u00fchrern - Naturpark Schw\u00e4bisch-Fr\u00e4nkischer Wald","isPartOf":{"@id":"https:\/\/www.naturparkmagazin.de\/schwaebisch-fraenkischer-wald\/#website"},"datePublished":"2017-12-11T09:05:27+00:00","dateModified":"2017-12-11T09:05:27+00:00","author":{"@id":"https:\/\/www.naturparkmagazin.de\/schwaebisch-fraenkischer-wald\/#\/schema\/person\/f047a3702ae747fd7830cf8ac95e6066"},"breadcrumb":{"@id":"https:\/\/www.naturparkmagazin.de\/schwaebisch-fraenkischer-wald\/neuer-besucher-rekord-bei-den-naturparkfuehrern\/#breadcrumb"},"inLanguage":"de","potentialAction":[{"@type":"ReadAction","target":["https:\/\/www.naturparkmagazin.de\/schwaebisch-fraenkischer-wald\/neuer-besucher-rekord-bei-den-naturparkfuehrern\/"]}]},{"@type":"BreadcrumbList","@id":"https:\/\/www.naturparkmagazin.de\/schwaebisch-fraenkischer-wald\/neuer-besucher-rekord-bei-den-naturparkfuehrern\/#breadcrumb","itemListElement":[{"@type":"ListItem","position":1,"name":"Home","item":"https:\/\/www.naturparkmagazin.de\/schwaebisch-fraenkischer-wald\/"},{"@type":"ListItem","position":2,"name":"Neuer Besucher-Rekord bei den Naturparkf\u00fchrern"}]},{"@type":"WebSite","@id":"https:\/\/www.naturparkmagazin.de\/schwaebisch-fraenkischer-wald\/#website","url":"https:\/\/www.naturparkmagazin.de\/schwaebisch-fraenkischer-wald\/","name":"Naturpark Schw\u00e4bisch-Fr\u00e4nkischer Wald","description":"","potentialAction":[{"@type":"SearchAction","target":{"@type":"EntryPoint","urlTemplate":"https:\/\/www.naturparkmagazin.de\/schwaebisch-fraenkischer-wald\/?s={search_term_string}"},"query-input":"required name=search_term_string"}],"inLanguage":"de"},{"@type":"Person","@id":"https:\/\/www.naturparkmagazin.de\/schwaebisch-fraenkischer-wald\/#\/schema\/person\/f047a3702ae747fd7830cf8ac95e6066","name":"Naturpark-Team","sameAs":["http:\/\/www.naturpark-sfw.de","https:\/\/www.facebook.com\/naturparkSFW"],"url":"https:\/\/www.naturparkmagazin.de\/schwaebisch-fraenkischer-wald\/author\/bernharddrixler\/"}]}},"_links":{"self":[{"href":"https:\/\/www.naturparkmagazin.de\/schwaebisch-fraenkischer-wald\/wp-json\/wp\/v2\/posts\/5656"}],"collection":[{"href":"https:\/\/www.naturparkmagazin.de\/schwaebisch-fraenkischer-wald\/wp-json\/wp\/v2\/posts"}],"about":[{"href":"https:\/\/www.naturparkmagazin.de\/schwaebisch-fraenkischer-wald\/wp-json\/wp\/v2\/types\/post"}],"author":[{"embeddable":true,"href":"https:\/\/www.naturparkmagazin.de\/schwaebisch-fraenkischer-wald\/wp-json\/wp\/v2\/users\/25"}],"replies":[{"embeddable":true,"href":"https:\/\/www.naturparkmagazin.de\/schwaebisch-fraenkischer-wald\/wp-json\/wp\/v2\/comments?post=5656"}],"version-history":[{"count":1,"href":"https:\/\/www.naturparkmagazin.de\/schwaebisch-fraenkischer-wald\/wp-json\/wp\/v2\/posts\/5656\/revisions"}],"predecessor-version":[{"id":5659,"href":"https:\/\/www.naturparkmagazin.de\/schwaebisch-fraenkischer-wald\/wp-json\/wp\/v2\/posts\/5656\/revisions\/5659"}],"wp:featuredmedia":[{"embeddable":true,"href":"https:\/\/www.naturparkmagazin.de\/schwaebisch-fraenkischer-wald\/wp-json\/wp\/v2\/media\/5658"}],"wp:attachment":[{"href":"https:\/\/www.naturparkmagazin.de\/schwaebisch-fraenkischer-wald\/wp-json\/wp\/v2\/media?parent=5656"}],"wp:term":[{"taxonomy":"category","embeddable":true,"href":"https:\/\/www.naturparkmagazin.de\/schwaebisch-fraenkischer-wald\/wp-json\/wp\/v2\/categories?post=5656"},{"taxonomy":"post_tag","embeddable":true,"href":"https:\/\/www.naturparkmagazin.de\/schwaebisch-fraenkischer-wald\/wp-json\/wp\/v2\/tags?post=5656"}],"curies":[{"name":"wp","href":"https:\/\/api.w.org\/{rel}","templated":true}]}}