{"id":580,"date":"2014-01-22T14:38:08","date_gmt":"2014-01-22T12:38:08","guid":{"rendered":"http:\/\/www.naturparkmagazin.de\/schwaebisch-fraenkischer-wald\/?p=580"},"modified":"2014-01-27T14:46:47","modified_gmt":"2014-01-27T12:46:47","slug":"neue-naturparkfuehrer-weiterbildung-startet-im-maerz","status":"publish","type":"post","link":"https:\/\/www.naturparkmagazin.de\/schwaebisch-fraenkischer-wald\/neue-naturparkfuehrer-weiterbildung-startet-im-maerz\/","title":{"rendered":"Neue Naturparkf\u00fchrer-Weiterbildung startet im M\u00e4rz"},"content":{"rendered":"<div id=\"attachment_581\" style=\"width: 510px\" class=\"wp-caption aligncenter\"><a href=\"https:\/\/www.naturparkmagazin.de\/schwaebisch-fraenkischer-wald\/wp-content\/uploads\/sites\/34\/Naturparkf\u00fchrerausbildung_beitrag.jpg\"><img aria-describedby=\"caption-attachment-581\" decoding=\"async\" loading=\"lazy\" class=\"size-full wp-image-581 \" title=\"Naturparkf\u00fchrerausbildung - Copyright: Naturpark Schw\u00e4bisch-Fr\u00e4nkischer Wald\" alt=\"Naturparkf\u00fchrerausbildung - Copyright: Naturpark Schw\u00e4bisch-Fr\u00e4nkischer Wald\" src=\"https:\/\/www.naturparkmagazin.de\/schwaebisch-fraenkischer-wald\/wp-content\/uploads\/sites\/34\/Naturparkf\u00fchrerausbildung_beitrag.jpg\" width=\"500\" height=\"300\" srcset=\"https:\/\/www.naturparkmagazin.de\/schwaebisch-fraenkischer-wald\/wp-content\/uploads\/sites\/34\/Naturparkf\u00fchrerausbildung_beitrag.jpg 500w, https:\/\/www.naturparkmagazin.de\/schwaebisch-fraenkischer-wald\/wp-content\/uploads\/sites\/34\/Naturparkf\u00fchrerausbildung_beitrag-300x180.jpg 300w, https:\/\/www.naturparkmagazin.de\/schwaebisch-fraenkischer-wald\/wp-content\/uploads\/sites\/34\/Naturparkf\u00fchrerausbildung_beitrag-200x120.jpg 200w\" sizes=\"(max-width: 500px) 100vw, 500px\" \/><\/a><p id=\"caption-attachment-581\" class=\"wp-caption-text\">Naturparkf\u00fchrerausbildung &#8211; Copyright: Naturpark Schw\u00e4bisch-Fr\u00e4nkischer Wald<\/p><\/div>\n<p>Im Naturpark Schw\u00e4bisch-Fr\u00e4nkischer Wald besteht f\u00fcr alle Interessierten nun wieder die M\u00f6glichkeit, eine Weiterbildung zum BANU-zertifizierten Naturparkf\u00fchrer zu absolvieren. Die Weiterbildung ist ein Kooperationsprojekt der Akademie f\u00fcr Natur- und Umweltschutz Baden-W\u00fcrttemberg, dem Naturpark Schw\u00e4bisch-Fr\u00e4nkischer Wald und dem Verein der Naturparkf\u00fchrer Schw\u00e4bisch-Fr\u00e4nkischer Wald.<\/p>\n<p>Das vielgestaltige Mosaik aus traditioneller Kulturlandschaft und intakter Natur des Naturparks Schw\u00e4bisch-Fr\u00e4nkischer Wald, bereichert durch erlebbare Zeugen der Geschichte, ist wie geschaffen f\u00fcr ein kurzweiliges Freizeitvergn\u00fcgen und zieht Besucher wie Einheimische in seinen Bann. Im touristischen Serviceangebot nehmen dabei vor allem G\u00e4stef\u00fchrungen einen immer gr\u00f6\u00dferen Stellenwert ein. Die G\u00e4ste w\u00fcnschen Informationen \u00fcber ihr Urlaubsziel, \u00fcber die Landschaft und die Sehensw\u00fcrdigkeiten der Region.<\/p>\n<p>Ob Kr\u00e4uterwanderung, sportlich ambitionierte Mountainbiketour oder meditativ-besinnliche Vollmondwanderung \u2013 mit den Naturparkf\u00fchrern Schw\u00e4bisch-Fr\u00e4nkischer Wald kann man auf vielf\u00e4ltigste Weise Land und Leute entdecken. Die hohe Qualit\u00e4t des F\u00fchrungsangebots wird durch die breit gef\u00e4cherte Ausbildung, durch die Zertifizierungen nach BANU-Richtlinien sowie durch regelm\u00e4\u00dfige verpflichtende Weiterbildungsma\u00dfnahmen gew\u00e4hrleistet.<\/p>\n<p>Der Verein der der Naturparkf\u00fchrer Schw\u00e4bisch-Fr\u00e4nkischer Wald hat sich 2007 gegr\u00fcndet. Derzeit sind ca. 20 Naturparkf\u00fchrerInnen aktiv und bieten im Jahr \u00fcber 800 F\u00fchrungen und Aktionen an, die zu einer enormen Steigerung der nachhaltigen touristischen Attraktivit\u00e4t der Region beitragen. Die Weiterbildung f\u00fcr ca. 25 neue Naturparkf\u00fchrer startet im M\u00e4rz 2014 und soll im Fr\u00fchjahr 2015 abgeschlossen sein.<\/p>\n<p>Die Weiterbildung kostet voraussichtlich etwa 500\u00a0\u20ac und beinhaltet ca. 85 Unterrichtsstunden, die an Werktagen abends oder an Samstagen stattfinden. Ein erfahrenes Dozententeam garantiert einen abwechslungsreichen Kursverlauf und vermittelt Kenntnisse zu Flora und Fauna, Geologie und Geographie sowie Geschichte und Brauchtum der Region, zu Kommunikation und F\u00fchrungstechnik, zu Recht und Steuer, zum Naturpark Schw\u00e4bisch-Fr\u00e4nkischer Wald und zu vielem mehr.<\/p>\n<p>Bewerben k\u00f6nnen sich Natur- und Kulturinteressierte, die in einer der Naturpark-Kommunen leben, bis zum 28.02.2014. Schwerpunktm\u00e4\u00dfig sollen Naturparkf\u00fchrerInnen f\u00fcr die neuen Kommunen des Naturparks ausgebildet werden. Bewerber f\u00fcr die Bereiche Berglen, Kochertal mit Limpurger Berge sowie Frickenhofer H\u00f6he werden daher bevorzugt ber\u00fccksichtigt. Au\u00dferdem sollte die zuk\u00fcnftigen Naturparkf\u00fchrerInnen bereit sind, zuk\u00fcnftig regelm\u00e4\u00dfig F\u00fchrungen und\/oder Aktionen im Naturpark Schw\u00e4bisch-Fr\u00e4nkischer Wald anzubieten, Vorkenntnisse, z.B. im Bereich Naturkunde, Geschichte, Rhetorik, P\u00e4dagogik etc. sind w\u00fcnschenswert.<\/p>\n<p>Die Bewerbungsunterlagen sowie weitere Informationen (z.B. eine Karte der Naturpark-Kommunen) finden Sie auf der Homepage des Naturparks oder erhalten Sie im Rahmen der <b>\u00f6ffentlichen Informationsveranstaltung am 17. Februar 2014 um 19 Uhr im kleinen Saal der Festhalle Murrhardt<\/b>. Dort werden Gabi Muck von der Umweltakademie Baden-W\u00fcrttemberg, Naturparkgesch\u00e4ftsf\u00fchrer Bernhard Drixler und die Vorsitzenden der Naturparkf\u00fchrer Walter Hieber und Sabine R\u00fccker die Arbeit der Naturparkf\u00fchrer sowie den Ausbildungsinhalt und \u2013ablauf vorstellen und Einblicke in die Naturparkarbeit geben.<\/p>\n","protected":false},"excerpt":{"rendered":"<p>Im Naturpark Schw\u00e4bisch-Fr\u00e4nkischer Wald besteht f\u00fcr alle Interessierten nun wieder die M\u00f6glichkeit, eine Weiterbildung zum BANU-zertifizierten Naturparkf\u00fchrer zu absolvieren. <\/p>\n","protected":false},"author":51,"featured_media":581,"comment_status":"open","ping_status":"open","sticky":false,"template":"","format":"standard","meta":[],"categories":[7],"tags":[],"yoast_head":"<!-- This site is optimized with the Yoast SEO plugin v19.10 - https:\/\/yoast.com\/wordpress\/plugins\/seo\/ -->\n<title>Neue Naturparkf\u00fchrer-Weiterbildung startet im M\u00e4rz - Naturpark Schw\u00e4bisch-Fr\u00e4nkischer Wald<\/title>\n<meta name=\"robots\" content=\"index, follow, max-snippet:-1, max-image-preview:large, max-video-preview:-1\" \/>\n<link rel=\"canonical\" href=\"https:\/\/www.naturparkmagazin.de\/schwaebisch-fraenkischer-wald\/neue-naturparkfuehrer-weiterbildung-startet-im-maerz\/\" \/>\n<meta property=\"og:locale\" content=\"de_DE\" \/>\n<meta property=\"og:type\" content=\"article\" \/>\n<meta property=\"og:title\" content=\"Neue Naturparkf\u00fchrer-Weiterbildung startet im M\u00e4rz - Naturpark Schw\u00e4bisch-Fr\u00e4nkischer Wald\" \/>\n<meta property=\"og:description\" content=\"Im Naturpark Schw\u00e4bisch-Fr\u00e4nkischer Wald besteht f\u00fcr alle Interessierten nun wieder die M\u00f6glichkeit, eine Weiterbildung zum BANU-zertifizierten Naturparkf\u00fchrer zu absolvieren.\" \/>\n<meta property=\"og:url\" content=\"https:\/\/www.naturparkmagazin.de\/schwaebisch-fraenkischer-wald\/neue-naturparkfuehrer-weiterbildung-startet-im-maerz\/\" \/>\n<meta property=\"og:site_name\" content=\"Naturpark Schw\u00e4bisch-Fr\u00e4nkischer Wald\" \/>\n<meta property=\"article:published_time\" content=\"2014-01-22T12:38:08+00:00\" \/>\n<meta property=\"article:modified_time\" content=\"2014-01-27T12:46:47+00:00\" \/>\n<meta property=\"og:image\" content=\"https:\/\/www.naturparkmagazin.de\/schwaebisch-fraenkischer-wald\/wp-content\/uploads\/sites\/34\/Naturparkf\u00fchrerausbildung_beitrag.jpg\" \/>\n\t<meta property=\"og:image:width\" content=\"500\" \/>\n\t<meta property=\"og:image:height\" content=\"300\" \/>\n\t<meta property=\"og:image:type\" content=\"image\/jpeg\" \/>\n<meta name=\"author\" content=\"beatrixlosem\" \/>\n<meta name=\"twitter:label1\" content=\"Verfasst von\" \/>\n\t<meta name=\"twitter:data1\" content=\"beatrixlosem\" \/>\n\t<meta name=\"twitter:label2\" content=\"Gesch\u00e4tzte Lesezeit\" \/>\n\t<meta name=\"twitter:data2\" content=\"2\u00a0Minuten\" \/>\n<script type=\"application\/ld+json\" class=\"yoast-schema-graph\">{\"@context\":\"https:\/\/schema.org\",\"@graph\":[{\"@type\":\"WebPage\",\"@id\":\"https:\/\/www.naturparkmagazin.de\/schwaebisch-fraenkischer-wald\/neue-naturparkfuehrer-weiterbildung-startet-im-maerz\/\",\"url\":\"https:\/\/www.naturparkmagazin.de\/schwaebisch-fraenkischer-wald\/neue-naturparkfuehrer-weiterbildung-startet-im-maerz\/\",\"name\":\"Neue Naturparkf\u00fchrer-Weiterbildung startet im M\u00e4rz - Naturpark Schw\u00e4bisch-Fr\u00e4nkischer Wald\",\"isPartOf\":{\"@id\":\"https:\/\/www.naturparkmagazin.de\/schwaebisch-fraenkischer-wald\/#website\"},\"datePublished\":\"2014-01-22T12:38:08+00:00\",\"dateModified\":\"2014-01-27T12:46:47+00:00\",\"author\":{\"@id\":\"https:\/\/www.naturparkmagazin.de\/schwaebisch-fraenkischer-wald\/#\/schema\/person\/d71357578c318b6db03be60b1f60396b\"},\"breadcrumb\":{\"@id\":\"https:\/\/www.naturparkmagazin.de\/schwaebisch-fraenkischer-wald\/neue-naturparkfuehrer-weiterbildung-startet-im-maerz\/#breadcrumb\"},\"inLanguage\":\"de\",\"potentialAction\":[{\"@type\":\"ReadAction\",\"target\":[\"https:\/\/www.naturparkmagazin.de\/schwaebisch-fraenkischer-wald\/neue-naturparkfuehrer-weiterbildung-startet-im-maerz\/\"]}]},{\"@type\":\"BreadcrumbList\",\"@id\":\"https:\/\/www.naturparkmagazin.de\/schwaebisch-fraenkischer-wald\/neue-naturparkfuehrer-weiterbildung-startet-im-maerz\/#breadcrumb\",\"itemListElement\":[{\"@type\":\"ListItem\",\"position\":1,\"name\":\"Home\",\"item\":\"https:\/\/www.naturparkmagazin.de\/schwaebisch-fraenkischer-wald\/\"},{\"@type\":\"ListItem\",\"position\":2,\"name\":\"Neue Naturparkf\u00fchrer-Weiterbildung startet im M\u00e4rz\"}]},{\"@type\":\"WebSite\",\"@id\":\"https:\/\/www.naturparkmagazin.de\/schwaebisch-fraenkischer-wald\/#website\",\"url\":\"https:\/\/www.naturparkmagazin.de\/schwaebisch-fraenkischer-wald\/\",\"name\":\"Naturpark Schw\u00e4bisch-Fr\u00e4nkischer Wald\",\"description\":\"\",\"potentialAction\":[{\"@type\":\"SearchAction\",\"target\":{\"@type\":\"EntryPoint\",\"urlTemplate\":\"https:\/\/www.naturparkmagazin.de\/schwaebisch-fraenkischer-wald\/?s={search_term_string}\"},\"query-input\":\"required name=search_term_string\"}],\"inLanguage\":\"de\"},{\"@type\":\"Person\",\"@id\":\"https:\/\/www.naturparkmagazin.de\/schwaebisch-fraenkischer-wald\/#\/schema\/person\/d71357578c318b6db03be60b1f60396b\",\"name\":\"beatrixlosem\",\"url\":\"https:\/\/www.naturparkmagazin.de\/schwaebisch-fraenkischer-wald\/author\/beatrixlosem\/\"}]}<\/script>\n<!-- \/ Yoast SEO plugin. -->","yoast_head_json":{"title":"Neue Naturparkf\u00fchrer-Weiterbildung startet im M\u00e4rz - Naturpark Schw\u00e4bisch-Fr\u00e4nkischer Wald","robots":{"index":"index","follow":"follow","max-snippet":"max-snippet:-1","max-image-preview":"max-image-preview:large","max-video-preview":"max-video-preview:-1"},"canonical":"https:\/\/www.naturparkmagazin.de\/schwaebisch-fraenkischer-wald\/neue-naturparkfuehrer-weiterbildung-startet-im-maerz\/","og_locale":"de_DE","og_type":"article","og_title":"Neue Naturparkf\u00fchrer-Weiterbildung startet im M\u00e4rz - Naturpark Schw\u00e4bisch-Fr\u00e4nkischer Wald","og_description":"Im Naturpark Schw\u00e4bisch-Fr\u00e4nkischer Wald besteht f\u00fcr alle Interessierten nun wieder die M\u00f6glichkeit, eine Weiterbildung zum BANU-zertifizierten Naturparkf\u00fchrer zu absolvieren.","og_url":"https:\/\/www.naturparkmagazin.de\/schwaebisch-fraenkischer-wald\/neue-naturparkfuehrer-weiterbildung-startet-im-maerz\/","og_site_name":"Naturpark Schw\u00e4bisch-Fr\u00e4nkischer Wald","article_published_time":"2014-01-22T12:38:08+00:00","article_modified_time":"2014-01-27T12:46:47+00:00","og_image":[{"width":500,"height":300,"url":"https:\/\/www.naturparkmagazin.de\/schwaebisch-fraenkischer-wald\/wp-content\/uploads\/sites\/34\/Naturparkf\u00fchrerausbildung_beitrag.jpg","type":"image\/jpeg"}],"author":"beatrixlosem","twitter_misc":{"Verfasst von":"beatrixlosem","Gesch\u00e4tzte Lesezeit":"2\u00a0Minuten"},"schema":{"@context":"https:\/\/schema.org","@graph":[{"@type":"WebPage","@id":"https:\/\/www.naturparkmagazin.de\/schwaebisch-fraenkischer-wald\/neue-naturparkfuehrer-weiterbildung-startet-im-maerz\/","url":"https:\/\/www.naturparkmagazin.de\/schwaebisch-fraenkischer-wald\/neue-naturparkfuehrer-weiterbildung-startet-im-maerz\/","name":"Neue Naturparkf\u00fchrer-Weiterbildung startet im M\u00e4rz - Naturpark Schw\u00e4bisch-Fr\u00e4nkischer Wald","isPartOf":{"@id":"https:\/\/www.naturparkmagazin.de\/schwaebisch-fraenkischer-wald\/#website"},"datePublished":"2014-01-22T12:38:08+00:00","dateModified":"2014-01-27T12:46:47+00:00","author":{"@id":"https:\/\/www.naturparkmagazin.de\/schwaebisch-fraenkischer-wald\/#\/schema\/person\/d71357578c318b6db03be60b1f60396b"},"breadcrumb":{"@id":"https:\/\/www.naturparkmagazin.de\/schwaebisch-fraenkischer-wald\/neue-naturparkfuehrer-weiterbildung-startet-im-maerz\/#breadcrumb"},"inLanguage":"de","potentialAction":[{"@type":"ReadAction","target":["https:\/\/www.naturparkmagazin.de\/schwaebisch-fraenkischer-wald\/neue-naturparkfuehrer-weiterbildung-startet-im-maerz\/"]}]},{"@type":"BreadcrumbList","@id":"https:\/\/www.naturparkmagazin.de\/schwaebisch-fraenkischer-wald\/neue-naturparkfuehrer-weiterbildung-startet-im-maerz\/#breadcrumb","itemListElement":[{"@type":"ListItem","position":1,"name":"Home","item":"https:\/\/www.naturparkmagazin.de\/schwaebisch-fraenkischer-wald\/"},{"@type":"ListItem","position":2,"name":"Neue Naturparkf\u00fchrer-Weiterbildung startet im M\u00e4rz"}]},{"@type":"WebSite","@id":"https:\/\/www.naturparkmagazin.de\/schwaebisch-fraenkischer-wald\/#website","url":"https:\/\/www.naturparkmagazin.de\/schwaebisch-fraenkischer-wald\/","name":"Naturpark Schw\u00e4bisch-Fr\u00e4nkischer Wald","description":"","potentialAction":[{"@type":"SearchAction","target":{"@type":"EntryPoint","urlTemplate":"https:\/\/www.naturparkmagazin.de\/schwaebisch-fraenkischer-wald\/?s={search_term_string}"},"query-input":"required name=search_term_string"}],"inLanguage":"de"},{"@type":"Person","@id":"https:\/\/www.naturparkmagazin.de\/schwaebisch-fraenkischer-wald\/#\/schema\/person\/d71357578c318b6db03be60b1f60396b","name":"beatrixlosem","url":"https:\/\/www.naturparkmagazin.de\/schwaebisch-fraenkischer-wald\/author\/beatrixlosem\/"}]}},"_links":{"self":[{"href":"https:\/\/www.naturparkmagazin.de\/schwaebisch-fraenkischer-wald\/wp-json\/wp\/v2\/posts\/580"}],"collection":[{"href":"https:\/\/www.naturparkmagazin.de\/schwaebisch-fraenkischer-wald\/wp-json\/wp\/v2\/posts"}],"about":[{"href":"https:\/\/www.naturparkmagazin.de\/schwaebisch-fraenkischer-wald\/wp-json\/wp\/v2\/types\/post"}],"author":[{"embeddable":true,"href":"https:\/\/www.naturparkmagazin.de\/schwaebisch-fraenkischer-wald\/wp-json\/wp\/v2\/users\/51"}],"replies":[{"embeddable":true,"href":"https:\/\/www.naturparkmagazin.de\/schwaebisch-fraenkischer-wald\/wp-json\/wp\/v2\/comments?post=580"}],"version-history":[{"count":4,"href":"https:\/\/www.naturparkmagazin.de\/schwaebisch-fraenkischer-wald\/wp-json\/wp\/v2\/posts\/580\/revisions"}],"predecessor-version":[{"id":585,"href":"https:\/\/www.naturparkmagazin.de\/schwaebisch-fraenkischer-wald\/wp-json\/wp\/v2\/posts\/580\/revisions\/585"}],"wp:featuredmedia":[{"embeddable":true,"href":"https:\/\/www.naturparkmagazin.de\/schwaebisch-fraenkischer-wald\/wp-json\/wp\/v2\/media\/581"}],"wp:attachment":[{"href":"https:\/\/www.naturparkmagazin.de\/schwaebisch-fraenkischer-wald\/wp-json\/wp\/v2\/media?parent=580"}],"wp:term":[{"taxonomy":"category","embeddable":true,"href":"https:\/\/www.naturparkmagazin.de\/schwaebisch-fraenkischer-wald\/wp-json\/wp\/v2\/categories?post=580"},{"taxonomy":"post_tag","embeddable":true,"href":"https:\/\/www.naturparkmagazin.de\/schwaebisch-fraenkischer-wald\/wp-json\/wp\/v2\/tags?post=580"}],"curies":[{"name":"wp","href":"https:\/\/api.w.org\/{rel}","templated":true}]}}